{"id":2111,"date":"2006-01-13T18:45:00","date_gmt":"2006-01-13T18:45:00","guid":{"rendered":"http:\/\/blogs.thesocialmedia.com\/leblogmoto\/2006\/01\/13\/voxan-la-restru\/"},"modified":"2012-07-11T14:14:18","modified_gmt":"2012-07-11T14:14:18","slug":"voxan-la-restru","status":"publish","type":"post","link":"https:\/\/blogs.thesocialmedia.com\/leblogmoto\/2006\/01\/13\/voxan-la-restru\/","title":{"rendered":"VOXAN: La restructuration et le repositionnement qui chagrinent."},"content":{"rendered":"<p><a href=\"http:\/\/blogs.thesocialmedia.com\/leblogmoto\/files\/2012\/07\/voxan_usine.jpg\"><img loading=\"lazy\" decoding=\"async\" height=\"187\" alt=\"Voxan_usine\" src=\"http:\/\/www.leblogmoto.com\/images\/voxan_usine.jpg\" width=\"250\"  \/><\/a>Ce ne sont pas, \u00e0 proprement parler, des nouvelles rassurantes qui nous arrivent d&rsquo;Auvergne. Elles seraient m\u00eame de nature \u00e0 nous inqui\u00e8ter quant \u00e0 l&rsquo;\u00e9volution future de l&rsquo;unique marque <a href=\"http:\/\/www.leblogmoto.com\/2005\/12\/avec_un_grand_m.html\">fran\u00e7aise<\/a> de moto. <\/p>\n<p>Certes, le communiqu\u00e9 officiel produit le 22 <a href=\"http:\/\/www.leblogmoto.com\/2005\/12\/vous_avez_t_bie.html\">d\u00e9cembre<\/a> dernier distille une s\u00e9mantique toute rassurante parlant de &quot; <strong>nouveau positionnement strat\u00e9gique<\/strong>&quot;, n\u00e9cessaire, certes, au &quot;<strong>d\u00e9veloppement<\/strong>&quot; de l&rsquo;entreprise, mais, aussi, indispensable, quand m\u00eame, \u00e0 sa &quot;<strong>p\u00e9rennit\u00e9<\/strong>&quot;. Et de d\u00e9couvrir, dans cette annonce, que VOXAN d\u00e9veloppera &quot;<em><u>des activit\u00e9s en dehors du domaine pur de la moto<\/u><\/em>&quot;&#8230; <\/p>\n<\/p>\n<p><a href=\"http:\/\/clabedan.typepad.com\/.shared\/image.html?\/photos\/uncategorized\/voxan_pub.jpg\"><img loading=\"lazy\" decoding=\"async\" height=\"347\" alt=\"Voxan_pub\" src=\"http:\/\/www.leblogmoto.com\/images\/voxan_pub.jpg\" width=\"250\"  \/><\/a>Nouvel objectif de VOXAN, exceller dans <strong><a href=\"http:\/\/www.leblogmoto.com\/2005\/12\/laventure_elfiq.html\">l&rsquo;engineering<\/a><\/strong> et la mise en place de partenariats industriels en vue de productions de moteurs et d&rsquo;assemblages de machines&#8230; Et la moto ? On en parle quand m\u00eame un peu au travers la conception et la mise sur le march\u00e9 de produits de r\u00e9f\u00e9rence sur le segment des motos de grosses cylindr\u00e9es.<\/p>\n<p>Il est promis que cette nouvelle orientation n&rsquo;alt\u00e9rera en rien le suivi de la fourniture des machines actuelles aupr\u00e8s des concessionnaires ainsi que leur service apr\u00e8s-vente et de leur maintenance &quot;qui continueront d&rsquo;\u00eatre assur\u00e9s par l&rsquo;usine&quot;.&nbsp; &nbsp;<\/p>\n<p>Reste que sur 34 employ\u00e9s, <strong>22 <\/strong>vont \u00eatre licenci\u00e9s. Si l&rsquo;on en juge par l&rsquo;ampleur de la nouvelle t\u00e2che assign\u00e9e, la petite douzaine restante va avoir du pain sur la planche&#8230;&nbsp; <\/p>\n<p>SOURCES: <strong><em>Julien MALLET SCCM VOXAN<\/em><\/strong> et <a href=\"http:\/\/www.motomag.com\">www.motomag.com<\/a><\/p>\n","protected":false},"excerpt":{"rendered":"<p>Ce ne sont pas, \u00e0 proprement parler, des nouvelles rassurantes qui nous arrivent d&rsquo;Auvergne. Elles seraient m\u00eame de nature \u00e0 nous inqui\u00e8ter quant \u00e0 l&rsquo;\u00e9volution future de l&rsquo;unique marque fran\u00e7aise de moto. Certes, le communiqu\u00e9 officiel produit le 22 d\u00e9cembre dernier distille une s\u00e9mantique toute rassurante parlant de &quot; nouveau positionnement strat\u00e9gique&quot;, n\u00e9cessaire, certes, au [&hellip;]<\/p>\n","protected":false},"author":336,"featured_media":0,"comment_status":"open","ping_status":"open","sticky":false,"template":"","format":"standard","meta":{"footnotes":""},"categories":[49],"tags":[],"class_list":["post-2111","post","type-post","status-publish","format-standard","hentry","category-actualites-entreprise"],"yoast_head":"<!-- This site is optimized with the Yoast SEO plugin v26.0 - https:\/\/yoast.com\/wordpress\/plugins\/seo\/ -->\n<title>VOXAN: La restructuration et le repositionnement qui chagrinent. - leblogmoto.com<\/title>\n<meta name=\"robots\" content=\"index, follow, max-snippet:-1, max-image-preview:large, max-video-preview:-1\" \/>\n<link rel=\"canonical\" href=\"https:\/\/blogs.thesocialmedia.com\/leblogmoto\/2006\/01\/13\/voxan-la-restru\/\" \/>\n<meta name=\"twitter:card\" content=\"summary_large_image\" \/>\n<meta name=\"twitter:title\" content=\"VOXAN: La restructuration et le repositionnement qui chagrinent. - leblogmoto.com\" \/>\n<meta name=\"twitter:description\" content=\"Ce ne sont pas, \u00e0 proprement parler, des nouvelles rassurantes qui nous arrivent d&rsquo;Auvergne. Elles seraient m\u00eame de nature \u00e0 nous inqui\u00e8ter quant \u00e0 l&rsquo;\u00e9volution future de l&rsquo;unique marque fran\u00e7aise de moto. Certes, le communiqu\u00e9 officiel produit le 22 d\u00e9cembre dernier distille une s\u00e9mantique toute rassurante parlant de &quot; nouveau positionnement strat\u00e9gique&quot;, n\u00e9cessaire, certes, au [&hellip;]\" \/>\n<meta name=\"twitter:image\" content=\"http:\/\/www.leblogmoto.com\/images\/voxan_usine.jpg\" \/>\n<meta name=\"twitter:label1\" content=\"\u00c9crit par\" \/>\n\t<meta name=\"twitter:data1\" content=\"andre leconde\" \/>\n\t<meta name=\"twitter:label2\" content=\"Dur\u00e9e de lecture estim\u00e9e\" \/>\n\t<meta name=\"twitter:data2\" content=\"1 minute\" \/>\n<script type=\"application\/ld+json\" class=\"yoast-schema-graph\">{\"@context\":\"https:\/\/schema.org\",\"@graph\":[{\"@type\":\"WebPage\",\"@id\":\"https:\/\/blogs.thesocialmedia.com\/leblogmoto\/2006\/01\/13\/voxan-la-restru\/\",\"url\":\"https:\/\/blogs.thesocialmedia.com\/leblogmoto\/2006\/01\/13\/voxan-la-restru\/\",\"name\":\"VOXAN: La restructuration et le repositionnement qui chagrinent. - leblogmoto.com\",\"isPartOf\":{\"@id\":\"https:\/\/blogs.thesocialmedia.com\/leblogmoto\/#website\"},\"primaryImageOfPage\":{\"@id\":\"https:\/\/blogs.thesocialmedia.com\/leblogmoto\/2006\/01\/13\/voxan-la-restru\/#primaryimage\"},\"image\":{\"@id\":\"https:\/\/blogs.thesocialmedia.com\/leblogmoto\/2006\/01\/13\/voxan-la-restru\/#primaryimage\"},\"thumbnailUrl\":\"http:\/\/www.leblogmoto.com\/images\/voxan_usine.jpg\",\"datePublished\":\"2006-01-13T18:45:00+00:00\",\"dateModified\":\"2012-07-11T14:14:18+00:00\",\"author\":{\"@id\":\"https:\/\/blogs.thesocialmedia.com\/leblogmoto\/#\/schema\/person\/1a1dcfc7cec206573105eb4af91155c2\"},\"breadcrumb\":{\"@id\":\"https:\/\/blogs.thesocialmedia.com\/leblogmoto\/2006\/01\/13\/voxan-la-restru\/#breadcrumb\"},\"inLanguage\":\"fr-FR\",\"potentialAction\":[{\"@type\":\"ReadAction\",\"target\":[\"https:\/\/blogs.thesocialmedia.com\/leblogmoto\/2006\/01\/13\/voxan-la-restru\/\"]}]},{\"@type\":\"ImageObject\",\"inLanguage\":\"fr-FR\",\"@id\":\"https:\/\/blogs.thesocialmedia.com\/leblogmoto\/2006\/01\/13\/voxan-la-restru\/#primaryimage\",\"url\":\"http:\/\/www.leblogmoto.com\/images\/voxan_usine.jpg\",\"contentUrl\":\"http:\/\/www.leblogmoto.com\/images\/voxan_usine.jpg\"},{\"@type\":\"BreadcrumbList\",\"@id\":\"https:\/\/blogs.thesocialmedia.com\/leblogmoto\/2006\/01\/13\/voxan-la-restru\/#breadcrumb\",\"itemListElement\":[{\"@type\":\"ListItem\",\"position\":1,\"name\":\"Accueil\",\"item\":\"https:\/\/blogs.thesocialmedia.com\/leblogmoto\/\"},{\"@type\":\"ListItem\",\"position\":2,\"name\":\"VOXAN: La restructuration et le repositionnement qui chagrinent.\"}]},{\"@type\":\"WebSite\",\"@id\":\"https:\/\/blogs.thesocialmedia.com\/leblogmoto\/#website\",\"url\":\"https:\/\/blogs.thesocialmedia.com\/leblogmoto\/\",\"name\":\"leblogmoto\",\"description\":\"Toute l&#039;actualit\u00e9 des 2 roues\",\"potentialAction\":[{\"@type\":\"SearchAction\",\"target\":{\"@type\":\"EntryPoint\",\"urlTemplate\":\"https:\/\/blogs.thesocialmedia.com\/leblogmoto\/?s={search_term_string}\"},\"query-input\":{\"@type\":\"PropertyValueSpecification\",\"valueRequired\":true,\"valueName\":\"search_term_string\"}}],\"inLanguage\":\"fr-FR\"},{\"@type\":\"Person\",\"@id\":\"https:\/\/blogs.thesocialmedia.com\/leblogmoto\/#\/schema\/person\/1a1dcfc7cec206573105eb4af91155c2\",\"name\":\"andre leconde\",\"image\":{\"@type\":\"ImageObject\",\"inLanguage\":\"fr-FR\",\"@id\":\"https:\/\/blogs.thesocialmedia.com\/leblogmoto\/#\/schema\/person\/image\/\",\"url\":\"https:\/\/secure.gravatar.com\/avatar\/?s=96&d=mm&r=g\",\"contentUrl\":\"https:\/\/secure.gravatar.com\/avatar\/?s=96&d=mm&r=g\",\"caption\":\"andre leconde\"},\"url\":\"https:\/\/blogs.thesocialmedia.com\/leblogmoto\/author\/andre-leconde\/\"}]}<\/script>\n<!-- \/ Yoast SEO plugin. -->","yoast_head_json":{"title":"VOXAN: La restructuration et le repositionnement qui chagrinent. - leblogmoto.com","robots":{"index":"index","follow":"follow","max-snippet":"max-snippet:-1","max-image-preview":"max-image-preview:large","max-video-preview":"max-video-preview:-1"},"canonical":"https:\/\/blogs.thesocialmedia.com\/leblogmoto\/2006\/01\/13\/voxan-la-restru\/","twitter_card":"summary_large_image","twitter_title":"VOXAN: La restructuration et le repositionnement qui chagrinent. - leblogmoto.com","twitter_description":"Ce ne sont pas, \u00e0 proprement parler, des nouvelles rassurantes qui nous arrivent d&rsquo;Auvergne. Elles seraient m\u00eame de nature \u00e0 nous inqui\u00e8ter quant \u00e0 l&rsquo;\u00e9volution future de l&rsquo;unique marque fran\u00e7aise de moto. Certes, le communiqu\u00e9 officiel produit le 22 d\u00e9cembre dernier distille une s\u00e9mantique toute rassurante parlant de &quot; nouveau positionnement strat\u00e9gique&quot;, n\u00e9cessaire, certes, au [&hellip;]","twitter_image":"http:\/\/www.leblogmoto.com\/images\/voxan_usine.jpg","twitter_misc":{"\u00c9crit par":"andre leconde","Dur\u00e9e de lecture estim\u00e9e":"1 minute"},"schema":{"@context":"https:\/\/schema.org","@graph":[{"@type":"WebPage","@id":"https:\/\/blogs.thesocialmedia.com\/leblogmoto\/2006\/01\/13\/voxan-la-restru\/","url":"https:\/\/blogs.thesocialmedia.com\/leblogmoto\/2006\/01\/13\/voxan-la-restru\/","name":"VOXAN: La restructuration et le repositionnement qui chagrinent. - leblogmoto.com","isPartOf":{"@id":"https:\/\/blogs.thesocialmedia.com\/leblogmoto\/#website"},"primaryImageOfPage":{"@id":"https:\/\/blogs.thesocialmedia.com\/leblogmoto\/2006\/01\/13\/voxan-la-restru\/#primaryimage"},"image":{"@id":"https:\/\/blogs.thesocialmedia.com\/leblogmoto\/2006\/01\/13\/voxan-la-restru\/#primaryimage"},"thumbnailUrl":"http:\/\/www.leblogmoto.com\/images\/voxan_usine.jpg","datePublished":"2006-01-13T18:45:00+00:00","dateModified":"2012-07-11T14:14:18+00:00","author":{"@id":"https:\/\/blogs.thesocialmedia.com\/leblogmoto\/#\/schema\/person\/1a1dcfc7cec206573105eb4af91155c2"},"breadcrumb":{"@id":"https:\/\/blogs.thesocialmedia.com\/leblogmoto\/2006\/01\/13\/voxan-la-restru\/#breadcrumb"},"inLanguage":"fr-FR","potentialAction":[{"@type":"ReadAction","target":["https:\/\/blogs.thesocialmedia.com\/leblogmoto\/2006\/01\/13\/voxan-la-restru\/"]}]},{"@type":"ImageObject","inLanguage":"fr-FR","@id":"https:\/\/blogs.thesocialmedia.com\/leblogmoto\/2006\/01\/13\/voxan-la-restru\/#primaryimage","url":"http:\/\/www.leblogmoto.com\/images\/voxan_usine.jpg","contentUrl":"http:\/\/www.leblogmoto.com\/images\/voxan_usine.jpg"},{"@type":"BreadcrumbList","@id":"https:\/\/blogs.thesocialmedia.com\/leblogmoto\/2006\/01\/13\/voxan-la-restru\/#breadcrumb","itemListElement":[{"@type":"ListItem","position":1,"name":"Accueil","item":"https:\/\/blogs.thesocialmedia.com\/leblogmoto\/"},{"@type":"ListItem","position":2,"name":"VOXAN: La restructuration et le repositionnement qui chagrinent."}]},{"@type":"WebSite","@id":"https:\/\/blogs.thesocialmedia.com\/leblogmoto\/#website","url":"https:\/\/blogs.thesocialmedia.com\/leblogmoto\/","name":"leblogmoto","description":"Toute l&#039;actualit\u00e9 des 2 roues","potentialAction":[{"@type":"SearchAction","target":{"@type":"EntryPoint","urlTemplate":"https:\/\/blogs.thesocialmedia.com\/leblogmoto\/?s={search_term_string}"},"query-input":{"@type":"PropertyValueSpecification","valueRequired":true,"valueName":"search_term_string"}}],"inLanguage":"fr-FR"},{"@type":"Person","@id":"https:\/\/blogs.thesocialmedia.com\/leblogmoto\/#\/schema\/person\/1a1dcfc7cec206573105eb4af91155c2","name":"andre leconde","image":{"@type":"ImageObject","inLanguage":"fr-FR","@id":"https:\/\/blogs.thesocialmedia.com\/leblogmoto\/#\/schema\/person\/image\/","url":"https:\/\/secure.gravatar.com\/avatar\/?s=96&d=mm&r=g","contentUrl":"https:\/\/secure.gravatar.com\/avatar\/?s=96&d=mm&r=g","caption":"andre leconde"},"url":"https:\/\/blogs.thesocialmedia.com\/leblogmoto\/author\/andre-leconde\/"}]}},"_links":{"self":[{"href":"https:\/\/blogs.thesocialmedia.com\/leblogmoto\/wp-json\/wp\/v2\/posts\/2111","targetHints":{"allow":["GET"]}}],"collection":[{"href":"https:\/\/blogs.thesocialmedia.com\/leblogmoto\/wp-json\/wp\/v2\/posts"}],"about":[{"href":"https:\/\/blogs.thesocialmedia.com\/leblogmoto\/wp-json\/wp\/v2\/types\/post"}],"author":[{"embeddable":true,"href":"https:\/\/blogs.thesocialmedia.com\/leblogmoto\/wp-json\/wp\/v2\/users\/336"}],"replies":[{"embeddable":true,"href":"https:\/\/blogs.thesocialmedia.com\/leblogmoto\/wp-json\/wp\/v2\/comments?post=2111"}],"version-history":[{"count":2,"href":"https:\/\/blogs.thesocialmedia.com\/leblogmoto\/wp-json\/wp\/v2\/posts\/2111\/revisions"}],"predecessor-version":[{"id":6963,"href":"https:\/\/blogs.thesocialmedia.com\/leblogmoto\/wp-json\/wp\/v2\/posts\/2111\/revisions\/6963"}],"wp:attachment":[{"href":"https:\/\/blogs.thesocialmedia.com\/leblogmoto\/wp-json\/wp\/v2\/media?parent=2111"}],"wp:term":[{"taxonomy":"category","embeddable":true,"href":"https:\/\/blogs.thesocialmedia.com\/leblogmoto\/wp-json\/wp\/v2\/categories?post=2111"},{"taxonomy":"post_tag","embeddable":true,"href":"https:\/\/blogs.thesocialmedia.com\/leblogmoto\/wp-json\/wp\/v2\/tags?post=2111"}],"curies":[{"name":"wp","href":"https:\/\/api.w.org\/{rel}","templated":true}]}}