{"id":2113,"date":"2006-01-13T15:00:00","date_gmt":"2006-01-13T15:00:00","guid":{"rendered":"http:\/\/blogs.thesocialmedia.com\/leblogmoto\/2006\/01\/13\/le-salon-de-bru\/"},"modified":"2012-07-11T14:14:15","modified_gmt":"2012-07-11T14:14:15","slug":"le-salon-de-bru","status":"publish","type":"post","link":"https:\/\/blogs.thesocialmedia.com\/leblogmoto\/2006\/01\/13\/le-salon-de-bru\/","title":{"rendered":"S&rsquo;habiller en moto et vice-versa."},"content":{"rendered":"<p><a href=\"http:\/\/blogs.thesocialmedia.com\/leblogmoto\/files\/2012\/07\/triumph_1.jpg\"><img loading=\"lazy\" decoding=\"async\" height=\"283\" alt=\"Triumph_1\" src=\"http:\/\/www.leblogmoto.com\/images\/triumph_1.jpg\" width=\"250\"  \/><\/a>Le <strong>salon de Bruxelles<\/strong> bat actuellement son plein, l&rsquo;occasion d&rsquo;\u00e9largir son horizon sur le monde de la moto. Celui-ci n&rsquo;est, ainsi, pas que seulement compos\u00e9 de la machine mais induit, aussi, un mode de vie si ce n&rsquo;est m\u00eame une <a href=\"http:\/\/www.leblogmoto.com\/2006\/01\/biker_lessentie_1.html\">philosophie<\/a>. <\/p>\n<p>Pour l&rsquo;\u00e9pouser, la tendance est \u00e0 l&rsquo;affichage quotidien et en tous lieux, d&rsquo;o\u00f9 un march\u00e9 vestimentaire que les constructeurs ont d\u00e9cid\u00e9 de d\u00e9velopper, \u00e0 la fois pour satisfaire cette recherche identitaire et pour en tirer profit, autant au niveau marketing que du point de vue des comptes&#8230; <\/p>\n<p><a href=\"http:\/\/www.leblogmoto.com\/2005\/08\/harleydavidson_.html\"><img loading=\"lazy\" decoding=\"async\" height=\"127\" alt=\"Triumph2\" src=\"http:\/\/www.leblogmoto.com\/images\/triumph2.jpg\" width=\"250\"  \/>HARLEY<\/a> l&rsquo;avait compris depuis longtemps, <a href=\"http:\/\/www.leblogmoto.com\/2005\/12\/mv_augusta.html\">MV AUGUSTA<\/a> en pince tandis que <a href=\"http:\/\/www.leblogmoto.com\/2005\/11\/ducati_999_r_fi.html\">DUCATI<\/a> s&rsquo;est engouffr\u00e9 dans la br\u00eache. Pour ne pas \u00eatre en reste, <a href=\"http:\/\/www.leblogmoto.com\/2005\/09\/triumph_scrambl.html\">TRIUMPH <\/a>a \u00e9pous\u00e9 le mouvement en s&rsquo;associant avec un couturier tr\u00e9s british du nom de <strong>Paul Smith<\/strong>. L&rsquo;association d\u00e9but\u00e9e en 2005 concerne l&rsquo;habillage non seulement du motard mais aussi de la moto, en l&rsquo;occurrence la <strong>BONNEVILLE<\/strong>. Les fripes, quant \u00e0 elles, se trouvent dans les boutiques londoniennes les plus &quot;in&quot;.<\/p>\n<p><a href=\"http:\/\/clabedan.typepad.com\/.shared\/image.html?\/photos\/uncategorized\/200611273156812_04.jpeg\"><img loading=\"lazy\" decoding=\"async\" height=\"187\" alt=\"200611273156812_04\" src=\"http:\/\/www.leblogmoto.com\/images\/200611273156812_04.jpeg\" width=\"250\"  \/><\/a>Une nouvelle fourn\u00e9e de cette collaboration est pr\u00e9sent\u00e9e \u00e0 Bruxelles qui sera aussi l&rsquo;occasion pour TRIUMPH de pr\u00e9senter une collection &quot;<a href=\"http:\/\/www.leblogmoto.com\/2005\/12\/guzzi_calif_vin.html\">Vintage<\/a>&quot;.<\/p>\n<p>Apr\u00e8s tant d&rsquo;engouement, qui osera encore dire que l&rsquo;habit ne fait pas le moine ?&nbsp; <\/p>\n","protected":false},"excerpt":{"rendered":"<p>Le salon de Bruxelles bat actuellement son plein, l&rsquo;occasion d&rsquo;\u00e9largir son horizon sur le monde de la moto. Celui-ci n&rsquo;est, ainsi, pas que seulement compos\u00e9 de la machine mais induit, aussi, un mode de vie si ce n&rsquo;est m\u00eame une philosophie. Pour l&rsquo;\u00e9pouser, la tendance est \u00e0 l&rsquo;affichage quotidien et en tous lieux, d&rsquo;o\u00f9 un [&hellip;]<\/p>\n","protected":false},"author":336,"featured_media":0,"comment_status":"open","ping_status":"open","sticky":false,"template":"","format":"standard","meta":{"footnotes":""},"categories":[36,54],"tags":[],"class_list":["post-2113","post","type-post","status-publish","format-standard","hentry","category-salons","category-triumph"],"yoast_head":"<!-- This site is optimized with the Yoast SEO plugin v26.0 - https:\/\/yoast.com\/wordpress\/plugins\/seo\/ -->\n<title>S&#039;habiller en moto et vice-versa. - leblogmoto.com<\/title>\n<meta name=\"robots\" content=\"index, follow, max-snippet:-1, max-image-preview:large, max-video-preview:-1\" \/>\n<link rel=\"canonical\" href=\"https:\/\/blogs.thesocialmedia.com\/leblogmoto\/2006\/01\/13\/le-salon-de-bru\/\" \/>\n<meta name=\"twitter:card\" content=\"summary_large_image\" \/>\n<meta name=\"twitter:title\" content=\"S&#039;habiller en moto et vice-versa. - leblogmoto.com\" \/>\n<meta name=\"twitter:description\" content=\"Le salon de Bruxelles bat actuellement son plein, l&rsquo;occasion d&rsquo;\u00e9largir son horizon sur le monde de la moto. Celui-ci n&rsquo;est, ainsi, pas que seulement compos\u00e9 de la machine mais induit, aussi, un mode de vie si ce n&rsquo;est m\u00eame une philosophie. Pour l&rsquo;\u00e9pouser, la tendance est \u00e0 l&rsquo;affichage quotidien et en tous lieux, d&rsquo;o\u00f9 un [&hellip;]\" \/>\n<meta name=\"twitter:image\" content=\"http:\/\/www.leblogmoto.com\/images\/triumph_1.jpg\" \/>\n<meta name=\"twitter:label1\" content=\"\u00c9crit par\" \/>\n\t<meta name=\"twitter:data1\" content=\"andre leconde\" \/>\n\t<meta name=\"twitter:label2\" content=\"Dur\u00e9e de lecture estim\u00e9e\" \/>\n\t<meta name=\"twitter:data2\" content=\"1 minute\" \/>\n<script type=\"application\/ld+json\" class=\"yoast-schema-graph\">{\"@context\":\"https:\/\/schema.org\",\"@graph\":[{\"@type\":\"WebPage\",\"@id\":\"https:\/\/blogs.thesocialmedia.com\/leblogmoto\/2006\/01\/13\/le-salon-de-bru\/\",\"url\":\"https:\/\/blogs.thesocialmedia.com\/leblogmoto\/2006\/01\/13\/le-salon-de-bru\/\",\"name\":\"S'habiller en moto et vice-versa. - leblogmoto.com\",\"isPartOf\":{\"@id\":\"https:\/\/blogs.thesocialmedia.com\/leblogmoto\/#website\"},\"primaryImageOfPage\":{\"@id\":\"https:\/\/blogs.thesocialmedia.com\/leblogmoto\/2006\/01\/13\/le-salon-de-bru\/#primaryimage\"},\"image\":{\"@id\":\"https:\/\/blogs.thesocialmedia.com\/leblogmoto\/2006\/01\/13\/le-salon-de-bru\/#primaryimage\"},\"thumbnailUrl\":\"http:\/\/www.leblogmoto.com\/images\/triumph_1.jpg\",\"datePublished\":\"2006-01-13T15:00:00+00:00\",\"dateModified\":\"2012-07-11T14:14:15+00:00\",\"author\":{\"@id\":\"https:\/\/blogs.thesocialmedia.com\/leblogmoto\/#\/schema\/person\/1a1dcfc7cec206573105eb4af91155c2\"},\"breadcrumb\":{\"@id\":\"https:\/\/blogs.thesocialmedia.com\/leblogmoto\/2006\/01\/13\/le-salon-de-bru\/#breadcrumb\"},\"inLanguage\":\"fr-FR\",\"potentialAction\":[{\"@type\":\"ReadAction\",\"target\":[\"https:\/\/blogs.thesocialmedia.com\/leblogmoto\/2006\/01\/13\/le-salon-de-bru\/\"]}]},{\"@type\":\"ImageObject\",\"inLanguage\":\"fr-FR\",\"@id\":\"https:\/\/blogs.thesocialmedia.com\/leblogmoto\/2006\/01\/13\/le-salon-de-bru\/#primaryimage\",\"url\":\"http:\/\/www.leblogmoto.com\/images\/triumph_1.jpg\",\"contentUrl\":\"http:\/\/www.leblogmoto.com\/images\/triumph_1.jpg\"},{\"@type\":\"BreadcrumbList\",\"@id\":\"https:\/\/blogs.thesocialmedia.com\/leblogmoto\/2006\/01\/13\/le-salon-de-bru\/#breadcrumb\",\"itemListElement\":[{\"@type\":\"ListItem\",\"position\":1,\"name\":\"Accueil\",\"item\":\"https:\/\/blogs.thesocialmedia.com\/leblogmoto\/\"},{\"@type\":\"ListItem\",\"position\":2,\"name\":\"S&rsquo;habiller en moto et vice-versa.\"}]},{\"@type\":\"WebSite\",\"@id\":\"https:\/\/blogs.thesocialmedia.com\/leblogmoto\/#website\",\"url\":\"https:\/\/blogs.thesocialmedia.com\/leblogmoto\/\",\"name\":\"leblogmoto\",\"description\":\"Toute l&#039;actualit\u00e9 des 2 roues\",\"potentialAction\":[{\"@type\":\"SearchAction\",\"target\":{\"@type\":\"EntryPoint\",\"urlTemplate\":\"https:\/\/blogs.thesocialmedia.com\/leblogmoto\/?s={search_term_string}\"},\"query-input\":{\"@type\":\"PropertyValueSpecification\",\"valueRequired\":true,\"valueName\":\"search_term_string\"}}],\"inLanguage\":\"fr-FR\"},{\"@type\":\"Person\",\"@id\":\"https:\/\/blogs.thesocialmedia.com\/leblogmoto\/#\/schema\/person\/1a1dcfc7cec206573105eb4af91155c2\",\"name\":\"andre leconde\",\"image\":{\"@type\":\"ImageObject\",\"inLanguage\":\"fr-FR\",\"@id\":\"https:\/\/blogs.thesocialmedia.com\/leblogmoto\/#\/schema\/person\/image\/\",\"url\":\"https:\/\/secure.gravatar.com\/avatar\/?s=96&d=mm&r=g\",\"contentUrl\":\"https:\/\/secure.gravatar.com\/avatar\/?s=96&d=mm&r=g\",\"caption\":\"andre leconde\"},\"url\":\"https:\/\/blogs.thesocialmedia.com\/leblogmoto\/author\/andre-leconde\/\"}]}<\/script>\n<!-- \/ Yoast SEO plugin. -->","yoast_head_json":{"title":"S'habiller en moto et vice-versa. - leblogmoto.com","robots":{"index":"index","follow":"follow","max-snippet":"max-snippet:-1","max-image-preview":"max-image-preview:large","max-video-preview":"max-video-preview:-1"},"canonical":"https:\/\/blogs.thesocialmedia.com\/leblogmoto\/2006\/01\/13\/le-salon-de-bru\/","twitter_card":"summary_large_image","twitter_title":"S'habiller en moto et vice-versa. - leblogmoto.com","twitter_description":"Le salon de Bruxelles bat actuellement son plein, l&rsquo;occasion d&rsquo;\u00e9largir son horizon sur le monde de la moto. Celui-ci n&rsquo;est, ainsi, pas que seulement compos\u00e9 de la machine mais induit, aussi, un mode de vie si ce n&rsquo;est m\u00eame une philosophie. Pour l&rsquo;\u00e9pouser, la tendance est \u00e0 l&rsquo;affichage quotidien et en tous lieux, d&rsquo;o\u00f9 un [&hellip;]","twitter_image":"http:\/\/www.leblogmoto.com\/images\/triumph_1.jpg","twitter_misc":{"\u00c9crit par":"andre leconde","Dur\u00e9e de lecture estim\u00e9e":"1 minute"},"schema":{"@context":"https:\/\/schema.org","@graph":[{"@type":"WebPage","@id":"https:\/\/blogs.thesocialmedia.com\/leblogmoto\/2006\/01\/13\/le-salon-de-bru\/","url":"https:\/\/blogs.thesocialmedia.com\/leblogmoto\/2006\/01\/13\/le-salon-de-bru\/","name":"S'habiller en moto et vice-versa. - leblogmoto.com","isPartOf":{"@id":"https:\/\/blogs.thesocialmedia.com\/leblogmoto\/#website"},"primaryImageOfPage":{"@id":"https:\/\/blogs.thesocialmedia.com\/leblogmoto\/2006\/01\/13\/le-salon-de-bru\/#primaryimage"},"image":{"@id":"https:\/\/blogs.thesocialmedia.com\/leblogmoto\/2006\/01\/13\/le-salon-de-bru\/#primaryimage"},"thumbnailUrl":"http:\/\/www.leblogmoto.com\/images\/triumph_1.jpg","datePublished":"2006-01-13T15:00:00+00:00","dateModified":"2012-07-11T14:14:15+00:00","author":{"@id":"https:\/\/blogs.thesocialmedia.com\/leblogmoto\/#\/schema\/person\/1a1dcfc7cec206573105eb4af91155c2"},"breadcrumb":{"@id":"https:\/\/blogs.thesocialmedia.com\/leblogmoto\/2006\/01\/13\/le-salon-de-bru\/#breadcrumb"},"inLanguage":"fr-FR","potentialAction":[{"@type":"ReadAction","target":["https:\/\/blogs.thesocialmedia.com\/leblogmoto\/2006\/01\/13\/le-salon-de-bru\/"]}]},{"@type":"ImageObject","inLanguage":"fr-FR","@id":"https:\/\/blogs.thesocialmedia.com\/leblogmoto\/2006\/01\/13\/le-salon-de-bru\/#primaryimage","url":"http:\/\/www.leblogmoto.com\/images\/triumph_1.jpg","contentUrl":"http:\/\/www.leblogmoto.com\/images\/triumph_1.jpg"},{"@type":"BreadcrumbList","@id":"https:\/\/blogs.thesocialmedia.com\/leblogmoto\/2006\/01\/13\/le-salon-de-bru\/#breadcrumb","itemListElement":[{"@type":"ListItem","position":1,"name":"Accueil","item":"https:\/\/blogs.thesocialmedia.com\/leblogmoto\/"},{"@type":"ListItem","position":2,"name":"S&rsquo;habiller en moto et vice-versa."}]},{"@type":"WebSite","@id":"https:\/\/blogs.thesocialmedia.com\/leblogmoto\/#website","url":"https:\/\/blogs.thesocialmedia.com\/leblogmoto\/","name":"leblogmoto","description":"Toute l&#039;actualit\u00e9 des 2 roues","potentialAction":[{"@type":"SearchAction","target":{"@type":"EntryPoint","urlTemplate":"https:\/\/blogs.thesocialmedia.com\/leblogmoto\/?s={search_term_string}"},"query-input":{"@type":"PropertyValueSpecification","valueRequired":true,"valueName":"search_term_string"}}],"inLanguage":"fr-FR"},{"@type":"Person","@id":"https:\/\/blogs.thesocialmedia.com\/leblogmoto\/#\/schema\/person\/1a1dcfc7cec206573105eb4af91155c2","name":"andre leconde","image":{"@type":"ImageObject","inLanguage":"fr-FR","@id":"https:\/\/blogs.thesocialmedia.com\/leblogmoto\/#\/schema\/person\/image\/","url":"https:\/\/secure.gravatar.com\/avatar\/?s=96&d=mm&r=g","contentUrl":"https:\/\/secure.gravatar.com\/avatar\/?s=96&d=mm&r=g","caption":"andre leconde"},"url":"https:\/\/blogs.thesocialmedia.com\/leblogmoto\/author\/andre-leconde\/"}]}},"_links":{"self":[{"href":"https:\/\/blogs.thesocialmedia.com\/leblogmoto\/wp-json\/wp\/v2\/posts\/2113","targetHints":{"allow":["GET"]}}],"collection":[{"href":"https:\/\/blogs.thesocialmedia.com\/leblogmoto\/wp-json\/wp\/v2\/posts"}],"about":[{"href":"https:\/\/blogs.thesocialmedia.com\/leblogmoto\/wp-json\/wp\/v2\/types\/post"}],"author":[{"embeddable":true,"href":"https:\/\/blogs.thesocialmedia.com\/leblogmoto\/wp-json\/wp\/v2\/users\/336"}],"replies":[{"embeddable":true,"href":"https:\/\/blogs.thesocialmedia.com\/leblogmoto\/wp-json\/wp\/v2\/comments?post=2113"}],"version-history":[{"count":2,"href":"https:\/\/blogs.thesocialmedia.com\/leblogmoto\/wp-json\/wp\/v2\/posts\/2113\/revisions"}],"predecessor-version":[{"id":6959,"href":"https:\/\/blogs.thesocialmedia.com\/leblogmoto\/wp-json\/wp\/v2\/posts\/2113\/revisions\/6959"}],"wp:attachment":[{"href":"https:\/\/blogs.thesocialmedia.com\/leblogmoto\/wp-json\/wp\/v2\/media?parent=2113"}],"wp:term":[{"taxonomy":"category","embeddable":true,"href":"https:\/\/blogs.thesocialmedia.com\/leblogmoto\/wp-json\/wp\/v2\/categories?post=2113"},{"taxonomy":"post_tag","embeddable":true,"href":"https:\/\/blogs.thesocialmedia.com\/leblogmoto\/wp-json\/wp\/v2\/tags?post=2113"}],"curies":[{"name":"wp","href":"https:\/\/api.w.org\/{rel}","templated":true}]}}