{"id":2114,"date":"2006-01-12T16:00:00","date_gmt":"2006-01-12T16:00:00","guid":{"rendered":"http:\/\/blogs.thesocialmedia.com\/leblogmoto\/2006\/01\/12\/dakar-le-remde\/"},"modified":"2012-07-11T14:14:12","modified_gmt":"2012-07-11T14:14:12","slug":"dakar-le-remde","status":"publish","type":"post","link":"https:\/\/blogs.thesocialmedia.com\/leblogmoto\/2006\/01\/12\/dakar-le-remde\/","title":{"rendered":"DAKAR: Le rem\u00e8de de LABE sourit \u00e0 DESPRES&#8230;"},"content":{"rendered":"<p><a href=\"http:\/\/blogs.thesocialmedia.com\/leblogmoto\/files\/2012\/07\/coma.jpg\"><img loading=\"lazy\" decoding=\"async\" height=\"377\" alt=\"Coma\" src=\"http:\/\/www.leblogmoto.com\/images\/coma.jpg\" width=\"250\"  \/><\/a>Les 368 kms de sp\u00e9ciale entre BAMAKO au MALI et<strong> LABE<\/strong> en GUINEE ont \u00e9t\u00e9 enlev\u00e9s par Cyril DESPRES. <\/p>\n<p>Le fran\u00e7ais remporte ainsi&nbsp; sa 4\u00b0victoire d&rsquo;\u00e9tape sur ce DAKAR, semblant ainsi ne plus trop se ressentir de sa <a href=\"http:\/\/www.leblogmoto.com\/2006\/01\/dakar.html\">blessure<\/a> contract\u00e9e au Maroc. Reste qu&rsquo;il est toujours <a href=\"http:\/\/www.leblogmoto.com\/2006\/01\/dakar_1.html\">physiquement diminu\u00e9<\/a> ce qui donne \u00e0 sa performance une connotation particuli\u00e8re: celle du courage et de l&rsquo;abn\u00e9gation.<\/p>\n<p>M\u00eame s&rsquo;il a grignot\u00e9 un tant soit peu son retard sur la t\u00eate de la course, le soci\u00e8taire du team <a href=\"http:\/\/www.leblogmoto.com\/2006\/01\/dakar_esteve_sl.html\">KTM-GAULOISES<\/a> est toujours le dauphin au g\u00e9n\u00e9ral d&rsquo;un r\u00e9gulier <a href=\"http:\/\/www.leblogmoto.com\/2006\/01\/dakar_coma_voit.html\">COMA<\/a> qui, lui, ironie du sort, n&rsquo;a toujours pas &quot;scratch\u00e9&quot; la moindre journ\u00e9e. <\/p>\n<p>L&rsquo;Espagnol tient en respect le vainqueur en titre de l&rsquo;\u00e9preuve \u00e0 <strong>32&rsquo;39<\/strong>. A trois \u00e9tapes de l&rsquo;arriv\u00e9e, l&rsquo;ib\u00e8re est plus que jamais sur orbite pour d\u00e9crocher la timbale&#8230;<\/p>\n","protected":false},"excerpt":{"rendered":"<p>Les 368 kms de sp\u00e9ciale entre BAMAKO au MALI et LABE en GUINEE ont \u00e9t\u00e9 enlev\u00e9s par Cyril DESPRES. Le fran\u00e7ais remporte ainsi&nbsp; sa 4\u00b0victoire d&rsquo;\u00e9tape sur ce DAKAR, semblant ainsi ne plus trop se ressentir de sa blessure contract\u00e9e au Maroc. Reste qu&rsquo;il est toujours physiquement diminu\u00e9 ce qui donne \u00e0 sa performance une [&hellip;]<\/p>\n","protected":false},"author":336,"featured_media":0,"comment_status":"open","ping_status":"open","sticky":false,"template":"","format":"standard","meta":{"footnotes":""},"categories":[32],"tags":[],"class_list":["post-2114","post","type-post","status-publish","format-standard","hentry","category-sport-moto"],"yoast_head":"<!-- This site is optimized with the Yoast SEO plugin v26.0 - https:\/\/yoast.com\/wordpress\/plugins\/seo\/ -->\n<title>DAKAR: Le rem\u00e8de de LABE sourit \u00e0 DESPRES... - leblogmoto.com<\/title>\n<meta name=\"robots\" content=\"index, follow, max-snippet:-1, max-image-preview:large, max-video-preview:-1\" \/>\n<link rel=\"canonical\" href=\"https:\/\/blogs.thesocialmedia.com\/leblogmoto\/2006\/01\/12\/dakar-le-remde\/\" \/>\n<meta name=\"twitter:card\" content=\"summary_large_image\" \/>\n<meta name=\"twitter:title\" content=\"DAKAR: Le rem\u00e8de de LABE sourit \u00e0 DESPRES... - leblogmoto.com\" \/>\n<meta name=\"twitter:description\" content=\"Les 368 kms de sp\u00e9ciale entre BAMAKO au MALI et LABE en GUINEE ont \u00e9t\u00e9 enlev\u00e9s par Cyril DESPRES. Le fran\u00e7ais remporte ainsi&nbsp; sa 4\u00b0victoire d&rsquo;\u00e9tape sur ce DAKAR, semblant ainsi ne plus trop se ressentir de sa blessure contract\u00e9e au Maroc. Reste qu&rsquo;il est toujours physiquement diminu\u00e9 ce qui donne \u00e0 sa performance une [&hellip;]\" \/>\n<meta name=\"twitter:image\" content=\"http:\/\/www.leblogmoto.com\/images\/coma.jpg\" \/>\n<meta name=\"twitter:label1\" content=\"\u00c9crit par\" \/>\n\t<meta name=\"twitter:data1\" content=\"andre leconde\" \/>\n\t<meta name=\"twitter:label2\" content=\"Dur\u00e9e de lecture estim\u00e9e\" \/>\n\t<meta name=\"twitter:data2\" content=\"1 minute\" \/>\n<script type=\"application\/ld+json\" class=\"yoast-schema-graph\">{\"@context\":\"https:\/\/schema.org\",\"@graph\":[{\"@type\":\"WebPage\",\"@id\":\"https:\/\/blogs.thesocialmedia.com\/leblogmoto\/2006\/01\/12\/dakar-le-remde\/\",\"url\":\"https:\/\/blogs.thesocialmedia.com\/leblogmoto\/2006\/01\/12\/dakar-le-remde\/\",\"name\":\"DAKAR: Le rem\u00e8de de LABE sourit \u00e0 DESPRES... - leblogmoto.com\",\"isPartOf\":{\"@id\":\"https:\/\/blogs.thesocialmedia.com\/leblogmoto\/#website\"},\"primaryImageOfPage\":{\"@id\":\"https:\/\/blogs.thesocialmedia.com\/leblogmoto\/2006\/01\/12\/dakar-le-remde\/#primaryimage\"},\"image\":{\"@id\":\"https:\/\/blogs.thesocialmedia.com\/leblogmoto\/2006\/01\/12\/dakar-le-remde\/#primaryimage\"},\"thumbnailUrl\":\"http:\/\/www.leblogmoto.com\/images\/coma.jpg\",\"datePublished\":\"2006-01-12T16:00:00+00:00\",\"dateModified\":\"2012-07-11T14:14:12+00:00\",\"author\":{\"@id\":\"https:\/\/blogs.thesocialmedia.com\/leblogmoto\/#\/schema\/person\/1a1dcfc7cec206573105eb4af91155c2\"},\"breadcrumb\":{\"@id\":\"https:\/\/blogs.thesocialmedia.com\/leblogmoto\/2006\/01\/12\/dakar-le-remde\/#breadcrumb\"},\"inLanguage\":\"fr-FR\",\"potentialAction\":[{\"@type\":\"ReadAction\",\"target\":[\"https:\/\/blogs.thesocialmedia.com\/leblogmoto\/2006\/01\/12\/dakar-le-remde\/\"]}]},{\"@type\":\"ImageObject\",\"inLanguage\":\"fr-FR\",\"@id\":\"https:\/\/blogs.thesocialmedia.com\/leblogmoto\/2006\/01\/12\/dakar-le-remde\/#primaryimage\",\"url\":\"http:\/\/www.leblogmoto.com\/images\/coma.jpg\",\"contentUrl\":\"http:\/\/www.leblogmoto.com\/images\/coma.jpg\"},{\"@type\":\"BreadcrumbList\",\"@id\":\"https:\/\/blogs.thesocialmedia.com\/leblogmoto\/2006\/01\/12\/dakar-le-remde\/#breadcrumb\",\"itemListElement\":[{\"@type\":\"ListItem\",\"position\":1,\"name\":\"Accueil\",\"item\":\"https:\/\/blogs.thesocialmedia.com\/leblogmoto\/\"},{\"@type\":\"ListItem\",\"position\":2,\"name\":\"DAKAR: Le rem\u00e8de de LABE sourit \u00e0 DESPRES&#8230;\"}]},{\"@type\":\"WebSite\",\"@id\":\"https:\/\/blogs.thesocialmedia.com\/leblogmoto\/#website\",\"url\":\"https:\/\/blogs.thesocialmedia.com\/leblogmoto\/\",\"name\":\"leblogmoto\",\"description\":\"Toute l&#039;actualit\u00e9 des 2 roues\",\"potentialAction\":[{\"@type\":\"SearchAction\",\"target\":{\"@type\":\"EntryPoint\",\"urlTemplate\":\"https:\/\/blogs.thesocialmedia.com\/leblogmoto\/?s={search_term_string}\"},\"query-input\":{\"@type\":\"PropertyValueSpecification\",\"valueRequired\":true,\"valueName\":\"search_term_string\"}}],\"inLanguage\":\"fr-FR\"},{\"@type\":\"Person\",\"@id\":\"https:\/\/blogs.thesocialmedia.com\/leblogmoto\/#\/schema\/person\/1a1dcfc7cec206573105eb4af91155c2\",\"name\":\"andre leconde\",\"image\":{\"@type\":\"ImageObject\",\"inLanguage\":\"fr-FR\",\"@id\":\"https:\/\/blogs.thesocialmedia.com\/leblogmoto\/#\/schema\/person\/image\/\",\"url\":\"https:\/\/secure.gravatar.com\/avatar\/?s=96&d=mm&r=g\",\"contentUrl\":\"https:\/\/secure.gravatar.com\/avatar\/?s=96&d=mm&r=g\",\"caption\":\"andre leconde\"},\"url\":\"https:\/\/blogs.thesocialmedia.com\/leblogmoto\/author\/andre-leconde\/\"}]}<\/script>\n<!-- \/ Yoast SEO plugin. -->","yoast_head_json":{"title":"DAKAR: Le rem\u00e8de de LABE sourit \u00e0 DESPRES... - leblogmoto.com","robots":{"index":"index","follow":"follow","max-snippet":"max-snippet:-1","max-image-preview":"max-image-preview:large","max-video-preview":"max-video-preview:-1"},"canonical":"https:\/\/blogs.thesocialmedia.com\/leblogmoto\/2006\/01\/12\/dakar-le-remde\/","twitter_card":"summary_large_image","twitter_title":"DAKAR: Le rem\u00e8de de LABE sourit \u00e0 DESPRES... - leblogmoto.com","twitter_description":"Les 368 kms de sp\u00e9ciale entre BAMAKO au MALI et LABE en GUINEE ont \u00e9t\u00e9 enlev\u00e9s par Cyril DESPRES. Le fran\u00e7ais remporte ainsi&nbsp; sa 4\u00b0victoire d&rsquo;\u00e9tape sur ce DAKAR, semblant ainsi ne plus trop se ressentir de sa blessure contract\u00e9e au Maroc. Reste qu&rsquo;il est toujours physiquement diminu\u00e9 ce qui donne \u00e0 sa performance une [&hellip;]","twitter_image":"http:\/\/www.leblogmoto.com\/images\/coma.jpg","twitter_misc":{"\u00c9crit par":"andre leconde","Dur\u00e9e de lecture estim\u00e9e":"1 minute"},"schema":{"@context":"https:\/\/schema.org","@graph":[{"@type":"WebPage","@id":"https:\/\/blogs.thesocialmedia.com\/leblogmoto\/2006\/01\/12\/dakar-le-remde\/","url":"https:\/\/blogs.thesocialmedia.com\/leblogmoto\/2006\/01\/12\/dakar-le-remde\/","name":"DAKAR: Le rem\u00e8de de LABE sourit \u00e0 DESPRES... - leblogmoto.com","isPartOf":{"@id":"https:\/\/blogs.thesocialmedia.com\/leblogmoto\/#website"},"primaryImageOfPage":{"@id":"https:\/\/blogs.thesocialmedia.com\/leblogmoto\/2006\/01\/12\/dakar-le-remde\/#primaryimage"},"image":{"@id":"https:\/\/blogs.thesocialmedia.com\/leblogmoto\/2006\/01\/12\/dakar-le-remde\/#primaryimage"},"thumbnailUrl":"http:\/\/www.leblogmoto.com\/images\/coma.jpg","datePublished":"2006-01-12T16:00:00+00:00","dateModified":"2012-07-11T14:14:12+00:00","author":{"@id":"https:\/\/blogs.thesocialmedia.com\/leblogmoto\/#\/schema\/person\/1a1dcfc7cec206573105eb4af91155c2"},"breadcrumb":{"@id":"https:\/\/blogs.thesocialmedia.com\/leblogmoto\/2006\/01\/12\/dakar-le-remde\/#breadcrumb"},"inLanguage":"fr-FR","potentialAction":[{"@type":"ReadAction","target":["https:\/\/blogs.thesocialmedia.com\/leblogmoto\/2006\/01\/12\/dakar-le-remde\/"]}]},{"@type":"ImageObject","inLanguage":"fr-FR","@id":"https:\/\/blogs.thesocialmedia.com\/leblogmoto\/2006\/01\/12\/dakar-le-remde\/#primaryimage","url":"http:\/\/www.leblogmoto.com\/images\/coma.jpg","contentUrl":"http:\/\/www.leblogmoto.com\/images\/coma.jpg"},{"@type":"BreadcrumbList","@id":"https:\/\/blogs.thesocialmedia.com\/leblogmoto\/2006\/01\/12\/dakar-le-remde\/#breadcrumb","itemListElement":[{"@type":"ListItem","position":1,"name":"Accueil","item":"https:\/\/blogs.thesocialmedia.com\/leblogmoto\/"},{"@type":"ListItem","position":2,"name":"DAKAR: Le rem\u00e8de de LABE sourit \u00e0 DESPRES&#8230;"}]},{"@type":"WebSite","@id":"https:\/\/blogs.thesocialmedia.com\/leblogmoto\/#website","url":"https:\/\/blogs.thesocialmedia.com\/leblogmoto\/","name":"leblogmoto","description":"Toute l&#039;actualit\u00e9 des 2 roues","potentialAction":[{"@type":"SearchAction","target":{"@type":"EntryPoint","urlTemplate":"https:\/\/blogs.thesocialmedia.com\/leblogmoto\/?s={search_term_string}"},"query-input":{"@type":"PropertyValueSpecification","valueRequired":true,"valueName":"search_term_string"}}],"inLanguage":"fr-FR"},{"@type":"Person","@id":"https:\/\/blogs.thesocialmedia.com\/leblogmoto\/#\/schema\/person\/1a1dcfc7cec206573105eb4af91155c2","name":"andre leconde","image":{"@type":"ImageObject","inLanguage":"fr-FR","@id":"https:\/\/blogs.thesocialmedia.com\/leblogmoto\/#\/schema\/person\/image\/","url":"https:\/\/secure.gravatar.com\/avatar\/?s=96&d=mm&r=g","contentUrl":"https:\/\/secure.gravatar.com\/avatar\/?s=96&d=mm&r=g","caption":"andre leconde"},"url":"https:\/\/blogs.thesocialmedia.com\/leblogmoto\/author\/andre-leconde\/"}]}},"_links":{"self":[{"href":"https:\/\/blogs.thesocialmedia.com\/leblogmoto\/wp-json\/wp\/v2\/posts\/2114","targetHints":{"allow":["GET"]}}],"collection":[{"href":"https:\/\/blogs.thesocialmedia.com\/leblogmoto\/wp-json\/wp\/v2\/posts"}],"about":[{"href":"https:\/\/blogs.thesocialmedia.com\/leblogmoto\/wp-json\/wp\/v2\/types\/post"}],"author":[{"embeddable":true,"href":"https:\/\/blogs.thesocialmedia.com\/leblogmoto\/wp-json\/wp\/v2\/users\/336"}],"replies":[{"embeddable":true,"href":"https:\/\/blogs.thesocialmedia.com\/leblogmoto\/wp-json\/wp\/v2\/comments?post=2114"}],"version-history":[{"count":2,"href":"https:\/\/blogs.thesocialmedia.com\/leblogmoto\/wp-json\/wp\/v2\/posts\/2114\/revisions"}],"predecessor-version":[{"id":6957,"href":"https:\/\/blogs.thesocialmedia.com\/leblogmoto\/wp-json\/wp\/v2\/posts\/2114\/revisions\/6957"}],"wp:attachment":[{"href":"https:\/\/blogs.thesocialmedia.com\/leblogmoto\/wp-json\/wp\/v2\/media?parent=2114"}],"wp:term":[{"taxonomy":"category","embeddable":true,"href":"https:\/\/blogs.thesocialmedia.com\/leblogmoto\/wp-json\/wp\/v2\/categories?post=2114"},{"taxonomy":"post_tag","embeddable":true,"href":"https:\/\/blogs.thesocialmedia.com\/leblogmoto\/wp-json\/wp\/v2\/tags?post=2114"}],"curies":[{"name":"wp","href":"https:\/\/api.w.org\/{rel}","templated":true}]}}