{"id":2115,"date":"2006-01-11T16:18:37","date_gmt":"2006-01-11T16:18:37","guid":{"rendered":"http:\/\/blogs.thesocialmedia.com\/leblogmoto\/2006\/01\/11\/dakar-duclos-fa\/"},"modified":"2012-07-11T14:14:11","modified_gmt":"2012-07-11T14:14:11","slug":"dakar-duclos-fa","status":"publish","type":"post","link":"https:\/\/blogs.thesocialmedia.com\/leblogmoto\/2006\/01\/11\/dakar-duclos-fa\/","title":{"rendered":"DAKAR: DUCLOS fait le jacques"},"content":{"rendered":"<p><a href=\"http:\/\/blogs.thesocialmedia.com\/leblogmoto\/files\/2012\/07\/duclos.jpg\"><img loading=\"lazy\" decoding=\"async\" height=\"161\" alt=\"Duclos\" src=\"http:\/\/www.leblogmoto.com\/images\/duclos.jpg\" width=\"250\"  \/><\/a>L&rsquo;\u00e9tape entre <a href=\"http:\/\/www.leblogmoto.com\/2006\/01\/dakar_en_convoi.html\">KAYES<\/a> et BAMAKO a vu la victoire de l&rsquo;un de ses <a href=\"http:\/\/www.leblogmoto.com\/2005\/10\/un_mauritanien_.html\">enfants<\/a>, <strong>Alain DUCLOS<\/strong>. Jour historique pour lui puisqu&rsquo;il a enlev\u00e9 les <strong>234 kms<\/strong> de sp\u00e9ciale qui se d\u00e9roulaient sur ses terres. Et il y a mis la mani\u00e8re, puisque sa KTM est une <strong>450 Rallye du Groupe Production.<\/strong><\/p>\n<p>Alain DUCLOS est n\u00e9 \u00e0 BAMAKO o\u00f9 il a d\u00e9couvert l&rsquo;\u00e9preuve du DAKAR au travers ses passages et un de ses concurrents de l&rsquo;\u00e9poque, <strong>Raymond LOIZEAUX<\/strong>. Premi\u00e8re participation en 2000, une grave chute et un retour en 2004 pour cette premi\u00e8re victoire cette ann\u00e9e, qui plus est \u00e0 domicile, devant <strong>COMA<\/strong> \u00e0 1&rsquo;27.&nbsp; <\/p>\n<p>Car le fait du jour, c&rsquo;est la consolidation de l&rsquo;espagnol en t\u00eate de cette \u00e9dition 2006. <a href=\"http:\/\/www.leblogmoto.com\/2006\/01\/dakar_1.html\">DESPRES <\/a>perd plus de 11&prime; et se retrouve rejet\u00e9 \u00e0 34&rsquo;24.<\/p>\n<p>Pas moins de <strong>424 kms<\/strong> restent \u00e0 faire en liaison avant de rejoindre le bivouac.<\/p>\n<p>SOURCE: <a href=\"http:\/\/www.dakar.com\/\">www.dakar.com<\/a><\/p>\n","protected":false},"excerpt":{"rendered":"<p>L&rsquo;\u00e9tape entre KAYES et BAMAKO a vu la victoire de l&rsquo;un de ses enfants, Alain DUCLOS. Jour historique pour lui puisqu&rsquo;il a enlev\u00e9 les 234 kms de sp\u00e9ciale qui se d\u00e9roulaient sur ses terres. Et il y a mis la mani\u00e8re, puisque sa KTM est une 450 Rallye du Groupe Production. Alain DUCLOS est n\u00e9 [&hellip;]<\/p>\n","protected":false},"author":336,"featured_media":0,"comment_status":"open","ping_status":"open","sticky":false,"template":"","format":"standard","meta":{"footnotes":""},"categories":[32],"tags":[],"class_list":["post-2115","post","type-post","status-publish","format-standard","hentry","category-sport-moto"],"yoast_head":"<!-- This site is optimized with the Yoast SEO plugin v26.0 - https:\/\/yoast.com\/wordpress\/plugins\/seo\/ -->\n<title>DAKAR: DUCLOS fait le jacques - leblogmoto.com<\/title>\n<meta name=\"robots\" content=\"index, follow, max-snippet:-1, max-image-preview:large, max-video-preview:-1\" \/>\n<link rel=\"canonical\" href=\"https:\/\/blogs.thesocialmedia.com\/leblogmoto\/2006\/01\/11\/dakar-duclos-fa\/\" \/>\n<meta name=\"twitter:card\" content=\"summary_large_image\" \/>\n<meta name=\"twitter:title\" content=\"DAKAR: DUCLOS fait le jacques - leblogmoto.com\" \/>\n<meta name=\"twitter:description\" content=\"L&rsquo;\u00e9tape entre KAYES et BAMAKO a vu la victoire de l&rsquo;un de ses enfants, Alain DUCLOS. Jour historique pour lui puisqu&rsquo;il a enlev\u00e9 les 234 kms de sp\u00e9ciale qui se d\u00e9roulaient sur ses terres. Et il y a mis la mani\u00e8re, puisque sa KTM est une 450 Rallye du Groupe Production. Alain DUCLOS est n\u00e9 [&hellip;]\" \/>\n<meta name=\"twitter:image\" content=\"http:\/\/www.leblogmoto.com\/images\/duclos.jpg\" \/>\n<meta name=\"twitter:label1\" content=\"\u00c9crit par\" \/>\n\t<meta name=\"twitter:data1\" content=\"andre leconde\" \/>\n\t<meta name=\"twitter:label2\" content=\"Dur\u00e9e de lecture estim\u00e9e\" \/>\n\t<meta name=\"twitter:data2\" content=\"1 minute\" \/>\n<script type=\"application\/ld+json\" class=\"yoast-schema-graph\">{\"@context\":\"https:\/\/schema.org\",\"@graph\":[{\"@type\":\"WebPage\",\"@id\":\"https:\/\/blogs.thesocialmedia.com\/leblogmoto\/2006\/01\/11\/dakar-duclos-fa\/\",\"url\":\"https:\/\/blogs.thesocialmedia.com\/leblogmoto\/2006\/01\/11\/dakar-duclos-fa\/\",\"name\":\"DAKAR: DUCLOS fait le jacques - leblogmoto.com\",\"isPartOf\":{\"@id\":\"https:\/\/blogs.thesocialmedia.com\/leblogmoto\/#website\"},\"primaryImageOfPage\":{\"@id\":\"https:\/\/blogs.thesocialmedia.com\/leblogmoto\/2006\/01\/11\/dakar-duclos-fa\/#primaryimage\"},\"image\":{\"@id\":\"https:\/\/blogs.thesocialmedia.com\/leblogmoto\/2006\/01\/11\/dakar-duclos-fa\/#primaryimage\"},\"thumbnailUrl\":\"http:\/\/www.leblogmoto.com\/images\/duclos.jpg\",\"datePublished\":\"2006-01-11T16:18:37+00:00\",\"dateModified\":\"2012-07-11T14:14:11+00:00\",\"author\":{\"@id\":\"https:\/\/blogs.thesocialmedia.com\/leblogmoto\/#\/schema\/person\/1a1dcfc7cec206573105eb4af91155c2\"},\"breadcrumb\":{\"@id\":\"https:\/\/blogs.thesocialmedia.com\/leblogmoto\/2006\/01\/11\/dakar-duclos-fa\/#breadcrumb\"},\"inLanguage\":\"fr-FR\",\"potentialAction\":[{\"@type\":\"ReadAction\",\"target\":[\"https:\/\/blogs.thesocialmedia.com\/leblogmoto\/2006\/01\/11\/dakar-duclos-fa\/\"]}]},{\"@type\":\"ImageObject\",\"inLanguage\":\"fr-FR\",\"@id\":\"https:\/\/blogs.thesocialmedia.com\/leblogmoto\/2006\/01\/11\/dakar-duclos-fa\/#primaryimage\",\"url\":\"http:\/\/www.leblogmoto.com\/images\/duclos.jpg\",\"contentUrl\":\"http:\/\/www.leblogmoto.com\/images\/duclos.jpg\"},{\"@type\":\"BreadcrumbList\",\"@id\":\"https:\/\/blogs.thesocialmedia.com\/leblogmoto\/2006\/01\/11\/dakar-duclos-fa\/#breadcrumb\",\"itemListElement\":[{\"@type\":\"ListItem\",\"position\":1,\"name\":\"Accueil\",\"item\":\"https:\/\/blogs.thesocialmedia.com\/leblogmoto\/\"},{\"@type\":\"ListItem\",\"position\":2,\"name\":\"DAKAR: DUCLOS fait le jacques\"}]},{\"@type\":\"WebSite\",\"@id\":\"https:\/\/blogs.thesocialmedia.com\/leblogmoto\/#website\",\"url\":\"https:\/\/blogs.thesocialmedia.com\/leblogmoto\/\",\"name\":\"leblogmoto\",\"description\":\"Toute l&#039;actualit\u00e9 des 2 roues\",\"potentialAction\":[{\"@type\":\"SearchAction\",\"target\":{\"@type\":\"EntryPoint\",\"urlTemplate\":\"https:\/\/blogs.thesocialmedia.com\/leblogmoto\/?s={search_term_string}\"},\"query-input\":{\"@type\":\"PropertyValueSpecification\",\"valueRequired\":true,\"valueName\":\"search_term_string\"}}],\"inLanguage\":\"fr-FR\"},{\"@type\":\"Person\",\"@id\":\"https:\/\/blogs.thesocialmedia.com\/leblogmoto\/#\/schema\/person\/1a1dcfc7cec206573105eb4af91155c2\",\"name\":\"andre leconde\",\"image\":{\"@type\":\"ImageObject\",\"inLanguage\":\"fr-FR\",\"@id\":\"https:\/\/blogs.thesocialmedia.com\/leblogmoto\/#\/schema\/person\/image\/\",\"url\":\"https:\/\/secure.gravatar.com\/avatar\/?s=96&d=mm&r=g\",\"contentUrl\":\"https:\/\/secure.gravatar.com\/avatar\/?s=96&d=mm&r=g\",\"caption\":\"andre leconde\"},\"url\":\"https:\/\/blogs.thesocialmedia.com\/leblogmoto\/author\/andre-leconde\/\"}]}<\/script>\n<!-- \/ Yoast SEO plugin. -->","yoast_head_json":{"title":"DAKAR: DUCLOS fait le jacques - leblogmoto.com","robots":{"index":"index","follow":"follow","max-snippet":"max-snippet:-1","max-image-preview":"max-image-preview:large","max-video-preview":"max-video-preview:-1"},"canonical":"https:\/\/blogs.thesocialmedia.com\/leblogmoto\/2006\/01\/11\/dakar-duclos-fa\/","twitter_card":"summary_large_image","twitter_title":"DAKAR: DUCLOS fait le jacques - leblogmoto.com","twitter_description":"L&rsquo;\u00e9tape entre KAYES et BAMAKO a vu la victoire de l&rsquo;un de ses enfants, Alain DUCLOS. Jour historique pour lui puisqu&rsquo;il a enlev\u00e9 les 234 kms de sp\u00e9ciale qui se d\u00e9roulaient sur ses terres. Et il y a mis la mani\u00e8re, puisque sa KTM est une 450 Rallye du Groupe Production. Alain DUCLOS est n\u00e9 [&hellip;]","twitter_image":"http:\/\/www.leblogmoto.com\/images\/duclos.jpg","twitter_misc":{"\u00c9crit par":"andre leconde","Dur\u00e9e de lecture estim\u00e9e":"1 minute"},"schema":{"@context":"https:\/\/schema.org","@graph":[{"@type":"WebPage","@id":"https:\/\/blogs.thesocialmedia.com\/leblogmoto\/2006\/01\/11\/dakar-duclos-fa\/","url":"https:\/\/blogs.thesocialmedia.com\/leblogmoto\/2006\/01\/11\/dakar-duclos-fa\/","name":"DAKAR: DUCLOS fait le jacques - leblogmoto.com","isPartOf":{"@id":"https:\/\/blogs.thesocialmedia.com\/leblogmoto\/#website"},"primaryImageOfPage":{"@id":"https:\/\/blogs.thesocialmedia.com\/leblogmoto\/2006\/01\/11\/dakar-duclos-fa\/#primaryimage"},"image":{"@id":"https:\/\/blogs.thesocialmedia.com\/leblogmoto\/2006\/01\/11\/dakar-duclos-fa\/#primaryimage"},"thumbnailUrl":"http:\/\/www.leblogmoto.com\/images\/duclos.jpg","datePublished":"2006-01-11T16:18:37+00:00","dateModified":"2012-07-11T14:14:11+00:00","author":{"@id":"https:\/\/blogs.thesocialmedia.com\/leblogmoto\/#\/schema\/person\/1a1dcfc7cec206573105eb4af91155c2"},"breadcrumb":{"@id":"https:\/\/blogs.thesocialmedia.com\/leblogmoto\/2006\/01\/11\/dakar-duclos-fa\/#breadcrumb"},"inLanguage":"fr-FR","potentialAction":[{"@type":"ReadAction","target":["https:\/\/blogs.thesocialmedia.com\/leblogmoto\/2006\/01\/11\/dakar-duclos-fa\/"]}]},{"@type":"ImageObject","inLanguage":"fr-FR","@id":"https:\/\/blogs.thesocialmedia.com\/leblogmoto\/2006\/01\/11\/dakar-duclos-fa\/#primaryimage","url":"http:\/\/www.leblogmoto.com\/images\/duclos.jpg","contentUrl":"http:\/\/www.leblogmoto.com\/images\/duclos.jpg"},{"@type":"BreadcrumbList","@id":"https:\/\/blogs.thesocialmedia.com\/leblogmoto\/2006\/01\/11\/dakar-duclos-fa\/#breadcrumb","itemListElement":[{"@type":"ListItem","position":1,"name":"Accueil","item":"https:\/\/blogs.thesocialmedia.com\/leblogmoto\/"},{"@type":"ListItem","position":2,"name":"DAKAR: DUCLOS fait le jacques"}]},{"@type":"WebSite","@id":"https:\/\/blogs.thesocialmedia.com\/leblogmoto\/#website","url":"https:\/\/blogs.thesocialmedia.com\/leblogmoto\/","name":"leblogmoto","description":"Toute l&#039;actualit\u00e9 des 2 roues","potentialAction":[{"@type":"SearchAction","target":{"@type":"EntryPoint","urlTemplate":"https:\/\/blogs.thesocialmedia.com\/leblogmoto\/?s={search_term_string}"},"query-input":{"@type":"PropertyValueSpecification","valueRequired":true,"valueName":"search_term_string"}}],"inLanguage":"fr-FR"},{"@type":"Person","@id":"https:\/\/blogs.thesocialmedia.com\/leblogmoto\/#\/schema\/person\/1a1dcfc7cec206573105eb4af91155c2","name":"andre leconde","image":{"@type":"ImageObject","inLanguage":"fr-FR","@id":"https:\/\/blogs.thesocialmedia.com\/leblogmoto\/#\/schema\/person\/image\/","url":"https:\/\/secure.gravatar.com\/avatar\/?s=96&d=mm&r=g","contentUrl":"https:\/\/secure.gravatar.com\/avatar\/?s=96&d=mm&r=g","caption":"andre leconde"},"url":"https:\/\/blogs.thesocialmedia.com\/leblogmoto\/author\/andre-leconde\/"}]}},"_links":{"self":[{"href":"https:\/\/blogs.thesocialmedia.com\/leblogmoto\/wp-json\/wp\/v2\/posts\/2115","targetHints":{"allow":["GET"]}}],"collection":[{"href":"https:\/\/blogs.thesocialmedia.com\/leblogmoto\/wp-json\/wp\/v2\/posts"}],"about":[{"href":"https:\/\/blogs.thesocialmedia.com\/leblogmoto\/wp-json\/wp\/v2\/types\/post"}],"author":[{"embeddable":true,"href":"https:\/\/blogs.thesocialmedia.com\/leblogmoto\/wp-json\/wp\/v2\/users\/336"}],"replies":[{"embeddable":true,"href":"https:\/\/blogs.thesocialmedia.com\/leblogmoto\/wp-json\/wp\/v2\/comments?post=2115"}],"version-history":[{"count":2,"href":"https:\/\/blogs.thesocialmedia.com\/leblogmoto\/wp-json\/wp\/v2\/posts\/2115\/revisions"}],"predecessor-version":[{"id":6955,"href":"https:\/\/blogs.thesocialmedia.com\/leblogmoto\/wp-json\/wp\/v2\/posts\/2115\/revisions\/6955"}],"wp:attachment":[{"href":"https:\/\/blogs.thesocialmedia.com\/leblogmoto\/wp-json\/wp\/v2\/media?parent=2115"}],"wp:term":[{"taxonomy":"category","embeddable":true,"href":"https:\/\/blogs.thesocialmedia.com\/leblogmoto\/wp-json\/wp\/v2\/categories?post=2115"},{"taxonomy":"post_tag","embeddable":true,"href":"https:\/\/blogs.thesocialmedia.com\/leblogmoto\/wp-json\/wp\/v2\/tags?post=2115"}],"curies":[{"name":"wp","href":"https:\/\/api.w.org\/{rel}","templated":true}]}}