{"id":2116,"date":"2006-01-11T08:20:00","date_gmt":"2006-01-11T08:20:00","guid":{"rendered":"http:\/\/blogs.thesocialmedia.com\/leblogmoto\/2006\/01\/11\/polmiques-sans\/"},"modified":"2012-07-11T14:14:10","modified_gmt":"2012-07-11T14:14:10","slug":"polmiques-sans","status":"publish","type":"post","link":"https:\/\/blogs.thesocialmedia.com\/leblogmoto\/2006\/01\/11\/polmiques-sans\/","title":{"rendered":"Pol\u00e9miques sans filtre."},"content":{"rendered":"<p><a href=\"http:\/\/blogs.thesocialmedia.com\/leblogmoto\/files\/2012\/07\/camelbisous.jpg\"><img loading=\"lazy\" decoding=\"async\" height=\"404\" alt=\"Camelbisous\" src=\"http:\/\/www.leblogmoto.com\/images\/camelbisous.jpg\" width=\"250\"  \/><\/a>Apr\u00e8s l&rsquo;abandon de <a href=\"http:\/\/www.leblogmoto.com\/2005\/12\/biaggi_epilogue.html\">BIAGGI<\/a> et le retrait de chez <a href=\"http:\/\/www.leblogmoto.com\/2006\/01\/les_premires_co.html\">PONS<\/a>, on aurait pu croire que les couleurs jaune et bleu avaient fini de rouler leur bosse en MOTOGP. <\/p>\n<p>Que nenni, on le sait aujourd&rsquo;hui, il s&rsquo;agissait, en fait, d&rsquo;un changement de strat\u00e9gie.<\/p>\n<p>On aurait pu croire aussi, que ma\u00eetre ROSSI, \u00e0 la force de ses convictions de grand champion, avait arrach\u00e9, pour cette raison, les ailettes du <a href=\"http:\/\/www.leblogauto.com\/2005\/12\/kronos_rcupre_l.html\">commanditaire casqu\u00e9<\/a> qui ornait sa YAMAHA car\u00e9n\u00e9e. <\/p>\n<p>Et bien pas du tout, il s&rsquo;agissait, tout simplement d&rsquo;une histroire de gros sous.<\/p>\n<p>Synth\u00e8se d&rsquo;une bouff\u00e9e d&rsquo;\u00e9motion, qui fait un tabac en cette froide saison&#8230;<\/p>\n<p><a href=\"http:\/\/clabedan.typepad.com\/.shared\/image.html?\/photos\/uncategorized\/gauloises2.jpg\"><img loading=\"lazy\" decoding=\"async\" height=\"204\" alt=\"Gauloises2\" src=\"http:\/\/www.leblogmoto.com\/images\/gauloises2.jpg\" width=\"249\"  \/><\/a>C&rsquo;est ainsi que le cam\u00e9lid\u00e9, a fini par annoncer, qu&rsquo;il serait le m\u00e9c\u00e8ne officiel de l&rsquo;usine <strong>YAMAHA<\/strong>, pour cette ann\u00e9e. Ca n&rsquo;a pas \u00e9t\u00e9 du tout au go\u00fbt de l&rsquo;\u00e9conduit, qui, jaloux, a d\u00e9cid\u00e9 de mettre \u00e0 ce nouvel attelage des b\u00e2tons dans les roues. <\/p>\n<p>Clause de <strong>non-concurrence<\/strong> c\u00e2ch\u00e9e viol\u00e9e est l&rsquo;argument avanc\u00e9e. YAMAHA, courrouc\u00e9, a d\u00e9cid\u00e9 de <strong>contre-attaquer<\/strong> en niant son existence tout en se plaignant de se voir ainsi mis, publiquement, sur la balance. <\/p>\n<p>Voil\u00e0 o\u00f9 on en est. C&rsquo;est qui est s\u00fbre, c&rsquo;est que tout \u00e7a est effectivement mauvais pour la sant\u00e9.<\/p>\n<p>SOUCE: <a href=\"http:\/\/www.moto-net.com\/\">www.moto-net.com<\/a><\/p>\n","protected":false},"excerpt":{"rendered":"<p>Apr\u00e8s l&rsquo;abandon de BIAGGI et le retrait de chez PONS, on aurait pu croire que les couleurs jaune et bleu avaient fini de rouler leur bosse en MOTOGP. Que nenni, on le sait aujourd&rsquo;hui, il s&rsquo;agissait, en fait, d&rsquo;un changement de strat\u00e9gie. On aurait pu croire aussi, que ma\u00eetre ROSSI, \u00e0 la force de ses [&hellip;]<\/p>\n","protected":false},"author":336,"featured_media":0,"comment_status":"open","ping_status":"open","sticky":false,"template":"","format":"standard","meta":{"footnotes":""},"categories":[22],"tags":[],"class_list":["post-2116","post","type-post","status-publish","format-standard","hentry","category-motogp"],"yoast_head":"<!-- This site is optimized with the Yoast SEO plugin v26.0 - https:\/\/yoast.com\/wordpress\/plugins\/seo\/ -->\n<title>Pol\u00e9miques sans filtre. - leblogmoto.com<\/title>\n<meta name=\"robots\" content=\"index, follow, max-snippet:-1, max-image-preview:large, max-video-preview:-1\" \/>\n<link rel=\"canonical\" href=\"https:\/\/blogs.thesocialmedia.com\/leblogmoto\/2006\/01\/11\/polmiques-sans\/\" \/>\n<meta name=\"twitter:card\" content=\"summary_large_image\" \/>\n<meta name=\"twitter:title\" content=\"Pol\u00e9miques sans filtre. - leblogmoto.com\" \/>\n<meta name=\"twitter:description\" content=\"Apr\u00e8s l&rsquo;abandon de BIAGGI et le retrait de chez PONS, on aurait pu croire que les couleurs jaune et bleu avaient fini de rouler leur bosse en MOTOGP. Que nenni, on le sait aujourd&rsquo;hui, il s&rsquo;agissait, en fait, d&rsquo;un changement de strat\u00e9gie. On aurait pu croire aussi, que ma\u00eetre ROSSI, \u00e0 la force de ses [&hellip;]\" \/>\n<meta name=\"twitter:image\" content=\"http:\/\/www.leblogmoto.com\/images\/camelbisous.jpg\" \/>\n<meta name=\"twitter:label1\" content=\"\u00c9crit par\" \/>\n\t<meta name=\"twitter:data1\" content=\"andre leconde\" \/>\n\t<meta name=\"twitter:label2\" content=\"Dur\u00e9e de lecture estim\u00e9e\" \/>\n\t<meta name=\"twitter:data2\" content=\"1 minute\" \/>\n<script type=\"application\/ld+json\" class=\"yoast-schema-graph\">{\"@context\":\"https:\/\/schema.org\",\"@graph\":[{\"@type\":\"WebPage\",\"@id\":\"https:\/\/blogs.thesocialmedia.com\/leblogmoto\/2006\/01\/11\/polmiques-sans\/\",\"url\":\"https:\/\/blogs.thesocialmedia.com\/leblogmoto\/2006\/01\/11\/polmiques-sans\/\",\"name\":\"Pol\u00e9miques sans filtre. - leblogmoto.com\",\"isPartOf\":{\"@id\":\"https:\/\/blogs.thesocialmedia.com\/leblogmoto\/#website\"},\"primaryImageOfPage\":{\"@id\":\"https:\/\/blogs.thesocialmedia.com\/leblogmoto\/2006\/01\/11\/polmiques-sans\/#primaryimage\"},\"image\":{\"@id\":\"https:\/\/blogs.thesocialmedia.com\/leblogmoto\/2006\/01\/11\/polmiques-sans\/#primaryimage\"},\"thumbnailUrl\":\"http:\/\/www.leblogmoto.com\/images\/camelbisous.jpg\",\"datePublished\":\"2006-01-11T08:20:00+00:00\",\"dateModified\":\"2012-07-11T14:14:10+00:00\",\"author\":{\"@id\":\"https:\/\/blogs.thesocialmedia.com\/leblogmoto\/#\/schema\/person\/1a1dcfc7cec206573105eb4af91155c2\"},\"breadcrumb\":{\"@id\":\"https:\/\/blogs.thesocialmedia.com\/leblogmoto\/2006\/01\/11\/polmiques-sans\/#breadcrumb\"},\"inLanguage\":\"fr-FR\",\"potentialAction\":[{\"@type\":\"ReadAction\",\"target\":[\"https:\/\/blogs.thesocialmedia.com\/leblogmoto\/2006\/01\/11\/polmiques-sans\/\"]}]},{\"@type\":\"ImageObject\",\"inLanguage\":\"fr-FR\",\"@id\":\"https:\/\/blogs.thesocialmedia.com\/leblogmoto\/2006\/01\/11\/polmiques-sans\/#primaryimage\",\"url\":\"http:\/\/www.leblogmoto.com\/images\/camelbisous.jpg\",\"contentUrl\":\"http:\/\/www.leblogmoto.com\/images\/camelbisous.jpg\"},{\"@type\":\"BreadcrumbList\",\"@id\":\"https:\/\/blogs.thesocialmedia.com\/leblogmoto\/2006\/01\/11\/polmiques-sans\/#breadcrumb\",\"itemListElement\":[{\"@type\":\"ListItem\",\"position\":1,\"name\":\"Accueil\",\"item\":\"https:\/\/blogs.thesocialmedia.com\/leblogmoto\/\"},{\"@type\":\"ListItem\",\"position\":2,\"name\":\"Pol\u00e9miques sans filtre.\"}]},{\"@type\":\"WebSite\",\"@id\":\"https:\/\/blogs.thesocialmedia.com\/leblogmoto\/#website\",\"url\":\"https:\/\/blogs.thesocialmedia.com\/leblogmoto\/\",\"name\":\"leblogmoto\",\"description\":\"Toute l&#039;actualit\u00e9 des 2 roues\",\"potentialAction\":[{\"@type\":\"SearchAction\",\"target\":{\"@type\":\"EntryPoint\",\"urlTemplate\":\"https:\/\/blogs.thesocialmedia.com\/leblogmoto\/?s={search_term_string}\"},\"query-input\":{\"@type\":\"PropertyValueSpecification\",\"valueRequired\":true,\"valueName\":\"search_term_string\"}}],\"inLanguage\":\"fr-FR\"},{\"@type\":\"Person\",\"@id\":\"https:\/\/blogs.thesocialmedia.com\/leblogmoto\/#\/schema\/person\/1a1dcfc7cec206573105eb4af91155c2\",\"name\":\"andre leconde\",\"image\":{\"@type\":\"ImageObject\",\"inLanguage\":\"fr-FR\",\"@id\":\"https:\/\/blogs.thesocialmedia.com\/leblogmoto\/#\/schema\/person\/image\/\",\"url\":\"https:\/\/secure.gravatar.com\/avatar\/?s=96&d=mm&r=g\",\"contentUrl\":\"https:\/\/secure.gravatar.com\/avatar\/?s=96&d=mm&r=g\",\"caption\":\"andre leconde\"},\"url\":\"https:\/\/blogs.thesocialmedia.com\/leblogmoto\/author\/andre-leconde\/\"}]}<\/script>\n<!-- \/ Yoast SEO plugin. -->","yoast_head_json":{"title":"Pol\u00e9miques sans filtre. - leblogmoto.com","robots":{"index":"index","follow":"follow","max-snippet":"max-snippet:-1","max-image-preview":"max-image-preview:large","max-video-preview":"max-video-preview:-1"},"canonical":"https:\/\/blogs.thesocialmedia.com\/leblogmoto\/2006\/01\/11\/polmiques-sans\/","twitter_card":"summary_large_image","twitter_title":"Pol\u00e9miques sans filtre. - leblogmoto.com","twitter_description":"Apr\u00e8s l&rsquo;abandon de BIAGGI et le retrait de chez PONS, on aurait pu croire que les couleurs jaune et bleu avaient fini de rouler leur bosse en MOTOGP. Que nenni, on le sait aujourd&rsquo;hui, il s&rsquo;agissait, en fait, d&rsquo;un changement de strat\u00e9gie. On aurait pu croire aussi, que ma\u00eetre ROSSI, \u00e0 la force de ses [&hellip;]","twitter_image":"http:\/\/www.leblogmoto.com\/images\/camelbisous.jpg","twitter_misc":{"\u00c9crit par":"andre leconde","Dur\u00e9e de lecture estim\u00e9e":"1 minute"},"schema":{"@context":"https:\/\/schema.org","@graph":[{"@type":"WebPage","@id":"https:\/\/blogs.thesocialmedia.com\/leblogmoto\/2006\/01\/11\/polmiques-sans\/","url":"https:\/\/blogs.thesocialmedia.com\/leblogmoto\/2006\/01\/11\/polmiques-sans\/","name":"Pol\u00e9miques sans filtre. - leblogmoto.com","isPartOf":{"@id":"https:\/\/blogs.thesocialmedia.com\/leblogmoto\/#website"},"primaryImageOfPage":{"@id":"https:\/\/blogs.thesocialmedia.com\/leblogmoto\/2006\/01\/11\/polmiques-sans\/#primaryimage"},"image":{"@id":"https:\/\/blogs.thesocialmedia.com\/leblogmoto\/2006\/01\/11\/polmiques-sans\/#primaryimage"},"thumbnailUrl":"http:\/\/www.leblogmoto.com\/images\/camelbisous.jpg","datePublished":"2006-01-11T08:20:00+00:00","dateModified":"2012-07-11T14:14:10+00:00","author":{"@id":"https:\/\/blogs.thesocialmedia.com\/leblogmoto\/#\/schema\/person\/1a1dcfc7cec206573105eb4af91155c2"},"breadcrumb":{"@id":"https:\/\/blogs.thesocialmedia.com\/leblogmoto\/2006\/01\/11\/polmiques-sans\/#breadcrumb"},"inLanguage":"fr-FR","potentialAction":[{"@type":"ReadAction","target":["https:\/\/blogs.thesocialmedia.com\/leblogmoto\/2006\/01\/11\/polmiques-sans\/"]}]},{"@type":"ImageObject","inLanguage":"fr-FR","@id":"https:\/\/blogs.thesocialmedia.com\/leblogmoto\/2006\/01\/11\/polmiques-sans\/#primaryimage","url":"http:\/\/www.leblogmoto.com\/images\/camelbisous.jpg","contentUrl":"http:\/\/www.leblogmoto.com\/images\/camelbisous.jpg"},{"@type":"BreadcrumbList","@id":"https:\/\/blogs.thesocialmedia.com\/leblogmoto\/2006\/01\/11\/polmiques-sans\/#breadcrumb","itemListElement":[{"@type":"ListItem","position":1,"name":"Accueil","item":"https:\/\/blogs.thesocialmedia.com\/leblogmoto\/"},{"@type":"ListItem","position":2,"name":"Pol\u00e9miques sans filtre."}]},{"@type":"WebSite","@id":"https:\/\/blogs.thesocialmedia.com\/leblogmoto\/#website","url":"https:\/\/blogs.thesocialmedia.com\/leblogmoto\/","name":"leblogmoto","description":"Toute l&#039;actualit\u00e9 des 2 roues","potentialAction":[{"@type":"SearchAction","target":{"@type":"EntryPoint","urlTemplate":"https:\/\/blogs.thesocialmedia.com\/leblogmoto\/?s={search_term_string}"},"query-input":{"@type":"PropertyValueSpecification","valueRequired":true,"valueName":"search_term_string"}}],"inLanguage":"fr-FR"},{"@type":"Person","@id":"https:\/\/blogs.thesocialmedia.com\/leblogmoto\/#\/schema\/person\/1a1dcfc7cec206573105eb4af91155c2","name":"andre leconde","image":{"@type":"ImageObject","inLanguage":"fr-FR","@id":"https:\/\/blogs.thesocialmedia.com\/leblogmoto\/#\/schema\/person\/image\/","url":"https:\/\/secure.gravatar.com\/avatar\/?s=96&d=mm&r=g","contentUrl":"https:\/\/secure.gravatar.com\/avatar\/?s=96&d=mm&r=g","caption":"andre leconde"},"url":"https:\/\/blogs.thesocialmedia.com\/leblogmoto\/author\/andre-leconde\/"}]}},"_links":{"self":[{"href":"https:\/\/blogs.thesocialmedia.com\/leblogmoto\/wp-json\/wp\/v2\/posts\/2116","targetHints":{"allow":["GET"]}}],"collection":[{"href":"https:\/\/blogs.thesocialmedia.com\/leblogmoto\/wp-json\/wp\/v2\/posts"}],"about":[{"href":"https:\/\/blogs.thesocialmedia.com\/leblogmoto\/wp-json\/wp\/v2\/types\/post"}],"author":[{"embeddable":true,"href":"https:\/\/blogs.thesocialmedia.com\/leblogmoto\/wp-json\/wp\/v2\/users\/336"}],"replies":[{"embeddable":true,"href":"https:\/\/blogs.thesocialmedia.com\/leblogmoto\/wp-json\/wp\/v2\/comments?post=2116"}],"version-history":[{"count":2,"href":"https:\/\/blogs.thesocialmedia.com\/leblogmoto\/wp-json\/wp\/v2\/posts\/2116\/revisions"}],"predecessor-version":[{"id":6953,"href":"https:\/\/blogs.thesocialmedia.com\/leblogmoto\/wp-json\/wp\/v2\/posts\/2116\/revisions\/6953"}],"wp:attachment":[{"href":"https:\/\/blogs.thesocialmedia.com\/leblogmoto\/wp-json\/wp\/v2\/media?parent=2116"}],"wp:term":[{"taxonomy":"category","embeddable":true,"href":"https:\/\/blogs.thesocialmedia.com\/leblogmoto\/wp-json\/wp\/v2\/categories?post=2116"},{"taxonomy":"post_tag","embeddable":true,"href":"https:\/\/blogs.thesocialmedia.com\/leblogmoto\/wp-json\/wp\/v2\/tags?post=2116"}],"curies":[{"name":"wp","href":"https:\/\/api.w.org\/{rel}","templated":true}]}}