{"id":2117,"date":"2006-01-10T19:40:00","date_gmt":"2006-01-10T19:40:00","guid":{"rendered":"http:\/\/blogs.thesocialmedia.com\/leblogmoto\/2006\/01\/10\/biker-lessentie-1\/"},"modified":"2012-07-11T13:21:29","modified_gmt":"2012-07-11T13:21:29","slug":"biker-lessentie-1","status":"publish","type":"post","link":"https:\/\/blogs.thesocialmedia.com\/leblogmoto\/2006\/01\/10\/biker-lessentie-1\/","title":{"rendered":"Biker: l&rsquo;essentiel du fondamental"},"content":{"rendered":"<p><a href=\"http:\/\/clabedan.typepad.com\/.shared\/image.html?\/photos\/uncategorized\/20051124251641643_02.jpeg\"><img loading=\"lazy\" decoding=\"async\" height=\"187\" alt=\"20051124251641643_02\" src=\"http:\/\/www.leblogmoto.com\/images\/20051124251641643_02.jpeg\" width=\"250\"  \/><\/a>Dans une <a href=\"http:\/\/www.leblogmoto.com\/2006\/01\/dakar_en_convoi.html\">ambiance lourde<\/a> rendue par le cr\u00e8ve-coeur du DAKAR, il est bon de s&rsquo;accorder un tant soit peu de disgressions, pour remettre la moto en position, celle qu&rsquo;aimait sans conteste <a href=\"http:\/\/www.leblogmoto.com\/2006\/01\/le_dakar_nouvea.html\">Andy<\/a>, soit, celle, tout simplement, de la bonne vie. <\/p>\n<p>Pour nos remettre de cette gueule de bois, un rappel cru des fondamentaux, ceux du biker intemporel et socialement perp\u00e9tuellement perdu, \u00e0 part dans un monde du deux roues qui, sans le dire, de temps \u00e0 autre s&rsquo;en <a href=\"http:\/\/www.leblogmoto.com\/2006\/01\/le_syndrme_vmax_2.html\">inspire<\/a>, pour mieux le circonvenir&#8230; <\/p>\n<p><a href=\"http:\/\/clabedan.typepad.com\/.shared\/image.html?\/photos\/uncategorized\/20051124251641643_01.jpeg\"><img loading=\"lazy\" decoding=\"async\" height=\"152\" alt=\"20051124251641643_01\" src=\"http:\/\/www.leblogmoto.com\/images\/20051124251641643_01.jpeg\" width=\"250\"  \/><\/a>Il reste les adeptes, les purs et durs, des Harley et des &quot;customs&quot;, base d&rsquo;une <a href=\"http:\/\/www.leblogmoto.com\/2006\/01\/big_scoot_du_tu.html\">ex-croissance<\/a> tuning, courant b\u00e9ni d&rsquo;un miracle \u00e9conomique offert aux accessoiristes en tous genres.<\/p>\n<p>Pour ou contre, ces inoxydables ont choisi un mode de vie, et surtout, ont d\u00e9cid\u00e9 de parfaitement l&rsquo;assumer. C&rsquo;est souvent un sujet de ris\u00e9e, mais \u00e7a peut aussi inspirer, quelque part, du respect.<\/p>\n<p>C&rsquo;\u00e9tait en novembre lors du <strong>Belgian Bike week-end au Nekkerhal de Malines<\/strong>. A scruter ces photos, il devait sans doute y faire beau et chaud, comme souvent, lorsqu&rsquo;il s&rsquo;ag\u00eet de <a href=\"http:\/\/www.leblogmoto.com\/2005\/12\/la_moto_vhicule.html\">coeur en moto<\/a>&#8230; <\/p>\n<p>SOURCE: <a href=\"http:\/\/www.vroom.be\/\">www.vroom.be<\/a><\/p>\n","protected":false},"excerpt":{"rendered":"<p>Dans une ambiance lourde rendue par le cr\u00e8ve-coeur du DAKAR, il est bon de s&rsquo;accorder un tant soit peu de disgressions, pour remettre la moto en position, celle qu&rsquo;aimait sans conteste Andy, soit, celle, tout simplement, de la bonne vie. Pour nos remettre de cette gueule de bois, un rappel cru des fondamentaux, ceux du [&hellip;]<\/p>\n","protected":false},"author":336,"featured_media":0,"comment_status":"open","ping_status":"open","sticky":false,"template":"","format":"standard","meta":{"footnotes":""},"categories":[36],"tags":[],"class_list":["post-2117","post","type-post","status-publish","format-standard","hentry","category-salons"],"yoast_head":"<!-- This site is optimized with the Yoast SEO plugin v26.0 - https:\/\/yoast.com\/wordpress\/plugins\/seo\/ -->\n<title>Biker: l&#039;essentiel du fondamental - leblogmoto.com<\/title>\n<meta name=\"robots\" content=\"index, follow, max-snippet:-1, max-image-preview:large, max-video-preview:-1\" \/>\n<link rel=\"canonical\" href=\"https:\/\/blogs.thesocialmedia.com\/leblogmoto\/2006\/01\/10\/biker-lessentie-1\/\" \/>\n<meta name=\"twitter:card\" content=\"summary_large_image\" \/>\n<meta name=\"twitter:title\" content=\"Biker: l&#039;essentiel du fondamental - leblogmoto.com\" \/>\n<meta name=\"twitter:description\" content=\"Dans une ambiance lourde rendue par le cr\u00e8ve-coeur du DAKAR, il est bon de s&rsquo;accorder un tant soit peu de disgressions, pour remettre la moto en position, celle qu&rsquo;aimait sans conteste Andy, soit, celle, tout simplement, de la bonne vie. Pour nos remettre de cette gueule de bois, un rappel cru des fondamentaux, ceux du [&hellip;]\" \/>\n<meta name=\"twitter:image\" content=\"http:\/\/www.leblogmoto.com\/images\/20051124251641643_02.jpeg\" \/>\n<meta name=\"twitter:label1\" content=\"\u00c9crit par\" \/>\n\t<meta name=\"twitter:data1\" content=\"andre leconde\" \/>\n\t<meta name=\"twitter:label2\" content=\"Dur\u00e9e de lecture estim\u00e9e\" \/>\n\t<meta name=\"twitter:data2\" content=\"1 minute\" \/>\n<script type=\"application\/ld+json\" class=\"yoast-schema-graph\">{\"@context\":\"https:\/\/schema.org\",\"@graph\":[{\"@type\":\"WebPage\",\"@id\":\"https:\/\/blogs.thesocialmedia.com\/leblogmoto\/2006\/01\/10\/biker-lessentie-1\/\",\"url\":\"https:\/\/blogs.thesocialmedia.com\/leblogmoto\/2006\/01\/10\/biker-lessentie-1\/\",\"name\":\"Biker: l'essentiel du fondamental - leblogmoto.com\",\"isPartOf\":{\"@id\":\"https:\/\/blogs.thesocialmedia.com\/leblogmoto\/#website\"},\"primaryImageOfPage\":{\"@id\":\"https:\/\/blogs.thesocialmedia.com\/leblogmoto\/2006\/01\/10\/biker-lessentie-1\/#primaryimage\"},\"image\":{\"@id\":\"https:\/\/blogs.thesocialmedia.com\/leblogmoto\/2006\/01\/10\/biker-lessentie-1\/#primaryimage\"},\"thumbnailUrl\":\"http:\/\/www.leblogmoto.com\/images\/20051124251641643_02.jpeg\",\"datePublished\":\"2006-01-10T19:40:00+00:00\",\"dateModified\":\"2012-07-11T13:21:29+00:00\",\"author\":{\"@id\":\"https:\/\/blogs.thesocialmedia.com\/leblogmoto\/#\/schema\/person\/1a1dcfc7cec206573105eb4af91155c2\"},\"breadcrumb\":{\"@id\":\"https:\/\/blogs.thesocialmedia.com\/leblogmoto\/2006\/01\/10\/biker-lessentie-1\/#breadcrumb\"},\"inLanguage\":\"fr-FR\",\"potentialAction\":[{\"@type\":\"ReadAction\",\"target\":[\"https:\/\/blogs.thesocialmedia.com\/leblogmoto\/2006\/01\/10\/biker-lessentie-1\/\"]}]},{\"@type\":\"ImageObject\",\"inLanguage\":\"fr-FR\",\"@id\":\"https:\/\/blogs.thesocialmedia.com\/leblogmoto\/2006\/01\/10\/biker-lessentie-1\/#primaryimage\",\"url\":\"http:\/\/www.leblogmoto.com\/images\/20051124251641643_02.jpeg\",\"contentUrl\":\"http:\/\/www.leblogmoto.com\/images\/20051124251641643_02.jpeg\"},{\"@type\":\"BreadcrumbList\",\"@id\":\"https:\/\/blogs.thesocialmedia.com\/leblogmoto\/2006\/01\/10\/biker-lessentie-1\/#breadcrumb\",\"itemListElement\":[{\"@type\":\"ListItem\",\"position\":1,\"name\":\"Accueil\",\"item\":\"https:\/\/blogs.thesocialmedia.com\/leblogmoto\/\"},{\"@type\":\"ListItem\",\"position\":2,\"name\":\"Biker: l&rsquo;essentiel du fondamental\"}]},{\"@type\":\"WebSite\",\"@id\":\"https:\/\/blogs.thesocialmedia.com\/leblogmoto\/#website\",\"url\":\"https:\/\/blogs.thesocialmedia.com\/leblogmoto\/\",\"name\":\"leblogmoto\",\"description\":\"Toute l&#039;actualit\u00e9 des 2 roues\",\"potentialAction\":[{\"@type\":\"SearchAction\",\"target\":{\"@type\":\"EntryPoint\",\"urlTemplate\":\"https:\/\/blogs.thesocialmedia.com\/leblogmoto\/?s={search_term_string}\"},\"query-input\":{\"@type\":\"PropertyValueSpecification\",\"valueRequired\":true,\"valueName\":\"search_term_string\"}}],\"inLanguage\":\"fr-FR\"},{\"@type\":\"Person\",\"@id\":\"https:\/\/blogs.thesocialmedia.com\/leblogmoto\/#\/schema\/person\/1a1dcfc7cec206573105eb4af91155c2\",\"name\":\"andre leconde\",\"image\":{\"@type\":\"ImageObject\",\"inLanguage\":\"fr-FR\",\"@id\":\"https:\/\/blogs.thesocialmedia.com\/leblogmoto\/#\/schema\/person\/image\/\",\"url\":\"https:\/\/secure.gravatar.com\/avatar\/?s=96&d=mm&r=g\",\"contentUrl\":\"https:\/\/secure.gravatar.com\/avatar\/?s=96&d=mm&r=g\",\"caption\":\"andre leconde\"},\"url\":\"https:\/\/blogs.thesocialmedia.com\/leblogmoto\/author\/andre-leconde\/\"}]}<\/script>\n<!-- \/ Yoast SEO plugin. -->","yoast_head_json":{"title":"Biker: l'essentiel du fondamental - leblogmoto.com","robots":{"index":"index","follow":"follow","max-snippet":"max-snippet:-1","max-image-preview":"max-image-preview:large","max-video-preview":"max-video-preview:-1"},"canonical":"https:\/\/blogs.thesocialmedia.com\/leblogmoto\/2006\/01\/10\/biker-lessentie-1\/","twitter_card":"summary_large_image","twitter_title":"Biker: l'essentiel du fondamental - leblogmoto.com","twitter_description":"Dans une ambiance lourde rendue par le cr\u00e8ve-coeur du DAKAR, il est bon de s&rsquo;accorder un tant soit peu de disgressions, pour remettre la moto en position, celle qu&rsquo;aimait sans conteste Andy, soit, celle, tout simplement, de la bonne vie. Pour nos remettre de cette gueule de bois, un rappel cru des fondamentaux, ceux du [&hellip;]","twitter_image":"http:\/\/www.leblogmoto.com\/images\/20051124251641643_02.jpeg","twitter_misc":{"\u00c9crit par":"andre leconde","Dur\u00e9e de lecture estim\u00e9e":"1 minute"},"schema":{"@context":"https:\/\/schema.org","@graph":[{"@type":"WebPage","@id":"https:\/\/blogs.thesocialmedia.com\/leblogmoto\/2006\/01\/10\/biker-lessentie-1\/","url":"https:\/\/blogs.thesocialmedia.com\/leblogmoto\/2006\/01\/10\/biker-lessentie-1\/","name":"Biker: l'essentiel du fondamental - leblogmoto.com","isPartOf":{"@id":"https:\/\/blogs.thesocialmedia.com\/leblogmoto\/#website"},"primaryImageOfPage":{"@id":"https:\/\/blogs.thesocialmedia.com\/leblogmoto\/2006\/01\/10\/biker-lessentie-1\/#primaryimage"},"image":{"@id":"https:\/\/blogs.thesocialmedia.com\/leblogmoto\/2006\/01\/10\/biker-lessentie-1\/#primaryimage"},"thumbnailUrl":"http:\/\/www.leblogmoto.com\/images\/20051124251641643_02.jpeg","datePublished":"2006-01-10T19:40:00+00:00","dateModified":"2012-07-11T13:21:29+00:00","author":{"@id":"https:\/\/blogs.thesocialmedia.com\/leblogmoto\/#\/schema\/person\/1a1dcfc7cec206573105eb4af91155c2"},"breadcrumb":{"@id":"https:\/\/blogs.thesocialmedia.com\/leblogmoto\/2006\/01\/10\/biker-lessentie-1\/#breadcrumb"},"inLanguage":"fr-FR","potentialAction":[{"@type":"ReadAction","target":["https:\/\/blogs.thesocialmedia.com\/leblogmoto\/2006\/01\/10\/biker-lessentie-1\/"]}]},{"@type":"ImageObject","inLanguage":"fr-FR","@id":"https:\/\/blogs.thesocialmedia.com\/leblogmoto\/2006\/01\/10\/biker-lessentie-1\/#primaryimage","url":"http:\/\/www.leblogmoto.com\/images\/20051124251641643_02.jpeg","contentUrl":"http:\/\/www.leblogmoto.com\/images\/20051124251641643_02.jpeg"},{"@type":"BreadcrumbList","@id":"https:\/\/blogs.thesocialmedia.com\/leblogmoto\/2006\/01\/10\/biker-lessentie-1\/#breadcrumb","itemListElement":[{"@type":"ListItem","position":1,"name":"Accueil","item":"https:\/\/blogs.thesocialmedia.com\/leblogmoto\/"},{"@type":"ListItem","position":2,"name":"Biker: l&rsquo;essentiel du fondamental"}]},{"@type":"WebSite","@id":"https:\/\/blogs.thesocialmedia.com\/leblogmoto\/#website","url":"https:\/\/blogs.thesocialmedia.com\/leblogmoto\/","name":"leblogmoto","description":"Toute l&#039;actualit\u00e9 des 2 roues","potentialAction":[{"@type":"SearchAction","target":{"@type":"EntryPoint","urlTemplate":"https:\/\/blogs.thesocialmedia.com\/leblogmoto\/?s={search_term_string}"},"query-input":{"@type":"PropertyValueSpecification","valueRequired":true,"valueName":"search_term_string"}}],"inLanguage":"fr-FR"},{"@type":"Person","@id":"https:\/\/blogs.thesocialmedia.com\/leblogmoto\/#\/schema\/person\/1a1dcfc7cec206573105eb4af91155c2","name":"andre leconde","image":{"@type":"ImageObject","inLanguage":"fr-FR","@id":"https:\/\/blogs.thesocialmedia.com\/leblogmoto\/#\/schema\/person\/image\/","url":"https:\/\/secure.gravatar.com\/avatar\/?s=96&d=mm&r=g","contentUrl":"https:\/\/secure.gravatar.com\/avatar\/?s=96&d=mm&r=g","caption":"andre leconde"},"url":"https:\/\/blogs.thesocialmedia.com\/leblogmoto\/author\/andre-leconde\/"}]}},"_links":{"self":[{"href":"https:\/\/blogs.thesocialmedia.com\/leblogmoto\/wp-json\/wp\/v2\/posts\/2117","targetHints":{"allow":["GET"]}}],"collection":[{"href":"https:\/\/blogs.thesocialmedia.com\/leblogmoto\/wp-json\/wp\/v2\/posts"}],"about":[{"href":"https:\/\/blogs.thesocialmedia.com\/leblogmoto\/wp-json\/wp\/v2\/types\/post"}],"author":[{"embeddable":true,"href":"https:\/\/blogs.thesocialmedia.com\/leblogmoto\/wp-json\/wp\/v2\/users\/336"}],"replies":[{"embeddable":true,"href":"https:\/\/blogs.thesocialmedia.com\/leblogmoto\/wp-json\/wp\/v2\/comments?post=2117"}],"version-history":[{"count":1,"href":"https:\/\/blogs.thesocialmedia.com\/leblogmoto\/wp-json\/wp\/v2\/posts\/2117\/revisions"}],"predecessor-version":[{"id":3058,"href":"https:\/\/blogs.thesocialmedia.com\/leblogmoto\/wp-json\/wp\/v2\/posts\/2117\/revisions\/3058"}],"wp:attachment":[{"href":"https:\/\/blogs.thesocialmedia.com\/leblogmoto\/wp-json\/wp\/v2\/media?parent=2117"}],"wp:term":[{"taxonomy":"category","embeddable":true,"href":"https:\/\/blogs.thesocialmedia.com\/leblogmoto\/wp-json\/wp\/v2\/categories?post=2117"},{"taxonomy":"post_tag","embeddable":true,"href":"https:\/\/blogs.thesocialmedia.com\/leblogmoto\/wp-json\/wp\/v2\/tags?post=2117"}],"curies":[{"name":"wp","href":"https:\/\/api.w.org\/{rel}","templated":true}]}}