{"id":2119,"date":"2006-01-10T13:04:22","date_gmt":"2006-01-10T13:04:22","guid":{"rendered":"http:\/\/blogs.thesocialmedia.com\/leblogmoto\/2006\/01\/10\/dakar-en-convoi\/"},"modified":"2012-07-11T14:14:08","modified_gmt":"2012-07-11T14:14:08","slug":"dakar-en-convoi","status":"publish","type":"post","link":"https:\/\/blogs.thesocialmedia.com\/leblogmoto\/2006\/01\/10\/dakar-en-convoi\/","title":{"rendered":"DAKAR: En convoi pour l&rsquo;hommage"},"content":{"rendered":"<p><a href=\"http:\/\/blogs.thesocialmedia.com\/leblogmoto\/files\/2012\/07\/moto_4.jpg\"><img loading=\"lazy\" decoding=\"async\" height=\"187\" alt=\"Moto_4\" src=\"http:\/\/www.leblogmoto.com\/images\/moto_4.jpg\" width=\"250\"  \/><\/a>Les 280 kms de sp\u00e9ciale du jour en KIFFA et KAYES n&rsquo;auront aucune incidence sur le classement du DAKAR. <\/p>\n<p>Apr\u00e8s le drame d&rsquo;<a href=\"http:\/\/www.leblogmoto.com\/2006\/01\/dakar_la_fauche.html\">hier<\/a> qui a co\u00fbt\u00e9 la vie \u00e0 <a href=\"http:\/\/www.leblogmoto.com\/2006\/01\/dakar_caldecott.html\">Andy CALDECOTT<\/a>, les organisateurs ont d\u00e9cid\u00e9 de neutraliser cette journ\u00e9e qui s&rsquo;effectuera en liaison. Cette d\u00e9cision a \u00e9t\u00e9 prise \u00e0 l&rsquo;unanimit\u00e9 entre les organisateurs, les pilotes et les teams.<\/p>\n<p><strong>ESTEVE-PUJOL,<\/strong> qui a lourdement chut\u00e9 hier, souffre d&rsquo;un traumatisme cr\u00e2nien et d&rsquo;une rupture de la rate. Op\u00e9r\u00e9 \u00e0 21h00, l&rsquo;intervention se terminait \u00e0 23h00. Son \u00e9tat est satisfaisant, compte tenu des <a href=\"http:\/\/www.leblogmoto.com\/2006\/01\/le_dakar_nouvea.html\">circonstances<\/a>.<\/p>\n<p>Les motos quittent donc la MAURITANIE sur la pointe des crampons pour rejoindre le MALI.<\/p>\n","protected":false},"excerpt":{"rendered":"<p>Les 280 kms de sp\u00e9ciale du jour en KIFFA et KAYES n&rsquo;auront aucune incidence sur le classement du DAKAR. Apr\u00e8s le drame d&rsquo;hier qui a co\u00fbt\u00e9 la vie \u00e0 Andy CALDECOTT, les organisateurs ont d\u00e9cid\u00e9 de neutraliser cette journ\u00e9e qui s&rsquo;effectuera en liaison. Cette d\u00e9cision a \u00e9t\u00e9 prise \u00e0 l&rsquo;unanimit\u00e9 entre les organisateurs, les pilotes [&hellip;]<\/p>\n","protected":false},"author":336,"featured_media":0,"comment_status":"open","ping_status":"open","sticky":false,"template":"","format":"standard","meta":{"footnotes":""},"categories":[32],"tags":[],"class_list":["post-2119","post","type-post","status-publish","format-standard","hentry","category-sport-moto"],"yoast_head":"<!-- This site is optimized with the Yoast SEO plugin v26.0 - https:\/\/yoast.com\/wordpress\/plugins\/seo\/ -->\n<title>DAKAR: En convoi pour l&#039;hommage - leblogmoto.com<\/title>\n<meta name=\"robots\" content=\"index, follow, max-snippet:-1, max-image-preview:large, max-video-preview:-1\" \/>\n<link rel=\"canonical\" href=\"https:\/\/blogs.thesocialmedia.com\/leblogmoto\/2006\/01\/10\/dakar-en-convoi\/\" \/>\n<meta name=\"twitter:card\" content=\"summary_large_image\" \/>\n<meta name=\"twitter:title\" content=\"DAKAR: En convoi pour l&#039;hommage - leblogmoto.com\" \/>\n<meta name=\"twitter:description\" content=\"Les 280 kms de sp\u00e9ciale du jour en KIFFA et KAYES n&rsquo;auront aucune incidence sur le classement du DAKAR. Apr\u00e8s le drame d&rsquo;hier qui a co\u00fbt\u00e9 la vie \u00e0 Andy CALDECOTT, les organisateurs ont d\u00e9cid\u00e9 de neutraliser cette journ\u00e9e qui s&rsquo;effectuera en liaison. Cette d\u00e9cision a \u00e9t\u00e9 prise \u00e0 l&rsquo;unanimit\u00e9 entre les organisateurs, les pilotes [&hellip;]\" \/>\n<meta name=\"twitter:image\" content=\"http:\/\/www.leblogmoto.com\/images\/moto_4.jpg\" \/>\n<meta name=\"twitter:label1\" content=\"\u00c9crit par\" \/>\n\t<meta name=\"twitter:data1\" content=\"andre leconde\" \/>\n\t<meta name=\"twitter:label2\" content=\"Dur\u00e9e de lecture estim\u00e9e\" \/>\n\t<meta name=\"twitter:data2\" content=\"1 minute\" \/>\n<script type=\"application\/ld+json\" class=\"yoast-schema-graph\">{\"@context\":\"https:\/\/schema.org\",\"@graph\":[{\"@type\":\"WebPage\",\"@id\":\"https:\/\/blogs.thesocialmedia.com\/leblogmoto\/2006\/01\/10\/dakar-en-convoi\/\",\"url\":\"https:\/\/blogs.thesocialmedia.com\/leblogmoto\/2006\/01\/10\/dakar-en-convoi\/\",\"name\":\"DAKAR: En convoi pour l'hommage - leblogmoto.com\",\"isPartOf\":{\"@id\":\"https:\/\/blogs.thesocialmedia.com\/leblogmoto\/#website\"},\"primaryImageOfPage\":{\"@id\":\"https:\/\/blogs.thesocialmedia.com\/leblogmoto\/2006\/01\/10\/dakar-en-convoi\/#primaryimage\"},\"image\":{\"@id\":\"https:\/\/blogs.thesocialmedia.com\/leblogmoto\/2006\/01\/10\/dakar-en-convoi\/#primaryimage\"},\"thumbnailUrl\":\"http:\/\/www.leblogmoto.com\/images\/moto_4.jpg\",\"datePublished\":\"2006-01-10T13:04:22+00:00\",\"dateModified\":\"2012-07-11T14:14:08+00:00\",\"author\":{\"@id\":\"https:\/\/blogs.thesocialmedia.com\/leblogmoto\/#\/schema\/person\/1a1dcfc7cec206573105eb4af91155c2\"},\"breadcrumb\":{\"@id\":\"https:\/\/blogs.thesocialmedia.com\/leblogmoto\/2006\/01\/10\/dakar-en-convoi\/#breadcrumb\"},\"inLanguage\":\"fr-FR\",\"potentialAction\":[{\"@type\":\"ReadAction\",\"target\":[\"https:\/\/blogs.thesocialmedia.com\/leblogmoto\/2006\/01\/10\/dakar-en-convoi\/\"]}]},{\"@type\":\"ImageObject\",\"inLanguage\":\"fr-FR\",\"@id\":\"https:\/\/blogs.thesocialmedia.com\/leblogmoto\/2006\/01\/10\/dakar-en-convoi\/#primaryimage\",\"url\":\"http:\/\/www.leblogmoto.com\/images\/moto_4.jpg\",\"contentUrl\":\"http:\/\/www.leblogmoto.com\/images\/moto_4.jpg\"},{\"@type\":\"BreadcrumbList\",\"@id\":\"https:\/\/blogs.thesocialmedia.com\/leblogmoto\/2006\/01\/10\/dakar-en-convoi\/#breadcrumb\",\"itemListElement\":[{\"@type\":\"ListItem\",\"position\":1,\"name\":\"Accueil\",\"item\":\"https:\/\/blogs.thesocialmedia.com\/leblogmoto\/\"},{\"@type\":\"ListItem\",\"position\":2,\"name\":\"DAKAR: En convoi pour l&rsquo;hommage\"}]},{\"@type\":\"WebSite\",\"@id\":\"https:\/\/blogs.thesocialmedia.com\/leblogmoto\/#website\",\"url\":\"https:\/\/blogs.thesocialmedia.com\/leblogmoto\/\",\"name\":\"leblogmoto\",\"description\":\"Toute l&#039;actualit\u00e9 des 2 roues\",\"potentialAction\":[{\"@type\":\"SearchAction\",\"target\":{\"@type\":\"EntryPoint\",\"urlTemplate\":\"https:\/\/blogs.thesocialmedia.com\/leblogmoto\/?s={search_term_string}\"},\"query-input\":{\"@type\":\"PropertyValueSpecification\",\"valueRequired\":true,\"valueName\":\"search_term_string\"}}],\"inLanguage\":\"fr-FR\"},{\"@type\":\"Person\",\"@id\":\"https:\/\/blogs.thesocialmedia.com\/leblogmoto\/#\/schema\/person\/1a1dcfc7cec206573105eb4af91155c2\",\"name\":\"andre leconde\",\"image\":{\"@type\":\"ImageObject\",\"inLanguage\":\"fr-FR\",\"@id\":\"https:\/\/blogs.thesocialmedia.com\/leblogmoto\/#\/schema\/person\/image\/\",\"url\":\"https:\/\/secure.gravatar.com\/avatar\/?s=96&d=mm&r=g\",\"contentUrl\":\"https:\/\/secure.gravatar.com\/avatar\/?s=96&d=mm&r=g\",\"caption\":\"andre leconde\"},\"url\":\"https:\/\/blogs.thesocialmedia.com\/leblogmoto\/author\/andre-leconde\/\"}]}<\/script>\n<!-- \/ Yoast SEO plugin. -->","yoast_head_json":{"title":"DAKAR: En convoi pour l'hommage - leblogmoto.com","robots":{"index":"index","follow":"follow","max-snippet":"max-snippet:-1","max-image-preview":"max-image-preview:large","max-video-preview":"max-video-preview:-1"},"canonical":"https:\/\/blogs.thesocialmedia.com\/leblogmoto\/2006\/01\/10\/dakar-en-convoi\/","twitter_card":"summary_large_image","twitter_title":"DAKAR: En convoi pour l'hommage - leblogmoto.com","twitter_description":"Les 280 kms de sp\u00e9ciale du jour en KIFFA et KAYES n&rsquo;auront aucune incidence sur le classement du DAKAR. Apr\u00e8s le drame d&rsquo;hier qui a co\u00fbt\u00e9 la vie \u00e0 Andy CALDECOTT, les organisateurs ont d\u00e9cid\u00e9 de neutraliser cette journ\u00e9e qui s&rsquo;effectuera en liaison. Cette d\u00e9cision a \u00e9t\u00e9 prise \u00e0 l&rsquo;unanimit\u00e9 entre les organisateurs, les pilotes [&hellip;]","twitter_image":"http:\/\/www.leblogmoto.com\/images\/moto_4.jpg","twitter_misc":{"\u00c9crit par":"andre leconde","Dur\u00e9e de lecture estim\u00e9e":"1 minute"},"schema":{"@context":"https:\/\/schema.org","@graph":[{"@type":"WebPage","@id":"https:\/\/blogs.thesocialmedia.com\/leblogmoto\/2006\/01\/10\/dakar-en-convoi\/","url":"https:\/\/blogs.thesocialmedia.com\/leblogmoto\/2006\/01\/10\/dakar-en-convoi\/","name":"DAKAR: En convoi pour l'hommage - leblogmoto.com","isPartOf":{"@id":"https:\/\/blogs.thesocialmedia.com\/leblogmoto\/#website"},"primaryImageOfPage":{"@id":"https:\/\/blogs.thesocialmedia.com\/leblogmoto\/2006\/01\/10\/dakar-en-convoi\/#primaryimage"},"image":{"@id":"https:\/\/blogs.thesocialmedia.com\/leblogmoto\/2006\/01\/10\/dakar-en-convoi\/#primaryimage"},"thumbnailUrl":"http:\/\/www.leblogmoto.com\/images\/moto_4.jpg","datePublished":"2006-01-10T13:04:22+00:00","dateModified":"2012-07-11T14:14:08+00:00","author":{"@id":"https:\/\/blogs.thesocialmedia.com\/leblogmoto\/#\/schema\/person\/1a1dcfc7cec206573105eb4af91155c2"},"breadcrumb":{"@id":"https:\/\/blogs.thesocialmedia.com\/leblogmoto\/2006\/01\/10\/dakar-en-convoi\/#breadcrumb"},"inLanguage":"fr-FR","potentialAction":[{"@type":"ReadAction","target":["https:\/\/blogs.thesocialmedia.com\/leblogmoto\/2006\/01\/10\/dakar-en-convoi\/"]}]},{"@type":"ImageObject","inLanguage":"fr-FR","@id":"https:\/\/blogs.thesocialmedia.com\/leblogmoto\/2006\/01\/10\/dakar-en-convoi\/#primaryimage","url":"http:\/\/www.leblogmoto.com\/images\/moto_4.jpg","contentUrl":"http:\/\/www.leblogmoto.com\/images\/moto_4.jpg"},{"@type":"BreadcrumbList","@id":"https:\/\/blogs.thesocialmedia.com\/leblogmoto\/2006\/01\/10\/dakar-en-convoi\/#breadcrumb","itemListElement":[{"@type":"ListItem","position":1,"name":"Accueil","item":"https:\/\/blogs.thesocialmedia.com\/leblogmoto\/"},{"@type":"ListItem","position":2,"name":"DAKAR: En convoi pour l&rsquo;hommage"}]},{"@type":"WebSite","@id":"https:\/\/blogs.thesocialmedia.com\/leblogmoto\/#website","url":"https:\/\/blogs.thesocialmedia.com\/leblogmoto\/","name":"leblogmoto","description":"Toute l&#039;actualit\u00e9 des 2 roues","potentialAction":[{"@type":"SearchAction","target":{"@type":"EntryPoint","urlTemplate":"https:\/\/blogs.thesocialmedia.com\/leblogmoto\/?s={search_term_string}"},"query-input":{"@type":"PropertyValueSpecification","valueRequired":true,"valueName":"search_term_string"}}],"inLanguage":"fr-FR"},{"@type":"Person","@id":"https:\/\/blogs.thesocialmedia.com\/leblogmoto\/#\/schema\/person\/1a1dcfc7cec206573105eb4af91155c2","name":"andre leconde","image":{"@type":"ImageObject","inLanguage":"fr-FR","@id":"https:\/\/blogs.thesocialmedia.com\/leblogmoto\/#\/schema\/person\/image\/","url":"https:\/\/secure.gravatar.com\/avatar\/?s=96&d=mm&r=g","contentUrl":"https:\/\/secure.gravatar.com\/avatar\/?s=96&d=mm&r=g","caption":"andre leconde"},"url":"https:\/\/blogs.thesocialmedia.com\/leblogmoto\/author\/andre-leconde\/"}]}},"_links":{"self":[{"href":"https:\/\/blogs.thesocialmedia.com\/leblogmoto\/wp-json\/wp\/v2\/posts\/2119","targetHints":{"allow":["GET"]}}],"collection":[{"href":"https:\/\/blogs.thesocialmedia.com\/leblogmoto\/wp-json\/wp\/v2\/posts"}],"about":[{"href":"https:\/\/blogs.thesocialmedia.com\/leblogmoto\/wp-json\/wp\/v2\/types\/post"}],"author":[{"embeddable":true,"href":"https:\/\/blogs.thesocialmedia.com\/leblogmoto\/wp-json\/wp\/v2\/users\/336"}],"replies":[{"embeddable":true,"href":"https:\/\/blogs.thesocialmedia.com\/leblogmoto\/wp-json\/wp\/v2\/comments?post=2119"}],"version-history":[{"count":2,"href":"https:\/\/blogs.thesocialmedia.com\/leblogmoto\/wp-json\/wp\/v2\/posts\/2119\/revisions"}],"predecessor-version":[{"id":6951,"href":"https:\/\/blogs.thesocialmedia.com\/leblogmoto\/wp-json\/wp\/v2\/posts\/2119\/revisions\/6951"}],"wp:attachment":[{"href":"https:\/\/blogs.thesocialmedia.com\/leblogmoto\/wp-json\/wp\/v2\/media?parent=2119"}],"wp:term":[{"taxonomy":"category","embeddable":true,"href":"https:\/\/blogs.thesocialmedia.com\/leblogmoto\/wp-json\/wp\/v2\/categories?post=2119"},{"taxonomy":"post_tag","embeddable":true,"href":"https:\/\/blogs.thesocialmedia.com\/leblogmoto\/wp-json\/wp\/v2\/tags?post=2119"}],"curies":[{"name":"wp","href":"https:\/\/api.w.org\/{rel}","templated":true}]}}