{"id":2120,"date":"2006-01-09T19:13:00","date_gmt":"2006-01-09T19:13:00","guid":{"rendered":"http:\/\/blogs.thesocialmedia.com\/leblogmoto\/2006\/01\/09\/dakar-la-fauche\/"},"modified":"2012-07-11T13:21:29","modified_gmt":"2012-07-11T13:21:29","slug":"dakar-la-fauche","status":"publish","type":"post","link":"https:\/\/blogs.thesocialmedia.com\/leblogmoto\/2006\/01\/09\/dakar-la-fauche\/","title":{"rendered":"DAKAR: La faucheuse est pass\u00e9e"},"content":{"rendered":"<p><a href=\"http:\/\/www.leblogmoto.com\/2005\/12\/cyril_despres_n.html\"><img loading=\"lazy\" decoding=\"async\" height=\"275\" alt=\"Despres1201\" src=\"http:\/\/www.leblogmoto.com\/images\/despres1201.jpg\" width=\"250\"  \/>Cyril DESPRES<\/a> a \u00e9crit aujourd&rsquo;hui une belle page de l&rsquo;Histoire du DAKAR, une celle dont les lettres sont tremp\u00e9es dans l&rsquo;encre de l&rsquo;h\u00e9ro\u00efsme, de la tenacit\u00e9, du courage. Mais cette \u00e9tape, pour lui victorieuse, entre NOUAKCHOTT et KIFFA, a \u00e9t\u00e9 aussi parsem\u00e9e de larmes, car <a href=\"http:\/\/www.leblogmoto.com\/2006\/01\/le_dakar_nouvea.html\">la faucheuse<\/a> du DAKAR a d\u00e9cid\u00e9 de prendre un motard.<\/p>\n<p><a href=\"http:\/\/www.leblogmoto.com\/2006\/01\/dakar_caldecott.html\">Andy CALDECOTT<\/a>, rugueux australien de 41 ans, mari\u00e9 et p\u00e8re d&rsquo;un enfant, vainqueur de la 3\u00b0\u00e9tape, rempla\u00e7ant au pied lev\u00e9 de Jordi DURAN, s&rsquo;est brutalement arr\u00eat\u00e9 au kilom\u00e8tre 250, en plein effort, en plein bonheur&#8230;&nbsp; <\/p>\n<p>Andy CALDECOTT avait la moto dans la peau. Il tenait un concession l\u00e0 bas, du c\u00f4t\u00e9 <strong>KEITH<\/strong> dans le Sud de l&rsquo;Australie. Ce n&rsquo;\u00e9tait pas un manche: 4 fois vainqueur de l&rsquo;Australian Safari entre 2001 et 2004.<\/p>\n<p><a href=\"http:\/\/clabedan.typepad.com\/.shared\/image.html?\/photos\/uncategorized\/caldecott2.jpg\"><img loading=\"lazy\" decoding=\"async\" height=\"149\" alt=\"Caldecott2\" src=\"http:\/\/www.leblogmoto.com\/images\/caldecott2.jpg\" width=\"250\"  \/><\/a>Pour ce qui est du &quot;show&quot; qui &quot;must go on&quot;, COMA garde la t\u00eate devant DESPRES \u00e0 un&nbsp; peu plus de 22&prime;. <a href=\"http:\/\/www.leblogmoto.com\/2006\/01\/dakar_esteve_sl.html\">ESTEVE-PUJOL<\/a>, qui \u00e9tait, jusque l\u00e0, son dauphin, a doublement lourdement chut\u00e9. Il a \u00e9t\u00e9 transport\u00e9 \u00e0 l&rsquo;h\u00f4pital, ces jours ne sont pas en danger. Pour aujourd&rsquo;hui, ca suffisait&#8230;<\/p>\n<p>Le DAKAR a pris un dramatique tournant. Malgr\u00e9 les <a href=\"http:\/\/www.leblogmoto.com\/2005\/12\/dakar_les_rgles.html\">am\u00e9nagements<\/a>, cette \u00e9preuve reste un juge de paix. Pour KTM, on y est plus. <strong>Hans KINIGADNER<\/strong>, directeur sportif a \u00e9t\u00e9 clair: &quot;<em>La DAKAR est assur\u00e9ment termin\u00e9; nous n&rsquo;allons plus nous y int\u00e9resser d&rsquo;un point de vue sportif<\/em>&quot;&#8230;<\/p>\n<p>SOURCE: <a href=\"http:\/\/www.eurosport.tf1.fr\/\">www.eurosport.tf1.fr<\/a> <\/p>\n","protected":false},"excerpt":{"rendered":"<p>Cyril DESPRES a \u00e9crit aujourd&rsquo;hui une belle page de l&rsquo;Histoire du DAKAR, une celle dont les lettres sont tremp\u00e9es dans l&rsquo;encre de l&rsquo;h\u00e9ro\u00efsme, de la tenacit\u00e9, du courage. Mais cette \u00e9tape, pour lui victorieuse, entre NOUAKCHOTT et KIFFA, a \u00e9t\u00e9 aussi parsem\u00e9e de larmes, car la faucheuse du DAKAR a d\u00e9cid\u00e9 de prendre un motard. [&hellip;]<\/p>\n","protected":false},"author":336,"featured_media":0,"comment_status":"open","ping_status":"open","sticky":false,"template":"","format":"standard","meta":{"footnotes":""},"categories":[1],"tags":[],"class_list":["post-2120","post","type-post","status-publish","format-standard","hentry","category-uncategorized"],"yoast_head":"<!-- This site is optimized with the Yoast SEO plugin v26.0 - https:\/\/yoast.com\/wordpress\/plugins\/seo\/ -->\n<title>DAKAR: La faucheuse est pass\u00e9e - leblogmoto.com<\/title>\n<meta name=\"robots\" content=\"index, follow, max-snippet:-1, max-image-preview:large, max-video-preview:-1\" \/>\n<link rel=\"canonical\" href=\"https:\/\/blogs.thesocialmedia.com\/leblogmoto\/2006\/01\/09\/dakar-la-fauche\/\" \/>\n<meta name=\"twitter:card\" content=\"summary_large_image\" \/>\n<meta name=\"twitter:title\" content=\"DAKAR: La faucheuse est pass\u00e9e - leblogmoto.com\" \/>\n<meta name=\"twitter:description\" content=\"Cyril DESPRES a \u00e9crit aujourd&rsquo;hui une belle page de l&rsquo;Histoire du DAKAR, une celle dont les lettres sont tremp\u00e9es dans l&rsquo;encre de l&rsquo;h\u00e9ro\u00efsme, de la tenacit\u00e9, du courage. Mais cette \u00e9tape, pour lui victorieuse, entre NOUAKCHOTT et KIFFA, a \u00e9t\u00e9 aussi parsem\u00e9e de larmes, car la faucheuse du DAKAR a d\u00e9cid\u00e9 de prendre un motard. [&hellip;]\" \/>\n<meta name=\"twitter:image\" content=\"http:\/\/www.leblogmoto.com\/images\/despres1201.jpg\" \/>\n<meta name=\"twitter:label1\" content=\"\u00c9crit par\" \/>\n\t<meta name=\"twitter:data1\" content=\"andre leconde\" \/>\n\t<meta name=\"twitter:label2\" content=\"Dur\u00e9e de lecture estim\u00e9e\" \/>\n\t<meta name=\"twitter:data2\" content=\"1 minute\" \/>\n<script type=\"application\/ld+json\" class=\"yoast-schema-graph\">{\"@context\":\"https:\/\/schema.org\",\"@graph\":[{\"@type\":\"WebPage\",\"@id\":\"https:\/\/blogs.thesocialmedia.com\/leblogmoto\/2006\/01\/09\/dakar-la-fauche\/\",\"url\":\"https:\/\/blogs.thesocialmedia.com\/leblogmoto\/2006\/01\/09\/dakar-la-fauche\/\",\"name\":\"DAKAR: La faucheuse est pass\u00e9e - leblogmoto.com\",\"isPartOf\":{\"@id\":\"https:\/\/blogs.thesocialmedia.com\/leblogmoto\/#website\"},\"primaryImageOfPage\":{\"@id\":\"https:\/\/blogs.thesocialmedia.com\/leblogmoto\/2006\/01\/09\/dakar-la-fauche\/#primaryimage\"},\"image\":{\"@id\":\"https:\/\/blogs.thesocialmedia.com\/leblogmoto\/2006\/01\/09\/dakar-la-fauche\/#primaryimage\"},\"thumbnailUrl\":\"http:\/\/www.leblogmoto.com\/images\/despres1201.jpg\",\"datePublished\":\"2006-01-09T19:13:00+00:00\",\"dateModified\":\"2012-07-11T13:21:29+00:00\",\"author\":{\"@id\":\"https:\/\/blogs.thesocialmedia.com\/leblogmoto\/#\/schema\/person\/1a1dcfc7cec206573105eb4af91155c2\"},\"breadcrumb\":{\"@id\":\"https:\/\/blogs.thesocialmedia.com\/leblogmoto\/2006\/01\/09\/dakar-la-fauche\/#breadcrumb\"},\"inLanguage\":\"fr-FR\",\"potentialAction\":[{\"@type\":\"ReadAction\",\"target\":[\"https:\/\/blogs.thesocialmedia.com\/leblogmoto\/2006\/01\/09\/dakar-la-fauche\/\"]}]},{\"@type\":\"ImageObject\",\"inLanguage\":\"fr-FR\",\"@id\":\"https:\/\/blogs.thesocialmedia.com\/leblogmoto\/2006\/01\/09\/dakar-la-fauche\/#primaryimage\",\"url\":\"http:\/\/www.leblogmoto.com\/images\/despres1201.jpg\",\"contentUrl\":\"http:\/\/www.leblogmoto.com\/images\/despres1201.jpg\"},{\"@type\":\"BreadcrumbList\",\"@id\":\"https:\/\/blogs.thesocialmedia.com\/leblogmoto\/2006\/01\/09\/dakar-la-fauche\/#breadcrumb\",\"itemListElement\":[{\"@type\":\"ListItem\",\"position\":1,\"name\":\"Accueil\",\"item\":\"https:\/\/blogs.thesocialmedia.com\/leblogmoto\/\"},{\"@type\":\"ListItem\",\"position\":2,\"name\":\"DAKAR: La faucheuse est pass\u00e9e\"}]},{\"@type\":\"WebSite\",\"@id\":\"https:\/\/blogs.thesocialmedia.com\/leblogmoto\/#website\",\"url\":\"https:\/\/blogs.thesocialmedia.com\/leblogmoto\/\",\"name\":\"leblogmoto\",\"description\":\"Toute l&#039;actualit\u00e9 des 2 roues\",\"potentialAction\":[{\"@type\":\"SearchAction\",\"target\":{\"@type\":\"EntryPoint\",\"urlTemplate\":\"https:\/\/blogs.thesocialmedia.com\/leblogmoto\/?s={search_term_string}\"},\"query-input\":{\"@type\":\"PropertyValueSpecification\",\"valueRequired\":true,\"valueName\":\"search_term_string\"}}],\"inLanguage\":\"fr-FR\"},{\"@type\":\"Person\",\"@id\":\"https:\/\/blogs.thesocialmedia.com\/leblogmoto\/#\/schema\/person\/1a1dcfc7cec206573105eb4af91155c2\",\"name\":\"andre leconde\",\"image\":{\"@type\":\"ImageObject\",\"inLanguage\":\"fr-FR\",\"@id\":\"https:\/\/blogs.thesocialmedia.com\/leblogmoto\/#\/schema\/person\/image\/\",\"url\":\"https:\/\/secure.gravatar.com\/avatar\/?s=96&d=mm&r=g\",\"contentUrl\":\"https:\/\/secure.gravatar.com\/avatar\/?s=96&d=mm&r=g\",\"caption\":\"andre leconde\"},\"url\":\"https:\/\/blogs.thesocialmedia.com\/leblogmoto\/author\/andre-leconde\/\"}]}<\/script>\n<!-- \/ Yoast SEO plugin. -->","yoast_head_json":{"title":"DAKAR: La faucheuse est pass\u00e9e - leblogmoto.com","robots":{"index":"index","follow":"follow","max-snippet":"max-snippet:-1","max-image-preview":"max-image-preview:large","max-video-preview":"max-video-preview:-1"},"canonical":"https:\/\/blogs.thesocialmedia.com\/leblogmoto\/2006\/01\/09\/dakar-la-fauche\/","twitter_card":"summary_large_image","twitter_title":"DAKAR: La faucheuse est pass\u00e9e - leblogmoto.com","twitter_description":"Cyril DESPRES a \u00e9crit aujourd&rsquo;hui une belle page de l&rsquo;Histoire du DAKAR, une celle dont les lettres sont tremp\u00e9es dans l&rsquo;encre de l&rsquo;h\u00e9ro\u00efsme, de la tenacit\u00e9, du courage. Mais cette \u00e9tape, pour lui victorieuse, entre NOUAKCHOTT et KIFFA, a \u00e9t\u00e9 aussi parsem\u00e9e de larmes, car la faucheuse du DAKAR a d\u00e9cid\u00e9 de prendre un motard. [&hellip;]","twitter_image":"http:\/\/www.leblogmoto.com\/images\/despres1201.jpg","twitter_misc":{"\u00c9crit par":"andre leconde","Dur\u00e9e de lecture estim\u00e9e":"1 minute"},"schema":{"@context":"https:\/\/schema.org","@graph":[{"@type":"WebPage","@id":"https:\/\/blogs.thesocialmedia.com\/leblogmoto\/2006\/01\/09\/dakar-la-fauche\/","url":"https:\/\/blogs.thesocialmedia.com\/leblogmoto\/2006\/01\/09\/dakar-la-fauche\/","name":"DAKAR: La faucheuse est pass\u00e9e - leblogmoto.com","isPartOf":{"@id":"https:\/\/blogs.thesocialmedia.com\/leblogmoto\/#website"},"primaryImageOfPage":{"@id":"https:\/\/blogs.thesocialmedia.com\/leblogmoto\/2006\/01\/09\/dakar-la-fauche\/#primaryimage"},"image":{"@id":"https:\/\/blogs.thesocialmedia.com\/leblogmoto\/2006\/01\/09\/dakar-la-fauche\/#primaryimage"},"thumbnailUrl":"http:\/\/www.leblogmoto.com\/images\/despres1201.jpg","datePublished":"2006-01-09T19:13:00+00:00","dateModified":"2012-07-11T13:21:29+00:00","author":{"@id":"https:\/\/blogs.thesocialmedia.com\/leblogmoto\/#\/schema\/person\/1a1dcfc7cec206573105eb4af91155c2"},"breadcrumb":{"@id":"https:\/\/blogs.thesocialmedia.com\/leblogmoto\/2006\/01\/09\/dakar-la-fauche\/#breadcrumb"},"inLanguage":"fr-FR","potentialAction":[{"@type":"ReadAction","target":["https:\/\/blogs.thesocialmedia.com\/leblogmoto\/2006\/01\/09\/dakar-la-fauche\/"]}]},{"@type":"ImageObject","inLanguage":"fr-FR","@id":"https:\/\/blogs.thesocialmedia.com\/leblogmoto\/2006\/01\/09\/dakar-la-fauche\/#primaryimage","url":"http:\/\/www.leblogmoto.com\/images\/despres1201.jpg","contentUrl":"http:\/\/www.leblogmoto.com\/images\/despres1201.jpg"},{"@type":"BreadcrumbList","@id":"https:\/\/blogs.thesocialmedia.com\/leblogmoto\/2006\/01\/09\/dakar-la-fauche\/#breadcrumb","itemListElement":[{"@type":"ListItem","position":1,"name":"Accueil","item":"https:\/\/blogs.thesocialmedia.com\/leblogmoto\/"},{"@type":"ListItem","position":2,"name":"DAKAR: La faucheuse est pass\u00e9e"}]},{"@type":"WebSite","@id":"https:\/\/blogs.thesocialmedia.com\/leblogmoto\/#website","url":"https:\/\/blogs.thesocialmedia.com\/leblogmoto\/","name":"leblogmoto","description":"Toute l&#039;actualit\u00e9 des 2 roues","potentialAction":[{"@type":"SearchAction","target":{"@type":"EntryPoint","urlTemplate":"https:\/\/blogs.thesocialmedia.com\/leblogmoto\/?s={search_term_string}"},"query-input":{"@type":"PropertyValueSpecification","valueRequired":true,"valueName":"search_term_string"}}],"inLanguage":"fr-FR"},{"@type":"Person","@id":"https:\/\/blogs.thesocialmedia.com\/leblogmoto\/#\/schema\/person\/1a1dcfc7cec206573105eb4af91155c2","name":"andre leconde","image":{"@type":"ImageObject","inLanguage":"fr-FR","@id":"https:\/\/blogs.thesocialmedia.com\/leblogmoto\/#\/schema\/person\/image\/","url":"https:\/\/secure.gravatar.com\/avatar\/?s=96&d=mm&r=g","contentUrl":"https:\/\/secure.gravatar.com\/avatar\/?s=96&d=mm&r=g","caption":"andre leconde"},"url":"https:\/\/blogs.thesocialmedia.com\/leblogmoto\/author\/andre-leconde\/"}]}},"_links":{"self":[{"href":"https:\/\/blogs.thesocialmedia.com\/leblogmoto\/wp-json\/wp\/v2\/posts\/2120","targetHints":{"allow":["GET"]}}],"collection":[{"href":"https:\/\/blogs.thesocialmedia.com\/leblogmoto\/wp-json\/wp\/v2\/posts"}],"about":[{"href":"https:\/\/blogs.thesocialmedia.com\/leblogmoto\/wp-json\/wp\/v2\/types\/post"}],"author":[{"embeddable":true,"href":"https:\/\/blogs.thesocialmedia.com\/leblogmoto\/wp-json\/wp\/v2\/users\/336"}],"replies":[{"embeddable":true,"href":"https:\/\/blogs.thesocialmedia.com\/leblogmoto\/wp-json\/wp\/v2\/comments?post=2120"}],"version-history":[{"count":1,"href":"https:\/\/blogs.thesocialmedia.com\/leblogmoto\/wp-json\/wp\/v2\/posts\/2120\/revisions"}],"predecessor-version":[{"id":3056,"href":"https:\/\/blogs.thesocialmedia.com\/leblogmoto\/wp-json\/wp\/v2\/posts\/2120\/revisions\/3056"}],"wp:attachment":[{"href":"https:\/\/blogs.thesocialmedia.com\/leblogmoto\/wp-json\/wp\/v2\/media?parent=2120"}],"wp:term":[{"taxonomy":"category","embeddable":true,"href":"https:\/\/blogs.thesocialmedia.com\/leblogmoto\/wp-json\/wp\/v2\/categories?post=2120"},{"taxonomy":"post_tag","embeddable":true,"href":"https:\/\/blogs.thesocialmedia.com\/leblogmoto\/wp-json\/wp\/v2\/tags?post=2120"}],"curies":[{"name":"wp","href":"https:\/\/api.w.org\/{rel}","templated":true}]}}