{"id":2123,"date":"2006-01-09T16:29:50","date_gmt":"2006-01-09T16:29:50","guid":{"rendered":"http:\/\/blogs.thesocialmedia.com\/leblogmoto\/2006\/01\/09\/le-dakar-nouvea\/"},"modified":"2012-07-11T13:21:29","modified_gmt":"2012-07-11T13:21:29","slug":"le-dakar-nouvea","status":"publish","type":"post","link":"https:\/\/blogs.thesocialmedia.com\/leblogmoto\/2006\/01\/09\/le-dakar-nouvea\/","title":{"rendered":"Le Dakar une nouvelle fois endeuill\u00e9"},"content":{"rendered":"<p><a href=\"http:\/\/clabedan.typepad.com\/photos\/uncategorized\/andycaldecott.jpg\"><img loading=\"lazy\" decoding=\"async\" height=\"245\" alt=\"Andycaldecott\" src=\"http:\/\/www.leblogauto.com\/images\/andycaldecott.jpg\" width=\"250\"  \/><\/a>Andy Caldecott, pilote KTM vient de perdre tragiquement la vie lors de la sp\u00e9ciale de la 9e \u00e9tape du <a href=\"http:\/\/www.leblogauto.com\/2005\/11\/dakar_2006_le_p.html\">rallye-raid Dakar-2006<\/a>, longue de 599 km entre Nouakchott et Kiffa en Mauritanie. <br \/><a href=\"http:\/\/www.abc.net.au\/southeastsa\/stories\/s1019091.htm\">Andy Caldecott<\/a> est vraisemblablement mort sur le coup au km 250 juste avant 13h GMT. Le Dakar,&nbsp; r\u00e9put\u00e9 pour sa difficult\u00e9 et le danger permanent&nbsp; inh\u00e9rent \u00e0 ce genre d&rsquo;\u00e9preuve a fait une 23\u00e8me victime depuis ses d\u00e9buts il y a maintenant 28 ans. Le pilote australien venait de remporter la 3eme \u00e9tape, \u00e0 sa grande surprise, n&rsquo;\u00e9tant pas vraiment pr\u00e9par\u00e9 \u00e0 cette course qu&rsquo;il ne rejoint qu&rsquo;en derniere minute, pour remplacer au pied lev\u00e9 l&rsquo;espagnol Jordi Duran. Originaire de Keith dans le sud est de l&rsquo;Australie, Andy Caldecott arrivait \u00e0 Paris 4 jours avant le d\u00e9part avec Neil White son m\u00e9canicien, pour remplir les formalit\u00e9s de participation avant le d\u00e9part du 1er janvier. <\/p>\n<p>Andy Caldecott avait 41 ans et laisse une femme et un enfant.<\/p>\n<p>Les victimes du Dakar: source <a href=\"http:\/\/www.sporever.be\/\">sporever.be<\/a> <\/p>\n<p>1979: Le motard Patrick Dodin se tue en chutant, alors qu&rsquo;il tentait de fixer son casque en se rendant au d\u00e9part de l&rsquo;\u00e9tape Agadez-Tahoua. <\/p>\n<p>1982: Entre les Quatre Chemins et In Ecker, le N\u00e9erlandais Bert Oosterhuis se tue, victime d&rsquo;une chute au guidon de sa Yamaha 1983: Jean-No\u00ebl Pineau, au guidon d&rsquo;une Yamaha, se tue sur le tron\u00e7on bitum\u00e9 qui le menait \u00e0 Ouagadougou. <\/p>\n<p>1986: Dans la liaison vers S\u00e8te (H\u00e9rault, sud), le motard japonais Yasuo Kaneko est tu\u00e9 par un chauffard. Le mardi 14 janvier, vers 19H00, un terrible accident d&rsquo;h\u00e9licopt\u00e8re, \u00e0 8 kilom\u00e8tres de Gourma-Rharous, sur les bords du Niger, emporte le cr\u00e9ateur du Dakar, Thierry Sabine, ainsi que les quatre personnes qui l&rsquo;accompagnaient, le chanteur Daniel Balavoine, la journaliste Nathaly Odent, le pilote Fran\u00e7ois-Xavier Bagnoud et le technicien radio Jean-Paul Lefur. <\/p>\n<p>1988: Kees Van Loevezijn, le navigateur n\u00e9erlandais du Daf de Van de Rijt, est tu\u00e9 sur le coup apr\u00e8s avoir \u00e9t\u00e9 \u00e9ject\u00e9 du camion. Patrick Canado, co\u00e9quipier de Boubet, est tu\u00e9 sur le coup suite \u00e0 une collision avec un autre concurrent. <\/p>\n<p>1991: Charles Cabannes, pilote fran\u00e7ais d&rsquo;un camion d&rsquo;assistance, est tu\u00e9 par balle au Mali. <\/p>\n<p>1992: Entre Syrte et Sabha (Libye), Jean-Marie Sounillac et Laurent Le Bourgeois, \u00e0 bord d&rsquo;une voiture d&rsquo;assistance, se tuent apr\u00e8s une s\u00e9rie de tonneaux. Le motard Gilles Lalay dispara\u00eet, heurt\u00e9 dans la liaison par la Toyota d&rsquo;assistance m\u00e9dicale. <\/p>\n<p>1994: La course est endeuill\u00e9e par le d\u00e9c\u00e8s du motard belge Michel Sansen, victime d&rsquo;une chute lors d&rsquo;une liaison. <\/p>\n<p>1996: Entre Foum El Hassan et Smara, Laurent Gueguen d\u00e9c\u00e8de apr\u00e8s l&rsquo;explosion de son camion. <\/p>\n<p>1997: Le motard amateur Jean-Pierre Leduc se tue sur les pistes maliennes. <\/p>\n<p>2002: Daniel Vergnes, le pr\u00e9parateur des v\u00e9hicules de l&rsquo;\u00e9quipe Toyota Trophy, est tu\u00e9 sur la liaison en direction de la ville d&rsquo;arriv\u00e9e de la 11e \u00e9tape en Mauritanie. <\/p>\n<p>2003: Le navigateur Bruno Cauvy se tue dans un franchissement de dunes dans la derni\u00e8re \u00e9tape libyenne, pour sa premi\u00e8re participation au Dakar. <\/p>\n<p>Lundi 10 janvier 2005: Le motard amateur espagnol Jose Manuel Perez, victime d&rsquo;une chute le jeudi 6 janvier lors de la 7e \u00e9tape entre Zouerat et Tichit, en Mauritanie, d\u00e9c\u00e8de \u00e0 l&rsquo;h\u00f4pital d&rsquo;Alicante, en Espagne, \u00e0 l&rsquo;\u00e2ge de 41 ans. Apr\u00e8s \u00eatre tomb\u00e9, il avait \u00e9t\u00e9 ramen\u00e9 \u00e0 Zouerat, o\u00f9 il avait \u00e9t\u00e9 op\u00e9r\u00e9 par les m\u00e9decins de Fidelia (qui suivent le rallye) pour un traumatisme abdominal grave. Il avait ensuite \u00e9t\u00e9 transf\u00e9r\u00e9 par un avion de l&rsquo;arm\u00e9e mauritanienne de Zouerat \u00e0 Nouakchott, puis de Nouakchott \u00e0 Dakar. Son \u00e9tat \u00e9tait stable et, dimanche, il avait \u00e9t\u00e9 transf\u00e9r\u00e9 normalement par avion en Espagne, o\u00f9 il est arriv\u00e9 \u00e0 Alicante dans la nuit de dimanche \u00e0 lundi. <\/p>\n<p>Mardi 11 janvier 2005: Le motard italien Fabrizio Meoni (KTM), double vainqueur du Dakar en 2001 et 2002, victime d&rsquo;un arr\u00eat cardiaque apr\u00e8s une chute lors de la 11e \u00e9tape du rallye-raid Dakar-2005 entre Atar et Kiffa, en Mauritanie, d\u00e9c\u00e8de \u00e0 l&rsquo;\u00e2ge de 47 ans. <\/p>\n<p>Lundi 9 janvier 2006: Le motard australien Andy Caldecott (KTM) d\u00e9c\u00e8de \u00e0 l&rsquo;\u00e2ge de 41 ans \u00e0 la suite d&rsquo;une chute au km 250 de la sp\u00e9ciale de la 9e \u00e9tape, longue de 559 km, entre Nouakchott et Kiffa en Mauritanie.<\/p>\n","protected":false},"excerpt":{"rendered":"<p>Andy Caldecott, pilote KTM vient de perdre tragiquement la vie lors de la sp\u00e9ciale de la 9e \u00e9tape du rallye-raid Dakar-2006, longue de 599 km entre Nouakchott et Kiffa en Mauritanie. Andy Caldecott est vraisemblablement mort sur le coup au km 250 juste avant 13h GMT. Le Dakar,&nbsp; r\u00e9put\u00e9 pour sa difficult\u00e9 et le danger [&hellip;]<\/p>\n","protected":false},"author":219,"featured_media":14502,"comment_status":"open","ping_status":"open","sticky":false,"template":"","format":"standard","meta":{"footnotes":""},"categories":[32],"tags":[],"class_list":["post-2123","post","type-post","status-publish","format-standard","has-post-thumbnail","hentry","category-sport-moto"],"yoast_head":"<!-- This site is optimized with the Yoast SEO plugin v26.0 - https:\/\/yoast.com\/wordpress\/plugins\/seo\/ -->\n<title>Le Dakar une nouvelle fois endeuill\u00e9 - leblogmoto.com<\/title>\n<meta name=\"robots\" content=\"index, follow, max-snippet:-1, max-image-preview:large, max-video-preview:-1\" \/>\n<link rel=\"canonical\" href=\"https:\/\/blogs.thesocialmedia.com\/leblogmoto\/2006\/01\/09\/le-dakar-nouvea\/\" \/>\n<meta name=\"twitter:card\" content=\"summary_large_image\" \/>\n<meta name=\"twitter:title\" content=\"Le Dakar une nouvelle fois endeuill\u00e9 - leblogmoto.com\" \/>\n<meta name=\"twitter:description\" content=\"Andy Caldecott, pilote KTM vient de perdre tragiquement la vie lors de la sp\u00e9ciale de la 9e \u00e9tape du rallye-raid Dakar-2006, longue de 599 km entre Nouakchott et Kiffa en Mauritanie. Andy Caldecott est vraisemblablement mort sur le coup au km 250 juste avant 13h GMT. Le Dakar,&nbsp; r\u00e9put\u00e9 pour sa difficult\u00e9 et le danger [&hellip;]\" \/>\n<meta name=\"twitter:image\" content=\"https:\/\/blogs.thesocialmedia.com\/leblogmoto\/files\/2012\/07\/andycaldecott.jpg\" \/>\n<meta name=\"twitter:label1\" content=\"\u00c9crit par\" \/>\n\t<meta name=\"twitter:data1\" content=\"David Christian Koskas\" \/>\n\t<meta name=\"twitter:label2\" content=\"Dur\u00e9e de lecture estim\u00e9e\" \/>\n\t<meta name=\"twitter:data2\" content=\"4 minutes\" \/>\n<script type=\"application\/ld+json\" class=\"yoast-schema-graph\">{\"@context\":\"https:\/\/schema.org\",\"@graph\":[{\"@type\":\"WebPage\",\"@id\":\"https:\/\/blogs.thesocialmedia.com\/leblogmoto\/2006\/01\/09\/le-dakar-nouvea\/\",\"url\":\"https:\/\/blogs.thesocialmedia.com\/leblogmoto\/2006\/01\/09\/le-dakar-nouvea\/\",\"name\":\"Le Dakar une nouvelle fois endeuill\u00e9 - leblogmoto.com\",\"isPartOf\":{\"@id\":\"https:\/\/blogs.thesocialmedia.com\/leblogmoto\/#website\"},\"primaryImageOfPage\":{\"@id\":\"https:\/\/blogs.thesocialmedia.com\/leblogmoto\/2006\/01\/09\/le-dakar-nouvea\/#primaryimage\"},\"image\":{\"@id\":\"https:\/\/blogs.thesocialmedia.com\/leblogmoto\/2006\/01\/09\/le-dakar-nouvea\/#primaryimage\"},\"thumbnailUrl\":\"https:\/\/blogs.thesocialmedia.com\/leblogmoto\/files\/2012\/07\/andycaldecott.jpg\",\"datePublished\":\"2006-01-09T16:29:50+00:00\",\"dateModified\":\"2012-07-11T13:21:29+00:00\",\"author\":{\"@id\":\"https:\/\/blogs.thesocialmedia.com\/leblogmoto\/#\/schema\/person\/deb0b0db470c11cf82cbc870c241f979\"},\"breadcrumb\":{\"@id\":\"https:\/\/blogs.thesocialmedia.com\/leblogmoto\/2006\/01\/09\/le-dakar-nouvea\/#breadcrumb\"},\"inLanguage\":\"fr-FR\",\"potentialAction\":[{\"@type\":\"ReadAction\",\"target\":[\"https:\/\/blogs.thesocialmedia.com\/leblogmoto\/2006\/01\/09\/le-dakar-nouvea\/\"]}]},{\"@type\":\"ImageObject\",\"inLanguage\":\"fr-FR\",\"@id\":\"https:\/\/blogs.thesocialmedia.com\/leblogmoto\/2006\/01\/09\/le-dakar-nouvea\/#primaryimage\",\"url\":\"https:\/\/blogs.thesocialmedia.com\/leblogmoto\/files\/2012\/07\/andycaldecott.jpg\",\"contentUrl\":\"https:\/\/blogs.thesocialmedia.com\/leblogmoto\/files\/2012\/07\/andycaldecott.jpg\",\"width\":\"300\",\"height\":\"295\"},{\"@type\":\"BreadcrumbList\",\"@id\":\"https:\/\/blogs.thesocialmedia.com\/leblogmoto\/2006\/01\/09\/le-dakar-nouvea\/#breadcrumb\",\"itemListElement\":[{\"@type\":\"ListItem\",\"position\":1,\"name\":\"Accueil\",\"item\":\"https:\/\/blogs.thesocialmedia.com\/leblogmoto\/\"},{\"@type\":\"ListItem\",\"position\":2,\"name\":\"Le Dakar une nouvelle fois endeuill\u00e9\"}]},{\"@type\":\"WebSite\",\"@id\":\"https:\/\/blogs.thesocialmedia.com\/leblogmoto\/#website\",\"url\":\"https:\/\/blogs.thesocialmedia.com\/leblogmoto\/\",\"name\":\"leblogmoto\",\"description\":\"Toute l&#039;actualit\u00e9 des 2 roues\",\"potentialAction\":[{\"@type\":\"SearchAction\",\"target\":{\"@type\":\"EntryPoint\",\"urlTemplate\":\"https:\/\/blogs.thesocialmedia.com\/leblogmoto\/?s={search_term_string}\"},\"query-input\":{\"@type\":\"PropertyValueSpecification\",\"valueRequired\":true,\"valueName\":\"search_term_string\"}}],\"inLanguage\":\"fr-FR\"},{\"@type\":\"Person\",\"@id\":\"https:\/\/blogs.thesocialmedia.com\/leblogmoto\/#\/schema\/person\/deb0b0db470c11cf82cbc870c241f979\",\"name\":\"David Christian Koskas\",\"image\":{\"@type\":\"ImageObject\",\"inLanguage\":\"fr-FR\",\"@id\":\"https:\/\/blogs.thesocialmedia.com\/leblogmoto\/#\/schema\/person\/image\/\",\"url\":\"https:\/\/secure.gravatar.com\/avatar\/3b119f8169c8019feae7e6b32a2a6c3a?s=96&d=mm&r=g\",\"contentUrl\":\"https:\/\/secure.gravatar.com\/avatar\/3b119f8169c8019feae7e6b32a2a6c3a?s=96&d=mm&r=g\",\"caption\":\"David Christian Koskas\"},\"url\":\"https:\/\/blogs.thesocialmedia.com\/leblogmoto\/author\/david-koskas\/\"}]}<\/script>\n<!-- \/ Yoast SEO plugin. -->","yoast_head_json":{"title":"Le Dakar une nouvelle fois endeuill\u00e9 - leblogmoto.com","robots":{"index":"index","follow":"follow","max-snippet":"max-snippet:-1","max-image-preview":"max-image-preview:large","max-video-preview":"max-video-preview:-1"},"canonical":"https:\/\/blogs.thesocialmedia.com\/leblogmoto\/2006\/01\/09\/le-dakar-nouvea\/","twitter_card":"summary_large_image","twitter_title":"Le Dakar une nouvelle fois endeuill\u00e9 - leblogmoto.com","twitter_description":"Andy Caldecott, pilote KTM vient de perdre tragiquement la vie lors de la sp\u00e9ciale de la 9e \u00e9tape du rallye-raid Dakar-2006, longue de 599 km entre Nouakchott et Kiffa en Mauritanie. Andy Caldecott est vraisemblablement mort sur le coup au km 250 juste avant 13h GMT. Le Dakar,&nbsp; r\u00e9put\u00e9 pour sa difficult\u00e9 et le danger [&hellip;]","twitter_image":"https:\/\/blogs.thesocialmedia.com\/leblogmoto\/files\/2012\/07\/andycaldecott.jpg","twitter_misc":{"\u00c9crit par":"David Christian Koskas","Dur\u00e9e de lecture estim\u00e9e":"4 minutes"},"schema":{"@context":"https:\/\/schema.org","@graph":[{"@type":"WebPage","@id":"https:\/\/blogs.thesocialmedia.com\/leblogmoto\/2006\/01\/09\/le-dakar-nouvea\/","url":"https:\/\/blogs.thesocialmedia.com\/leblogmoto\/2006\/01\/09\/le-dakar-nouvea\/","name":"Le Dakar une nouvelle fois endeuill\u00e9 - leblogmoto.com","isPartOf":{"@id":"https:\/\/blogs.thesocialmedia.com\/leblogmoto\/#website"},"primaryImageOfPage":{"@id":"https:\/\/blogs.thesocialmedia.com\/leblogmoto\/2006\/01\/09\/le-dakar-nouvea\/#primaryimage"},"image":{"@id":"https:\/\/blogs.thesocialmedia.com\/leblogmoto\/2006\/01\/09\/le-dakar-nouvea\/#primaryimage"},"thumbnailUrl":"https:\/\/blogs.thesocialmedia.com\/leblogmoto\/files\/2012\/07\/andycaldecott.jpg","datePublished":"2006-01-09T16:29:50+00:00","dateModified":"2012-07-11T13:21:29+00:00","author":{"@id":"https:\/\/blogs.thesocialmedia.com\/leblogmoto\/#\/schema\/person\/deb0b0db470c11cf82cbc870c241f979"},"breadcrumb":{"@id":"https:\/\/blogs.thesocialmedia.com\/leblogmoto\/2006\/01\/09\/le-dakar-nouvea\/#breadcrumb"},"inLanguage":"fr-FR","potentialAction":[{"@type":"ReadAction","target":["https:\/\/blogs.thesocialmedia.com\/leblogmoto\/2006\/01\/09\/le-dakar-nouvea\/"]}]},{"@type":"ImageObject","inLanguage":"fr-FR","@id":"https:\/\/blogs.thesocialmedia.com\/leblogmoto\/2006\/01\/09\/le-dakar-nouvea\/#primaryimage","url":"https:\/\/blogs.thesocialmedia.com\/leblogmoto\/files\/2012\/07\/andycaldecott.jpg","contentUrl":"https:\/\/blogs.thesocialmedia.com\/leblogmoto\/files\/2012\/07\/andycaldecott.jpg","width":"300","height":"295"},{"@type":"BreadcrumbList","@id":"https:\/\/blogs.thesocialmedia.com\/leblogmoto\/2006\/01\/09\/le-dakar-nouvea\/#breadcrumb","itemListElement":[{"@type":"ListItem","position":1,"name":"Accueil","item":"https:\/\/blogs.thesocialmedia.com\/leblogmoto\/"},{"@type":"ListItem","position":2,"name":"Le Dakar une nouvelle fois endeuill\u00e9"}]},{"@type":"WebSite","@id":"https:\/\/blogs.thesocialmedia.com\/leblogmoto\/#website","url":"https:\/\/blogs.thesocialmedia.com\/leblogmoto\/","name":"leblogmoto","description":"Toute l&#039;actualit\u00e9 des 2 roues","potentialAction":[{"@type":"SearchAction","target":{"@type":"EntryPoint","urlTemplate":"https:\/\/blogs.thesocialmedia.com\/leblogmoto\/?s={search_term_string}"},"query-input":{"@type":"PropertyValueSpecification","valueRequired":true,"valueName":"search_term_string"}}],"inLanguage":"fr-FR"},{"@type":"Person","@id":"https:\/\/blogs.thesocialmedia.com\/leblogmoto\/#\/schema\/person\/deb0b0db470c11cf82cbc870c241f979","name":"David Christian Koskas","image":{"@type":"ImageObject","inLanguage":"fr-FR","@id":"https:\/\/blogs.thesocialmedia.com\/leblogmoto\/#\/schema\/person\/image\/","url":"https:\/\/secure.gravatar.com\/avatar\/3b119f8169c8019feae7e6b32a2a6c3a?s=96&d=mm&r=g","contentUrl":"https:\/\/secure.gravatar.com\/avatar\/3b119f8169c8019feae7e6b32a2a6c3a?s=96&d=mm&r=g","caption":"David Christian Koskas"},"url":"https:\/\/blogs.thesocialmedia.com\/leblogmoto\/author\/david-koskas\/"}]}},"_links":{"self":[{"href":"https:\/\/blogs.thesocialmedia.com\/leblogmoto\/wp-json\/wp\/v2\/posts\/2123","targetHints":{"allow":["GET"]}}],"collection":[{"href":"https:\/\/blogs.thesocialmedia.com\/leblogmoto\/wp-json\/wp\/v2\/posts"}],"about":[{"href":"https:\/\/blogs.thesocialmedia.com\/leblogmoto\/wp-json\/wp\/v2\/types\/post"}],"author":[{"embeddable":true,"href":"https:\/\/blogs.thesocialmedia.com\/leblogmoto\/wp-json\/wp\/v2\/users\/219"}],"replies":[{"embeddable":true,"href":"https:\/\/blogs.thesocialmedia.com\/leblogmoto\/wp-json\/wp\/v2\/comments?post=2123"}],"version-history":[{"count":1,"href":"https:\/\/blogs.thesocialmedia.com\/leblogmoto\/wp-json\/wp\/v2\/posts\/2123\/revisions"}],"predecessor-version":[{"id":3053,"href":"https:\/\/blogs.thesocialmedia.com\/leblogmoto\/wp-json\/wp\/v2\/posts\/2123\/revisions\/3053"}],"wp:featuredmedia":[{"embeddable":true,"href":"https:\/\/blogs.thesocialmedia.com\/leblogmoto\/wp-json\/wp\/v2\/media\/14502"}],"wp:attachment":[{"href":"https:\/\/blogs.thesocialmedia.com\/leblogmoto\/wp-json\/wp\/v2\/media?parent=2123"}],"wp:term":[{"taxonomy":"category","embeddable":true,"href":"https:\/\/blogs.thesocialmedia.com\/leblogmoto\/wp-json\/wp\/v2\/categories?post=2123"},{"taxonomy":"post_tag","embeddable":true,"href":"https:\/\/blogs.thesocialmedia.com\/leblogmoto\/wp-json\/wp\/v2\/tags?post=2123"}],"curies":[{"name":"wp","href":"https:\/\/api.w.org\/{rel}","templated":true}]}}