{"id":2127,"date":"2006-01-07T16:12:00","date_gmt":"2006-01-07T16:12:00","guid":{"rendered":"http:\/\/blogs.thesocialmedia.com\/leblogmoto\/2006\/01\/07\/dakar-06\/"},"modified":"2012-07-11T14:13:58","modified_gmt":"2012-07-11T14:13:58","slug":"dakar-06","status":"publish","type":"post","link":"https:\/\/blogs.thesocialmedia.com\/leblogmoto\/2006\/01\/07\/dakar-06\/","title":{"rendered":"DAKAR 06: CASTEU met le feu"},"content":{"rendered":"<p><a href=\"http:\/\/blogs.thesocialmedia.com\/leblogmoto\/files\/2012\/07\/casteu.jpg\"><img loading=\"lazy\" decoding=\"async\" height=\"166\" alt=\"Casteu\" src=\"http:\/\/www.leblogmoto.com\/images\/casteu.jpg\" width=\"250\"  \/><\/a>Les 508 kms de sp\u00e9ciale entre AT\u00c2R et NOUAKCHOTT ont \u00e9t\u00e9 enlev\u00e9s par <strong>David CASTEU<\/strong> membre de l&rsquo;\u00e9quipe KTM GAULOISES. <\/p>\n<p>Le parcours sablonneux, parsem\u00e9 de dunes et d&rsquo;herbes \u00e0 chameau, le tout saupoudr\u00e9 de sable assez mou avaient tous les ingr\u00e9dients pour malmener les organismes. On craignait, de fait, beaucoup pour <a href=\"http:\/\/www.leblogmoto.com\/2006\/01\/dakar_1.html\">DESPRES<\/a>. Mais c&rsquo;\u00e9tait sans compter sur sa force de caract\u00e8re et la <a href=\"http:\/\/www.leblogmoto.com\/2006\/01\/un_dakar_de_nav.html\">sp\u00e9cificit\u00e9<\/a> du DAKAR. Navigation parfaite et entente fine avec son \u00e9quipier ont fait que Cyril a parfaitement n\u00e9goci\u00e9 la difficult\u00e9 pour finir 3\u00b0de l&rsquo;\u00e9tape et reprendre quelques 5&prime; sur COMA&#8230;<\/p>\n<p><a href=\"http:\/\/clabedan.typepad.com\/.shared\/image.html?\/photos\/uncategorized\/casteu2.jpg\"><img loading=\"lazy\" decoding=\"async\" height=\"166\" alt=\"Casteu2\" src=\"http:\/\/www.leblogmoto.com\/images\/casteu2.jpg\" width=\"250\"  \/><\/a>L&rsquo;espagnol reste toujours en t\u00eate devant <a href=\"http:\/\/www.leblogmoto.com\/2006\/01\/dakar_esteve_sl.html\">ESTEVE-PUJOL<\/a> \u00e0 un peu plus de 6&prime;. Mais il a tergivers\u00e9, si bien qu&rsquo;il a l\u00e2ch\u00e9 du temps, l\u00e0, o\u00f9, sans doute, il voulait assommer la course. Demain, qui plus est, est une journ\u00e9e de repos que DESPRES mettra \u00e0 profit pour se requinquer. La course est toujours ouverte ! <\/p>\n<p>CLASSEMENT:<\/p>\n<p>COMA, ESTEVE PUJOL \u00e0 6&rsquo;23, DE GAVARDO \u00e0 11&rsquo;49, DESPRES \u00e0 26&rsquo;44. Tous sur KTM.<\/p>\n","protected":false},"excerpt":{"rendered":"<p>Les 508 kms de sp\u00e9ciale entre AT\u00c2R et NOUAKCHOTT ont \u00e9t\u00e9 enlev\u00e9s par David CASTEU membre de l&rsquo;\u00e9quipe KTM GAULOISES. Le parcours sablonneux, parsem\u00e9 de dunes et d&rsquo;herbes \u00e0 chameau, le tout saupoudr\u00e9 de sable assez mou avaient tous les ingr\u00e9dients pour malmener les organismes. On craignait, de fait, beaucoup pour DESPRES. Mais c&rsquo;\u00e9tait sans [&hellip;]<\/p>\n","protected":false},"author":336,"featured_media":0,"comment_status":"open","ping_status":"open","sticky":false,"template":"","format":"standard","meta":{"footnotes":""},"categories":[32],"tags":[],"class_list":["post-2127","post","type-post","status-publish","format-standard","hentry","category-sport-moto"],"yoast_head":"<!-- This site is optimized with the Yoast SEO plugin v26.0 - https:\/\/yoast.com\/wordpress\/plugins\/seo\/ -->\n<title>DAKAR 06: CASTEU met le feu - leblogmoto.com<\/title>\n<meta name=\"robots\" content=\"index, follow, max-snippet:-1, max-image-preview:large, max-video-preview:-1\" \/>\n<link rel=\"canonical\" href=\"https:\/\/blogs.thesocialmedia.com\/leblogmoto\/2006\/01\/07\/dakar-06\/\" \/>\n<meta name=\"twitter:card\" content=\"summary_large_image\" \/>\n<meta name=\"twitter:title\" content=\"DAKAR 06: CASTEU met le feu - leblogmoto.com\" \/>\n<meta name=\"twitter:description\" content=\"Les 508 kms de sp\u00e9ciale entre AT\u00c2R et NOUAKCHOTT ont \u00e9t\u00e9 enlev\u00e9s par David CASTEU membre de l&rsquo;\u00e9quipe KTM GAULOISES. Le parcours sablonneux, parsem\u00e9 de dunes et d&rsquo;herbes \u00e0 chameau, le tout saupoudr\u00e9 de sable assez mou avaient tous les ingr\u00e9dients pour malmener les organismes. On craignait, de fait, beaucoup pour DESPRES. Mais c&rsquo;\u00e9tait sans [&hellip;]\" \/>\n<meta name=\"twitter:image\" content=\"http:\/\/www.leblogmoto.com\/images\/casteu.jpg\" \/>\n<meta name=\"twitter:label1\" content=\"\u00c9crit par\" \/>\n\t<meta name=\"twitter:data1\" content=\"andre leconde\" \/>\n\t<meta name=\"twitter:label2\" content=\"Dur\u00e9e de lecture estim\u00e9e\" \/>\n\t<meta name=\"twitter:data2\" content=\"1 minute\" \/>\n<script type=\"application\/ld+json\" class=\"yoast-schema-graph\">{\"@context\":\"https:\/\/schema.org\",\"@graph\":[{\"@type\":\"WebPage\",\"@id\":\"https:\/\/blogs.thesocialmedia.com\/leblogmoto\/2006\/01\/07\/dakar-06\/\",\"url\":\"https:\/\/blogs.thesocialmedia.com\/leblogmoto\/2006\/01\/07\/dakar-06\/\",\"name\":\"DAKAR 06: CASTEU met le feu - leblogmoto.com\",\"isPartOf\":{\"@id\":\"https:\/\/blogs.thesocialmedia.com\/leblogmoto\/#website\"},\"primaryImageOfPage\":{\"@id\":\"https:\/\/blogs.thesocialmedia.com\/leblogmoto\/2006\/01\/07\/dakar-06\/#primaryimage\"},\"image\":{\"@id\":\"https:\/\/blogs.thesocialmedia.com\/leblogmoto\/2006\/01\/07\/dakar-06\/#primaryimage\"},\"thumbnailUrl\":\"http:\/\/www.leblogmoto.com\/images\/casteu.jpg\",\"datePublished\":\"2006-01-07T16:12:00+00:00\",\"dateModified\":\"2012-07-11T14:13:58+00:00\",\"author\":{\"@id\":\"https:\/\/blogs.thesocialmedia.com\/leblogmoto\/#\/schema\/person\/1a1dcfc7cec206573105eb4af91155c2\"},\"breadcrumb\":{\"@id\":\"https:\/\/blogs.thesocialmedia.com\/leblogmoto\/2006\/01\/07\/dakar-06\/#breadcrumb\"},\"inLanguage\":\"fr-FR\",\"potentialAction\":[{\"@type\":\"ReadAction\",\"target\":[\"https:\/\/blogs.thesocialmedia.com\/leblogmoto\/2006\/01\/07\/dakar-06\/\"]}]},{\"@type\":\"ImageObject\",\"inLanguage\":\"fr-FR\",\"@id\":\"https:\/\/blogs.thesocialmedia.com\/leblogmoto\/2006\/01\/07\/dakar-06\/#primaryimage\",\"url\":\"http:\/\/www.leblogmoto.com\/images\/casteu.jpg\",\"contentUrl\":\"http:\/\/www.leblogmoto.com\/images\/casteu.jpg\"},{\"@type\":\"BreadcrumbList\",\"@id\":\"https:\/\/blogs.thesocialmedia.com\/leblogmoto\/2006\/01\/07\/dakar-06\/#breadcrumb\",\"itemListElement\":[{\"@type\":\"ListItem\",\"position\":1,\"name\":\"Accueil\",\"item\":\"https:\/\/blogs.thesocialmedia.com\/leblogmoto\/\"},{\"@type\":\"ListItem\",\"position\":2,\"name\":\"DAKAR 06: CASTEU met le feu\"}]},{\"@type\":\"WebSite\",\"@id\":\"https:\/\/blogs.thesocialmedia.com\/leblogmoto\/#website\",\"url\":\"https:\/\/blogs.thesocialmedia.com\/leblogmoto\/\",\"name\":\"leblogmoto\",\"description\":\"Toute l&#039;actualit\u00e9 des 2 roues\",\"potentialAction\":[{\"@type\":\"SearchAction\",\"target\":{\"@type\":\"EntryPoint\",\"urlTemplate\":\"https:\/\/blogs.thesocialmedia.com\/leblogmoto\/?s={search_term_string}\"},\"query-input\":{\"@type\":\"PropertyValueSpecification\",\"valueRequired\":true,\"valueName\":\"search_term_string\"}}],\"inLanguage\":\"fr-FR\"},{\"@type\":\"Person\",\"@id\":\"https:\/\/blogs.thesocialmedia.com\/leblogmoto\/#\/schema\/person\/1a1dcfc7cec206573105eb4af91155c2\",\"name\":\"andre leconde\",\"image\":{\"@type\":\"ImageObject\",\"inLanguage\":\"fr-FR\",\"@id\":\"https:\/\/blogs.thesocialmedia.com\/leblogmoto\/#\/schema\/person\/image\/\",\"url\":\"https:\/\/secure.gravatar.com\/avatar\/?s=96&d=mm&r=g\",\"contentUrl\":\"https:\/\/secure.gravatar.com\/avatar\/?s=96&d=mm&r=g\",\"caption\":\"andre leconde\"},\"url\":\"https:\/\/blogs.thesocialmedia.com\/leblogmoto\/author\/andre-leconde\/\"}]}<\/script>\n<!-- \/ Yoast SEO plugin. -->","yoast_head_json":{"title":"DAKAR 06: CASTEU met le feu - leblogmoto.com","robots":{"index":"index","follow":"follow","max-snippet":"max-snippet:-1","max-image-preview":"max-image-preview:large","max-video-preview":"max-video-preview:-1"},"canonical":"https:\/\/blogs.thesocialmedia.com\/leblogmoto\/2006\/01\/07\/dakar-06\/","twitter_card":"summary_large_image","twitter_title":"DAKAR 06: CASTEU met le feu - leblogmoto.com","twitter_description":"Les 508 kms de sp\u00e9ciale entre AT\u00c2R et NOUAKCHOTT ont \u00e9t\u00e9 enlev\u00e9s par David CASTEU membre de l&rsquo;\u00e9quipe KTM GAULOISES. Le parcours sablonneux, parsem\u00e9 de dunes et d&rsquo;herbes \u00e0 chameau, le tout saupoudr\u00e9 de sable assez mou avaient tous les ingr\u00e9dients pour malmener les organismes. On craignait, de fait, beaucoup pour DESPRES. Mais c&rsquo;\u00e9tait sans [&hellip;]","twitter_image":"http:\/\/www.leblogmoto.com\/images\/casteu.jpg","twitter_misc":{"\u00c9crit par":"andre leconde","Dur\u00e9e de lecture estim\u00e9e":"1 minute"},"schema":{"@context":"https:\/\/schema.org","@graph":[{"@type":"WebPage","@id":"https:\/\/blogs.thesocialmedia.com\/leblogmoto\/2006\/01\/07\/dakar-06\/","url":"https:\/\/blogs.thesocialmedia.com\/leblogmoto\/2006\/01\/07\/dakar-06\/","name":"DAKAR 06: CASTEU met le feu - leblogmoto.com","isPartOf":{"@id":"https:\/\/blogs.thesocialmedia.com\/leblogmoto\/#website"},"primaryImageOfPage":{"@id":"https:\/\/blogs.thesocialmedia.com\/leblogmoto\/2006\/01\/07\/dakar-06\/#primaryimage"},"image":{"@id":"https:\/\/blogs.thesocialmedia.com\/leblogmoto\/2006\/01\/07\/dakar-06\/#primaryimage"},"thumbnailUrl":"http:\/\/www.leblogmoto.com\/images\/casteu.jpg","datePublished":"2006-01-07T16:12:00+00:00","dateModified":"2012-07-11T14:13:58+00:00","author":{"@id":"https:\/\/blogs.thesocialmedia.com\/leblogmoto\/#\/schema\/person\/1a1dcfc7cec206573105eb4af91155c2"},"breadcrumb":{"@id":"https:\/\/blogs.thesocialmedia.com\/leblogmoto\/2006\/01\/07\/dakar-06\/#breadcrumb"},"inLanguage":"fr-FR","potentialAction":[{"@type":"ReadAction","target":["https:\/\/blogs.thesocialmedia.com\/leblogmoto\/2006\/01\/07\/dakar-06\/"]}]},{"@type":"ImageObject","inLanguage":"fr-FR","@id":"https:\/\/blogs.thesocialmedia.com\/leblogmoto\/2006\/01\/07\/dakar-06\/#primaryimage","url":"http:\/\/www.leblogmoto.com\/images\/casteu.jpg","contentUrl":"http:\/\/www.leblogmoto.com\/images\/casteu.jpg"},{"@type":"BreadcrumbList","@id":"https:\/\/blogs.thesocialmedia.com\/leblogmoto\/2006\/01\/07\/dakar-06\/#breadcrumb","itemListElement":[{"@type":"ListItem","position":1,"name":"Accueil","item":"https:\/\/blogs.thesocialmedia.com\/leblogmoto\/"},{"@type":"ListItem","position":2,"name":"DAKAR 06: CASTEU met le feu"}]},{"@type":"WebSite","@id":"https:\/\/blogs.thesocialmedia.com\/leblogmoto\/#website","url":"https:\/\/blogs.thesocialmedia.com\/leblogmoto\/","name":"leblogmoto","description":"Toute l&#039;actualit\u00e9 des 2 roues","potentialAction":[{"@type":"SearchAction","target":{"@type":"EntryPoint","urlTemplate":"https:\/\/blogs.thesocialmedia.com\/leblogmoto\/?s={search_term_string}"},"query-input":{"@type":"PropertyValueSpecification","valueRequired":true,"valueName":"search_term_string"}}],"inLanguage":"fr-FR"},{"@type":"Person","@id":"https:\/\/blogs.thesocialmedia.com\/leblogmoto\/#\/schema\/person\/1a1dcfc7cec206573105eb4af91155c2","name":"andre leconde","image":{"@type":"ImageObject","inLanguage":"fr-FR","@id":"https:\/\/blogs.thesocialmedia.com\/leblogmoto\/#\/schema\/person\/image\/","url":"https:\/\/secure.gravatar.com\/avatar\/?s=96&d=mm&r=g","contentUrl":"https:\/\/secure.gravatar.com\/avatar\/?s=96&d=mm&r=g","caption":"andre leconde"},"url":"https:\/\/blogs.thesocialmedia.com\/leblogmoto\/author\/andre-leconde\/"}]}},"_links":{"self":[{"href":"https:\/\/blogs.thesocialmedia.com\/leblogmoto\/wp-json\/wp\/v2\/posts\/2127","targetHints":{"allow":["GET"]}}],"collection":[{"href":"https:\/\/blogs.thesocialmedia.com\/leblogmoto\/wp-json\/wp\/v2\/posts"}],"about":[{"href":"https:\/\/blogs.thesocialmedia.com\/leblogmoto\/wp-json\/wp\/v2\/types\/post"}],"author":[{"embeddable":true,"href":"https:\/\/blogs.thesocialmedia.com\/leblogmoto\/wp-json\/wp\/v2\/users\/336"}],"replies":[{"embeddable":true,"href":"https:\/\/blogs.thesocialmedia.com\/leblogmoto\/wp-json\/wp\/v2\/comments?post=2127"}],"version-history":[{"count":2,"href":"https:\/\/blogs.thesocialmedia.com\/leblogmoto\/wp-json\/wp\/v2\/posts\/2127\/revisions"}],"predecessor-version":[{"id":6941,"href":"https:\/\/blogs.thesocialmedia.com\/leblogmoto\/wp-json\/wp\/v2\/posts\/2127\/revisions\/6941"}],"wp:attachment":[{"href":"https:\/\/blogs.thesocialmedia.com\/leblogmoto\/wp-json\/wp\/v2\/media?parent=2127"}],"wp:term":[{"taxonomy":"category","embeddable":true,"href":"https:\/\/blogs.thesocialmedia.com\/leblogmoto\/wp-json\/wp\/v2\/categories?post=2127"},{"taxonomy":"post_tag","embeddable":true,"href":"https:\/\/blogs.thesocialmedia.com\/leblogmoto\/wp-json\/wp\/v2\/tags?post=2127"}],"curies":[{"name":"wp","href":"https:\/\/api.w.org\/{rel}","templated":true}]}}