{"id":2129,"date":"2006-01-06T14:10:00","date_gmt":"2006-01-06T14:10:00","guid":{"rendered":"http:\/\/blogs.thesocialmedia.com\/leblogmoto\/2006\/01\/06\/en-avoir-deux-c\/"},"modified":"2012-07-11T14:13:55","modified_gmt":"2012-07-11T14:13:55","slug":"en-avoir-deux-c","status":"publish","type":"post","link":"https:\/\/blogs.thesocialmedia.com\/leblogmoto\/2006\/01\/06\/en-avoir-deux-c\/","title":{"rendered":"En avoir deux, c&rsquo;est mieux&#8230;"},"content":{"rendered":"<p><a href=\"http:\/\/blogs.thesocialmedia.com\/leblogmoto\/files\/2012\/07\/2rmb_1.jpg\"><img loading=\"lazy\" decoding=\"async\" height=\"146\" alt=\"2rmb_1\" src=\"http:\/\/www.leblogmoto.com\/images\/2rmb_1.jpg\" width=\"250\"  \/><\/a>A une saison o\u00f9 les routes sont pi\u00e8geuses, si ce n&rsquo;est, m\u00eame, impraticables, \u00e0 une p\u00e9riode o\u00f9, au travers la petite lucarne, on reste pantois devant des motards escaladant des <a href=\"http:\/\/blogs.thesocialmedia.com\/leblogmoto\/files\/2012\/07\/dakar.html_.png\">dunes<\/a> de sable avec les pires difficult\u00e9s, on finit par se demander pourquoi la moto n&rsquo;a pas encore pris le pli de l&rsquo;automobile en mati\u00e8re de motricit\u00e9, soit utiliser toutes ses roues pour avancer. <\/p>\n<p>L&rsquo;id\u00e9e existe n\u00e9anmoins bel et bien, et elle a m\u00eame une histoire. Voici un \u00e9tat \u00e9xhaustif au travers les \u00e2ges, \u00e0 commencer par une <a href=\"http:\/\/www.leblogmoto.com\/2006\/01\/bfg_suicide_la_.html\">moto fran\u00e7aise<\/a>, la <strong>Savage<\/strong>&#8230;&nbsp; <\/p>\n<p><a href=\"http:\/\/clabedan.typepad.com\/.shared\/image.html?\/photos\/uncategorized\/2rm_d.gif\"><\/a><a href=\"http:\/\/clabedan.typepad.com\/.shared\/image.html?\/photos\/uncategorized\/2rm_savage.gif\"><img loading=\"lazy\" decoding=\"async\" height=\"169\" alt=\"2rm_savage\" src=\"http:\/\/www.leblogmoto.com\/images\/2rm_savage.gif\" width=\"250\"  \/><\/a>Ironie du sort, le <a href=\"http:\/\/www.leblogmoto.com\/2005\/12\/avec_un_grand_m.html\">projet fran\u00e7ais<\/a> d&rsquo;une deux roues motrices est le fruit de la r\u00e9flexion de deux jumeaux. Franck et Patrick <strong>SAVARD<\/strong> s&rsquo;engouffrent dans la br\u00eache ouverte par <a href=\"http:\/\/www.leblogmoto.com\/2005\/12\/laventure_elfiq.html\">l&rsquo;aventure elfique<\/a> dont, d&rsquo;ailleurs, Patrick, est un des acteurs. Finie la dictature de la fourche t\u00e9l\u00e9scopique, voici les <a href=\"http:\/\/www.leblogmoto.com\/2005\/12\/la_symphonie_do.html\">suspensions<\/a> \u00e0 bras superpos\u00e9s. Rendre la roue motrice avant devient possible. Et cette transmission se fera par trois chaines mari\u00e9es \u00e0 un complexe syst\u00e8me de suspension \u00e0 parall\u00e9logramme d\u00e9formable. Le financement est trouv\u00e9 et notre paire de la C\u00f4te d&rsquo;Armor se lance dans la fabrication. <\/p>\n<p><a href=\"http:\/\/clabedan.typepad.com\/.shared\/image.html?\/photos\/uncategorized\/2_rm_savage3.gif\"><img loading=\"lazy\" decoding=\"async\" height=\"200\" alt=\"2_rm_savage3\" src=\"http:\/\/www.leblogmoto.com\/images\/2_rm_savage3.gif\" width=\"250\"  \/><\/a>En 1987, la premi\u00e8re SAVAGE voit le jour, motoris\u00e9e par un coeur de KAWA qui fera place \u00e0 HUSQVARNA en 1988 pour finir avec un HONDA de 500 CR au d\u00e9but des ann\u00e9es 1990.<\/p>\n<p>La SAVAGE aura comme terrain de jeu le tout-terrain, Raid ou Super-Motard. Elle dispara\u00eetra finalement mais le concept d&rsquo;un engin r\u00e9ellement tous terrains, c&rsquo;est \u00e0 dire capables d&rsquo;attaquer les dunes ou la ville en compagnie d&rsquo;un parfait novice est ensemenc\u00e9e. La SAVAGE aura aussi mis le doigt sur une n\u00e9cessit\u00e9: pouvoir d\u00e9coupler l&rsquo;arri\u00e8re et l&rsquo;avant \u00e0 la demande&#8230;<\/p>\n<p>Cette id\u00e9e est explor\u00e9e dans la m\u00eame p\u00e9riode par l&rsquo;anglais <strong>Dave Watts<\/strong> qui adapte une transmission de ce genre sur sa Maico de cross, en gardant, qui plus est, la fourche t\u00e9l\u00e9scopique. Ce pr\u00e9curseur a fait en sorte que la roue avant ne soit entra\u00een\u00e9e que lorsque la roue arri\u00e8re patine d\u00e9j\u00e0. Voil\u00e0 la recette que s&rsquo;approprie YAMAHA.<\/p>\n<p><a href=\"http:\/\/blogs.thesocialmedia.com\/leblogmoto\/files\/2012\/07\/2rmwr450f2tracweb.jpg\"><img loading=\"lazy\" decoding=\"async\" height=\"144\" alt=\"2rmwr450f2tracweb\" src=\"http:\/\/www.leblogmoto.com\/images\/2rmwr450f2tracweb.jpg\" width=\"250\"  \/><\/a> <a href=\"http:\/\/www.leblogmoto.com\/2005\/10\/mondial_2005_ya_8.html\">YAMAHA et \u00d6hlins<\/a>, domestiquent la f\u00e9e hydraulique et pr\u00e9sentent, en 1998, la <strong>WR 450 F 2Track<\/strong>. Le syst\u00e8me est peu encombrant, une pompe hydraulique situ\u00e9e au-dessus de la boite de vitesses. La pression hydraulique transmise au moteur de roue avant est fonction du coefficient de patinage de la roue arri\u00e8re. La WR 450 devient la premi\u00e8re moto deux roues motrices produites mondialement en s\u00e9rie.<\/p>\n<p><a href=\"http:\/\/clabedan.typepad.com\/.shared\/image.html?\/photos\/uncategorized\/2rmc.jpg\"><img loading=\"lazy\" decoding=\"async\" height=\"171\" alt=\"2rmc\" src=\"http:\/\/www.leblogmoto.com\/images\/2rmc.jpg\" width=\"250\"  \/><\/a>Le syst\u00e8me YAMAHA peut d&rsquo;adapter \u00e0 n&rsquo;importe quelle autre machine, sans gros changments au niveau du moteur et du ch\u00e2ssis. La marque aux diapasons est donc \u00e0 l&rsquo;aff\u00fbt d&rsquo;un fr\u00e9missement du march\u00e9 vers ce type de demande. L&rsquo;avenir lui est ouvert. Que d&rsquo;\u00e9volution depuis le ROKON am\u00e9ricain&#8230;&nbsp; &nbsp;<\/p>\n<p>SOURCES: <a href=\"http:\/\/www.motoservices.com\">www.motoservices.com<\/a> et <a href=\"http:\/\/www.appeldephare.com\">www.appeldephare.com<\/a>&nbsp; <\/p>\n","protected":false},"excerpt":{"rendered":"<p>A une saison o\u00f9 les routes sont pi\u00e8geuses, si ce n&rsquo;est, m\u00eame, impraticables, \u00e0 une p\u00e9riode o\u00f9, au travers la petite lucarne, on reste pantois devant des motards escaladant des dunes de sable avec les pires difficult\u00e9s, on finit par se demander pourquoi la moto n&rsquo;a pas encore pris le pli de l&rsquo;automobile en mati\u00e8re [&hellip;]<\/p>\n","protected":false},"author":336,"featured_media":0,"comment_status":"open","ping_status":"open","sticky":false,"template":"","format":"standard","meta":{"footnotes":""},"categories":[9],"tags":[],"class_list":["post-2129","post","type-post","status-publish","format-standard","hentry","category-historique"],"yoast_head":"<!-- This site is optimized with the Yoast SEO plugin v26.0 - https:\/\/yoast.com\/wordpress\/plugins\/seo\/ -->\n<title>En avoir deux, c&#039;est mieux... - leblogmoto.com<\/title>\n<meta name=\"robots\" content=\"index, follow, max-snippet:-1, max-image-preview:large, max-video-preview:-1\" \/>\n<link rel=\"canonical\" href=\"https:\/\/blogs.thesocialmedia.com\/leblogmoto\/2006\/01\/06\/en-avoir-deux-c\/\" \/>\n<meta name=\"twitter:card\" content=\"summary_large_image\" \/>\n<meta name=\"twitter:title\" content=\"En avoir deux, c&#039;est mieux... - leblogmoto.com\" \/>\n<meta name=\"twitter:description\" content=\"A une saison o\u00f9 les routes sont pi\u00e8geuses, si ce n&rsquo;est, m\u00eame, impraticables, \u00e0 une p\u00e9riode o\u00f9, au travers la petite lucarne, on reste pantois devant des motards escaladant des dunes de sable avec les pires difficult\u00e9s, on finit par se demander pourquoi la moto n&rsquo;a pas encore pris le pli de l&rsquo;automobile en mati\u00e8re [&hellip;]\" \/>\n<meta name=\"twitter:image\" content=\"http:\/\/www.leblogmoto.com\/images\/2rmb_1.jpg\" \/>\n<meta name=\"twitter:label1\" content=\"\u00c9crit par\" \/>\n\t<meta name=\"twitter:data1\" content=\"andre leconde\" \/>\n\t<meta name=\"twitter:label2\" content=\"Dur\u00e9e de lecture estim\u00e9e\" \/>\n\t<meta name=\"twitter:data2\" content=\"2 minutes\" \/>\n<script type=\"application\/ld+json\" class=\"yoast-schema-graph\">{\"@context\":\"https:\/\/schema.org\",\"@graph\":[{\"@type\":\"WebPage\",\"@id\":\"https:\/\/blogs.thesocialmedia.com\/leblogmoto\/2006\/01\/06\/en-avoir-deux-c\/\",\"url\":\"https:\/\/blogs.thesocialmedia.com\/leblogmoto\/2006\/01\/06\/en-avoir-deux-c\/\",\"name\":\"En avoir deux, c'est mieux... - leblogmoto.com\",\"isPartOf\":{\"@id\":\"https:\/\/blogs.thesocialmedia.com\/leblogmoto\/#website\"},\"primaryImageOfPage\":{\"@id\":\"https:\/\/blogs.thesocialmedia.com\/leblogmoto\/2006\/01\/06\/en-avoir-deux-c\/#primaryimage\"},\"image\":{\"@id\":\"https:\/\/blogs.thesocialmedia.com\/leblogmoto\/2006\/01\/06\/en-avoir-deux-c\/#primaryimage\"},\"thumbnailUrl\":\"http:\/\/www.leblogmoto.com\/images\/2rmb_1.jpg\",\"datePublished\":\"2006-01-06T14:10:00+00:00\",\"dateModified\":\"2012-07-11T14:13:55+00:00\",\"author\":{\"@id\":\"https:\/\/blogs.thesocialmedia.com\/leblogmoto\/#\/schema\/person\/1a1dcfc7cec206573105eb4af91155c2\"},\"breadcrumb\":{\"@id\":\"https:\/\/blogs.thesocialmedia.com\/leblogmoto\/2006\/01\/06\/en-avoir-deux-c\/#breadcrumb\"},\"inLanguage\":\"fr-FR\",\"potentialAction\":[{\"@type\":\"ReadAction\",\"target\":[\"https:\/\/blogs.thesocialmedia.com\/leblogmoto\/2006\/01\/06\/en-avoir-deux-c\/\"]}]},{\"@type\":\"ImageObject\",\"inLanguage\":\"fr-FR\",\"@id\":\"https:\/\/blogs.thesocialmedia.com\/leblogmoto\/2006\/01\/06\/en-avoir-deux-c\/#primaryimage\",\"url\":\"http:\/\/www.leblogmoto.com\/images\/2rmb_1.jpg\",\"contentUrl\":\"http:\/\/www.leblogmoto.com\/images\/2rmb_1.jpg\"},{\"@type\":\"BreadcrumbList\",\"@id\":\"https:\/\/blogs.thesocialmedia.com\/leblogmoto\/2006\/01\/06\/en-avoir-deux-c\/#breadcrumb\",\"itemListElement\":[{\"@type\":\"ListItem\",\"position\":1,\"name\":\"Accueil\",\"item\":\"https:\/\/blogs.thesocialmedia.com\/leblogmoto\/\"},{\"@type\":\"ListItem\",\"position\":2,\"name\":\"En avoir deux, c&rsquo;est mieux&#8230;\"}]},{\"@type\":\"WebSite\",\"@id\":\"https:\/\/blogs.thesocialmedia.com\/leblogmoto\/#website\",\"url\":\"https:\/\/blogs.thesocialmedia.com\/leblogmoto\/\",\"name\":\"leblogmoto\",\"description\":\"Toute l&#039;actualit\u00e9 des 2 roues\",\"potentialAction\":[{\"@type\":\"SearchAction\",\"target\":{\"@type\":\"EntryPoint\",\"urlTemplate\":\"https:\/\/blogs.thesocialmedia.com\/leblogmoto\/?s={search_term_string}\"},\"query-input\":{\"@type\":\"PropertyValueSpecification\",\"valueRequired\":true,\"valueName\":\"search_term_string\"}}],\"inLanguage\":\"fr-FR\"},{\"@type\":\"Person\",\"@id\":\"https:\/\/blogs.thesocialmedia.com\/leblogmoto\/#\/schema\/person\/1a1dcfc7cec206573105eb4af91155c2\",\"name\":\"andre leconde\",\"image\":{\"@type\":\"ImageObject\",\"inLanguage\":\"fr-FR\",\"@id\":\"https:\/\/blogs.thesocialmedia.com\/leblogmoto\/#\/schema\/person\/image\/\",\"url\":\"https:\/\/secure.gravatar.com\/avatar\/?s=96&d=mm&r=g\",\"contentUrl\":\"https:\/\/secure.gravatar.com\/avatar\/?s=96&d=mm&r=g\",\"caption\":\"andre leconde\"},\"url\":\"https:\/\/blogs.thesocialmedia.com\/leblogmoto\/author\/andre-leconde\/\"}]}<\/script>\n<!-- \/ Yoast SEO plugin. -->","yoast_head_json":{"title":"En avoir deux, c'est mieux... - leblogmoto.com","robots":{"index":"index","follow":"follow","max-snippet":"max-snippet:-1","max-image-preview":"max-image-preview:large","max-video-preview":"max-video-preview:-1"},"canonical":"https:\/\/blogs.thesocialmedia.com\/leblogmoto\/2006\/01\/06\/en-avoir-deux-c\/","twitter_card":"summary_large_image","twitter_title":"En avoir deux, c'est mieux... - leblogmoto.com","twitter_description":"A une saison o\u00f9 les routes sont pi\u00e8geuses, si ce n&rsquo;est, m\u00eame, impraticables, \u00e0 une p\u00e9riode o\u00f9, au travers la petite lucarne, on reste pantois devant des motards escaladant des dunes de sable avec les pires difficult\u00e9s, on finit par se demander pourquoi la moto n&rsquo;a pas encore pris le pli de l&rsquo;automobile en mati\u00e8re [&hellip;]","twitter_image":"http:\/\/www.leblogmoto.com\/images\/2rmb_1.jpg","twitter_misc":{"\u00c9crit par":"andre leconde","Dur\u00e9e de lecture estim\u00e9e":"2 minutes"},"schema":{"@context":"https:\/\/schema.org","@graph":[{"@type":"WebPage","@id":"https:\/\/blogs.thesocialmedia.com\/leblogmoto\/2006\/01\/06\/en-avoir-deux-c\/","url":"https:\/\/blogs.thesocialmedia.com\/leblogmoto\/2006\/01\/06\/en-avoir-deux-c\/","name":"En avoir deux, c'est mieux... - leblogmoto.com","isPartOf":{"@id":"https:\/\/blogs.thesocialmedia.com\/leblogmoto\/#website"},"primaryImageOfPage":{"@id":"https:\/\/blogs.thesocialmedia.com\/leblogmoto\/2006\/01\/06\/en-avoir-deux-c\/#primaryimage"},"image":{"@id":"https:\/\/blogs.thesocialmedia.com\/leblogmoto\/2006\/01\/06\/en-avoir-deux-c\/#primaryimage"},"thumbnailUrl":"http:\/\/www.leblogmoto.com\/images\/2rmb_1.jpg","datePublished":"2006-01-06T14:10:00+00:00","dateModified":"2012-07-11T14:13:55+00:00","author":{"@id":"https:\/\/blogs.thesocialmedia.com\/leblogmoto\/#\/schema\/person\/1a1dcfc7cec206573105eb4af91155c2"},"breadcrumb":{"@id":"https:\/\/blogs.thesocialmedia.com\/leblogmoto\/2006\/01\/06\/en-avoir-deux-c\/#breadcrumb"},"inLanguage":"fr-FR","potentialAction":[{"@type":"ReadAction","target":["https:\/\/blogs.thesocialmedia.com\/leblogmoto\/2006\/01\/06\/en-avoir-deux-c\/"]}]},{"@type":"ImageObject","inLanguage":"fr-FR","@id":"https:\/\/blogs.thesocialmedia.com\/leblogmoto\/2006\/01\/06\/en-avoir-deux-c\/#primaryimage","url":"http:\/\/www.leblogmoto.com\/images\/2rmb_1.jpg","contentUrl":"http:\/\/www.leblogmoto.com\/images\/2rmb_1.jpg"},{"@type":"BreadcrumbList","@id":"https:\/\/blogs.thesocialmedia.com\/leblogmoto\/2006\/01\/06\/en-avoir-deux-c\/#breadcrumb","itemListElement":[{"@type":"ListItem","position":1,"name":"Accueil","item":"https:\/\/blogs.thesocialmedia.com\/leblogmoto\/"},{"@type":"ListItem","position":2,"name":"En avoir deux, c&rsquo;est mieux&#8230;"}]},{"@type":"WebSite","@id":"https:\/\/blogs.thesocialmedia.com\/leblogmoto\/#website","url":"https:\/\/blogs.thesocialmedia.com\/leblogmoto\/","name":"leblogmoto","description":"Toute l&#039;actualit\u00e9 des 2 roues","potentialAction":[{"@type":"SearchAction","target":{"@type":"EntryPoint","urlTemplate":"https:\/\/blogs.thesocialmedia.com\/leblogmoto\/?s={search_term_string}"},"query-input":{"@type":"PropertyValueSpecification","valueRequired":true,"valueName":"search_term_string"}}],"inLanguage":"fr-FR"},{"@type":"Person","@id":"https:\/\/blogs.thesocialmedia.com\/leblogmoto\/#\/schema\/person\/1a1dcfc7cec206573105eb4af91155c2","name":"andre leconde","image":{"@type":"ImageObject","inLanguage":"fr-FR","@id":"https:\/\/blogs.thesocialmedia.com\/leblogmoto\/#\/schema\/person\/image\/","url":"https:\/\/secure.gravatar.com\/avatar\/?s=96&d=mm&r=g","contentUrl":"https:\/\/secure.gravatar.com\/avatar\/?s=96&d=mm&r=g","caption":"andre leconde"},"url":"https:\/\/blogs.thesocialmedia.com\/leblogmoto\/author\/andre-leconde\/"}]}},"_links":{"self":[{"href":"https:\/\/blogs.thesocialmedia.com\/leblogmoto\/wp-json\/wp\/v2\/posts\/2129","targetHints":{"allow":["GET"]}}],"collection":[{"href":"https:\/\/blogs.thesocialmedia.com\/leblogmoto\/wp-json\/wp\/v2\/posts"}],"about":[{"href":"https:\/\/blogs.thesocialmedia.com\/leblogmoto\/wp-json\/wp\/v2\/types\/post"}],"author":[{"embeddable":true,"href":"https:\/\/blogs.thesocialmedia.com\/leblogmoto\/wp-json\/wp\/v2\/users\/336"}],"replies":[{"embeddable":true,"href":"https:\/\/blogs.thesocialmedia.com\/leblogmoto\/wp-json\/wp\/v2\/comments?post=2129"}],"version-history":[{"count":2,"href":"https:\/\/blogs.thesocialmedia.com\/leblogmoto\/wp-json\/wp\/v2\/posts\/2129\/revisions"}],"predecessor-version":[{"id":6937,"href":"https:\/\/blogs.thesocialmedia.com\/leblogmoto\/wp-json\/wp\/v2\/posts\/2129\/revisions\/6937"}],"wp:attachment":[{"href":"https:\/\/blogs.thesocialmedia.com\/leblogmoto\/wp-json\/wp\/v2\/media?parent=2129"}],"wp:term":[{"taxonomy":"category","embeddable":true,"href":"https:\/\/blogs.thesocialmedia.com\/leblogmoto\/wp-json\/wp\/v2\/categories?post=2129"},{"taxonomy":"post_tag","embeddable":true,"href":"https:\/\/blogs.thesocialmedia.com\/leblogmoto\/wp-json\/wp\/v2\/tags?post=2129"}],"curies":[{"name":"wp","href":"https:\/\/api.w.org\/{rel}","templated":true}]}}