{"id":2130,"date":"2006-01-05T14:25:00","date_gmt":"2006-01-05T14:25:00","guid":{"rendered":"http:\/\/blogs.thesocialmedia.com\/leblogmoto\/2006\/01\/05\/dakar\/"},"modified":"2012-07-11T14:13:52","modified_gmt":"2012-07-11T14:13:52","slug":"dakar","status":"publish","type":"post","link":"https:\/\/blogs.thesocialmedia.com\/leblogmoto\/2006\/01\/05\/dakar\/","title":{"rendered":"DAKAR: DE GAVARDO rit, DESPRES pleure."},"content":{"rendered":"<p><a href=\"http:\/\/blogs.thesocialmedia.com\/leblogmoto\/files\/2012\/07\/gavardo.jpg\"><img loading=\"lazy\" decoding=\"async\" height=\"372\" alt=\"Gavardo\" src=\"http:\/\/www.leblogmoto.com\/images\/gavardo.jpg\" width=\"250\"  \/><\/a>Les concurrents, apr\u00e8s 5 jours de labeur, entrent en <a href=\"http:\/\/www.leblogmoto.com\/2005\/10\/un_mauritanien_.html\">MAURITANIE<\/a>, abandonnant la poussi\u00e8re rocailleuse de MAROC pour le sable. <\/p>\n<p>444 kms de sp\u00e9ciale, apr\u00e9s une longue liaison qui a oblig\u00e9 le d\u00e9part des premiers concurrents peu apr\u00e8s une heure du matin. <\/p>\n<p>C&rsquo;est aussi l&rsquo;entr\u00e9e en sc\u00e8ne de la <a href=\"http:\/\/www.leblogmoto.com\/2006\/01\/un_dakar_de_nav.html\">navigation<\/a>, dont le retour a \u00e9t\u00e9 appuy\u00e9 par l&rsquo;organisation. Tout le monde s&rsquo;accorde \u00e0 dire que la travers\u00e9e de la MAURITANIE donnera les cl\u00e9s de cette \u00e9dition 2006. <\/p>\n<p>Et cette premi\u00e8re mise en bouche n&rsquo;a pas d\u00e9\u00e7u, apportant son lot de bonnes et mauvaises surprises&#8230;<\/p>\n<\/p>\n<p><a href=\"http:\/\/clabedan.typepad.com\/.shared\/image.html?\/photos\/uncategorized\/dakar6.jpg\"><img loading=\"lazy\" decoding=\"async\" height=\"191\" alt=\"Dakar6\" src=\"http:\/\/www.leblogmoto.com\/images\/dakar6.jpg\" width=\"250\"  \/><\/a> Si le chilien <strong>Carlo DE GAVARDO<\/strong> s&rsquo;est magnifiquement jou\u00e9 des pi\u00e8ges de cette sp\u00e9ciale, en l&#8217;emportant sans coup f\u00e9rir, le duo en lice pour la victoire a connu des fortunes diverses. Le mauvais revers de cette derni\u00e8re a \u00e9t\u00e9 pour <strong>Cyril DESPRES<\/strong> qui est <strong>tomb\u00e9<\/strong>. Selon son propre diagnostic, la <strong>clavicule<\/strong> est salement touch\u00e9e, ce qui ne laisse augurer rien de bon tant les organismes sont mis \u00e0 l&rsquo;\u00e9preuve sur ce type de terrain. Il lui reste \u00e0 faire la laison jusqu&rsquo;\u00e0 ZOUERAT dans cet \u00e9tat&#8230; <\/p>\n<p>3\u00b0 de cette \u00e9tape meurti\u00e8re, Marco COMA conforte sa place de leader devant DESPRES rel\u00e9gu\u00e9 \u00e0 3&rsquo;43 et sous la menace <a href=\"http:\/\/www.leblogmoto.com\/2006\/01\/dakar_esteve_sl.html\">d&rsquo;ESTEVE-PUJOL<\/a>.&nbsp; &nbsp;<\/p>\n<p>SOURCE: <a href=\"http:\/\/www.eurosport.tf1.fr\/\">www.eurosport.tf1.fr<\/a><\/p>\n","protected":false},"excerpt":{"rendered":"<p>Les concurrents, apr\u00e8s 5 jours de labeur, entrent en MAURITANIE, abandonnant la poussi\u00e8re rocailleuse de MAROC pour le sable. 444 kms de sp\u00e9ciale, apr\u00e9s une longue liaison qui a oblig\u00e9 le d\u00e9part des premiers concurrents peu apr\u00e8s une heure du matin. C&rsquo;est aussi l&rsquo;entr\u00e9e en sc\u00e8ne de la navigation, dont le retour a \u00e9t\u00e9 appuy\u00e9 [&hellip;]<\/p>\n","protected":false},"author":336,"featured_media":0,"comment_status":"open","ping_status":"open","sticky":false,"template":"","format":"standard","meta":{"footnotes":""},"categories":[32],"tags":[],"class_list":["post-2130","post","type-post","status-publish","format-standard","hentry","category-sport-moto"],"yoast_head":"<!-- This site is optimized with the Yoast SEO plugin v26.0 - https:\/\/yoast.com\/wordpress\/plugins\/seo\/ -->\n<title>DAKAR: DE GAVARDO rit, DESPRES pleure. - leblogmoto.com<\/title>\n<meta name=\"robots\" content=\"index, follow, max-snippet:-1, max-image-preview:large, max-video-preview:-1\" \/>\n<link rel=\"canonical\" href=\"https:\/\/blogs.thesocialmedia.com\/leblogmoto\/2006\/01\/05\/dakar\/\" \/>\n<meta name=\"twitter:card\" content=\"summary_large_image\" \/>\n<meta name=\"twitter:title\" content=\"DAKAR: DE GAVARDO rit, DESPRES pleure. - leblogmoto.com\" \/>\n<meta name=\"twitter:description\" content=\"Les concurrents, apr\u00e8s 5 jours de labeur, entrent en MAURITANIE, abandonnant la poussi\u00e8re rocailleuse de MAROC pour le sable. 444 kms de sp\u00e9ciale, apr\u00e9s une longue liaison qui a oblig\u00e9 le d\u00e9part des premiers concurrents peu apr\u00e8s une heure du matin. C&rsquo;est aussi l&rsquo;entr\u00e9e en sc\u00e8ne de la navigation, dont le retour a \u00e9t\u00e9 appuy\u00e9 [&hellip;]\" \/>\n<meta name=\"twitter:image\" content=\"http:\/\/www.leblogmoto.com\/images\/gavardo.jpg\" \/>\n<meta name=\"twitter:label1\" content=\"\u00c9crit par\" \/>\n\t<meta name=\"twitter:data1\" content=\"andre leconde\" \/>\n\t<meta name=\"twitter:label2\" content=\"Dur\u00e9e de lecture estim\u00e9e\" \/>\n\t<meta name=\"twitter:data2\" content=\"1 minute\" \/>\n<script type=\"application\/ld+json\" class=\"yoast-schema-graph\">{\"@context\":\"https:\/\/schema.org\",\"@graph\":[{\"@type\":\"WebPage\",\"@id\":\"https:\/\/blogs.thesocialmedia.com\/leblogmoto\/2006\/01\/05\/dakar\/\",\"url\":\"https:\/\/blogs.thesocialmedia.com\/leblogmoto\/2006\/01\/05\/dakar\/\",\"name\":\"DAKAR: DE GAVARDO rit, DESPRES pleure. - leblogmoto.com\",\"isPartOf\":{\"@id\":\"https:\/\/blogs.thesocialmedia.com\/leblogmoto\/#website\"},\"primaryImageOfPage\":{\"@id\":\"https:\/\/blogs.thesocialmedia.com\/leblogmoto\/2006\/01\/05\/dakar\/#primaryimage\"},\"image\":{\"@id\":\"https:\/\/blogs.thesocialmedia.com\/leblogmoto\/2006\/01\/05\/dakar\/#primaryimage\"},\"thumbnailUrl\":\"http:\/\/www.leblogmoto.com\/images\/gavardo.jpg\",\"datePublished\":\"2006-01-05T14:25:00+00:00\",\"dateModified\":\"2012-07-11T14:13:52+00:00\",\"author\":{\"@id\":\"https:\/\/blogs.thesocialmedia.com\/leblogmoto\/#\/schema\/person\/1a1dcfc7cec206573105eb4af91155c2\"},\"breadcrumb\":{\"@id\":\"https:\/\/blogs.thesocialmedia.com\/leblogmoto\/2006\/01\/05\/dakar\/#breadcrumb\"},\"inLanguage\":\"fr-FR\",\"potentialAction\":[{\"@type\":\"ReadAction\",\"target\":[\"https:\/\/blogs.thesocialmedia.com\/leblogmoto\/2006\/01\/05\/dakar\/\"]}]},{\"@type\":\"ImageObject\",\"inLanguage\":\"fr-FR\",\"@id\":\"https:\/\/blogs.thesocialmedia.com\/leblogmoto\/2006\/01\/05\/dakar\/#primaryimage\",\"url\":\"http:\/\/www.leblogmoto.com\/images\/gavardo.jpg\",\"contentUrl\":\"http:\/\/www.leblogmoto.com\/images\/gavardo.jpg\"},{\"@type\":\"BreadcrumbList\",\"@id\":\"https:\/\/blogs.thesocialmedia.com\/leblogmoto\/2006\/01\/05\/dakar\/#breadcrumb\",\"itemListElement\":[{\"@type\":\"ListItem\",\"position\":1,\"name\":\"Accueil\",\"item\":\"https:\/\/blogs.thesocialmedia.com\/leblogmoto\/\"},{\"@type\":\"ListItem\",\"position\":2,\"name\":\"DAKAR: DE GAVARDO rit, DESPRES pleure.\"}]},{\"@type\":\"WebSite\",\"@id\":\"https:\/\/blogs.thesocialmedia.com\/leblogmoto\/#website\",\"url\":\"https:\/\/blogs.thesocialmedia.com\/leblogmoto\/\",\"name\":\"leblogmoto\",\"description\":\"Toute l&#039;actualit\u00e9 des 2 roues\",\"potentialAction\":[{\"@type\":\"SearchAction\",\"target\":{\"@type\":\"EntryPoint\",\"urlTemplate\":\"https:\/\/blogs.thesocialmedia.com\/leblogmoto\/?s={search_term_string}\"},\"query-input\":{\"@type\":\"PropertyValueSpecification\",\"valueRequired\":true,\"valueName\":\"search_term_string\"}}],\"inLanguage\":\"fr-FR\"},{\"@type\":\"Person\",\"@id\":\"https:\/\/blogs.thesocialmedia.com\/leblogmoto\/#\/schema\/person\/1a1dcfc7cec206573105eb4af91155c2\",\"name\":\"andre leconde\",\"image\":{\"@type\":\"ImageObject\",\"inLanguage\":\"fr-FR\",\"@id\":\"https:\/\/blogs.thesocialmedia.com\/leblogmoto\/#\/schema\/person\/image\/\",\"url\":\"https:\/\/secure.gravatar.com\/avatar\/?s=96&d=mm&r=g\",\"contentUrl\":\"https:\/\/secure.gravatar.com\/avatar\/?s=96&d=mm&r=g\",\"caption\":\"andre leconde\"},\"url\":\"https:\/\/blogs.thesocialmedia.com\/leblogmoto\/author\/andre-leconde\/\"}]}<\/script>\n<!-- \/ Yoast SEO plugin. -->","yoast_head_json":{"title":"DAKAR: DE GAVARDO rit, DESPRES pleure. - leblogmoto.com","robots":{"index":"index","follow":"follow","max-snippet":"max-snippet:-1","max-image-preview":"max-image-preview:large","max-video-preview":"max-video-preview:-1"},"canonical":"https:\/\/blogs.thesocialmedia.com\/leblogmoto\/2006\/01\/05\/dakar\/","twitter_card":"summary_large_image","twitter_title":"DAKAR: DE GAVARDO rit, DESPRES pleure. - leblogmoto.com","twitter_description":"Les concurrents, apr\u00e8s 5 jours de labeur, entrent en MAURITANIE, abandonnant la poussi\u00e8re rocailleuse de MAROC pour le sable. 444 kms de sp\u00e9ciale, apr\u00e9s une longue liaison qui a oblig\u00e9 le d\u00e9part des premiers concurrents peu apr\u00e8s une heure du matin. C&rsquo;est aussi l&rsquo;entr\u00e9e en sc\u00e8ne de la navigation, dont le retour a \u00e9t\u00e9 appuy\u00e9 [&hellip;]","twitter_image":"http:\/\/www.leblogmoto.com\/images\/gavardo.jpg","twitter_misc":{"\u00c9crit par":"andre leconde","Dur\u00e9e de lecture estim\u00e9e":"1 minute"},"schema":{"@context":"https:\/\/schema.org","@graph":[{"@type":"WebPage","@id":"https:\/\/blogs.thesocialmedia.com\/leblogmoto\/2006\/01\/05\/dakar\/","url":"https:\/\/blogs.thesocialmedia.com\/leblogmoto\/2006\/01\/05\/dakar\/","name":"DAKAR: DE GAVARDO rit, DESPRES pleure. - leblogmoto.com","isPartOf":{"@id":"https:\/\/blogs.thesocialmedia.com\/leblogmoto\/#website"},"primaryImageOfPage":{"@id":"https:\/\/blogs.thesocialmedia.com\/leblogmoto\/2006\/01\/05\/dakar\/#primaryimage"},"image":{"@id":"https:\/\/blogs.thesocialmedia.com\/leblogmoto\/2006\/01\/05\/dakar\/#primaryimage"},"thumbnailUrl":"http:\/\/www.leblogmoto.com\/images\/gavardo.jpg","datePublished":"2006-01-05T14:25:00+00:00","dateModified":"2012-07-11T14:13:52+00:00","author":{"@id":"https:\/\/blogs.thesocialmedia.com\/leblogmoto\/#\/schema\/person\/1a1dcfc7cec206573105eb4af91155c2"},"breadcrumb":{"@id":"https:\/\/blogs.thesocialmedia.com\/leblogmoto\/2006\/01\/05\/dakar\/#breadcrumb"},"inLanguage":"fr-FR","potentialAction":[{"@type":"ReadAction","target":["https:\/\/blogs.thesocialmedia.com\/leblogmoto\/2006\/01\/05\/dakar\/"]}]},{"@type":"ImageObject","inLanguage":"fr-FR","@id":"https:\/\/blogs.thesocialmedia.com\/leblogmoto\/2006\/01\/05\/dakar\/#primaryimage","url":"http:\/\/www.leblogmoto.com\/images\/gavardo.jpg","contentUrl":"http:\/\/www.leblogmoto.com\/images\/gavardo.jpg"},{"@type":"BreadcrumbList","@id":"https:\/\/blogs.thesocialmedia.com\/leblogmoto\/2006\/01\/05\/dakar\/#breadcrumb","itemListElement":[{"@type":"ListItem","position":1,"name":"Accueil","item":"https:\/\/blogs.thesocialmedia.com\/leblogmoto\/"},{"@type":"ListItem","position":2,"name":"DAKAR: DE GAVARDO rit, DESPRES pleure."}]},{"@type":"WebSite","@id":"https:\/\/blogs.thesocialmedia.com\/leblogmoto\/#website","url":"https:\/\/blogs.thesocialmedia.com\/leblogmoto\/","name":"leblogmoto","description":"Toute l&#039;actualit\u00e9 des 2 roues","potentialAction":[{"@type":"SearchAction","target":{"@type":"EntryPoint","urlTemplate":"https:\/\/blogs.thesocialmedia.com\/leblogmoto\/?s={search_term_string}"},"query-input":{"@type":"PropertyValueSpecification","valueRequired":true,"valueName":"search_term_string"}}],"inLanguage":"fr-FR"},{"@type":"Person","@id":"https:\/\/blogs.thesocialmedia.com\/leblogmoto\/#\/schema\/person\/1a1dcfc7cec206573105eb4af91155c2","name":"andre leconde","image":{"@type":"ImageObject","inLanguage":"fr-FR","@id":"https:\/\/blogs.thesocialmedia.com\/leblogmoto\/#\/schema\/person\/image\/","url":"https:\/\/secure.gravatar.com\/avatar\/?s=96&d=mm&r=g","contentUrl":"https:\/\/secure.gravatar.com\/avatar\/?s=96&d=mm&r=g","caption":"andre leconde"},"url":"https:\/\/blogs.thesocialmedia.com\/leblogmoto\/author\/andre-leconde\/"}]}},"_links":{"self":[{"href":"https:\/\/blogs.thesocialmedia.com\/leblogmoto\/wp-json\/wp\/v2\/posts\/2130","targetHints":{"allow":["GET"]}}],"collection":[{"href":"https:\/\/blogs.thesocialmedia.com\/leblogmoto\/wp-json\/wp\/v2\/posts"}],"about":[{"href":"https:\/\/blogs.thesocialmedia.com\/leblogmoto\/wp-json\/wp\/v2\/types\/post"}],"author":[{"embeddable":true,"href":"https:\/\/blogs.thesocialmedia.com\/leblogmoto\/wp-json\/wp\/v2\/users\/336"}],"replies":[{"embeddable":true,"href":"https:\/\/blogs.thesocialmedia.com\/leblogmoto\/wp-json\/wp\/v2\/comments?post=2130"}],"version-history":[{"count":2,"href":"https:\/\/blogs.thesocialmedia.com\/leblogmoto\/wp-json\/wp\/v2\/posts\/2130\/revisions"}],"predecessor-version":[{"id":6934,"href":"https:\/\/blogs.thesocialmedia.com\/leblogmoto\/wp-json\/wp\/v2\/posts\/2130\/revisions\/6934"}],"wp:attachment":[{"href":"https:\/\/blogs.thesocialmedia.com\/leblogmoto\/wp-json\/wp\/v2\/media?parent=2130"}],"wp:term":[{"taxonomy":"category","embeddable":true,"href":"https:\/\/blogs.thesocialmedia.com\/leblogmoto\/wp-json\/wp\/v2\/categories?post=2130"},{"taxonomy":"post_tag","embeddable":true,"href":"https:\/\/blogs.thesocialmedia.com\/leblogmoto\/wp-json\/wp\/v2\/tags?post=2130"}],"curies":[{"name":"wp","href":"https:\/\/api.w.org\/{rel}","templated":true}]}}