{"id":2133,"date":"2006-01-04T15:40:00","date_gmt":"2006-01-04T15:40:00","guid":{"rendered":"http:\/\/blogs.thesocialmedia.com\/leblogmoto\/2006\/01\/04\/superbike-terre\/"},"modified":"2012-07-11T14:13:48","modified_gmt":"2012-07-11T14:13:48","slug":"superbike-terre","status":"publish","type":"post","link":"https:\/\/blogs.thesocialmedia.com\/leblogmoto\/2006\/01\/04\/superbike-terre\/","title":{"rendered":"Superbike, terre d&rsquo;asile."},"content":{"rendered":"<p><a href=\"http:\/\/blogs.thesocialmedia.com\/leblogmoto\/files\/2012\/07\/sbk_logo.jpg\"><img loading=\"lazy\" decoding=\"async\" height=\"202\" alt=\"Sbk_logo\" src=\"http:\/\/www.leblogmoto.com\/images\/sbk_logo.jpg\" width=\"250\"  \/><\/a>Le plateau 2006 de Superbike est au point d&rsquo;exsuder des impressions mitig\u00e9es tant il se p\u00e2me, ces derni\u00e8res semaines, de pilotes en mal de guidons issus du MotoGp. <\/p>\n<p>D&rsquo;aucuns pourraient se f\u00e9liciter de voir, ainsi, la discipline prendre du grade avec ces arriv\u00e9es hupp\u00e9es, mais, d&rsquo;un autre c\u00f4t\u00e9, le milieu semble devenir une sorte de cimeti\u00e8re des \u00e9l\u00e9phants, comme un dernier lieu \u00e0 fr\u00e9quenter avant de se retirer totalement des affaires. Ceci dit, l&rsquo;ironie est que certaines de ces venues sont la cons\u00e9quence d&rsquo;intronisation de pilotes Superbike au sein de teams MotoGp. Ainsi, <a href=\"http:\/\/www.leblogmoto.com\/2005\/09\/superbike_verme.html\">VERMEULEN<\/a> chez SUZUKI&#8230; <\/p>\n<p>Sur ces consid\u00e9rations, voyons quelles sont les derni\u00e8res nouvelles&#8230;&nbsp; &nbsp;&nbsp; <\/p>\n<p><a href=\"http:\/\/clabedan.typepad.com\/.shared\/image.html?\/photos\/uncategorized\/grandma.jpg\"><img loading=\"lazy\" decoding=\"async\" height=\"158\" alt=\"Grandma\" src=\"http:\/\/www.leblogmoto.com\/images\/grandma.jpg\" width=\"250\"  \/><\/a>C&rsquo;est d&rsquo;abord <strong>XAUS<\/strong> qui revient apr\u00e8s une saison calamiteuse dans la cat\u00e9gorie reine. L&rsquo;ancien \u00e9quipier d&rsquo;HODGSON en 2003 retrouvera une DUCATI chez STERILGARDA. <strong>BATTAINI<\/strong> d\u00e9couvrira le Superbike avec la KAWASAKI du team BERTOCCHI. Puis Roberto <strong>ROLFO<\/strong> a confirm\u00e9 sa participation avec le team CARRACHI qui s&rsquo;occupera d&rsquo;une DUCATI 999 F05.<\/p>\n<p>Ces pilotes rejoignent ainsi <a href=\"http:\/\/www.leblogmoto.com\/2005\/12\/barros_en_super.html\">BARROS<\/a> et <a href=\"http:\/\/www.leblogmoto.com\/2005\/12\/la_guerre_des_t.html\">BAYLISS<\/a>. Un nom manque dans cette transhumance. Celui de <a href=\"http:\/\/www.leblogmoto.com\/2005\/11\/lempereur_maudi.html\">BIAGGI<\/a>. Un bruit, parmi tant d&rsquo;autres, l&rsquo;annonce sur une troisi\u00e8me SUZUKI Alstare. Ce qui serait une tr\u00e8s mauvaise nouvelle pour <a href=\"http:\/\/www.leblogmoto.com\/2005\/12\/foret_simplante.html\">FORET<\/a>&#8230; <\/p>\n","protected":false},"excerpt":{"rendered":"<p>Le plateau 2006 de Superbike est au point d&rsquo;exsuder des impressions mitig\u00e9es tant il se p\u00e2me, ces derni\u00e8res semaines, de pilotes en mal de guidons issus du MotoGp. D&rsquo;aucuns pourraient se f\u00e9liciter de voir, ainsi, la discipline prendre du grade avec ces arriv\u00e9es hupp\u00e9es, mais, d&rsquo;un autre c\u00f4t\u00e9, le milieu semble devenir une sorte de [&hellip;]<\/p>\n","protected":false},"author":336,"featured_media":0,"comment_status":"open","ping_status":"open","sticky":false,"template":"","format":"standard","meta":{"footnotes":""},"categories":[32],"tags":[],"class_list":["post-2133","post","type-post","status-publish","format-standard","hentry","category-sport-moto"],"yoast_head":"<!-- This site is optimized with the Yoast SEO plugin v26.0 - https:\/\/yoast.com\/wordpress\/plugins\/seo\/ -->\n<title>Superbike, terre d&#039;asile. - leblogmoto.com<\/title>\n<meta name=\"robots\" content=\"index, follow, max-snippet:-1, max-image-preview:large, max-video-preview:-1\" \/>\n<link rel=\"canonical\" href=\"https:\/\/blogs.thesocialmedia.com\/leblogmoto\/2006\/01\/04\/superbike-terre\/\" \/>\n<meta name=\"twitter:card\" content=\"summary_large_image\" \/>\n<meta name=\"twitter:title\" content=\"Superbike, terre d&#039;asile. - leblogmoto.com\" \/>\n<meta name=\"twitter:description\" content=\"Le plateau 2006 de Superbike est au point d&rsquo;exsuder des impressions mitig\u00e9es tant il se p\u00e2me, ces derni\u00e8res semaines, de pilotes en mal de guidons issus du MotoGp. D&rsquo;aucuns pourraient se f\u00e9liciter de voir, ainsi, la discipline prendre du grade avec ces arriv\u00e9es hupp\u00e9es, mais, d&rsquo;un autre c\u00f4t\u00e9, le milieu semble devenir une sorte de [&hellip;]\" \/>\n<meta name=\"twitter:image\" content=\"http:\/\/www.leblogmoto.com\/images\/sbk_logo.jpg\" \/>\n<meta name=\"twitter:label1\" content=\"\u00c9crit par\" \/>\n\t<meta name=\"twitter:data1\" content=\"andre leconde\" \/>\n\t<meta name=\"twitter:label2\" content=\"Dur\u00e9e de lecture estim\u00e9e\" \/>\n\t<meta name=\"twitter:data2\" content=\"1 minute\" \/>\n<script type=\"application\/ld+json\" class=\"yoast-schema-graph\">{\"@context\":\"https:\/\/schema.org\",\"@graph\":[{\"@type\":\"WebPage\",\"@id\":\"https:\/\/blogs.thesocialmedia.com\/leblogmoto\/2006\/01\/04\/superbike-terre\/\",\"url\":\"https:\/\/blogs.thesocialmedia.com\/leblogmoto\/2006\/01\/04\/superbike-terre\/\",\"name\":\"Superbike, terre d'asile. - leblogmoto.com\",\"isPartOf\":{\"@id\":\"https:\/\/blogs.thesocialmedia.com\/leblogmoto\/#website\"},\"primaryImageOfPage\":{\"@id\":\"https:\/\/blogs.thesocialmedia.com\/leblogmoto\/2006\/01\/04\/superbike-terre\/#primaryimage\"},\"image\":{\"@id\":\"https:\/\/blogs.thesocialmedia.com\/leblogmoto\/2006\/01\/04\/superbike-terre\/#primaryimage\"},\"thumbnailUrl\":\"http:\/\/www.leblogmoto.com\/images\/sbk_logo.jpg\",\"datePublished\":\"2006-01-04T15:40:00+00:00\",\"dateModified\":\"2012-07-11T14:13:48+00:00\",\"author\":{\"@id\":\"https:\/\/blogs.thesocialmedia.com\/leblogmoto\/#\/schema\/person\/1a1dcfc7cec206573105eb4af91155c2\"},\"breadcrumb\":{\"@id\":\"https:\/\/blogs.thesocialmedia.com\/leblogmoto\/2006\/01\/04\/superbike-terre\/#breadcrumb\"},\"inLanguage\":\"fr-FR\",\"potentialAction\":[{\"@type\":\"ReadAction\",\"target\":[\"https:\/\/blogs.thesocialmedia.com\/leblogmoto\/2006\/01\/04\/superbike-terre\/\"]}]},{\"@type\":\"ImageObject\",\"inLanguage\":\"fr-FR\",\"@id\":\"https:\/\/blogs.thesocialmedia.com\/leblogmoto\/2006\/01\/04\/superbike-terre\/#primaryimage\",\"url\":\"http:\/\/www.leblogmoto.com\/images\/sbk_logo.jpg\",\"contentUrl\":\"http:\/\/www.leblogmoto.com\/images\/sbk_logo.jpg\"},{\"@type\":\"BreadcrumbList\",\"@id\":\"https:\/\/blogs.thesocialmedia.com\/leblogmoto\/2006\/01\/04\/superbike-terre\/#breadcrumb\",\"itemListElement\":[{\"@type\":\"ListItem\",\"position\":1,\"name\":\"Accueil\",\"item\":\"https:\/\/blogs.thesocialmedia.com\/leblogmoto\/\"},{\"@type\":\"ListItem\",\"position\":2,\"name\":\"Superbike, terre d&rsquo;asile.\"}]},{\"@type\":\"WebSite\",\"@id\":\"https:\/\/blogs.thesocialmedia.com\/leblogmoto\/#website\",\"url\":\"https:\/\/blogs.thesocialmedia.com\/leblogmoto\/\",\"name\":\"leblogmoto\",\"description\":\"Toute l&#039;actualit\u00e9 des 2 roues\",\"potentialAction\":[{\"@type\":\"SearchAction\",\"target\":{\"@type\":\"EntryPoint\",\"urlTemplate\":\"https:\/\/blogs.thesocialmedia.com\/leblogmoto\/?s={search_term_string}\"},\"query-input\":{\"@type\":\"PropertyValueSpecification\",\"valueRequired\":true,\"valueName\":\"search_term_string\"}}],\"inLanguage\":\"fr-FR\"},{\"@type\":\"Person\",\"@id\":\"https:\/\/blogs.thesocialmedia.com\/leblogmoto\/#\/schema\/person\/1a1dcfc7cec206573105eb4af91155c2\",\"name\":\"andre leconde\",\"image\":{\"@type\":\"ImageObject\",\"inLanguage\":\"fr-FR\",\"@id\":\"https:\/\/blogs.thesocialmedia.com\/leblogmoto\/#\/schema\/person\/image\/\",\"url\":\"https:\/\/secure.gravatar.com\/avatar\/?s=96&d=mm&r=g\",\"contentUrl\":\"https:\/\/secure.gravatar.com\/avatar\/?s=96&d=mm&r=g\",\"caption\":\"andre leconde\"},\"url\":\"https:\/\/blogs.thesocialmedia.com\/leblogmoto\/author\/andre-leconde\/\"}]}<\/script>\n<!-- \/ Yoast SEO plugin. -->","yoast_head_json":{"title":"Superbike, terre d'asile. - leblogmoto.com","robots":{"index":"index","follow":"follow","max-snippet":"max-snippet:-1","max-image-preview":"max-image-preview:large","max-video-preview":"max-video-preview:-1"},"canonical":"https:\/\/blogs.thesocialmedia.com\/leblogmoto\/2006\/01\/04\/superbike-terre\/","twitter_card":"summary_large_image","twitter_title":"Superbike, terre d'asile. - leblogmoto.com","twitter_description":"Le plateau 2006 de Superbike est au point d&rsquo;exsuder des impressions mitig\u00e9es tant il se p\u00e2me, ces derni\u00e8res semaines, de pilotes en mal de guidons issus du MotoGp. D&rsquo;aucuns pourraient se f\u00e9liciter de voir, ainsi, la discipline prendre du grade avec ces arriv\u00e9es hupp\u00e9es, mais, d&rsquo;un autre c\u00f4t\u00e9, le milieu semble devenir une sorte de [&hellip;]","twitter_image":"http:\/\/www.leblogmoto.com\/images\/sbk_logo.jpg","twitter_misc":{"\u00c9crit par":"andre leconde","Dur\u00e9e de lecture estim\u00e9e":"1 minute"},"schema":{"@context":"https:\/\/schema.org","@graph":[{"@type":"WebPage","@id":"https:\/\/blogs.thesocialmedia.com\/leblogmoto\/2006\/01\/04\/superbike-terre\/","url":"https:\/\/blogs.thesocialmedia.com\/leblogmoto\/2006\/01\/04\/superbike-terre\/","name":"Superbike, terre d'asile. - leblogmoto.com","isPartOf":{"@id":"https:\/\/blogs.thesocialmedia.com\/leblogmoto\/#website"},"primaryImageOfPage":{"@id":"https:\/\/blogs.thesocialmedia.com\/leblogmoto\/2006\/01\/04\/superbike-terre\/#primaryimage"},"image":{"@id":"https:\/\/blogs.thesocialmedia.com\/leblogmoto\/2006\/01\/04\/superbike-terre\/#primaryimage"},"thumbnailUrl":"http:\/\/www.leblogmoto.com\/images\/sbk_logo.jpg","datePublished":"2006-01-04T15:40:00+00:00","dateModified":"2012-07-11T14:13:48+00:00","author":{"@id":"https:\/\/blogs.thesocialmedia.com\/leblogmoto\/#\/schema\/person\/1a1dcfc7cec206573105eb4af91155c2"},"breadcrumb":{"@id":"https:\/\/blogs.thesocialmedia.com\/leblogmoto\/2006\/01\/04\/superbike-terre\/#breadcrumb"},"inLanguage":"fr-FR","potentialAction":[{"@type":"ReadAction","target":["https:\/\/blogs.thesocialmedia.com\/leblogmoto\/2006\/01\/04\/superbike-terre\/"]}]},{"@type":"ImageObject","inLanguage":"fr-FR","@id":"https:\/\/blogs.thesocialmedia.com\/leblogmoto\/2006\/01\/04\/superbike-terre\/#primaryimage","url":"http:\/\/www.leblogmoto.com\/images\/sbk_logo.jpg","contentUrl":"http:\/\/www.leblogmoto.com\/images\/sbk_logo.jpg"},{"@type":"BreadcrumbList","@id":"https:\/\/blogs.thesocialmedia.com\/leblogmoto\/2006\/01\/04\/superbike-terre\/#breadcrumb","itemListElement":[{"@type":"ListItem","position":1,"name":"Accueil","item":"https:\/\/blogs.thesocialmedia.com\/leblogmoto\/"},{"@type":"ListItem","position":2,"name":"Superbike, terre d&rsquo;asile."}]},{"@type":"WebSite","@id":"https:\/\/blogs.thesocialmedia.com\/leblogmoto\/#website","url":"https:\/\/blogs.thesocialmedia.com\/leblogmoto\/","name":"leblogmoto","description":"Toute l&#039;actualit\u00e9 des 2 roues","potentialAction":[{"@type":"SearchAction","target":{"@type":"EntryPoint","urlTemplate":"https:\/\/blogs.thesocialmedia.com\/leblogmoto\/?s={search_term_string}"},"query-input":{"@type":"PropertyValueSpecification","valueRequired":true,"valueName":"search_term_string"}}],"inLanguage":"fr-FR"},{"@type":"Person","@id":"https:\/\/blogs.thesocialmedia.com\/leblogmoto\/#\/schema\/person\/1a1dcfc7cec206573105eb4af91155c2","name":"andre leconde","image":{"@type":"ImageObject","inLanguage":"fr-FR","@id":"https:\/\/blogs.thesocialmedia.com\/leblogmoto\/#\/schema\/person\/image\/","url":"https:\/\/secure.gravatar.com\/avatar\/?s=96&d=mm&r=g","contentUrl":"https:\/\/secure.gravatar.com\/avatar\/?s=96&d=mm&r=g","caption":"andre leconde"},"url":"https:\/\/blogs.thesocialmedia.com\/leblogmoto\/author\/andre-leconde\/"}]}},"_links":{"self":[{"href":"https:\/\/blogs.thesocialmedia.com\/leblogmoto\/wp-json\/wp\/v2\/posts\/2133","targetHints":{"allow":["GET"]}}],"collection":[{"href":"https:\/\/blogs.thesocialmedia.com\/leblogmoto\/wp-json\/wp\/v2\/posts"}],"about":[{"href":"https:\/\/blogs.thesocialmedia.com\/leblogmoto\/wp-json\/wp\/v2\/types\/post"}],"author":[{"embeddable":true,"href":"https:\/\/blogs.thesocialmedia.com\/leblogmoto\/wp-json\/wp\/v2\/users\/336"}],"replies":[{"embeddable":true,"href":"https:\/\/blogs.thesocialmedia.com\/leblogmoto\/wp-json\/wp\/v2\/comments?post=2133"}],"version-history":[{"count":2,"href":"https:\/\/blogs.thesocialmedia.com\/leblogmoto\/wp-json\/wp\/v2\/posts\/2133\/revisions"}],"predecessor-version":[{"id":6928,"href":"https:\/\/blogs.thesocialmedia.com\/leblogmoto\/wp-json\/wp\/v2\/posts\/2133\/revisions\/6928"}],"wp:attachment":[{"href":"https:\/\/blogs.thesocialmedia.com\/leblogmoto\/wp-json\/wp\/v2\/media?parent=2133"}],"wp:term":[{"taxonomy":"category","embeddable":true,"href":"https:\/\/blogs.thesocialmedia.com\/leblogmoto\/wp-json\/wp\/v2\/categories?post=2133"},{"taxonomy":"post_tag","embeddable":true,"href":"https:\/\/blogs.thesocialmedia.com\/leblogmoto\/wp-json\/wp\/v2\/tags?post=2133"}],"curies":[{"name":"wp","href":"https:\/\/api.w.org\/{rel}","templated":true}]}}