{"id":2135,"date":"2006-01-04T12:25:00","date_gmt":"2006-01-04T12:25:00","guid":{"rendered":"http:\/\/blogs.thesocialmedia.com\/leblogmoto\/2006\/01\/04\/les-impratifs-e\/"},"modified":"2012-07-11T14:13:45","modified_gmt":"2012-07-11T14:13:45","slug":"les-impratifs-e","status":"publish","type":"post","link":"https:\/\/blogs.thesocialmedia.com\/leblogmoto\/2006\/01\/04\/les-impratifs-e\/","title":{"rendered":"ADS-ONE: Soyez au courant."},"content":{"rendered":"<p><a href=\"http:\/\/blogs.thesocialmedia.com\/leblogmoto\/files\/2012\/07\/adstechnologiesscooterhybride.jpg\"><img loading=\"lazy\" decoding=\"async\" height=\"187\" alt=\"Adstechnologiesscooterhybride\" src=\"http:\/\/www.leblogmoto.com\/images\/adstechnologiesscooterhybride.jpg\" width=\"250\"  \/><\/a>Les imp\u00e9ratifs environnementaux \u00e9tant pris de plus en plus au s\u00e9rieux par nos d\u00e9cideurs, qui n&rsquo;h\u00e9sitent plus \u00e0 les traduire, dans les faits, par des <a href=\"http:\/\/www.leblogauto.com\/2006\/01\/stockholm_inaug.html\">restrictions<\/a> de circulation, le principe du v\u00e9hicule <a href=\"http:\/\/www.leblogmoto.com\/2005\/09\/on_parle_de_plu.html\">hybride<\/a> s&rsquo;impose progressivement dans le monde de la production. La moto n&rsquo;y \u00e9chappe pas, d&rsquo;autant plus qu&rsquo;elle commence \u00e0 \u00eatre <a href=\"http:\/\/www.leblogmoto.com\/2005\/12\/il_ny_a_jamais_.html\">surveill\u00e9e<\/a> pour ce qui est de ses \u00e9manations. L&rsquo;enjeu \u00e9tant, dans un premier temps, urbain, c&rsquo;est le scooter qui fait l&rsquo;objet de toutes les sollicitudes. Et, r\u00e9jouissons nous, c&rsquo;est un <a href=\"http:\/\/www.leblogmoto.com\/2005\/11\/moteur_hybride_.html\">fran\u00e7ais<\/a> qui, le premier, semble en mesure de d\u00e9voiler ses batteries. Avec un nom comme <strong>CAUSSE<\/strong>, le destin ne pouvait en \u00eatre autrement&#8230;&nbsp; &nbsp;&nbsp; <\/p>\n<p><a href=\"http:\/\/clabedan.typepad.com\/.shared\/image.html?\/photos\/uncategorized\/yam_hv01.jpg\"><img loading=\"lazy\" decoding=\"async\" height=\"197\" alt=\"Yam_hv01\" src=\"http:\/\/www.leblogmoto.com\/images\/yam_hv01.jpg\" width=\"250\"  \/><\/a>C&rsquo;est ainsi que la soci\u00e8t\u00e9 <strong>ADS TECHNOLOGIES<\/strong> joue le r\u00f4le de pr\u00e9curseur en la mati\u00e8re. Certes moins esth\u00e9tique que la YAMAHA HV-01 ci- contre, son scooter a cependant le m\u00e9rite d&rsquo;\u00eatre proche, non plus de la production, mais de la commercialisation.<\/p>\n<p>L&rsquo;\u00e9quipe de <strong>Bruno CAUSSE<\/strong> s&rsquo;\u00e9tait r\u00e9v\u00e9l\u00e9e au concours LEPINE 2005,&nbsp; puis s&rsquo;est trouv\u00e9e tr\u00e9s proche de finaliser avec un partenaire industriel majeur. Poursuivant sans faille l&rsquo;aventure, ADS TECHNOLOGIES s&rsquo;est d\u00e9gag\u00e9 une opportunit\u00e9 de production en&#8230; ASIE&#8230; Formalit\u00e9s administratives et homologations n&rsquo;attendent plus que le scooter ADS-ONE, donn\u00e9 pour une consommation de 2 litres au 100 Kms. Son tarif serait estim\u00e9, dans nos contr\u00e9es, dans la fourchette des 3 000 euros&#8230; moins la prime \u00e9colo \u00e0 d\u00e9duire.<\/p>\n<p><a href=\"http:\/\/blogs.thesocialmedia.com\/leblogmoto\/files\/2012\/07\/cochon1.gif\"><img loading=\"lazy\" decoding=\"async\" height=\"231\" alt=\"Cochon1\" src=\"http:\/\/www.leblogmoto.com\/images\/cochon1.gif\" width=\"250\"  \/><\/a>Sinon, le principe de fonctionnement est le suivant: le conducteur choisit instantan\u00e9ment son mode de propulsion en tournant la poign\u00e9e gauche ou droite, ou les deux. Le moteur \u00e9lectrique recharge les batteries en mode essence, mais un chargeur embarqu\u00e9 permettra aussi de choisir un mode rapide (01h00) ou lent (08h00) de l&rsquo;op\u00e9ration, sur secteur 220v. Bruno CAUSSE voit loin. Ainsi, sur la liste d&rsquo;options on trouve un panneau solaire \u00e0 installer sur le toit de son garage pour recharger gratuitement&#8230;<\/p>\n<p>SOURCE: <a href=\"http:\/\/www.scooter-system.fr\/\">www.scooter-system.fr<\/a><\/p>\n<\/p>\n<p>&nbsp; &nbsp;<\/p>\n","protected":false},"excerpt":{"rendered":"<p>Les imp\u00e9ratifs environnementaux \u00e9tant pris de plus en plus au s\u00e9rieux par nos d\u00e9cideurs, qui n&rsquo;h\u00e9sitent plus \u00e0 les traduire, dans les faits, par des restrictions de circulation, le principe du v\u00e9hicule hybride s&rsquo;impose progressivement dans le monde de la production. La moto n&rsquo;y \u00e9chappe pas, d&rsquo;autant plus qu&rsquo;elle commence \u00e0 \u00eatre surveill\u00e9e pour ce [&hellip;]<\/p>\n","protected":false},"author":336,"featured_media":0,"comment_status":"open","ping_status":"open","sticky":false,"template":"","format":"standard","meta":{"footnotes":""},"categories":[30],"tags":[],"class_list":["post-2135","post","type-post","status-publish","format-standard","hentry","category-bio-carburantsvehicules-propres"],"yoast_head":"<!-- This site is optimized with the Yoast SEO plugin v26.0 - https:\/\/yoast.com\/wordpress\/plugins\/seo\/ -->\n<title>ADS-ONE: Soyez au courant. - leblogmoto.com<\/title>\n<meta name=\"robots\" content=\"index, follow, max-snippet:-1, max-image-preview:large, max-video-preview:-1\" \/>\n<link rel=\"canonical\" href=\"https:\/\/blogs.thesocialmedia.com\/leblogmoto\/2006\/01\/04\/les-impratifs-e\/\" \/>\n<meta name=\"twitter:card\" content=\"summary_large_image\" \/>\n<meta name=\"twitter:title\" content=\"ADS-ONE: Soyez au courant. - leblogmoto.com\" \/>\n<meta name=\"twitter:description\" content=\"Les imp\u00e9ratifs environnementaux \u00e9tant pris de plus en plus au s\u00e9rieux par nos d\u00e9cideurs, qui n&rsquo;h\u00e9sitent plus \u00e0 les traduire, dans les faits, par des restrictions de circulation, le principe du v\u00e9hicule hybride s&rsquo;impose progressivement dans le monde de la production. La moto n&rsquo;y \u00e9chappe pas, d&rsquo;autant plus qu&rsquo;elle commence \u00e0 \u00eatre surveill\u00e9e pour ce [&hellip;]\" \/>\n<meta name=\"twitter:image\" content=\"http:\/\/www.leblogmoto.com\/images\/adstechnologiesscooterhybride.jpg\" \/>\n<meta name=\"twitter:label1\" content=\"\u00c9crit par\" \/>\n\t<meta name=\"twitter:data1\" content=\"andre leconde\" \/>\n\t<meta name=\"twitter:label2\" content=\"Dur\u00e9e de lecture estim\u00e9e\" \/>\n\t<meta name=\"twitter:data2\" content=\"2 minutes\" \/>\n<script type=\"application\/ld+json\" class=\"yoast-schema-graph\">{\"@context\":\"https:\/\/schema.org\",\"@graph\":[{\"@type\":\"WebPage\",\"@id\":\"https:\/\/blogs.thesocialmedia.com\/leblogmoto\/2006\/01\/04\/les-impratifs-e\/\",\"url\":\"https:\/\/blogs.thesocialmedia.com\/leblogmoto\/2006\/01\/04\/les-impratifs-e\/\",\"name\":\"ADS-ONE: Soyez au courant. - leblogmoto.com\",\"isPartOf\":{\"@id\":\"https:\/\/blogs.thesocialmedia.com\/leblogmoto\/#website\"},\"primaryImageOfPage\":{\"@id\":\"https:\/\/blogs.thesocialmedia.com\/leblogmoto\/2006\/01\/04\/les-impratifs-e\/#primaryimage\"},\"image\":{\"@id\":\"https:\/\/blogs.thesocialmedia.com\/leblogmoto\/2006\/01\/04\/les-impratifs-e\/#primaryimage\"},\"thumbnailUrl\":\"http:\/\/www.leblogmoto.com\/images\/adstechnologiesscooterhybride.jpg\",\"datePublished\":\"2006-01-04T12:25:00+00:00\",\"dateModified\":\"2012-07-11T14:13:45+00:00\",\"author\":{\"@id\":\"https:\/\/blogs.thesocialmedia.com\/leblogmoto\/#\/schema\/person\/1a1dcfc7cec206573105eb4af91155c2\"},\"breadcrumb\":{\"@id\":\"https:\/\/blogs.thesocialmedia.com\/leblogmoto\/2006\/01\/04\/les-impratifs-e\/#breadcrumb\"},\"inLanguage\":\"fr-FR\",\"potentialAction\":[{\"@type\":\"ReadAction\",\"target\":[\"https:\/\/blogs.thesocialmedia.com\/leblogmoto\/2006\/01\/04\/les-impratifs-e\/\"]}]},{\"@type\":\"ImageObject\",\"inLanguage\":\"fr-FR\",\"@id\":\"https:\/\/blogs.thesocialmedia.com\/leblogmoto\/2006\/01\/04\/les-impratifs-e\/#primaryimage\",\"url\":\"http:\/\/www.leblogmoto.com\/images\/adstechnologiesscooterhybride.jpg\",\"contentUrl\":\"http:\/\/www.leblogmoto.com\/images\/adstechnologiesscooterhybride.jpg\"},{\"@type\":\"BreadcrumbList\",\"@id\":\"https:\/\/blogs.thesocialmedia.com\/leblogmoto\/2006\/01\/04\/les-impratifs-e\/#breadcrumb\",\"itemListElement\":[{\"@type\":\"ListItem\",\"position\":1,\"name\":\"Accueil\",\"item\":\"https:\/\/blogs.thesocialmedia.com\/leblogmoto\/\"},{\"@type\":\"ListItem\",\"position\":2,\"name\":\"ADS-ONE: Soyez au courant.\"}]},{\"@type\":\"WebSite\",\"@id\":\"https:\/\/blogs.thesocialmedia.com\/leblogmoto\/#website\",\"url\":\"https:\/\/blogs.thesocialmedia.com\/leblogmoto\/\",\"name\":\"leblogmoto\",\"description\":\"Toute l&#039;actualit\u00e9 des 2 roues\",\"potentialAction\":[{\"@type\":\"SearchAction\",\"target\":{\"@type\":\"EntryPoint\",\"urlTemplate\":\"https:\/\/blogs.thesocialmedia.com\/leblogmoto\/?s={search_term_string}\"},\"query-input\":{\"@type\":\"PropertyValueSpecification\",\"valueRequired\":true,\"valueName\":\"search_term_string\"}}],\"inLanguage\":\"fr-FR\"},{\"@type\":\"Person\",\"@id\":\"https:\/\/blogs.thesocialmedia.com\/leblogmoto\/#\/schema\/person\/1a1dcfc7cec206573105eb4af91155c2\",\"name\":\"andre leconde\",\"image\":{\"@type\":\"ImageObject\",\"inLanguage\":\"fr-FR\",\"@id\":\"https:\/\/blogs.thesocialmedia.com\/leblogmoto\/#\/schema\/person\/image\/\",\"url\":\"https:\/\/secure.gravatar.com\/avatar\/?s=96&d=mm&r=g\",\"contentUrl\":\"https:\/\/secure.gravatar.com\/avatar\/?s=96&d=mm&r=g\",\"caption\":\"andre leconde\"},\"url\":\"https:\/\/blogs.thesocialmedia.com\/leblogmoto\/author\/andre-leconde\/\"}]}<\/script>\n<!-- \/ Yoast SEO plugin. -->","yoast_head_json":{"title":"ADS-ONE: Soyez au courant. - leblogmoto.com","robots":{"index":"index","follow":"follow","max-snippet":"max-snippet:-1","max-image-preview":"max-image-preview:large","max-video-preview":"max-video-preview:-1"},"canonical":"https:\/\/blogs.thesocialmedia.com\/leblogmoto\/2006\/01\/04\/les-impratifs-e\/","twitter_card":"summary_large_image","twitter_title":"ADS-ONE: Soyez au courant. - leblogmoto.com","twitter_description":"Les imp\u00e9ratifs environnementaux \u00e9tant pris de plus en plus au s\u00e9rieux par nos d\u00e9cideurs, qui n&rsquo;h\u00e9sitent plus \u00e0 les traduire, dans les faits, par des restrictions de circulation, le principe du v\u00e9hicule hybride s&rsquo;impose progressivement dans le monde de la production. La moto n&rsquo;y \u00e9chappe pas, d&rsquo;autant plus qu&rsquo;elle commence \u00e0 \u00eatre surveill\u00e9e pour ce [&hellip;]","twitter_image":"http:\/\/www.leblogmoto.com\/images\/adstechnologiesscooterhybride.jpg","twitter_misc":{"\u00c9crit par":"andre leconde","Dur\u00e9e de lecture estim\u00e9e":"2 minutes"},"schema":{"@context":"https:\/\/schema.org","@graph":[{"@type":"WebPage","@id":"https:\/\/blogs.thesocialmedia.com\/leblogmoto\/2006\/01\/04\/les-impratifs-e\/","url":"https:\/\/blogs.thesocialmedia.com\/leblogmoto\/2006\/01\/04\/les-impratifs-e\/","name":"ADS-ONE: Soyez au courant. - leblogmoto.com","isPartOf":{"@id":"https:\/\/blogs.thesocialmedia.com\/leblogmoto\/#website"},"primaryImageOfPage":{"@id":"https:\/\/blogs.thesocialmedia.com\/leblogmoto\/2006\/01\/04\/les-impratifs-e\/#primaryimage"},"image":{"@id":"https:\/\/blogs.thesocialmedia.com\/leblogmoto\/2006\/01\/04\/les-impratifs-e\/#primaryimage"},"thumbnailUrl":"http:\/\/www.leblogmoto.com\/images\/adstechnologiesscooterhybride.jpg","datePublished":"2006-01-04T12:25:00+00:00","dateModified":"2012-07-11T14:13:45+00:00","author":{"@id":"https:\/\/blogs.thesocialmedia.com\/leblogmoto\/#\/schema\/person\/1a1dcfc7cec206573105eb4af91155c2"},"breadcrumb":{"@id":"https:\/\/blogs.thesocialmedia.com\/leblogmoto\/2006\/01\/04\/les-impratifs-e\/#breadcrumb"},"inLanguage":"fr-FR","potentialAction":[{"@type":"ReadAction","target":["https:\/\/blogs.thesocialmedia.com\/leblogmoto\/2006\/01\/04\/les-impratifs-e\/"]}]},{"@type":"ImageObject","inLanguage":"fr-FR","@id":"https:\/\/blogs.thesocialmedia.com\/leblogmoto\/2006\/01\/04\/les-impratifs-e\/#primaryimage","url":"http:\/\/www.leblogmoto.com\/images\/adstechnologiesscooterhybride.jpg","contentUrl":"http:\/\/www.leblogmoto.com\/images\/adstechnologiesscooterhybride.jpg"},{"@type":"BreadcrumbList","@id":"https:\/\/blogs.thesocialmedia.com\/leblogmoto\/2006\/01\/04\/les-impratifs-e\/#breadcrumb","itemListElement":[{"@type":"ListItem","position":1,"name":"Accueil","item":"https:\/\/blogs.thesocialmedia.com\/leblogmoto\/"},{"@type":"ListItem","position":2,"name":"ADS-ONE: Soyez au courant."}]},{"@type":"WebSite","@id":"https:\/\/blogs.thesocialmedia.com\/leblogmoto\/#website","url":"https:\/\/blogs.thesocialmedia.com\/leblogmoto\/","name":"leblogmoto","description":"Toute l&#039;actualit\u00e9 des 2 roues","potentialAction":[{"@type":"SearchAction","target":{"@type":"EntryPoint","urlTemplate":"https:\/\/blogs.thesocialmedia.com\/leblogmoto\/?s={search_term_string}"},"query-input":{"@type":"PropertyValueSpecification","valueRequired":true,"valueName":"search_term_string"}}],"inLanguage":"fr-FR"},{"@type":"Person","@id":"https:\/\/blogs.thesocialmedia.com\/leblogmoto\/#\/schema\/person\/1a1dcfc7cec206573105eb4af91155c2","name":"andre leconde","image":{"@type":"ImageObject","inLanguage":"fr-FR","@id":"https:\/\/blogs.thesocialmedia.com\/leblogmoto\/#\/schema\/person\/image\/","url":"https:\/\/secure.gravatar.com\/avatar\/?s=96&d=mm&r=g","contentUrl":"https:\/\/secure.gravatar.com\/avatar\/?s=96&d=mm&r=g","caption":"andre leconde"},"url":"https:\/\/blogs.thesocialmedia.com\/leblogmoto\/author\/andre-leconde\/"}]}},"_links":{"self":[{"href":"https:\/\/blogs.thesocialmedia.com\/leblogmoto\/wp-json\/wp\/v2\/posts\/2135","targetHints":{"allow":["GET"]}}],"collection":[{"href":"https:\/\/blogs.thesocialmedia.com\/leblogmoto\/wp-json\/wp\/v2\/posts"}],"about":[{"href":"https:\/\/blogs.thesocialmedia.com\/leblogmoto\/wp-json\/wp\/v2\/types\/post"}],"author":[{"embeddable":true,"href":"https:\/\/blogs.thesocialmedia.com\/leblogmoto\/wp-json\/wp\/v2\/users\/336"}],"replies":[{"embeddable":true,"href":"https:\/\/blogs.thesocialmedia.com\/leblogmoto\/wp-json\/wp\/v2\/comments?post=2135"}],"version-history":[{"count":2,"href":"https:\/\/blogs.thesocialmedia.com\/leblogmoto\/wp-json\/wp\/v2\/posts\/2135\/revisions"}],"predecessor-version":[{"id":6924,"href":"https:\/\/blogs.thesocialmedia.com\/leblogmoto\/wp-json\/wp\/v2\/posts\/2135\/revisions\/6924"}],"wp:attachment":[{"href":"https:\/\/blogs.thesocialmedia.com\/leblogmoto\/wp-json\/wp\/v2\/media?parent=2135"}],"wp:term":[{"taxonomy":"category","embeddable":true,"href":"https:\/\/blogs.thesocialmedia.com\/leblogmoto\/wp-json\/wp\/v2\/categories?post=2135"},{"taxonomy":"post_tag","embeddable":true,"href":"https:\/\/blogs.thesocialmedia.com\/leblogmoto\/wp-json\/wp\/v2\/tags?post=2135"}],"curies":[{"name":"wp","href":"https:\/\/api.w.org\/{rel}","templated":true}]}}