{"id":2137,"date":"2006-01-02T17:10:00","date_gmt":"2006-01-02T17:10:00","guid":{"rendered":"http:\/\/blogs.thesocialmedia.com\/leblogmoto\/2006\/01\/02\/dakar-caldecott\/"},"modified":"2012-07-11T14:13:39","modified_gmt":"2012-07-11T14:13:39","slug":"dakar-caldecott","status":"publish","type":"post","link":"https:\/\/blogs.thesocialmedia.com\/leblogmoto\/2006\/01\/02\/dakar-caldecott\/","title":{"rendered":"DAKAR: CALDECOTT a la c\u00f4te."},"content":{"rendered":"<p><a href=\"http:\/\/blogs.thesocialmedia.com\/leblogmoto\/files\/2012\/07\/caldecott.jpg\"><img loading=\"lazy\" decoding=\"async\" height=\"184\" alt=\"Caldecott\" src=\"http:\/\/www.leblogmoto.com\/images\/caldecott.jpg\" width=\"250\"  \/><\/a>C&rsquo;est le soci\u00e9taire australien de <a href=\"http:\/\/www.leblogmoto.com\/2005\/10\/mondial_2005_kt.html\">KTM<\/a>, <strong>Andy CALDECOTT<\/strong> qui s&rsquo;est adjug\u00e9 la premi\u00e8re sp\u00e9ciale <a href=\"http:\/\/www.leblogmoto.com\/2005\/10\/un_mauritanien_.html\">africaine<\/a> du DAKAR 2006. Longtemps, David FRETIGNE a cru faire la bonne affaire en menant la manche avant de se perdre dans des traces laiss\u00e9es par des touristes&#8230; <a href=\"http:\/\/www.leblogmoto.com\/2005\/12\/cyril_despres_n.html\">DESPRES<\/a> tire les marrons du feu pour reprendre la t\u00eate de l&rsquo;\u00e9preuve en finissant 3\u00b0&#8230; <\/p>\n<p><a href=\"http:\/\/clabedan.typepad.com\/.shared\/image.html?\/photos\/uncategorized\/cadelcott2.jpg\"><\/a><\/p>\n<p><a href=\"http:\/\/clabedan.typepad.com\/.shared\/image.html?\/photos\/uncategorized\/cadelcott2_1.jpg\"><\/a><a href=\"http:\/\/clabedan.typepad.com\/.shared\/image.html?\/photos\/uncategorized\/cadelcott2_2.jpg\"><img loading=\"lazy\" decoding=\"async\" height=\"167\" alt=\"Cadelcott2_2\" src=\"http:\/\/www.leblogmoto.com\/images\/cadelcott2_2.jpg\" width=\"250\"  \/><\/a>Andy CALDECOTT est un pur produit australien, ayant notamment trouv\u00e9 les fonds pour la course au travers la gestion d&rsquo;un BAR tout vou\u00e9 \u00e0 sa cause.<\/p>\n<p>L&rsquo;\u00e9cole australienne ne fait pas que dans le style, mais aussi dans l&rsquo;efficace. le second de l&rsquo;\u00e9tape n&rsquo;est autre que Andy GRIDER, tout droit sorti, lui ausi, du pays des kangourous.<\/p>\n<p>Marc COMA est 2\u00b0au g\u00e9n\u00e9ral \u00e0 1&rsquo;39 de DESPRES.<\/p>\n<p>&nbsp; &nbsp;<\/p>\n","protected":false},"excerpt":{"rendered":"<p>C&rsquo;est le soci\u00e9taire australien de KTM, Andy CALDECOTT qui s&rsquo;est adjug\u00e9 la premi\u00e8re sp\u00e9ciale africaine du DAKAR 2006. Longtemps, David FRETIGNE a cru faire la bonne affaire en menant la manche avant de se perdre dans des traces laiss\u00e9es par des touristes&#8230; DESPRES tire les marrons du feu pour reprendre la t\u00eate de l&rsquo;\u00e9preuve en [&hellip;]<\/p>\n","protected":false},"author":336,"featured_media":0,"comment_status":"open","ping_status":"open","sticky":false,"template":"","format":"standard","meta":{"footnotes":""},"categories":[32],"tags":[],"class_list":["post-2137","post","type-post","status-publish","format-standard","hentry","category-sport-moto"],"yoast_head":"<!-- This site is optimized with the Yoast SEO plugin v26.0 - https:\/\/yoast.com\/wordpress\/plugins\/seo\/ -->\n<title>DAKAR: CALDECOTT a la c\u00f4te. - leblogmoto.com<\/title>\n<meta name=\"robots\" content=\"index, follow, max-snippet:-1, max-image-preview:large, max-video-preview:-1\" \/>\n<link rel=\"canonical\" href=\"https:\/\/blogs.thesocialmedia.com\/leblogmoto\/2006\/01\/02\/dakar-caldecott\/\" \/>\n<meta name=\"twitter:card\" content=\"summary_large_image\" \/>\n<meta name=\"twitter:title\" content=\"DAKAR: CALDECOTT a la c\u00f4te. - leblogmoto.com\" \/>\n<meta name=\"twitter:description\" content=\"C&rsquo;est le soci\u00e9taire australien de KTM, Andy CALDECOTT qui s&rsquo;est adjug\u00e9 la premi\u00e8re sp\u00e9ciale africaine du DAKAR 2006. Longtemps, David FRETIGNE a cru faire la bonne affaire en menant la manche avant de se perdre dans des traces laiss\u00e9es par des touristes&#8230; DESPRES tire les marrons du feu pour reprendre la t\u00eate de l&rsquo;\u00e9preuve en [&hellip;]\" \/>\n<meta name=\"twitter:image\" content=\"http:\/\/www.leblogmoto.com\/images\/caldecott.jpg\" \/>\n<meta name=\"twitter:label1\" content=\"\u00c9crit par\" \/>\n\t<meta name=\"twitter:data1\" content=\"andre leconde\" \/>\n\t<meta name=\"twitter:label2\" content=\"Dur\u00e9e de lecture estim\u00e9e\" \/>\n\t<meta name=\"twitter:data2\" content=\"1 minute\" \/>\n<script type=\"application\/ld+json\" class=\"yoast-schema-graph\">{\"@context\":\"https:\/\/schema.org\",\"@graph\":[{\"@type\":\"WebPage\",\"@id\":\"https:\/\/blogs.thesocialmedia.com\/leblogmoto\/2006\/01\/02\/dakar-caldecott\/\",\"url\":\"https:\/\/blogs.thesocialmedia.com\/leblogmoto\/2006\/01\/02\/dakar-caldecott\/\",\"name\":\"DAKAR: CALDECOTT a la c\u00f4te. - leblogmoto.com\",\"isPartOf\":{\"@id\":\"https:\/\/blogs.thesocialmedia.com\/leblogmoto\/#website\"},\"primaryImageOfPage\":{\"@id\":\"https:\/\/blogs.thesocialmedia.com\/leblogmoto\/2006\/01\/02\/dakar-caldecott\/#primaryimage\"},\"image\":{\"@id\":\"https:\/\/blogs.thesocialmedia.com\/leblogmoto\/2006\/01\/02\/dakar-caldecott\/#primaryimage\"},\"thumbnailUrl\":\"http:\/\/www.leblogmoto.com\/images\/caldecott.jpg\",\"datePublished\":\"2006-01-02T17:10:00+00:00\",\"dateModified\":\"2012-07-11T14:13:39+00:00\",\"author\":{\"@id\":\"https:\/\/blogs.thesocialmedia.com\/leblogmoto\/#\/schema\/person\/1a1dcfc7cec206573105eb4af91155c2\"},\"breadcrumb\":{\"@id\":\"https:\/\/blogs.thesocialmedia.com\/leblogmoto\/2006\/01\/02\/dakar-caldecott\/#breadcrumb\"},\"inLanguage\":\"fr-FR\",\"potentialAction\":[{\"@type\":\"ReadAction\",\"target\":[\"https:\/\/blogs.thesocialmedia.com\/leblogmoto\/2006\/01\/02\/dakar-caldecott\/\"]}]},{\"@type\":\"ImageObject\",\"inLanguage\":\"fr-FR\",\"@id\":\"https:\/\/blogs.thesocialmedia.com\/leblogmoto\/2006\/01\/02\/dakar-caldecott\/#primaryimage\",\"url\":\"http:\/\/www.leblogmoto.com\/images\/caldecott.jpg\",\"contentUrl\":\"http:\/\/www.leblogmoto.com\/images\/caldecott.jpg\"},{\"@type\":\"BreadcrumbList\",\"@id\":\"https:\/\/blogs.thesocialmedia.com\/leblogmoto\/2006\/01\/02\/dakar-caldecott\/#breadcrumb\",\"itemListElement\":[{\"@type\":\"ListItem\",\"position\":1,\"name\":\"Accueil\",\"item\":\"https:\/\/blogs.thesocialmedia.com\/leblogmoto\/\"},{\"@type\":\"ListItem\",\"position\":2,\"name\":\"DAKAR: CALDECOTT a la c\u00f4te.\"}]},{\"@type\":\"WebSite\",\"@id\":\"https:\/\/blogs.thesocialmedia.com\/leblogmoto\/#website\",\"url\":\"https:\/\/blogs.thesocialmedia.com\/leblogmoto\/\",\"name\":\"leblogmoto\",\"description\":\"Toute l&#039;actualit\u00e9 des 2 roues\",\"potentialAction\":[{\"@type\":\"SearchAction\",\"target\":{\"@type\":\"EntryPoint\",\"urlTemplate\":\"https:\/\/blogs.thesocialmedia.com\/leblogmoto\/?s={search_term_string}\"},\"query-input\":{\"@type\":\"PropertyValueSpecification\",\"valueRequired\":true,\"valueName\":\"search_term_string\"}}],\"inLanguage\":\"fr-FR\"},{\"@type\":\"Person\",\"@id\":\"https:\/\/blogs.thesocialmedia.com\/leblogmoto\/#\/schema\/person\/1a1dcfc7cec206573105eb4af91155c2\",\"name\":\"andre leconde\",\"image\":{\"@type\":\"ImageObject\",\"inLanguage\":\"fr-FR\",\"@id\":\"https:\/\/blogs.thesocialmedia.com\/leblogmoto\/#\/schema\/person\/image\/\",\"url\":\"https:\/\/secure.gravatar.com\/avatar\/?s=96&d=mm&r=g\",\"contentUrl\":\"https:\/\/secure.gravatar.com\/avatar\/?s=96&d=mm&r=g\",\"caption\":\"andre leconde\"},\"url\":\"https:\/\/blogs.thesocialmedia.com\/leblogmoto\/author\/andre-leconde\/\"}]}<\/script>\n<!-- \/ Yoast SEO plugin. -->","yoast_head_json":{"title":"DAKAR: CALDECOTT a la c\u00f4te. - leblogmoto.com","robots":{"index":"index","follow":"follow","max-snippet":"max-snippet:-1","max-image-preview":"max-image-preview:large","max-video-preview":"max-video-preview:-1"},"canonical":"https:\/\/blogs.thesocialmedia.com\/leblogmoto\/2006\/01\/02\/dakar-caldecott\/","twitter_card":"summary_large_image","twitter_title":"DAKAR: CALDECOTT a la c\u00f4te. - leblogmoto.com","twitter_description":"C&rsquo;est le soci\u00e9taire australien de KTM, Andy CALDECOTT qui s&rsquo;est adjug\u00e9 la premi\u00e8re sp\u00e9ciale africaine du DAKAR 2006. Longtemps, David FRETIGNE a cru faire la bonne affaire en menant la manche avant de se perdre dans des traces laiss\u00e9es par des touristes&#8230; DESPRES tire les marrons du feu pour reprendre la t\u00eate de l&rsquo;\u00e9preuve en [&hellip;]","twitter_image":"http:\/\/www.leblogmoto.com\/images\/caldecott.jpg","twitter_misc":{"\u00c9crit par":"andre leconde","Dur\u00e9e de lecture estim\u00e9e":"1 minute"},"schema":{"@context":"https:\/\/schema.org","@graph":[{"@type":"WebPage","@id":"https:\/\/blogs.thesocialmedia.com\/leblogmoto\/2006\/01\/02\/dakar-caldecott\/","url":"https:\/\/blogs.thesocialmedia.com\/leblogmoto\/2006\/01\/02\/dakar-caldecott\/","name":"DAKAR: CALDECOTT a la c\u00f4te. - leblogmoto.com","isPartOf":{"@id":"https:\/\/blogs.thesocialmedia.com\/leblogmoto\/#website"},"primaryImageOfPage":{"@id":"https:\/\/blogs.thesocialmedia.com\/leblogmoto\/2006\/01\/02\/dakar-caldecott\/#primaryimage"},"image":{"@id":"https:\/\/blogs.thesocialmedia.com\/leblogmoto\/2006\/01\/02\/dakar-caldecott\/#primaryimage"},"thumbnailUrl":"http:\/\/www.leblogmoto.com\/images\/caldecott.jpg","datePublished":"2006-01-02T17:10:00+00:00","dateModified":"2012-07-11T14:13:39+00:00","author":{"@id":"https:\/\/blogs.thesocialmedia.com\/leblogmoto\/#\/schema\/person\/1a1dcfc7cec206573105eb4af91155c2"},"breadcrumb":{"@id":"https:\/\/blogs.thesocialmedia.com\/leblogmoto\/2006\/01\/02\/dakar-caldecott\/#breadcrumb"},"inLanguage":"fr-FR","potentialAction":[{"@type":"ReadAction","target":["https:\/\/blogs.thesocialmedia.com\/leblogmoto\/2006\/01\/02\/dakar-caldecott\/"]}]},{"@type":"ImageObject","inLanguage":"fr-FR","@id":"https:\/\/blogs.thesocialmedia.com\/leblogmoto\/2006\/01\/02\/dakar-caldecott\/#primaryimage","url":"http:\/\/www.leblogmoto.com\/images\/caldecott.jpg","contentUrl":"http:\/\/www.leblogmoto.com\/images\/caldecott.jpg"},{"@type":"BreadcrumbList","@id":"https:\/\/blogs.thesocialmedia.com\/leblogmoto\/2006\/01\/02\/dakar-caldecott\/#breadcrumb","itemListElement":[{"@type":"ListItem","position":1,"name":"Accueil","item":"https:\/\/blogs.thesocialmedia.com\/leblogmoto\/"},{"@type":"ListItem","position":2,"name":"DAKAR: CALDECOTT a la c\u00f4te."}]},{"@type":"WebSite","@id":"https:\/\/blogs.thesocialmedia.com\/leblogmoto\/#website","url":"https:\/\/blogs.thesocialmedia.com\/leblogmoto\/","name":"leblogmoto","description":"Toute l&#039;actualit\u00e9 des 2 roues","potentialAction":[{"@type":"SearchAction","target":{"@type":"EntryPoint","urlTemplate":"https:\/\/blogs.thesocialmedia.com\/leblogmoto\/?s={search_term_string}"},"query-input":{"@type":"PropertyValueSpecification","valueRequired":true,"valueName":"search_term_string"}}],"inLanguage":"fr-FR"},{"@type":"Person","@id":"https:\/\/blogs.thesocialmedia.com\/leblogmoto\/#\/schema\/person\/1a1dcfc7cec206573105eb4af91155c2","name":"andre leconde","image":{"@type":"ImageObject","inLanguage":"fr-FR","@id":"https:\/\/blogs.thesocialmedia.com\/leblogmoto\/#\/schema\/person\/image\/","url":"https:\/\/secure.gravatar.com\/avatar\/?s=96&d=mm&r=g","contentUrl":"https:\/\/secure.gravatar.com\/avatar\/?s=96&d=mm&r=g","caption":"andre leconde"},"url":"https:\/\/blogs.thesocialmedia.com\/leblogmoto\/author\/andre-leconde\/"}]}},"_links":{"self":[{"href":"https:\/\/blogs.thesocialmedia.com\/leblogmoto\/wp-json\/wp\/v2\/posts\/2137","targetHints":{"allow":["GET"]}}],"collection":[{"href":"https:\/\/blogs.thesocialmedia.com\/leblogmoto\/wp-json\/wp\/v2\/posts"}],"about":[{"href":"https:\/\/blogs.thesocialmedia.com\/leblogmoto\/wp-json\/wp\/v2\/types\/post"}],"author":[{"embeddable":true,"href":"https:\/\/blogs.thesocialmedia.com\/leblogmoto\/wp-json\/wp\/v2\/users\/336"}],"replies":[{"embeddable":true,"href":"https:\/\/blogs.thesocialmedia.com\/leblogmoto\/wp-json\/wp\/v2\/comments?post=2137"}],"version-history":[{"count":2,"href":"https:\/\/blogs.thesocialmedia.com\/leblogmoto\/wp-json\/wp\/v2\/posts\/2137\/revisions"}],"predecessor-version":[{"id":6919,"href":"https:\/\/blogs.thesocialmedia.com\/leblogmoto\/wp-json\/wp\/v2\/posts\/2137\/revisions\/6919"}],"wp:attachment":[{"href":"https:\/\/blogs.thesocialmedia.com\/leblogmoto\/wp-json\/wp\/v2\/media?parent=2137"}],"wp:term":[{"taxonomy":"category","embeddable":true,"href":"https:\/\/blogs.thesocialmedia.com\/leblogmoto\/wp-json\/wp\/v2\/categories?post=2137"},{"taxonomy":"post_tag","embeddable":true,"href":"https:\/\/blogs.thesocialmedia.com\/leblogmoto\/wp-json\/wp\/v2\/tags?post=2137"}],"curies":[{"name":"wp","href":"https:\/\/api.w.org\/{rel}","templated":true}]}}