{"id":214,"date":"2009-03-25T23:58:55","date_gmt":"2009-03-25T23:58:55","guid":{"rendered":"http:\/\/blogs.thesocialmedia.com\/leblogmoto\/2009\/03\/25\/m6-va-diffuser-sons-of-anarchy-et-remonte-dans-notre-estime\/"},"modified":"2012-07-11T17:14:39","modified_gmt":"2012-07-11T17:14:39","slug":"m6-va-diffuser-sons-of-anarchy-et-remonte-dans-notre-estime","status":"publish","type":"post","link":"https:\/\/blogs.thesocialmedia.com\/leblogmoto\/2009\/03\/25\/m6-va-diffuser-sons-of-anarchy-et-remonte-dans-notre-estime\/","title":{"rendered":"M6 va diffuser Sons Of Anarchy et remonte dans notre estime."},"content":{"rendered":"<p><a href=\"http:\/\/blogs.thesocialmedia.com\/leblogmoto\/files\/2012\/07\/6a00d83451b18369e201156e5c7430970c-popup.png\"> <\/a><\/p>\n<\/p>\n<p><span style=\"text-decoration: underline\"><a href=\"http:\/\/clabedan.typepad.com\/.a\/6a00d83451b18369e201156e5d0f4f970c-popup\"><img decoding=\"async\" alt=\"Sons Of Anarchy 11\" class=\"at-xid-6a00d83451b18369e201156e5d0f4f970c \" src=\"http:\/\/blogs.thesocialmedia.com\/leblogmoto\/files\/2012\/07\/6a00d83451b18369e201156e5d0f4f970c-500wi.jpg\" style=\"width: 470px\" \/><\/a> <\/span><\/p>\n<p>Nous vous avions d\u00e9j\u00e0 dit <a href=\"http:\/\/www.leblogmoto.com\/2009\/01\/sons-of-anarchy.html\">tout le bien<\/a> que nous pensions de Sons Of Anarchy, une s\u00e9rie sur les gangs de bikers, aux ressorts de trag\u00e9die shakespearienne, du m\u00eame prodo que The Shield. M\u00e9tropole 6 a acquis les droits de diffusion dans l&#039;hexagone des deux premi\u00e8res saisons, et s&#039;appr\u00eate \u00e0 la diffuser &quot;d\u00e8s le printemps&quot; selon l&#039;\u00e9dition de jeudi du site <a href=\"http:\/\/www.ozap.com\/actu\/sons-anarchy-printemps-2009-m6-nouveau-serie\/266244\">Ozap<\/a>. La cha\u00eene la proposera en seconde partie de soir\u00e9e, au rythme de deux \u00e9pisodes par semaine. De quoi pour les fans fran\u00e7ais, rattraper vite leur retard puisque la premi\u00e8re saison est divis\u00e9e en treize parties. M6 pourra voir cro\u00eetre son modeste capital sympathie aupr\u00e8s des motards, et pas seulement les durs \u00e0 cuire, apr\u00e8s ces deux histoires r\u00e9centes. Rappel: Premi\u00e8rement, avec un num\u00e9ro d&#039;enqu\u00eate exclusive consacr\u00e9 aux &quot;Dangers du deux roues&quot;, et sous-titr\u00e9 &quot;accident, trafic et conduites \u00e0 risque&quot;. J&#039;ai vu vu ce ramassis d&#039;id\u00e9es re\u00e7ues, fourre-tout scandaleux que laissait pr\u00e9sager un titre d\u00e9j\u00e0 tr\u00e8s orient\u00e9 sur les 2RM. Mais M\u00e9tropole 6 a encore remis le couvert derni\u00e8rement, avec un reportage de Warning, ce format tr\u00e8s court qui accompagne l&#039;\u00e9mission &quot;Turbo&quot; du sympathique Dominique Chapatte (sans ironie). Et qui permet de vous refourguer \u00e0 peu de frais une coupure publicitaire.<\/p>\n<p>L&#039;un des sujets du samedi 14 mars, portait sur la proc\u00e9dure V.E, la pr\u00e9sentant comme bient\u00f4t applicable aux motos, sans mentionner que cette proc\u00e9dure avait \u00e9t\u00e9 abandonn\u00e9e une dizaine de jours plus t\u00f4t. Le reportage avait d\u00fb se glisser dans une faille spatio-temporelle pour arriver jusqu&#039;\u00e0 la post production.<\/p>\n<p>Plus condamnable est le manque d&#039;objectivit\u00e9 dans le traitement de l&#039;information: \u00e9tait (seulement) invit\u00e9 pour dire tout le bien qu&#039;il pensait de cette &quot;usine \u00e0 gaz&quot; (l&#039;expression est de la d\u00e9l\u00e9gu\u00e9e interminist\u00e9rielle elle m\u00eame), un expert de l&#039;Alliance Nationale des Experts en Automobile. C&#039;est \u00e0 dire, la corporation professionnelle qui selon la <a href=\"http:\/\/www.ffmc.asso.fr\/spip.php?article1570\">FFMC<\/a> &quot;a fait du lobbying aupr\u00e8s des pouvoirs publics pour imposer cette loi.&quot;<\/p>\n<p>C&#039;est d&#039;autant plus regrettable que ce type d&#039;\u00e9mission n&#039;est pas concoct\u00e9e par des journalistes en mal de &quot;papier&quot;, contrairement \u00e0 la pr\u00e9c\u00e9dente, au caract\u00e8re tr\u00e8s sensationnaliste.<\/p>\n","protected":false},"excerpt":{"rendered":"<p>Nous vous avions d\u00e9j\u00e0 dit tout le bien que nous pensions de Sons Of Anarchy, une s\u00e9rie sur les gangs de bikers, aux ressorts de trag\u00e9die shakespearienne, du m\u00eame prodo que The Shield. M\u00e9tropole 6 a acquis les droits de diffusion dans l&#039;hexagone des deux premi\u00e8res saisons, et s&#039;appr\u00eate \u00e0 la diffuser &quot;d\u00e8s le printemps&quot; [&hellip;]<\/p>\n","protected":false},"author":324,"featured_media":13038,"comment_status":"open","ping_status":"open","sticky":false,"template":"","format":"standard","meta":{"footnotes":""},"categories":[3,8,24],"tags":[],"class_list":["post-214","post","type-post","status-publish","format-standard","has-post-thumbnail","hentry","category-actualite","category-chaines-et-cuirs","category-television"],"yoast_head":"<!-- This site is optimized with the Yoast SEO plugin v26.0 - https:\/\/yoast.com\/wordpress\/plugins\/seo\/ -->\n<title>M6 va diffuser Sons Of Anarchy et remonte dans notre estime. - leblogmoto.com<\/title>\n<meta name=\"robots\" content=\"index, follow, max-snippet:-1, max-image-preview:large, max-video-preview:-1\" \/>\n<link rel=\"canonical\" href=\"https:\/\/blogs.thesocialmedia.com\/leblogmoto\/2009\/03\/25\/m6-va-diffuser-sons-of-anarchy-et-remonte-dans-notre-estime\/\" \/>\n<meta name=\"twitter:card\" content=\"summary_large_image\" \/>\n<meta name=\"twitter:title\" content=\"M6 va diffuser Sons Of Anarchy et remonte dans notre estime. - leblogmoto.com\" \/>\n<meta name=\"twitter:description\" content=\"Nous vous avions d\u00e9j\u00e0 dit tout le bien que nous pensions de Sons Of Anarchy, une s\u00e9rie sur les gangs de bikers, aux ressorts de trag\u00e9die shakespearienne, du m\u00eame prodo que The Shield. M\u00e9tropole 6 a acquis les droits de diffusion dans l&#039;hexagone des deux premi\u00e8res saisons, et s&#039;appr\u00eate \u00e0 la diffuser &quot;d\u00e8s le printemps&quot; [&hellip;]\" \/>\n<meta name=\"twitter:image\" content=\"https:\/\/blogs.thesocialmedia.com\/leblogmoto\/files\/2012\/07\/6a00d83451b18369e201156e5d0f4f970c-500wi.jpg\" \/>\n<meta name=\"twitter:label1\" content=\"\u00c9crit par\" \/>\n\t<meta name=\"twitter:data1\" content=\"benoit rieu\" \/>\n\t<meta name=\"twitter:label2\" content=\"Dur\u00e9e de lecture estim\u00e9e\" \/>\n\t<meta name=\"twitter:data2\" content=\"2 minutes\" \/>\n<script type=\"application\/ld+json\" class=\"yoast-schema-graph\">{\"@context\":\"https:\/\/schema.org\",\"@graph\":[{\"@type\":\"WebPage\",\"@id\":\"https:\/\/blogs.thesocialmedia.com\/leblogmoto\/2009\/03\/25\/m6-va-diffuser-sons-of-anarchy-et-remonte-dans-notre-estime\/\",\"url\":\"https:\/\/blogs.thesocialmedia.com\/leblogmoto\/2009\/03\/25\/m6-va-diffuser-sons-of-anarchy-et-remonte-dans-notre-estime\/\",\"name\":\"M6 va diffuser Sons Of Anarchy et remonte dans notre estime. - leblogmoto.com\",\"isPartOf\":{\"@id\":\"https:\/\/blogs.thesocialmedia.com\/leblogmoto\/#website\"},\"primaryImageOfPage\":{\"@id\":\"https:\/\/blogs.thesocialmedia.com\/leblogmoto\/2009\/03\/25\/m6-va-diffuser-sons-of-anarchy-et-remonte-dans-notre-estime\/#primaryimage\"},\"image\":{\"@id\":\"https:\/\/blogs.thesocialmedia.com\/leblogmoto\/2009\/03\/25\/m6-va-diffuser-sons-of-anarchy-et-remonte-dans-notre-estime\/#primaryimage\"},\"thumbnailUrl\":\"https:\/\/blogs.thesocialmedia.com\/leblogmoto\/files\/2012\/07\/6a00d83451b18369e201156e5d0f4f970c-500wi.jpg\",\"datePublished\":\"2009-03-25T23:58:55+00:00\",\"dateModified\":\"2012-07-11T17:14:39+00:00\",\"author\":{\"@id\":\"https:\/\/blogs.thesocialmedia.com\/leblogmoto\/#\/schema\/person\/18bfe773e5725ed6d24f743da805362a\"},\"breadcrumb\":{\"@id\":\"https:\/\/blogs.thesocialmedia.com\/leblogmoto\/2009\/03\/25\/m6-va-diffuser-sons-of-anarchy-et-remonte-dans-notre-estime\/#breadcrumb\"},\"inLanguage\":\"fr-FR\",\"potentialAction\":[{\"@type\":\"ReadAction\",\"target\":[\"https:\/\/blogs.thesocialmedia.com\/leblogmoto\/2009\/03\/25\/m6-va-diffuser-sons-of-anarchy-et-remonte-dans-notre-estime\/\"]}]},{\"@type\":\"ImageObject\",\"inLanguage\":\"fr-FR\",\"@id\":\"https:\/\/blogs.thesocialmedia.com\/leblogmoto\/2009\/03\/25\/m6-va-diffuser-sons-of-anarchy-et-remonte-dans-notre-estime\/#primaryimage\",\"url\":\"https:\/\/blogs.thesocialmedia.com\/leblogmoto\/files\/2012\/07\/6a00d83451b18369e201156e5d0f4f970c-500wi.jpg\",\"contentUrl\":\"https:\/\/blogs.thesocialmedia.com\/leblogmoto\/files\/2012\/07\/6a00d83451b18369e201156e5d0f4f970c-500wi.jpg\",\"width\":\"500\",\"height\":\"635\"},{\"@type\":\"BreadcrumbList\",\"@id\":\"https:\/\/blogs.thesocialmedia.com\/leblogmoto\/2009\/03\/25\/m6-va-diffuser-sons-of-anarchy-et-remonte-dans-notre-estime\/#breadcrumb\",\"itemListElement\":[{\"@type\":\"ListItem\",\"position\":1,\"name\":\"Accueil\",\"item\":\"https:\/\/blogs.thesocialmedia.com\/leblogmoto\/\"},{\"@type\":\"ListItem\",\"position\":2,\"name\":\"M6 va diffuser Sons Of Anarchy et remonte dans notre estime.\"}]},{\"@type\":\"WebSite\",\"@id\":\"https:\/\/blogs.thesocialmedia.com\/leblogmoto\/#website\",\"url\":\"https:\/\/blogs.thesocialmedia.com\/leblogmoto\/\",\"name\":\"leblogmoto\",\"description\":\"Toute l&#039;actualit\u00e9 des 2 roues\",\"potentialAction\":[{\"@type\":\"SearchAction\",\"target\":{\"@type\":\"EntryPoint\",\"urlTemplate\":\"https:\/\/blogs.thesocialmedia.com\/leblogmoto\/?s={search_term_string}\"},\"query-input\":{\"@type\":\"PropertyValueSpecification\",\"valueRequired\":true,\"valueName\":\"search_term_string\"}}],\"inLanguage\":\"fr-FR\"},{\"@type\":\"Person\",\"@id\":\"https:\/\/blogs.thesocialmedia.com\/leblogmoto\/#\/schema\/person\/18bfe773e5725ed6d24f743da805362a\",\"name\":\"benoit rieu\",\"image\":{\"@type\":\"ImageObject\",\"inLanguage\":\"fr-FR\",\"@id\":\"https:\/\/blogs.thesocialmedia.com\/leblogmoto\/#\/schema\/person\/image\/\",\"url\":\"https:\/\/secure.gravatar.com\/avatar\/?s=96&d=mm&r=g\",\"contentUrl\":\"https:\/\/secure.gravatar.com\/avatar\/?s=96&d=mm&r=g\",\"caption\":\"benoit rieu\"},\"url\":\"https:\/\/blogs.thesocialmedia.com\/leblogmoto\/author\/benoit-rieu\/\"}]}<\/script>\n<!-- \/ Yoast SEO plugin. -->","yoast_head_json":{"title":"M6 va diffuser Sons Of Anarchy et remonte dans notre estime. - leblogmoto.com","robots":{"index":"index","follow":"follow","max-snippet":"max-snippet:-1","max-image-preview":"max-image-preview:large","max-video-preview":"max-video-preview:-1"},"canonical":"https:\/\/blogs.thesocialmedia.com\/leblogmoto\/2009\/03\/25\/m6-va-diffuser-sons-of-anarchy-et-remonte-dans-notre-estime\/","twitter_card":"summary_large_image","twitter_title":"M6 va diffuser Sons Of Anarchy et remonte dans notre estime. - leblogmoto.com","twitter_description":"Nous vous avions d\u00e9j\u00e0 dit tout le bien que nous pensions de Sons Of Anarchy, une s\u00e9rie sur les gangs de bikers, aux ressorts de trag\u00e9die shakespearienne, du m\u00eame prodo que The Shield. M\u00e9tropole 6 a acquis les droits de diffusion dans l&#039;hexagone des deux premi\u00e8res saisons, et s&#039;appr\u00eate \u00e0 la diffuser &quot;d\u00e8s le printemps&quot; [&hellip;]","twitter_image":"https:\/\/blogs.thesocialmedia.com\/leblogmoto\/files\/2012\/07\/6a00d83451b18369e201156e5d0f4f970c-500wi.jpg","twitter_misc":{"\u00c9crit par":"benoit rieu","Dur\u00e9e de lecture estim\u00e9e":"2 minutes"},"schema":{"@context":"https:\/\/schema.org","@graph":[{"@type":"WebPage","@id":"https:\/\/blogs.thesocialmedia.com\/leblogmoto\/2009\/03\/25\/m6-va-diffuser-sons-of-anarchy-et-remonte-dans-notre-estime\/","url":"https:\/\/blogs.thesocialmedia.com\/leblogmoto\/2009\/03\/25\/m6-va-diffuser-sons-of-anarchy-et-remonte-dans-notre-estime\/","name":"M6 va diffuser Sons Of Anarchy et remonte dans notre estime. - leblogmoto.com","isPartOf":{"@id":"https:\/\/blogs.thesocialmedia.com\/leblogmoto\/#website"},"primaryImageOfPage":{"@id":"https:\/\/blogs.thesocialmedia.com\/leblogmoto\/2009\/03\/25\/m6-va-diffuser-sons-of-anarchy-et-remonte-dans-notre-estime\/#primaryimage"},"image":{"@id":"https:\/\/blogs.thesocialmedia.com\/leblogmoto\/2009\/03\/25\/m6-va-diffuser-sons-of-anarchy-et-remonte-dans-notre-estime\/#primaryimage"},"thumbnailUrl":"https:\/\/blogs.thesocialmedia.com\/leblogmoto\/files\/2012\/07\/6a00d83451b18369e201156e5d0f4f970c-500wi.jpg","datePublished":"2009-03-25T23:58:55+00:00","dateModified":"2012-07-11T17:14:39+00:00","author":{"@id":"https:\/\/blogs.thesocialmedia.com\/leblogmoto\/#\/schema\/person\/18bfe773e5725ed6d24f743da805362a"},"breadcrumb":{"@id":"https:\/\/blogs.thesocialmedia.com\/leblogmoto\/2009\/03\/25\/m6-va-diffuser-sons-of-anarchy-et-remonte-dans-notre-estime\/#breadcrumb"},"inLanguage":"fr-FR","potentialAction":[{"@type":"ReadAction","target":["https:\/\/blogs.thesocialmedia.com\/leblogmoto\/2009\/03\/25\/m6-va-diffuser-sons-of-anarchy-et-remonte-dans-notre-estime\/"]}]},{"@type":"ImageObject","inLanguage":"fr-FR","@id":"https:\/\/blogs.thesocialmedia.com\/leblogmoto\/2009\/03\/25\/m6-va-diffuser-sons-of-anarchy-et-remonte-dans-notre-estime\/#primaryimage","url":"https:\/\/blogs.thesocialmedia.com\/leblogmoto\/files\/2012\/07\/6a00d83451b18369e201156e5d0f4f970c-500wi.jpg","contentUrl":"https:\/\/blogs.thesocialmedia.com\/leblogmoto\/files\/2012\/07\/6a00d83451b18369e201156e5d0f4f970c-500wi.jpg","width":"500","height":"635"},{"@type":"BreadcrumbList","@id":"https:\/\/blogs.thesocialmedia.com\/leblogmoto\/2009\/03\/25\/m6-va-diffuser-sons-of-anarchy-et-remonte-dans-notre-estime\/#breadcrumb","itemListElement":[{"@type":"ListItem","position":1,"name":"Accueil","item":"https:\/\/blogs.thesocialmedia.com\/leblogmoto\/"},{"@type":"ListItem","position":2,"name":"M6 va diffuser Sons Of Anarchy et remonte dans notre estime."}]},{"@type":"WebSite","@id":"https:\/\/blogs.thesocialmedia.com\/leblogmoto\/#website","url":"https:\/\/blogs.thesocialmedia.com\/leblogmoto\/","name":"leblogmoto","description":"Toute l&#039;actualit\u00e9 des 2 roues","potentialAction":[{"@type":"SearchAction","target":{"@type":"EntryPoint","urlTemplate":"https:\/\/blogs.thesocialmedia.com\/leblogmoto\/?s={search_term_string}"},"query-input":{"@type":"PropertyValueSpecification","valueRequired":true,"valueName":"search_term_string"}}],"inLanguage":"fr-FR"},{"@type":"Person","@id":"https:\/\/blogs.thesocialmedia.com\/leblogmoto\/#\/schema\/person\/18bfe773e5725ed6d24f743da805362a","name":"benoit rieu","image":{"@type":"ImageObject","inLanguage":"fr-FR","@id":"https:\/\/blogs.thesocialmedia.com\/leblogmoto\/#\/schema\/person\/image\/","url":"https:\/\/secure.gravatar.com\/avatar\/?s=96&d=mm&r=g","contentUrl":"https:\/\/secure.gravatar.com\/avatar\/?s=96&d=mm&r=g","caption":"benoit rieu"},"url":"https:\/\/blogs.thesocialmedia.com\/leblogmoto\/author\/benoit-rieu\/"}]}},"_links":{"self":[{"href":"https:\/\/blogs.thesocialmedia.com\/leblogmoto\/wp-json\/wp\/v2\/posts\/214","targetHints":{"allow":["GET"]}}],"collection":[{"href":"https:\/\/blogs.thesocialmedia.com\/leblogmoto\/wp-json\/wp\/v2\/posts"}],"about":[{"href":"https:\/\/blogs.thesocialmedia.com\/leblogmoto\/wp-json\/wp\/v2\/types\/post"}],"author":[{"embeddable":true,"href":"https:\/\/blogs.thesocialmedia.com\/leblogmoto\/wp-json\/wp\/v2\/users\/324"}],"replies":[{"embeddable":true,"href":"https:\/\/blogs.thesocialmedia.com\/leblogmoto\/wp-json\/wp\/v2\/comments?post=214"}],"version-history":[{"count":2,"href":"https:\/\/blogs.thesocialmedia.com\/leblogmoto\/wp-json\/wp\/v2\/posts\/214\/revisions"}],"predecessor-version":[{"id":13040,"href":"https:\/\/blogs.thesocialmedia.com\/leblogmoto\/wp-json\/wp\/v2\/posts\/214\/revisions\/13040"}],"wp:featuredmedia":[{"embeddable":true,"href":"https:\/\/blogs.thesocialmedia.com\/leblogmoto\/wp-json\/wp\/v2\/media\/13038"}],"wp:attachment":[{"href":"https:\/\/blogs.thesocialmedia.com\/leblogmoto\/wp-json\/wp\/v2\/media?parent=214"}],"wp:term":[{"taxonomy":"category","embeddable":true,"href":"https:\/\/blogs.thesocialmedia.com\/leblogmoto\/wp-json\/wp\/v2\/categories?post=214"},{"taxonomy":"post_tag","embeddable":true,"href":"https:\/\/blogs.thesocialmedia.com\/leblogmoto\/wp-json\/wp\/v2\/tags?post=214"}],"curies":[{"name":"wp","href":"https:\/\/api.w.org\/{rel}","templated":true}]}}