{"id":2140,"date":"2006-01-01T14:57:18","date_gmt":"2006-01-01T14:57:18","guid":{"rendered":"http:\/\/blogs.thesocialmedia.com\/leblogmoto\/2006\/01\/01\/dakar-a-qui-gag\/"},"modified":"2012-07-11T14:13:34","modified_gmt":"2012-07-11T14:13:34","slug":"dakar-a-qui-gag","status":"publish","type":"post","link":"https:\/\/blogs.thesocialmedia.com\/leblogmoto\/2006\/01\/01\/dakar-a-qui-gag\/","title":{"rendered":"DAKAR: A qui gagne&#8230; perd."},"content":{"rendered":"<p><a href=\"http:\/\/blogs.thesocialmedia.com\/leblogmoto\/files\/2012\/07\/dakar2_1.jpg\"><img loading=\"lazy\" decoding=\"async\" height=\"190\" alt=\"Dakar2_1\" src=\"http:\/\/www.leblogmoto.com\/images\/dakar2_1.jpg\" width=\"250\"  \/><\/a>Le <a href=\"http:\/\/www.leblogmoto.com\/2005\/11\/dakar_2006_le_p.html\">DAKAR<\/a> est une \u00e9preuve \u00e0 nulle autre pareille dont les rebondissements et anecdotes ont \u00e9crit son histoire et forg\u00e9 sa r\u00e9putation. Il \u00e9tait de coutume que ces petites choses prennent corps une fois les pneus pos\u00e9s sur le continent africain. Cette \u00e9dition 2006 n&rsquo;aura pas attendu cette \u00e9ch\u00e9ance, la 2\u00b0\u00e9tape, qui vient de s&rsquo;achever, d\u00e9finissant un nouveau principe: \u00e0 qui gagne, perd&#8230;&nbsp; &nbsp;<\/p>\n<p>C&rsquo;est ainsi que le portugais <strong>Ruben FARIA<\/strong> a remport\u00e9 la 2\u00b0\u00e9tape de 567 kms, signant le meilleur chrono des 115 kms de sp\u00e9ciale. Cette \u00e9tape \u00e9tait pi\u00e8geuse \u00e0 souha\u00eet, bord\u00e9e de ravins, et elle amenait les concurrents vers MALAGA, pour l&#8217;embarquement vers le MAROC. FARIA enlevait donc la manche devant l&rsquo;espagnol ESTEVE et le fran\u00e7ais CASTEU, tous sur <a href=\"http:\/\/www.leblogmoto.com\/2005\/08\/ktm_950_supermo.html\">KTM<\/a>.<\/p>\n<p><a href=\"http:\/\/clabedan.typepad.com\/.shared\/image.html?\/photos\/uncategorized\/25.jpg\"><img loading=\"lazy\" decoding=\"async\" height=\"333\" alt=\"25\" src=\"http:\/\/www.leblogmoto.com\/images\/25.jpg\" width=\"250\"  \/><\/a>Mais c&rsquo;est pourtant ESTEVE qui prend la t\u00eate du g\u00e9n\u00e9ral, 8 secondes devant COMA. Quid de FARIA ? Il a \u00e9cop\u00e9 d&rsquo;une p\u00e9nalit\u00e9 de 12 minutes pour avoir point\u00e9 avec retard \u00e0 l&rsquo;arriv\u00e9e de la liaison, retard d\u00fb&#8230; \u00e0 <strong>des probl\u00e8mes de paiement \u00e0 une station service !<\/strong><\/p>\n<p><a href=\"http:\/\/www.leblogmoto.com\/2005\/12\/cyril_despres_n.html\">DESPRES<\/a> tombe \u00e0 la 5\u00b0place du g\u00e9n\u00e9ral mais \u00e0 seulement 1&rsquo;31 du leader. <\/p>\n","protected":false},"excerpt":{"rendered":"<p>Le DAKAR est une \u00e9preuve \u00e0 nulle autre pareille dont les rebondissements et anecdotes ont \u00e9crit son histoire et forg\u00e9 sa r\u00e9putation. Il \u00e9tait de coutume que ces petites choses prennent corps une fois les pneus pos\u00e9s sur le continent africain. Cette \u00e9dition 2006 n&rsquo;aura pas attendu cette \u00e9ch\u00e9ance, la 2\u00b0\u00e9tape, qui vient de s&rsquo;achever, [&hellip;]<\/p>\n","protected":false},"author":336,"featured_media":0,"comment_status":"open","ping_status":"open","sticky":false,"template":"","format":"standard","meta":{"footnotes":""},"categories":[32],"tags":[],"class_list":["post-2140","post","type-post","status-publish","format-standard","hentry","category-sport-moto"],"yoast_head":"<!-- This site is optimized with the Yoast SEO plugin v26.0 - https:\/\/yoast.com\/wordpress\/plugins\/seo\/ -->\n<title>DAKAR: A qui gagne... perd. - leblogmoto.com<\/title>\n<meta name=\"robots\" content=\"index, follow, max-snippet:-1, max-image-preview:large, max-video-preview:-1\" \/>\n<link rel=\"canonical\" href=\"https:\/\/blogs.thesocialmedia.com\/leblogmoto\/2006\/01\/01\/dakar-a-qui-gag\/\" \/>\n<meta name=\"twitter:card\" content=\"summary_large_image\" \/>\n<meta name=\"twitter:title\" content=\"DAKAR: A qui gagne... perd. - leblogmoto.com\" \/>\n<meta name=\"twitter:description\" content=\"Le DAKAR est une \u00e9preuve \u00e0 nulle autre pareille dont les rebondissements et anecdotes ont \u00e9crit son histoire et forg\u00e9 sa r\u00e9putation. Il \u00e9tait de coutume que ces petites choses prennent corps une fois les pneus pos\u00e9s sur le continent africain. Cette \u00e9dition 2006 n&rsquo;aura pas attendu cette \u00e9ch\u00e9ance, la 2\u00b0\u00e9tape, qui vient de s&rsquo;achever, [&hellip;]\" \/>\n<meta name=\"twitter:image\" content=\"http:\/\/www.leblogmoto.com\/images\/dakar2_1.jpg\" \/>\n<meta name=\"twitter:label1\" content=\"\u00c9crit par\" \/>\n\t<meta name=\"twitter:data1\" content=\"andre leconde\" \/>\n\t<meta name=\"twitter:label2\" content=\"Dur\u00e9e de lecture estim\u00e9e\" \/>\n\t<meta name=\"twitter:data2\" content=\"1 minute\" \/>\n<script type=\"application\/ld+json\" class=\"yoast-schema-graph\">{\"@context\":\"https:\/\/schema.org\",\"@graph\":[{\"@type\":\"WebPage\",\"@id\":\"https:\/\/blogs.thesocialmedia.com\/leblogmoto\/2006\/01\/01\/dakar-a-qui-gag\/\",\"url\":\"https:\/\/blogs.thesocialmedia.com\/leblogmoto\/2006\/01\/01\/dakar-a-qui-gag\/\",\"name\":\"DAKAR: A qui gagne... perd. - leblogmoto.com\",\"isPartOf\":{\"@id\":\"https:\/\/blogs.thesocialmedia.com\/leblogmoto\/#website\"},\"primaryImageOfPage\":{\"@id\":\"https:\/\/blogs.thesocialmedia.com\/leblogmoto\/2006\/01\/01\/dakar-a-qui-gag\/#primaryimage\"},\"image\":{\"@id\":\"https:\/\/blogs.thesocialmedia.com\/leblogmoto\/2006\/01\/01\/dakar-a-qui-gag\/#primaryimage\"},\"thumbnailUrl\":\"http:\/\/www.leblogmoto.com\/images\/dakar2_1.jpg\",\"datePublished\":\"2006-01-01T14:57:18+00:00\",\"dateModified\":\"2012-07-11T14:13:34+00:00\",\"author\":{\"@id\":\"https:\/\/blogs.thesocialmedia.com\/leblogmoto\/#\/schema\/person\/1a1dcfc7cec206573105eb4af91155c2\"},\"breadcrumb\":{\"@id\":\"https:\/\/blogs.thesocialmedia.com\/leblogmoto\/2006\/01\/01\/dakar-a-qui-gag\/#breadcrumb\"},\"inLanguage\":\"fr-FR\",\"potentialAction\":[{\"@type\":\"ReadAction\",\"target\":[\"https:\/\/blogs.thesocialmedia.com\/leblogmoto\/2006\/01\/01\/dakar-a-qui-gag\/\"]}]},{\"@type\":\"ImageObject\",\"inLanguage\":\"fr-FR\",\"@id\":\"https:\/\/blogs.thesocialmedia.com\/leblogmoto\/2006\/01\/01\/dakar-a-qui-gag\/#primaryimage\",\"url\":\"http:\/\/www.leblogmoto.com\/images\/dakar2_1.jpg\",\"contentUrl\":\"http:\/\/www.leblogmoto.com\/images\/dakar2_1.jpg\"},{\"@type\":\"BreadcrumbList\",\"@id\":\"https:\/\/blogs.thesocialmedia.com\/leblogmoto\/2006\/01\/01\/dakar-a-qui-gag\/#breadcrumb\",\"itemListElement\":[{\"@type\":\"ListItem\",\"position\":1,\"name\":\"Accueil\",\"item\":\"https:\/\/blogs.thesocialmedia.com\/leblogmoto\/\"},{\"@type\":\"ListItem\",\"position\":2,\"name\":\"DAKAR: A qui gagne&#8230; perd.\"}]},{\"@type\":\"WebSite\",\"@id\":\"https:\/\/blogs.thesocialmedia.com\/leblogmoto\/#website\",\"url\":\"https:\/\/blogs.thesocialmedia.com\/leblogmoto\/\",\"name\":\"leblogmoto\",\"description\":\"Toute l&#039;actualit\u00e9 des 2 roues\",\"potentialAction\":[{\"@type\":\"SearchAction\",\"target\":{\"@type\":\"EntryPoint\",\"urlTemplate\":\"https:\/\/blogs.thesocialmedia.com\/leblogmoto\/?s={search_term_string}\"},\"query-input\":{\"@type\":\"PropertyValueSpecification\",\"valueRequired\":true,\"valueName\":\"search_term_string\"}}],\"inLanguage\":\"fr-FR\"},{\"@type\":\"Person\",\"@id\":\"https:\/\/blogs.thesocialmedia.com\/leblogmoto\/#\/schema\/person\/1a1dcfc7cec206573105eb4af91155c2\",\"name\":\"andre leconde\",\"image\":{\"@type\":\"ImageObject\",\"inLanguage\":\"fr-FR\",\"@id\":\"https:\/\/blogs.thesocialmedia.com\/leblogmoto\/#\/schema\/person\/image\/\",\"url\":\"https:\/\/secure.gravatar.com\/avatar\/?s=96&d=mm&r=g\",\"contentUrl\":\"https:\/\/secure.gravatar.com\/avatar\/?s=96&d=mm&r=g\",\"caption\":\"andre leconde\"},\"url\":\"https:\/\/blogs.thesocialmedia.com\/leblogmoto\/author\/andre-leconde\/\"}]}<\/script>\n<!-- \/ Yoast SEO plugin. -->","yoast_head_json":{"title":"DAKAR: A qui gagne... perd. - leblogmoto.com","robots":{"index":"index","follow":"follow","max-snippet":"max-snippet:-1","max-image-preview":"max-image-preview:large","max-video-preview":"max-video-preview:-1"},"canonical":"https:\/\/blogs.thesocialmedia.com\/leblogmoto\/2006\/01\/01\/dakar-a-qui-gag\/","twitter_card":"summary_large_image","twitter_title":"DAKAR: A qui gagne... perd. - leblogmoto.com","twitter_description":"Le DAKAR est une \u00e9preuve \u00e0 nulle autre pareille dont les rebondissements et anecdotes ont \u00e9crit son histoire et forg\u00e9 sa r\u00e9putation. Il \u00e9tait de coutume que ces petites choses prennent corps une fois les pneus pos\u00e9s sur le continent africain. Cette \u00e9dition 2006 n&rsquo;aura pas attendu cette \u00e9ch\u00e9ance, la 2\u00b0\u00e9tape, qui vient de s&rsquo;achever, [&hellip;]","twitter_image":"http:\/\/www.leblogmoto.com\/images\/dakar2_1.jpg","twitter_misc":{"\u00c9crit par":"andre leconde","Dur\u00e9e de lecture estim\u00e9e":"1 minute"},"schema":{"@context":"https:\/\/schema.org","@graph":[{"@type":"WebPage","@id":"https:\/\/blogs.thesocialmedia.com\/leblogmoto\/2006\/01\/01\/dakar-a-qui-gag\/","url":"https:\/\/blogs.thesocialmedia.com\/leblogmoto\/2006\/01\/01\/dakar-a-qui-gag\/","name":"DAKAR: A qui gagne... perd. - leblogmoto.com","isPartOf":{"@id":"https:\/\/blogs.thesocialmedia.com\/leblogmoto\/#website"},"primaryImageOfPage":{"@id":"https:\/\/blogs.thesocialmedia.com\/leblogmoto\/2006\/01\/01\/dakar-a-qui-gag\/#primaryimage"},"image":{"@id":"https:\/\/blogs.thesocialmedia.com\/leblogmoto\/2006\/01\/01\/dakar-a-qui-gag\/#primaryimage"},"thumbnailUrl":"http:\/\/www.leblogmoto.com\/images\/dakar2_1.jpg","datePublished":"2006-01-01T14:57:18+00:00","dateModified":"2012-07-11T14:13:34+00:00","author":{"@id":"https:\/\/blogs.thesocialmedia.com\/leblogmoto\/#\/schema\/person\/1a1dcfc7cec206573105eb4af91155c2"},"breadcrumb":{"@id":"https:\/\/blogs.thesocialmedia.com\/leblogmoto\/2006\/01\/01\/dakar-a-qui-gag\/#breadcrumb"},"inLanguage":"fr-FR","potentialAction":[{"@type":"ReadAction","target":["https:\/\/blogs.thesocialmedia.com\/leblogmoto\/2006\/01\/01\/dakar-a-qui-gag\/"]}]},{"@type":"ImageObject","inLanguage":"fr-FR","@id":"https:\/\/blogs.thesocialmedia.com\/leblogmoto\/2006\/01\/01\/dakar-a-qui-gag\/#primaryimage","url":"http:\/\/www.leblogmoto.com\/images\/dakar2_1.jpg","contentUrl":"http:\/\/www.leblogmoto.com\/images\/dakar2_1.jpg"},{"@type":"BreadcrumbList","@id":"https:\/\/blogs.thesocialmedia.com\/leblogmoto\/2006\/01\/01\/dakar-a-qui-gag\/#breadcrumb","itemListElement":[{"@type":"ListItem","position":1,"name":"Accueil","item":"https:\/\/blogs.thesocialmedia.com\/leblogmoto\/"},{"@type":"ListItem","position":2,"name":"DAKAR: A qui gagne&#8230; perd."}]},{"@type":"WebSite","@id":"https:\/\/blogs.thesocialmedia.com\/leblogmoto\/#website","url":"https:\/\/blogs.thesocialmedia.com\/leblogmoto\/","name":"leblogmoto","description":"Toute l&#039;actualit\u00e9 des 2 roues","potentialAction":[{"@type":"SearchAction","target":{"@type":"EntryPoint","urlTemplate":"https:\/\/blogs.thesocialmedia.com\/leblogmoto\/?s={search_term_string}"},"query-input":{"@type":"PropertyValueSpecification","valueRequired":true,"valueName":"search_term_string"}}],"inLanguage":"fr-FR"},{"@type":"Person","@id":"https:\/\/blogs.thesocialmedia.com\/leblogmoto\/#\/schema\/person\/1a1dcfc7cec206573105eb4af91155c2","name":"andre leconde","image":{"@type":"ImageObject","inLanguage":"fr-FR","@id":"https:\/\/blogs.thesocialmedia.com\/leblogmoto\/#\/schema\/person\/image\/","url":"https:\/\/secure.gravatar.com\/avatar\/?s=96&d=mm&r=g","contentUrl":"https:\/\/secure.gravatar.com\/avatar\/?s=96&d=mm&r=g","caption":"andre leconde"},"url":"https:\/\/blogs.thesocialmedia.com\/leblogmoto\/author\/andre-leconde\/"}]}},"_links":{"self":[{"href":"https:\/\/blogs.thesocialmedia.com\/leblogmoto\/wp-json\/wp\/v2\/posts\/2140","targetHints":{"allow":["GET"]}}],"collection":[{"href":"https:\/\/blogs.thesocialmedia.com\/leblogmoto\/wp-json\/wp\/v2\/posts"}],"about":[{"href":"https:\/\/blogs.thesocialmedia.com\/leblogmoto\/wp-json\/wp\/v2\/types\/post"}],"author":[{"embeddable":true,"href":"https:\/\/blogs.thesocialmedia.com\/leblogmoto\/wp-json\/wp\/v2\/users\/336"}],"replies":[{"embeddable":true,"href":"https:\/\/blogs.thesocialmedia.com\/leblogmoto\/wp-json\/wp\/v2\/comments?post=2140"}],"version-history":[{"count":2,"href":"https:\/\/blogs.thesocialmedia.com\/leblogmoto\/wp-json\/wp\/v2\/posts\/2140\/revisions"}],"predecessor-version":[{"id":6913,"href":"https:\/\/blogs.thesocialmedia.com\/leblogmoto\/wp-json\/wp\/v2\/posts\/2140\/revisions\/6913"}],"wp:attachment":[{"href":"https:\/\/blogs.thesocialmedia.com\/leblogmoto\/wp-json\/wp\/v2\/media?parent=2140"}],"wp:term":[{"taxonomy":"category","embeddable":true,"href":"https:\/\/blogs.thesocialmedia.com\/leblogmoto\/wp-json\/wp\/v2\/categories?post=2140"},{"taxonomy":"post_tag","embeddable":true,"href":"https:\/\/blogs.thesocialmedia.com\/leblogmoto\/wp-json\/wp\/v2\/tags?post=2140"}],"curies":[{"name":"wp","href":"https:\/\/api.w.org\/{rel}","templated":true}]}}