{"id":2142,"date":"2005-12-31T18:15:00","date_gmt":"2005-12-31T18:15:00","guid":{"rendered":"http:\/\/blogs.thesocialmedia.com\/leblogmoto\/2005\/12\/31\/cyril-despres-n\/"},"modified":"2012-07-11T14:13:31","modified_gmt":"2012-07-11T14:13:31","slug":"cyril-despres-n","status":"publish","type":"post","link":"https:\/\/blogs.thesocialmedia.com\/leblogmoto\/2005\/12\/31\/cyril-despres-n\/","title":{"rendered":"DAKAR: DESPRES finit bien l&rsquo;ann\u00e9e !"},"content":{"rendered":"<p><a href=\"http:\/\/blogs.thesocialmedia.com\/leblogmoto\/files\/2012\/07\/despres.jpg\"><img loading=\"lazy\" decoding=\"async\" height=\"370\" alt=\"Despres\" src=\"http:\/\/www.leblogmoto.com\/images\/despres.jpg\" width=\"250\"  \/><\/a>Cyril DESPRES n&rsquo;a pas fait de quartier au cours de la premi\u00e8re \u00e9tape du <a href=\"http:\/\/www.leblogmoto.com\/2005\/11\/dakar_2006_le_p.html\">DAKAR<\/a>. Il a, tout de suite, marqu\u00e9 son territoire en signant le scratch du jour, prenant ainsi, de fait, d&rsquo;entr\u00e9e, la t\u00eate de <a href=\"http:\/\/www.leblogmoto.com\/2005\/12\/dakar_les_rgles.html\">l&rsquo;\u00e9dition 2006<\/a>. <\/p>\n<p>La colonie portugaise qui comptait bien rest\u00e9e ma\u00eetre chez elle n&rsquo;a rien pu faire devant la maestria du vainqueur en titre. Elle s&rsquo;adjudge n\u00e9anmoins vaillamment les accessits&#8230;&nbsp; <\/p>\n<p>Les 232 engag\u00e9s se sont lanc\u00e9s ce jour pour le DAKAR 2006 avec une premi\u00e8re \u00e9tape qui n&rsquo;avait rien d&rsquo;un prologue et ressemblait fort \u00e0 un pi\u00e8ge. 370 kms dont 83 de sp\u00e9ciales devaient d\u00e9partager les concurrents qui ont \u00e9volu\u00e9 sous les yeux du Pr\u00e9sident portugais en personne.<\/p>\n<p><a href=\"http:\/\/clabedan.typepad.com\/.shared\/image.html?\/photos\/uncategorized\/87.jpg\"><img loading=\"lazy\" decoding=\"async\" height=\"166\" alt=\"87\" src=\"http:\/\/www.leblogmoto.com\/images\/87.jpg\" width=\"250\"  \/><\/a>Transcand\u00e9e, la colonie lusitanienne a fait honneur \u00e0 son repr\u00e9sentant mais a d\u00fb s&rsquo;incliner devant la KTM de DESPRES. Le fran\u00e7ais s&rsquo;est jou\u00e9 de toutes les emb\u00fbches dont trois passages \u00e0 niveau en fonction qu&rsquo;il ne valait mieux pas prendre \u00e0 la fermeture, sous peine de perdre du temps&#8230; Cette incongru\u00eft\u00e9 n&rsquo;a cependant en rien boulevers\u00e9 la donne. FRETIGNE, seul <a href=\"http:\/\/www.leblogmoto.com\/2005\/10\/un_mauritanien_.html\">repr\u00e9sentant YAMAHA<\/a> bien plac\u00e9, reste en observateur, ne l\u00e2chant qu&rsquo;\u00e0 peine plus d&rsquo;1 minute \u00e0 son adversaire d\u00e9clar\u00e9.<\/p>\n<p>CLASSEMENT GENERAL:<\/p>\n<p>DESPRES (KTM), FARIA (4&quot;), COMA (7&quot;), RODRIGUEZ (50&quot;), ESTEVE 1&prime; (KTM), FRETIGNE 1&rsquo;05 (YAMAHA).<\/p>\n<p>SOURCE: www.sport24.com<\/p><\/p>\n","protected":false},"excerpt":{"rendered":"<p>Cyril DESPRES n&rsquo;a pas fait de quartier au cours de la premi\u00e8re \u00e9tape du DAKAR. Il a, tout de suite, marqu\u00e9 son territoire en signant le scratch du jour, prenant ainsi, de fait, d&rsquo;entr\u00e9e, la t\u00eate de l&rsquo;\u00e9dition 2006. La colonie portugaise qui comptait bien rest\u00e9e ma\u00eetre chez elle n&rsquo;a rien pu faire devant la [&hellip;]<\/p>\n","protected":false},"author":336,"featured_media":0,"comment_status":"open","ping_status":"open","sticky":false,"template":"","format":"standard","meta":{"footnotes":""},"categories":[32],"tags":[],"class_list":["post-2142","post","type-post","status-publish","format-standard","hentry","category-sport-moto"],"yoast_head":"<!-- This site is optimized with the Yoast SEO plugin v26.0 - https:\/\/yoast.com\/wordpress\/plugins\/seo\/ -->\n<title>DAKAR: DESPRES finit bien l&#039;ann\u00e9e ! - leblogmoto.com<\/title>\n<meta name=\"robots\" content=\"index, follow, max-snippet:-1, max-image-preview:large, max-video-preview:-1\" \/>\n<link rel=\"canonical\" href=\"https:\/\/blogs.thesocialmedia.com\/leblogmoto\/2005\/12\/31\/cyril-despres-n\/\" \/>\n<meta name=\"twitter:card\" content=\"summary_large_image\" \/>\n<meta name=\"twitter:title\" content=\"DAKAR: DESPRES finit bien l&#039;ann\u00e9e ! - leblogmoto.com\" \/>\n<meta name=\"twitter:description\" content=\"Cyril DESPRES n&rsquo;a pas fait de quartier au cours de la premi\u00e8re \u00e9tape du DAKAR. Il a, tout de suite, marqu\u00e9 son territoire en signant le scratch du jour, prenant ainsi, de fait, d&rsquo;entr\u00e9e, la t\u00eate de l&rsquo;\u00e9dition 2006. La colonie portugaise qui comptait bien rest\u00e9e ma\u00eetre chez elle n&rsquo;a rien pu faire devant la [&hellip;]\" \/>\n<meta name=\"twitter:image\" content=\"http:\/\/www.leblogmoto.com\/images\/despres.jpg\" \/>\n<meta name=\"twitter:label1\" content=\"\u00c9crit par\" \/>\n\t<meta name=\"twitter:data1\" content=\"andre leconde\" \/>\n\t<meta name=\"twitter:label2\" content=\"Dur\u00e9e de lecture estim\u00e9e\" \/>\n\t<meta name=\"twitter:data2\" content=\"1 minute\" \/>\n<script type=\"application\/ld+json\" class=\"yoast-schema-graph\">{\"@context\":\"https:\/\/schema.org\",\"@graph\":[{\"@type\":\"WebPage\",\"@id\":\"https:\/\/blogs.thesocialmedia.com\/leblogmoto\/2005\/12\/31\/cyril-despres-n\/\",\"url\":\"https:\/\/blogs.thesocialmedia.com\/leblogmoto\/2005\/12\/31\/cyril-despres-n\/\",\"name\":\"DAKAR: DESPRES finit bien l'ann\u00e9e ! - leblogmoto.com\",\"isPartOf\":{\"@id\":\"https:\/\/blogs.thesocialmedia.com\/leblogmoto\/#website\"},\"primaryImageOfPage\":{\"@id\":\"https:\/\/blogs.thesocialmedia.com\/leblogmoto\/2005\/12\/31\/cyril-despres-n\/#primaryimage\"},\"image\":{\"@id\":\"https:\/\/blogs.thesocialmedia.com\/leblogmoto\/2005\/12\/31\/cyril-despres-n\/#primaryimage\"},\"thumbnailUrl\":\"http:\/\/www.leblogmoto.com\/images\/despres.jpg\",\"datePublished\":\"2005-12-31T18:15:00+00:00\",\"dateModified\":\"2012-07-11T14:13:31+00:00\",\"author\":{\"@id\":\"https:\/\/blogs.thesocialmedia.com\/leblogmoto\/#\/schema\/person\/1a1dcfc7cec206573105eb4af91155c2\"},\"breadcrumb\":{\"@id\":\"https:\/\/blogs.thesocialmedia.com\/leblogmoto\/2005\/12\/31\/cyril-despres-n\/#breadcrumb\"},\"inLanguage\":\"fr-FR\",\"potentialAction\":[{\"@type\":\"ReadAction\",\"target\":[\"https:\/\/blogs.thesocialmedia.com\/leblogmoto\/2005\/12\/31\/cyril-despres-n\/\"]}]},{\"@type\":\"ImageObject\",\"inLanguage\":\"fr-FR\",\"@id\":\"https:\/\/blogs.thesocialmedia.com\/leblogmoto\/2005\/12\/31\/cyril-despres-n\/#primaryimage\",\"url\":\"http:\/\/www.leblogmoto.com\/images\/despres.jpg\",\"contentUrl\":\"http:\/\/www.leblogmoto.com\/images\/despres.jpg\"},{\"@type\":\"BreadcrumbList\",\"@id\":\"https:\/\/blogs.thesocialmedia.com\/leblogmoto\/2005\/12\/31\/cyril-despres-n\/#breadcrumb\",\"itemListElement\":[{\"@type\":\"ListItem\",\"position\":1,\"name\":\"Accueil\",\"item\":\"https:\/\/blogs.thesocialmedia.com\/leblogmoto\/\"},{\"@type\":\"ListItem\",\"position\":2,\"name\":\"DAKAR: DESPRES finit bien l&rsquo;ann\u00e9e !\"}]},{\"@type\":\"WebSite\",\"@id\":\"https:\/\/blogs.thesocialmedia.com\/leblogmoto\/#website\",\"url\":\"https:\/\/blogs.thesocialmedia.com\/leblogmoto\/\",\"name\":\"leblogmoto\",\"description\":\"Toute l&#039;actualit\u00e9 des 2 roues\",\"potentialAction\":[{\"@type\":\"SearchAction\",\"target\":{\"@type\":\"EntryPoint\",\"urlTemplate\":\"https:\/\/blogs.thesocialmedia.com\/leblogmoto\/?s={search_term_string}\"},\"query-input\":{\"@type\":\"PropertyValueSpecification\",\"valueRequired\":true,\"valueName\":\"search_term_string\"}}],\"inLanguage\":\"fr-FR\"},{\"@type\":\"Person\",\"@id\":\"https:\/\/blogs.thesocialmedia.com\/leblogmoto\/#\/schema\/person\/1a1dcfc7cec206573105eb4af91155c2\",\"name\":\"andre leconde\",\"image\":{\"@type\":\"ImageObject\",\"inLanguage\":\"fr-FR\",\"@id\":\"https:\/\/blogs.thesocialmedia.com\/leblogmoto\/#\/schema\/person\/image\/\",\"url\":\"https:\/\/secure.gravatar.com\/avatar\/?s=96&d=mm&r=g\",\"contentUrl\":\"https:\/\/secure.gravatar.com\/avatar\/?s=96&d=mm&r=g\",\"caption\":\"andre leconde\"},\"url\":\"https:\/\/blogs.thesocialmedia.com\/leblogmoto\/author\/andre-leconde\/\"}]}<\/script>\n<!-- \/ Yoast SEO plugin. -->","yoast_head_json":{"title":"DAKAR: DESPRES finit bien l'ann\u00e9e ! - leblogmoto.com","robots":{"index":"index","follow":"follow","max-snippet":"max-snippet:-1","max-image-preview":"max-image-preview:large","max-video-preview":"max-video-preview:-1"},"canonical":"https:\/\/blogs.thesocialmedia.com\/leblogmoto\/2005\/12\/31\/cyril-despres-n\/","twitter_card":"summary_large_image","twitter_title":"DAKAR: DESPRES finit bien l'ann\u00e9e ! - leblogmoto.com","twitter_description":"Cyril DESPRES n&rsquo;a pas fait de quartier au cours de la premi\u00e8re \u00e9tape du DAKAR. Il a, tout de suite, marqu\u00e9 son territoire en signant le scratch du jour, prenant ainsi, de fait, d&rsquo;entr\u00e9e, la t\u00eate de l&rsquo;\u00e9dition 2006. La colonie portugaise qui comptait bien rest\u00e9e ma\u00eetre chez elle n&rsquo;a rien pu faire devant la [&hellip;]","twitter_image":"http:\/\/www.leblogmoto.com\/images\/despres.jpg","twitter_misc":{"\u00c9crit par":"andre leconde","Dur\u00e9e de lecture estim\u00e9e":"1 minute"},"schema":{"@context":"https:\/\/schema.org","@graph":[{"@type":"WebPage","@id":"https:\/\/blogs.thesocialmedia.com\/leblogmoto\/2005\/12\/31\/cyril-despres-n\/","url":"https:\/\/blogs.thesocialmedia.com\/leblogmoto\/2005\/12\/31\/cyril-despres-n\/","name":"DAKAR: DESPRES finit bien l'ann\u00e9e ! - leblogmoto.com","isPartOf":{"@id":"https:\/\/blogs.thesocialmedia.com\/leblogmoto\/#website"},"primaryImageOfPage":{"@id":"https:\/\/blogs.thesocialmedia.com\/leblogmoto\/2005\/12\/31\/cyril-despres-n\/#primaryimage"},"image":{"@id":"https:\/\/blogs.thesocialmedia.com\/leblogmoto\/2005\/12\/31\/cyril-despres-n\/#primaryimage"},"thumbnailUrl":"http:\/\/www.leblogmoto.com\/images\/despres.jpg","datePublished":"2005-12-31T18:15:00+00:00","dateModified":"2012-07-11T14:13:31+00:00","author":{"@id":"https:\/\/blogs.thesocialmedia.com\/leblogmoto\/#\/schema\/person\/1a1dcfc7cec206573105eb4af91155c2"},"breadcrumb":{"@id":"https:\/\/blogs.thesocialmedia.com\/leblogmoto\/2005\/12\/31\/cyril-despres-n\/#breadcrumb"},"inLanguage":"fr-FR","potentialAction":[{"@type":"ReadAction","target":["https:\/\/blogs.thesocialmedia.com\/leblogmoto\/2005\/12\/31\/cyril-despres-n\/"]}]},{"@type":"ImageObject","inLanguage":"fr-FR","@id":"https:\/\/blogs.thesocialmedia.com\/leblogmoto\/2005\/12\/31\/cyril-despres-n\/#primaryimage","url":"http:\/\/www.leblogmoto.com\/images\/despres.jpg","contentUrl":"http:\/\/www.leblogmoto.com\/images\/despres.jpg"},{"@type":"BreadcrumbList","@id":"https:\/\/blogs.thesocialmedia.com\/leblogmoto\/2005\/12\/31\/cyril-despres-n\/#breadcrumb","itemListElement":[{"@type":"ListItem","position":1,"name":"Accueil","item":"https:\/\/blogs.thesocialmedia.com\/leblogmoto\/"},{"@type":"ListItem","position":2,"name":"DAKAR: DESPRES finit bien l&rsquo;ann\u00e9e !"}]},{"@type":"WebSite","@id":"https:\/\/blogs.thesocialmedia.com\/leblogmoto\/#website","url":"https:\/\/blogs.thesocialmedia.com\/leblogmoto\/","name":"leblogmoto","description":"Toute l&#039;actualit\u00e9 des 2 roues","potentialAction":[{"@type":"SearchAction","target":{"@type":"EntryPoint","urlTemplate":"https:\/\/blogs.thesocialmedia.com\/leblogmoto\/?s={search_term_string}"},"query-input":{"@type":"PropertyValueSpecification","valueRequired":true,"valueName":"search_term_string"}}],"inLanguage":"fr-FR"},{"@type":"Person","@id":"https:\/\/blogs.thesocialmedia.com\/leblogmoto\/#\/schema\/person\/1a1dcfc7cec206573105eb4af91155c2","name":"andre leconde","image":{"@type":"ImageObject","inLanguage":"fr-FR","@id":"https:\/\/blogs.thesocialmedia.com\/leblogmoto\/#\/schema\/person\/image\/","url":"https:\/\/secure.gravatar.com\/avatar\/?s=96&d=mm&r=g","contentUrl":"https:\/\/secure.gravatar.com\/avatar\/?s=96&d=mm&r=g","caption":"andre leconde"},"url":"https:\/\/blogs.thesocialmedia.com\/leblogmoto\/author\/andre-leconde\/"}]}},"_links":{"self":[{"href":"https:\/\/blogs.thesocialmedia.com\/leblogmoto\/wp-json\/wp\/v2\/posts\/2142","targetHints":{"allow":["GET"]}}],"collection":[{"href":"https:\/\/blogs.thesocialmedia.com\/leblogmoto\/wp-json\/wp\/v2\/posts"}],"about":[{"href":"https:\/\/blogs.thesocialmedia.com\/leblogmoto\/wp-json\/wp\/v2\/types\/post"}],"author":[{"embeddable":true,"href":"https:\/\/blogs.thesocialmedia.com\/leblogmoto\/wp-json\/wp\/v2\/users\/336"}],"replies":[{"embeddable":true,"href":"https:\/\/blogs.thesocialmedia.com\/leblogmoto\/wp-json\/wp\/v2\/comments?post=2142"}],"version-history":[{"count":2,"href":"https:\/\/blogs.thesocialmedia.com\/leblogmoto\/wp-json\/wp\/v2\/posts\/2142\/revisions"}],"predecessor-version":[{"id":6909,"href":"https:\/\/blogs.thesocialmedia.com\/leblogmoto\/wp-json\/wp\/v2\/posts\/2142\/revisions\/6909"}],"wp:attachment":[{"href":"https:\/\/blogs.thesocialmedia.com\/leblogmoto\/wp-json\/wp\/v2\/media?parent=2142"}],"wp:term":[{"taxonomy":"category","embeddable":true,"href":"https:\/\/blogs.thesocialmedia.com\/leblogmoto\/wp-json\/wp\/v2\/categories?post=2142"},{"taxonomy":"post_tag","embeddable":true,"href":"https:\/\/blogs.thesocialmedia.com\/leblogmoto\/wp-json\/wp\/v2\/tags?post=2142"}],"curies":[{"name":"wp","href":"https:\/\/api.w.org\/{rel}","templated":true}]}}