{"id":2143,"date":"2005-12-31T16:21:00","date_gmt":"2005-12-31T16:21:00","guid":{"rendered":"http:\/\/blogs.thesocialmedia.com\/leblogmoto\/2005\/12\/31\/bonne-annee\/"},"modified":"2012-07-11T14:13:29","modified_gmt":"2012-07-11T14:13:29","slug":"bonne-annee","status":"publish","type":"post","link":"https:\/\/blogs.thesocialmedia.com\/leblogmoto\/2005\/12\/31\/bonne-annee\/","title":{"rendered":"BONNE ANNEE !"},"content":{"rendered":"<p><a href=\"http:\/\/blogs.thesocialmedia.com\/leblogmoto\/files\/2012\/07\/voeux.jpg\"><img loading=\"lazy\" decoding=\"async\" height=\"299\" alt=\"Voeux\" src=\"http:\/\/www.leblogmoto.com\/images\/voeux.jpg\" width=\"250\"  \/><\/a>Nous voil\u00e0 arriv\u00e9s \u00e0 l&rsquo;\u00e9ch\u00e9ance d&rsquo;une <a href=\"http:\/\/www.leblogmoto.com\/2005\/11\/essais_termins_.html\">ann\u00e9e<\/a> et aux portes d&rsquo;une nouvelle. De quoi, comme il est de tradition, prendre de bonnes r\u00e9solutions. <\/p>\n<p>Toute <a href=\"http:\/\/www.leblogmoto.com\/2005\/12\/la_moto_vhicule.html\">charit\u00e9<\/a> commen\u00e7ant par soi m\u00eame, ruez vous, en 2006, sur ce blog, qui esp\u00e8re \u00eatre, de votre passion, adventice. <\/p>\n<p>Portez vous bien, gardez la poign\u00e9e dans le coin, mais toujours avec <a href=\"http:\/\/www.leblogmoto.com\/2005\/12\/securite_on_ne_.html\">parcimonie<\/a>, si vous voulez, sur le permis, pr\u00e9server vos points. <\/p>\n<p>Et puis, il y a le reste des souhaits, que je vous livre comme \u00e7a, au d\u00e9bott\u00e9&#8230;<\/p>\n<p><a href=\"http:\/\/clabedan.typepad.com\/.shared\/image.html?\/photos\/uncategorized\/resolutions.gif\"><img loading=\"lazy\" decoding=\"async\" height=\"309\" alt=\"Resolutions\" src=\"http:\/\/www.leblogmoto.com\/images\/resolutions.gif\" width=\"250\"  \/><\/a>Que <a href=\"http:\/\/www.leblogmoto.com\/2005\/11\/rgis_passe_au_v.html\">LACONI<\/a> se fasse, par ses exploits, regrett\u00e9s de DUCATI, que <a href=\"http:\/\/www.leblogmoto.com\/2005\/10\/cocorico_randy_.html\">DE PUNIET<\/a> se r\u00e9v\u00e8le en MotoGp, que <a href=\"http:\/\/www.leblogmoto.com\/2005\/12\/125_un_3_french.html\">CLUZEL<\/a>, MASBOU et DI MEGLIO deviennent, en 125, un redoutable trio, tandis qu&rsquo;en 250, GUINTOLI et VINCENT se battront devant. Sans oublier le Supersport et <a href=\"http:\/\/www.leblogmoto.com\/2005\/09\/supersport_sbas.html\">CHARPENTIER<\/a> \u00e0 l&rsquo;app\u00e9tit jamais rassasi\u00e9 et <a href=\"http:\/\/www.leblogmoto.com\/2005\/12\/foret_simplante.html\">FORET<\/a>, pris en SBK par SUZUKI, qui va impressionner.<\/p>\n<p>Que <a href=\"http:\/\/www.leblogmoto.com\/2005\/12\/vous_avez_t_bie.html\">VOXAN<\/a> continue \u00e0 regarder devant, que ses motos vivent et que la passion suive. Que cette marque surmonte ses difficult\u00e9s et qu&rsquo;elle fasse, \u00e0 ceux qui voudraient vite l&rsquo;enterrer, un joli pied de nez.<\/p>\n<p>La liste est pour le moins exhaustive, mais l&rsquo;heure se fait d\u00e9j\u00e0 tardive. Alors, pour tous celles et ceux qui auraient \u00e9t\u00e9 oubli\u00e9s, le blog vous souha\u00eete, de m\u00eame, une bien bonne et heureuse ann\u00e9e !<\/p>\n<p>&nbsp; &nbsp;&nbsp; &nbsp; <\/p>\n","protected":false},"excerpt":{"rendered":"<p>Nous voil\u00e0 arriv\u00e9s \u00e0 l&rsquo;\u00e9ch\u00e9ance d&rsquo;une ann\u00e9e et aux portes d&rsquo;une nouvelle. De quoi, comme il est de tradition, prendre de bonnes r\u00e9solutions. Toute charit\u00e9 commen\u00e7ant par soi m\u00eame, ruez vous, en 2006, sur ce blog, qui esp\u00e8re \u00eatre, de votre passion, adventice. Portez vous bien, gardez la poign\u00e9e dans le coin, mais toujours avec [&hellip;]<\/p>\n","protected":false},"author":336,"featured_media":0,"comment_status":"open","ping_status":"open","sticky":false,"template":"","format":"standard","meta":{"footnotes":""},"categories":[17],"tags":[],"class_list":["post-2143","post","type-post","status-publish","format-standard","hentry","category-divers"],"yoast_head":"<!-- This site is optimized with the Yoast SEO plugin v26.0 - https:\/\/yoast.com\/wordpress\/plugins\/seo\/ -->\n<title>BONNE ANNEE ! - leblogmoto.com<\/title>\n<meta name=\"robots\" content=\"index, follow, max-snippet:-1, max-image-preview:large, max-video-preview:-1\" \/>\n<link rel=\"canonical\" href=\"https:\/\/blogs.thesocialmedia.com\/leblogmoto\/2005\/12\/31\/bonne-annee\/\" \/>\n<meta name=\"twitter:card\" content=\"summary_large_image\" \/>\n<meta name=\"twitter:title\" content=\"BONNE ANNEE ! - leblogmoto.com\" \/>\n<meta name=\"twitter:description\" content=\"Nous voil\u00e0 arriv\u00e9s \u00e0 l&rsquo;\u00e9ch\u00e9ance d&rsquo;une ann\u00e9e et aux portes d&rsquo;une nouvelle. De quoi, comme il est de tradition, prendre de bonnes r\u00e9solutions. Toute charit\u00e9 commen\u00e7ant par soi m\u00eame, ruez vous, en 2006, sur ce blog, qui esp\u00e8re \u00eatre, de votre passion, adventice. Portez vous bien, gardez la poign\u00e9e dans le coin, mais toujours avec [&hellip;]\" \/>\n<meta name=\"twitter:image\" content=\"http:\/\/www.leblogmoto.com\/images\/voeux.jpg\" \/>\n<meta name=\"twitter:label1\" content=\"\u00c9crit par\" \/>\n\t<meta name=\"twitter:data1\" content=\"andre leconde\" \/>\n\t<meta name=\"twitter:label2\" content=\"Dur\u00e9e de lecture estim\u00e9e\" \/>\n\t<meta name=\"twitter:data2\" content=\"1 minute\" \/>\n<script type=\"application\/ld+json\" class=\"yoast-schema-graph\">{\"@context\":\"https:\/\/schema.org\",\"@graph\":[{\"@type\":\"WebPage\",\"@id\":\"https:\/\/blogs.thesocialmedia.com\/leblogmoto\/2005\/12\/31\/bonne-annee\/\",\"url\":\"https:\/\/blogs.thesocialmedia.com\/leblogmoto\/2005\/12\/31\/bonne-annee\/\",\"name\":\"BONNE ANNEE ! - leblogmoto.com\",\"isPartOf\":{\"@id\":\"https:\/\/blogs.thesocialmedia.com\/leblogmoto\/#website\"},\"primaryImageOfPage\":{\"@id\":\"https:\/\/blogs.thesocialmedia.com\/leblogmoto\/2005\/12\/31\/bonne-annee\/#primaryimage\"},\"image\":{\"@id\":\"https:\/\/blogs.thesocialmedia.com\/leblogmoto\/2005\/12\/31\/bonne-annee\/#primaryimage\"},\"thumbnailUrl\":\"http:\/\/www.leblogmoto.com\/images\/voeux.jpg\",\"datePublished\":\"2005-12-31T16:21:00+00:00\",\"dateModified\":\"2012-07-11T14:13:29+00:00\",\"author\":{\"@id\":\"https:\/\/blogs.thesocialmedia.com\/leblogmoto\/#\/schema\/person\/1a1dcfc7cec206573105eb4af91155c2\"},\"breadcrumb\":{\"@id\":\"https:\/\/blogs.thesocialmedia.com\/leblogmoto\/2005\/12\/31\/bonne-annee\/#breadcrumb\"},\"inLanguage\":\"fr-FR\",\"potentialAction\":[{\"@type\":\"ReadAction\",\"target\":[\"https:\/\/blogs.thesocialmedia.com\/leblogmoto\/2005\/12\/31\/bonne-annee\/\"]}]},{\"@type\":\"ImageObject\",\"inLanguage\":\"fr-FR\",\"@id\":\"https:\/\/blogs.thesocialmedia.com\/leblogmoto\/2005\/12\/31\/bonne-annee\/#primaryimage\",\"url\":\"http:\/\/www.leblogmoto.com\/images\/voeux.jpg\",\"contentUrl\":\"http:\/\/www.leblogmoto.com\/images\/voeux.jpg\"},{\"@type\":\"BreadcrumbList\",\"@id\":\"https:\/\/blogs.thesocialmedia.com\/leblogmoto\/2005\/12\/31\/bonne-annee\/#breadcrumb\",\"itemListElement\":[{\"@type\":\"ListItem\",\"position\":1,\"name\":\"Accueil\",\"item\":\"https:\/\/blogs.thesocialmedia.com\/leblogmoto\/\"},{\"@type\":\"ListItem\",\"position\":2,\"name\":\"BONNE ANNEE !\"}]},{\"@type\":\"WebSite\",\"@id\":\"https:\/\/blogs.thesocialmedia.com\/leblogmoto\/#website\",\"url\":\"https:\/\/blogs.thesocialmedia.com\/leblogmoto\/\",\"name\":\"leblogmoto\",\"description\":\"Toute l&#039;actualit\u00e9 des 2 roues\",\"potentialAction\":[{\"@type\":\"SearchAction\",\"target\":{\"@type\":\"EntryPoint\",\"urlTemplate\":\"https:\/\/blogs.thesocialmedia.com\/leblogmoto\/?s={search_term_string}\"},\"query-input\":{\"@type\":\"PropertyValueSpecification\",\"valueRequired\":true,\"valueName\":\"search_term_string\"}}],\"inLanguage\":\"fr-FR\"},{\"@type\":\"Person\",\"@id\":\"https:\/\/blogs.thesocialmedia.com\/leblogmoto\/#\/schema\/person\/1a1dcfc7cec206573105eb4af91155c2\",\"name\":\"andre leconde\",\"image\":{\"@type\":\"ImageObject\",\"inLanguage\":\"fr-FR\",\"@id\":\"https:\/\/blogs.thesocialmedia.com\/leblogmoto\/#\/schema\/person\/image\/\",\"url\":\"https:\/\/secure.gravatar.com\/avatar\/?s=96&d=mm&r=g\",\"contentUrl\":\"https:\/\/secure.gravatar.com\/avatar\/?s=96&d=mm&r=g\",\"caption\":\"andre leconde\"},\"url\":\"https:\/\/blogs.thesocialmedia.com\/leblogmoto\/author\/andre-leconde\/\"}]}<\/script>\n<!-- \/ Yoast SEO plugin. -->","yoast_head_json":{"title":"BONNE ANNEE ! - leblogmoto.com","robots":{"index":"index","follow":"follow","max-snippet":"max-snippet:-1","max-image-preview":"max-image-preview:large","max-video-preview":"max-video-preview:-1"},"canonical":"https:\/\/blogs.thesocialmedia.com\/leblogmoto\/2005\/12\/31\/bonne-annee\/","twitter_card":"summary_large_image","twitter_title":"BONNE ANNEE ! - leblogmoto.com","twitter_description":"Nous voil\u00e0 arriv\u00e9s \u00e0 l&rsquo;\u00e9ch\u00e9ance d&rsquo;une ann\u00e9e et aux portes d&rsquo;une nouvelle. De quoi, comme il est de tradition, prendre de bonnes r\u00e9solutions. Toute charit\u00e9 commen\u00e7ant par soi m\u00eame, ruez vous, en 2006, sur ce blog, qui esp\u00e8re \u00eatre, de votre passion, adventice. Portez vous bien, gardez la poign\u00e9e dans le coin, mais toujours avec [&hellip;]","twitter_image":"http:\/\/www.leblogmoto.com\/images\/voeux.jpg","twitter_misc":{"\u00c9crit par":"andre leconde","Dur\u00e9e de lecture estim\u00e9e":"1 minute"},"schema":{"@context":"https:\/\/schema.org","@graph":[{"@type":"WebPage","@id":"https:\/\/blogs.thesocialmedia.com\/leblogmoto\/2005\/12\/31\/bonne-annee\/","url":"https:\/\/blogs.thesocialmedia.com\/leblogmoto\/2005\/12\/31\/bonne-annee\/","name":"BONNE ANNEE ! - leblogmoto.com","isPartOf":{"@id":"https:\/\/blogs.thesocialmedia.com\/leblogmoto\/#website"},"primaryImageOfPage":{"@id":"https:\/\/blogs.thesocialmedia.com\/leblogmoto\/2005\/12\/31\/bonne-annee\/#primaryimage"},"image":{"@id":"https:\/\/blogs.thesocialmedia.com\/leblogmoto\/2005\/12\/31\/bonne-annee\/#primaryimage"},"thumbnailUrl":"http:\/\/www.leblogmoto.com\/images\/voeux.jpg","datePublished":"2005-12-31T16:21:00+00:00","dateModified":"2012-07-11T14:13:29+00:00","author":{"@id":"https:\/\/blogs.thesocialmedia.com\/leblogmoto\/#\/schema\/person\/1a1dcfc7cec206573105eb4af91155c2"},"breadcrumb":{"@id":"https:\/\/blogs.thesocialmedia.com\/leblogmoto\/2005\/12\/31\/bonne-annee\/#breadcrumb"},"inLanguage":"fr-FR","potentialAction":[{"@type":"ReadAction","target":["https:\/\/blogs.thesocialmedia.com\/leblogmoto\/2005\/12\/31\/bonne-annee\/"]}]},{"@type":"ImageObject","inLanguage":"fr-FR","@id":"https:\/\/blogs.thesocialmedia.com\/leblogmoto\/2005\/12\/31\/bonne-annee\/#primaryimage","url":"http:\/\/www.leblogmoto.com\/images\/voeux.jpg","contentUrl":"http:\/\/www.leblogmoto.com\/images\/voeux.jpg"},{"@type":"BreadcrumbList","@id":"https:\/\/blogs.thesocialmedia.com\/leblogmoto\/2005\/12\/31\/bonne-annee\/#breadcrumb","itemListElement":[{"@type":"ListItem","position":1,"name":"Accueil","item":"https:\/\/blogs.thesocialmedia.com\/leblogmoto\/"},{"@type":"ListItem","position":2,"name":"BONNE ANNEE !"}]},{"@type":"WebSite","@id":"https:\/\/blogs.thesocialmedia.com\/leblogmoto\/#website","url":"https:\/\/blogs.thesocialmedia.com\/leblogmoto\/","name":"leblogmoto","description":"Toute l&#039;actualit\u00e9 des 2 roues","potentialAction":[{"@type":"SearchAction","target":{"@type":"EntryPoint","urlTemplate":"https:\/\/blogs.thesocialmedia.com\/leblogmoto\/?s={search_term_string}"},"query-input":{"@type":"PropertyValueSpecification","valueRequired":true,"valueName":"search_term_string"}}],"inLanguage":"fr-FR"},{"@type":"Person","@id":"https:\/\/blogs.thesocialmedia.com\/leblogmoto\/#\/schema\/person\/1a1dcfc7cec206573105eb4af91155c2","name":"andre leconde","image":{"@type":"ImageObject","inLanguage":"fr-FR","@id":"https:\/\/blogs.thesocialmedia.com\/leblogmoto\/#\/schema\/person\/image\/","url":"https:\/\/secure.gravatar.com\/avatar\/?s=96&d=mm&r=g","contentUrl":"https:\/\/secure.gravatar.com\/avatar\/?s=96&d=mm&r=g","caption":"andre leconde"},"url":"https:\/\/blogs.thesocialmedia.com\/leblogmoto\/author\/andre-leconde\/"}]}},"_links":{"self":[{"href":"https:\/\/blogs.thesocialmedia.com\/leblogmoto\/wp-json\/wp\/v2\/posts\/2143","targetHints":{"allow":["GET"]}}],"collection":[{"href":"https:\/\/blogs.thesocialmedia.com\/leblogmoto\/wp-json\/wp\/v2\/posts"}],"about":[{"href":"https:\/\/blogs.thesocialmedia.com\/leblogmoto\/wp-json\/wp\/v2\/types\/post"}],"author":[{"embeddable":true,"href":"https:\/\/blogs.thesocialmedia.com\/leblogmoto\/wp-json\/wp\/v2\/users\/336"}],"replies":[{"embeddable":true,"href":"https:\/\/blogs.thesocialmedia.com\/leblogmoto\/wp-json\/wp\/v2\/comments?post=2143"}],"version-history":[{"count":2,"href":"https:\/\/blogs.thesocialmedia.com\/leblogmoto\/wp-json\/wp\/v2\/posts\/2143\/revisions"}],"predecessor-version":[{"id":6907,"href":"https:\/\/blogs.thesocialmedia.com\/leblogmoto\/wp-json\/wp\/v2\/posts\/2143\/revisions\/6907"}],"wp:attachment":[{"href":"https:\/\/blogs.thesocialmedia.com\/leblogmoto\/wp-json\/wp\/v2\/media?parent=2143"}],"wp:term":[{"taxonomy":"category","embeddable":true,"href":"https:\/\/blogs.thesocialmedia.com\/leblogmoto\/wp-json\/wp\/v2\/categories?post=2143"},{"taxonomy":"post_tag","embeddable":true,"href":"https:\/\/blogs.thesocialmedia.com\/leblogmoto\/wp-json\/wp\/v2\/tags?post=2143"}],"curies":[{"name":"wp","href":"https:\/\/api.w.org\/{rel}","templated":true}]}}