{"id":2144,"date":"2005-12-30T18:34:00","date_gmt":"2005-12-30T18:34:00","guid":{"rendered":"http:\/\/blogs.thesocialmedia.com\/leblogmoto\/2005\/12\/30\/125-un-3-french\/"},"modified":"2012-07-11T14:13:27","modified_gmt":"2012-07-11T14:13:27","slug":"125-un-3-french","status":"publish","type":"post","link":"https:\/\/blogs.thesocialmedia.com\/leblogmoto\/2005\/12\/30\/125-un-3-french\/","title":{"rendered":"125: Un 3\u00b0 frenchie en mondial"},"content":{"rendered":"<p><a href=\"http:\/\/blogs.thesocialmedia.com\/leblogmoto\/files\/2012\/07\/cluzel.jpg\"><img loading=\"lazy\" decoding=\"async\" height=\"165\" alt=\"Cluzel\" src=\"http:\/\/www.leblogmoto.com\/images\/cluzel.jpg\" width=\"250\"  \/><\/a>Cette fois, c&rsquo;est, semble-t-il, fait et bien fait. Un troisi\u00e8me pilote fran\u00e7ais participera au <a href=\"http:\/\/www.leblogmoto.com\/2005\/12\/les_dernires_ne.html\">championnat du monde<\/a> 125. Apr\u00e8s DI MEGLIO parti sous la banni\u00e8re tricolore FFM avec une HONDA, apr\u00e8s MASBOU, officiel MALAGUTI avec AJO MOTORSPORT, voici que d\u00e9barque Jules CLUZEL enr\u00f4l\u00e9 dans le team italien ANGAIA RACING. Il y b\u00e9n\u00e9ficiera d&rsquo;une HONDA&#8230;<\/p>\n<p><a href=\"http:\/\/clabedan.typepad.com\/.shared\/image.html?\/photos\/uncategorized\/cluzel2.jpg\"><\/a>Le jeune CLUZEL, \u00e2g\u00e9 de 17 ans, a gagn\u00e9 son ticket apr\u00e8s deux prestations convaincantes en 2005 sur les \u00e9preuves mondiales d&rsquo;ISTANBUL et de VALENCE. C&rsquo;est le premier pilote de la &quot;Motogp <a href=\"http:\/\/www.leblogmoto.com\/2005\/11\/minibike_academ.html\">Academy<\/a>&quot; promu en Grand-Prix. Il avait aussi eu l&rsquo;occasion de d\u00e9montrer sa v\u00e9locit\u00e9 dans le cadre des championnat d&rsquo;Europe et d&rsquo;Espagne 125. Il a d\u00e9croch\u00e9 la 2\u00b0place du championnat de France Open 125, toujours en 2005. <\/p>\n<p>On souha\u00eete une bonne saison 2006 \u00e0 l&rsquo;habitant de DOMERAT dans l&rsquo;Allier. Cette <a href=\"http:\/\/www.leblogmoto.com\/2005\/12\/vous_avez_t_bie.html\">r\u00e9gion AUVERGNE<\/a> est d\u00e9cid\u00e9ment riche en potentiel moto&#8230; <\/p>\n<p>SOURCE: <a href=\"http:\/\/www.ffmoto.org\/\">www.ffmoto.org<\/a><\/p>\n","protected":false},"excerpt":{"rendered":"<p>Cette fois, c&rsquo;est, semble-t-il, fait et bien fait. Un troisi\u00e8me pilote fran\u00e7ais participera au championnat du monde 125. Apr\u00e8s DI MEGLIO parti sous la banni\u00e8re tricolore FFM avec une HONDA, apr\u00e8s MASBOU, officiel MALAGUTI avec AJO MOTORSPORT, voici que d\u00e9barque Jules CLUZEL enr\u00f4l\u00e9 dans le team italien ANGAIA RACING. Il y b\u00e9n\u00e9ficiera d&rsquo;une HONDA&#8230; Le [&hellip;]<\/p>\n","protected":false},"author":336,"featured_media":0,"comment_status":"open","ping_status":"open","sticky":false,"template":"","format":"standard","meta":{"footnotes":""},"categories":[32],"tags":[],"class_list":["post-2144","post","type-post","status-publish","format-standard","hentry","category-sport-moto"],"yoast_head":"<!-- This site is optimized with the Yoast SEO plugin v26.0 - https:\/\/yoast.com\/wordpress\/plugins\/seo\/ -->\n<title>125: Un 3\u00b0 frenchie en mondial - leblogmoto.com<\/title>\n<meta name=\"robots\" content=\"index, follow, max-snippet:-1, max-image-preview:large, max-video-preview:-1\" \/>\n<link rel=\"canonical\" href=\"https:\/\/blogs.thesocialmedia.com\/leblogmoto\/2005\/12\/30\/125-un-3-french\/\" \/>\n<meta name=\"twitter:card\" content=\"summary_large_image\" \/>\n<meta name=\"twitter:title\" content=\"125: Un 3\u00b0 frenchie en mondial - leblogmoto.com\" \/>\n<meta name=\"twitter:description\" content=\"Cette fois, c&rsquo;est, semble-t-il, fait et bien fait. Un troisi\u00e8me pilote fran\u00e7ais participera au championnat du monde 125. Apr\u00e8s DI MEGLIO parti sous la banni\u00e8re tricolore FFM avec une HONDA, apr\u00e8s MASBOU, officiel MALAGUTI avec AJO MOTORSPORT, voici que d\u00e9barque Jules CLUZEL enr\u00f4l\u00e9 dans le team italien ANGAIA RACING. Il y b\u00e9n\u00e9ficiera d&rsquo;une HONDA&#8230; Le [&hellip;]\" \/>\n<meta name=\"twitter:image\" content=\"http:\/\/www.leblogmoto.com\/images\/cluzel.jpg\" \/>\n<meta name=\"twitter:label1\" content=\"\u00c9crit par\" \/>\n\t<meta name=\"twitter:data1\" content=\"andre leconde\" \/>\n\t<meta name=\"twitter:label2\" content=\"Dur\u00e9e de lecture estim\u00e9e\" \/>\n\t<meta name=\"twitter:data2\" content=\"1 minute\" \/>\n<script type=\"application\/ld+json\" class=\"yoast-schema-graph\">{\"@context\":\"https:\/\/schema.org\",\"@graph\":[{\"@type\":\"WebPage\",\"@id\":\"https:\/\/blogs.thesocialmedia.com\/leblogmoto\/2005\/12\/30\/125-un-3-french\/\",\"url\":\"https:\/\/blogs.thesocialmedia.com\/leblogmoto\/2005\/12\/30\/125-un-3-french\/\",\"name\":\"125: Un 3\u00b0 frenchie en mondial - leblogmoto.com\",\"isPartOf\":{\"@id\":\"https:\/\/blogs.thesocialmedia.com\/leblogmoto\/#website\"},\"primaryImageOfPage\":{\"@id\":\"https:\/\/blogs.thesocialmedia.com\/leblogmoto\/2005\/12\/30\/125-un-3-french\/#primaryimage\"},\"image\":{\"@id\":\"https:\/\/blogs.thesocialmedia.com\/leblogmoto\/2005\/12\/30\/125-un-3-french\/#primaryimage\"},\"thumbnailUrl\":\"http:\/\/www.leblogmoto.com\/images\/cluzel.jpg\",\"datePublished\":\"2005-12-30T18:34:00+00:00\",\"dateModified\":\"2012-07-11T14:13:27+00:00\",\"author\":{\"@id\":\"https:\/\/blogs.thesocialmedia.com\/leblogmoto\/#\/schema\/person\/1a1dcfc7cec206573105eb4af91155c2\"},\"breadcrumb\":{\"@id\":\"https:\/\/blogs.thesocialmedia.com\/leblogmoto\/2005\/12\/30\/125-un-3-french\/#breadcrumb\"},\"inLanguage\":\"fr-FR\",\"potentialAction\":[{\"@type\":\"ReadAction\",\"target\":[\"https:\/\/blogs.thesocialmedia.com\/leblogmoto\/2005\/12\/30\/125-un-3-french\/\"]}]},{\"@type\":\"ImageObject\",\"inLanguage\":\"fr-FR\",\"@id\":\"https:\/\/blogs.thesocialmedia.com\/leblogmoto\/2005\/12\/30\/125-un-3-french\/#primaryimage\",\"url\":\"http:\/\/www.leblogmoto.com\/images\/cluzel.jpg\",\"contentUrl\":\"http:\/\/www.leblogmoto.com\/images\/cluzel.jpg\"},{\"@type\":\"BreadcrumbList\",\"@id\":\"https:\/\/blogs.thesocialmedia.com\/leblogmoto\/2005\/12\/30\/125-un-3-french\/#breadcrumb\",\"itemListElement\":[{\"@type\":\"ListItem\",\"position\":1,\"name\":\"Accueil\",\"item\":\"https:\/\/blogs.thesocialmedia.com\/leblogmoto\/\"},{\"@type\":\"ListItem\",\"position\":2,\"name\":\"125: Un 3\u00b0 frenchie en mondial\"}]},{\"@type\":\"WebSite\",\"@id\":\"https:\/\/blogs.thesocialmedia.com\/leblogmoto\/#website\",\"url\":\"https:\/\/blogs.thesocialmedia.com\/leblogmoto\/\",\"name\":\"leblogmoto\",\"description\":\"Toute l&#039;actualit\u00e9 des 2 roues\",\"potentialAction\":[{\"@type\":\"SearchAction\",\"target\":{\"@type\":\"EntryPoint\",\"urlTemplate\":\"https:\/\/blogs.thesocialmedia.com\/leblogmoto\/?s={search_term_string}\"},\"query-input\":{\"@type\":\"PropertyValueSpecification\",\"valueRequired\":true,\"valueName\":\"search_term_string\"}}],\"inLanguage\":\"fr-FR\"},{\"@type\":\"Person\",\"@id\":\"https:\/\/blogs.thesocialmedia.com\/leblogmoto\/#\/schema\/person\/1a1dcfc7cec206573105eb4af91155c2\",\"name\":\"andre leconde\",\"image\":{\"@type\":\"ImageObject\",\"inLanguage\":\"fr-FR\",\"@id\":\"https:\/\/blogs.thesocialmedia.com\/leblogmoto\/#\/schema\/person\/image\/\",\"url\":\"https:\/\/secure.gravatar.com\/avatar\/?s=96&d=mm&r=g\",\"contentUrl\":\"https:\/\/secure.gravatar.com\/avatar\/?s=96&d=mm&r=g\",\"caption\":\"andre leconde\"},\"url\":\"https:\/\/blogs.thesocialmedia.com\/leblogmoto\/author\/andre-leconde\/\"}]}<\/script>\n<!-- \/ Yoast SEO plugin. -->","yoast_head_json":{"title":"125: Un 3\u00b0 frenchie en mondial - leblogmoto.com","robots":{"index":"index","follow":"follow","max-snippet":"max-snippet:-1","max-image-preview":"max-image-preview:large","max-video-preview":"max-video-preview:-1"},"canonical":"https:\/\/blogs.thesocialmedia.com\/leblogmoto\/2005\/12\/30\/125-un-3-french\/","twitter_card":"summary_large_image","twitter_title":"125: Un 3\u00b0 frenchie en mondial - leblogmoto.com","twitter_description":"Cette fois, c&rsquo;est, semble-t-il, fait et bien fait. Un troisi\u00e8me pilote fran\u00e7ais participera au championnat du monde 125. Apr\u00e8s DI MEGLIO parti sous la banni\u00e8re tricolore FFM avec une HONDA, apr\u00e8s MASBOU, officiel MALAGUTI avec AJO MOTORSPORT, voici que d\u00e9barque Jules CLUZEL enr\u00f4l\u00e9 dans le team italien ANGAIA RACING. Il y b\u00e9n\u00e9ficiera d&rsquo;une HONDA&#8230; Le [&hellip;]","twitter_image":"http:\/\/www.leblogmoto.com\/images\/cluzel.jpg","twitter_misc":{"\u00c9crit par":"andre leconde","Dur\u00e9e de lecture estim\u00e9e":"1 minute"},"schema":{"@context":"https:\/\/schema.org","@graph":[{"@type":"WebPage","@id":"https:\/\/blogs.thesocialmedia.com\/leblogmoto\/2005\/12\/30\/125-un-3-french\/","url":"https:\/\/blogs.thesocialmedia.com\/leblogmoto\/2005\/12\/30\/125-un-3-french\/","name":"125: Un 3\u00b0 frenchie en mondial - leblogmoto.com","isPartOf":{"@id":"https:\/\/blogs.thesocialmedia.com\/leblogmoto\/#website"},"primaryImageOfPage":{"@id":"https:\/\/blogs.thesocialmedia.com\/leblogmoto\/2005\/12\/30\/125-un-3-french\/#primaryimage"},"image":{"@id":"https:\/\/blogs.thesocialmedia.com\/leblogmoto\/2005\/12\/30\/125-un-3-french\/#primaryimage"},"thumbnailUrl":"http:\/\/www.leblogmoto.com\/images\/cluzel.jpg","datePublished":"2005-12-30T18:34:00+00:00","dateModified":"2012-07-11T14:13:27+00:00","author":{"@id":"https:\/\/blogs.thesocialmedia.com\/leblogmoto\/#\/schema\/person\/1a1dcfc7cec206573105eb4af91155c2"},"breadcrumb":{"@id":"https:\/\/blogs.thesocialmedia.com\/leblogmoto\/2005\/12\/30\/125-un-3-french\/#breadcrumb"},"inLanguage":"fr-FR","potentialAction":[{"@type":"ReadAction","target":["https:\/\/blogs.thesocialmedia.com\/leblogmoto\/2005\/12\/30\/125-un-3-french\/"]}]},{"@type":"ImageObject","inLanguage":"fr-FR","@id":"https:\/\/blogs.thesocialmedia.com\/leblogmoto\/2005\/12\/30\/125-un-3-french\/#primaryimage","url":"http:\/\/www.leblogmoto.com\/images\/cluzel.jpg","contentUrl":"http:\/\/www.leblogmoto.com\/images\/cluzel.jpg"},{"@type":"BreadcrumbList","@id":"https:\/\/blogs.thesocialmedia.com\/leblogmoto\/2005\/12\/30\/125-un-3-french\/#breadcrumb","itemListElement":[{"@type":"ListItem","position":1,"name":"Accueil","item":"https:\/\/blogs.thesocialmedia.com\/leblogmoto\/"},{"@type":"ListItem","position":2,"name":"125: Un 3\u00b0 frenchie en mondial"}]},{"@type":"WebSite","@id":"https:\/\/blogs.thesocialmedia.com\/leblogmoto\/#website","url":"https:\/\/blogs.thesocialmedia.com\/leblogmoto\/","name":"leblogmoto","description":"Toute l&#039;actualit\u00e9 des 2 roues","potentialAction":[{"@type":"SearchAction","target":{"@type":"EntryPoint","urlTemplate":"https:\/\/blogs.thesocialmedia.com\/leblogmoto\/?s={search_term_string}"},"query-input":{"@type":"PropertyValueSpecification","valueRequired":true,"valueName":"search_term_string"}}],"inLanguage":"fr-FR"},{"@type":"Person","@id":"https:\/\/blogs.thesocialmedia.com\/leblogmoto\/#\/schema\/person\/1a1dcfc7cec206573105eb4af91155c2","name":"andre leconde","image":{"@type":"ImageObject","inLanguage":"fr-FR","@id":"https:\/\/blogs.thesocialmedia.com\/leblogmoto\/#\/schema\/person\/image\/","url":"https:\/\/secure.gravatar.com\/avatar\/?s=96&d=mm&r=g","contentUrl":"https:\/\/secure.gravatar.com\/avatar\/?s=96&d=mm&r=g","caption":"andre leconde"},"url":"https:\/\/blogs.thesocialmedia.com\/leblogmoto\/author\/andre-leconde\/"}]}},"_links":{"self":[{"href":"https:\/\/blogs.thesocialmedia.com\/leblogmoto\/wp-json\/wp\/v2\/posts\/2144","targetHints":{"allow":["GET"]}}],"collection":[{"href":"https:\/\/blogs.thesocialmedia.com\/leblogmoto\/wp-json\/wp\/v2\/posts"}],"about":[{"href":"https:\/\/blogs.thesocialmedia.com\/leblogmoto\/wp-json\/wp\/v2\/types\/post"}],"author":[{"embeddable":true,"href":"https:\/\/blogs.thesocialmedia.com\/leblogmoto\/wp-json\/wp\/v2\/users\/336"}],"replies":[{"embeddable":true,"href":"https:\/\/blogs.thesocialmedia.com\/leblogmoto\/wp-json\/wp\/v2\/comments?post=2144"}],"version-history":[{"count":2,"href":"https:\/\/blogs.thesocialmedia.com\/leblogmoto\/wp-json\/wp\/v2\/posts\/2144\/revisions"}],"predecessor-version":[{"id":6905,"href":"https:\/\/blogs.thesocialmedia.com\/leblogmoto\/wp-json\/wp\/v2\/posts\/2144\/revisions\/6905"}],"wp:attachment":[{"href":"https:\/\/blogs.thesocialmedia.com\/leblogmoto\/wp-json\/wp\/v2\/media?parent=2144"}],"wp:term":[{"taxonomy":"category","embeddable":true,"href":"https:\/\/blogs.thesocialmedia.com\/leblogmoto\/wp-json\/wp\/v2\/categories?post=2144"},{"taxonomy":"post_tag","embeddable":true,"href":"https:\/\/blogs.thesocialmedia.com\/leblogmoto\/wp-json\/wp\/v2\/tags?post=2144"}],"curies":[{"name":"wp","href":"https:\/\/api.w.org\/{rel}","templated":true}]}}