{"id":2147,"date":"2005-12-29T14:47:00","date_gmt":"2005-12-29T14:47:00","guid":{"rendered":"http:\/\/blogs.thesocialmedia.com\/leblogmoto\/2005\/12\/29\/lhomo-motardicu\/"},"modified":"2012-07-11T14:13:22","modified_gmt":"2012-07-11T14:13:22","slug":"lhomo-motardicu","status":"publish","type":"post","link":"https:\/\/blogs.thesocialmedia.com\/leblogmoto\/2005\/12\/29\/lhomo-motardicu\/","title":{"rendered":"L&rsquo;Homo motardicus vu par nos d\u00e9cideurs."},"content":{"rendered":"<p><a href=\"http:\/\/blogs.thesocialmedia.com\/leblogmoto\/files\/2012\/07\/evolution_motard_600.jpg\"><\/a><\/p>\n<p><a href=\"http:\/\/clabedan.typepad.com\/.shared\/image.html?\/photos\/uncategorized\/evolution_motard_600_1.jpg\"><img loading=\"lazy\" decoding=\"async\" height=\"190\" alt=\"Evolution_motard_600_1\" src=\"http:\/\/www.leblogmoto.com\/images\/evolution_motard_600_1.jpg\" width=\"470\"  \/><\/a> <\/p>\n<\/p>\n<\/p>\n<p>Il est de principe scientifique que toute \u00e9tude d&rsquo;un genre n\u00e9cessite l&rsquo;\u00e9tablissement d&rsquo;une classification. L&rsquo;anomalie que semble constituer celles ou ceux qui souffrent de la pathologie motarde est, ainsi, suffisamment prise au s\u00e9rieux pour que des <a href=\"http:\/\/www.leblogmoto.com\/2005\/11\/feux_de_jour_le.html\">penseurs<\/a>, au-dessus de tous soup\u00e7ons, aient d\u00e9cid\u00e9 de les cat\u00e9goriser. Aux fins, sans doute, de mieux les identifier, pour, pourquoi pas, leur appliquer le traitement idoine \u00e0 leur salutaire restructuration. <\/p>\n<p>Si tant est que vous souffriez de probl\u00e8mes de positionnement dans le temps et dans l&rsquo;espace, soyez soulag\u00e9s d&rsquo;apprendre que vous faites forc\u00e9ment partie d&rsquo;une des cinq cat\u00e9gories d\u00e9termin\u00e9es, apr\u00e8s \u00e9tudes pouss\u00e9es, par les Darwin de la S\u00e9curit\u00e9 Routi\u00e8re&#8230;&nbsp; &nbsp;&nbsp; &nbsp;&nbsp; &nbsp;&nbsp; &nbsp;<\/p>\n<p><a href=\"http:\/\/clabedan.typepad.com\/.shared\/image.html?\/photos\/uncategorized\/singe1_1.jpg\"><img loading=\"lazy\" decoding=\"async\" height=\"269\" alt=\"Singe1_1\" src=\"http:\/\/www.leblogmoto.com\/images\/singe1_1.jpg\" width=\"250\"  \/><\/a>Nostalgique face \u00e0 la dilution des valeurs de distinction, vous \u00eates attach\u00e9 aux codes vestimentaires et sociaux, vous participez aux \u00e9v\u00e9nements associatifs et vous montrez peu d&rsquo;int\u00e8r\u00eat \u00e0 la vitesse. Bravo, vous \u00eates catalogu\u00e9 <strong>membre de la communaut\u00e9 motard<\/strong>.&nbsp; <\/p>\n<p>Int\u00e9grez dans la communaut\u00e9 motard, vous utilisez rarement la moto au quotidien, pr\u00e9f\u00e9rant balades et voyages. Votre conduite et prudente et fond\u00e9e sur le respect des autres usagers. Ne cherchez plus, vous \u00eates <strong>randonneur<\/strong>. <\/p>\n<p>La moto est pour vous un loisir ? Vous refusez les longs trajets que vous trouvez inconfortables et vous vous faites plaisir avec la vitesse, notamment sur <a href=\"http:\/\/www.leblogmoto.com\/2005\/12\/le_circuit_caro.html\">circuit<\/a>. Vous \u00eates <strong>pilote<\/strong>.<\/p>\n<p>Conducteur prudent et fervent d\u00e9fenseur du code de la route, vous utilisez votre deux roues en ville et\/ou pour des trajets quotidiens domicile-travail. La moto est un moyen de transport rapide et \u00e9conomique, non une source de plaisir? C&rsquo;est que le <strong>fonctionnaliste<\/strong> sommeille en vous.<\/p>\n<p>Enfin, vous \u00eates jeune et burn\u00e9, vous vous souciez peu de votre environnement, la moto, source de libert\u00e9 est une passion qui se vit intens\u00e9ment, elle est ausi un r\u00e9v\u00e9lateur de toute puissance qui vous permet de repousser les limites en prenant un maximum de risques. <strong>Conducteur &quot;inconscient<\/strong>&quot;, gare \u00e0 vous !<\/p>\n<p><a href=\"http:\/\/clabedan.typepad.com\/.shared\/image.html?\/photos\/uncategorized\/vache.jpg\"><img loading=\"lazy\" decoding=\"async\" height=\"354\" alt=\"Vache\" src=\"http:\/\/www.leblogmoto.com\/images\/vache.jpg\" width=\"250\"  \/><\/a>Alors, si, habill\u00e9 de cuir, vous vous balladez, tranquille, le week-end, avec votre br\u00eale qui vous sert aussi \u00e0 aller au boulot et avec laquelle, de temps \u00e0 autre, vous aimez un peu arsouiller avant de vous rendre sur votre circuit pr\u00e9f\u00e9r\u00e9 pour repousser, en toute s\u00e9curit\u00e9, vos limites, c&rsquo;est que l\u00e0, vraiment, vous le faites expr\u00e8s, rien que pour emb\u00eater !<\/p>\n<p>Mais bon, rassurez-vous, ce dont on peut \u00eatre s\u00fbre, c&rsquo;est que nous sommes tous, plus ou moins, <a href=\"http:\/\/www.leblogmoto.com\/2005\/12\/securite_on_ne_.html\">des vaches \u00e0 lait<\/a>&#8230; <\/p>\n<p>SOURCE: <a href=\"http:\/\/www.securiteroutiere.equipement.gouv.fr\/\">www.securiteroutiere.equipement.gouv.fr<\/a><\/p><\/p>\n","protected":false},"excerpt":{"rendered":"<p>Il est de principe scientifique que toute \u00e9tude d&rsquo;un genre n\u00e9cessite l&rsquo;\u00e9tablissement d&rsquo;une classification. L&rsquo;anomalie que semble constituer celles ou ceux qui souffrent de la pathologie motarde est, ainsi, suffisamment prise au s\u00e9rieux pour que des penseurs, au-dessus de tous soup\u00e7ons, aient d\u00e9cid\u00e9 de les cat\u00e9goriser. Aux fins, sans doute, de mieux les identifier, pour, [&hellip;]<\/p>\n","protected":false},"author":336,"featured_media":0,"comment_status":"open","ping_status":"open","sticky":false,"template":"","format":"standard","meta":{"footnotes":""},"categories":[17],"tags":[],"class_list":["post-2147","post","type-post","status-publish","format-standard","hentry","category-divers"],"yoast_head":"<!-- This site is optimized with the Yoast SEO plugin v26.0 - https:\/\/yoast.com\/wordpress\/plugins\/seo\/ -->\n<title>L&#039;Homo motardicus vu par nos d\u00e9cideurs. - leblogmoto.com<\/title>\n<meta name=\"robots\" content=\"index, follow, max-snippet:-1, max-image-preview:large, max-video-preview:-1\" \/>\n<link rel=\"canonical\" href=\"https:\/\/blogs.thesocialmedia.com\/leblogmoto\/2005\/12\/29\/lhomo-motardicu\/\" \/>\n<meta name=\"twitter:card\" content=\"summary_large_image\" \/>\n<meta name=\"twitter:title\" content=\"L&#039;Homo motardicus vu par nos d\u00e9cideurs. - leblogmoto.com\" \/>\n<meta name=\"twitter:description\" content=\"Il est de principe scientifique que toute \u00e9tude d&rsquo;un genre n\u00e9cessite l&rsquo;\u00e9tablissement d&rsquo;une classification. L&rsquo;anomalie que semble constituer celles ou ceux qui souffrent de la pathologie motarde est, ainsi, suffisamment prise au s\u00e9rieux pour que des penseurs, au-dessus de tous soup\u00e7ons, aient d\u00e9cid\u00e9 de les cat\u00e9goriser. Aux fins, sans doute, de mieux les identifier, pour, [&hellip;]\" \/>\n<meta name=\"twitter:image\" content=\"http:\/\/www.leblogmoto.com\/images\/evolution_motard_600_1.jpg\" \/>\n<meta name=\"twitter:label1\" content=\"\u00c9crit par\" \/>\n\t<meta name=\"twitter:data1\" content=\"andre leconde\" \/>\n\t<meta name=\"twitter:label2\" content=\"Dur\u00e9e de lecture estim\u00e9e\" \/>\n\t<meta name=\"twitter:data2\" content=\"2 minutes\" \/>\n<script type=\"application\/ld+json\" class=\"yoast-schema-graph\">{\"@context\":\"https:\/\/schema.org\",\"@graph\":[{\"@type\":\"WebPage\",\"@id\":\"https:\/\/blogs.thesocialmedia.com\/leblogmoto\/2005\/12\/29\/lhomo-motardicu\/\",\"url\":\"https:\/\/blogs.thesocialmedia.com\/leblogmoto\/2005\/12\/29\/lhomo-motardicu\/\",\"name\":\"L'Homo motardicus vu par nos d\u00e9cideurs. - leblogmoto.com\",\"isPartOf\":{\"@id\":\"https:\/\/blogs.thesocialmedia.com\/leblogmoto\/#website\"},\"primaryImageOfPage\":{\"@id\":\"https:\/\/blogs.thesocialmedia.com\/leblogmoto\/2005\/12\/29\/lhomo-motardicu\/#primaryimage\"},\"image\":{\"@id\":\"https:\/\/blogs.thesocialmedia.com\/leblogmoto\/2005\/12\/29\/lhomo-motardicu\/#primaryimage\"},\"thumbnailUrl\":\"http:\/\/www.leblogmoto.com\/images\/evolution_motard_600_1.jpg\",\"datePublished\":\"2005-12-29T14:47:00+00:00\",\"dateModified\":\"2012-07-11T14:13:22+00:00\",\"author\":{\"@id\":\"https:\/\/blogs.thesocialmedia.com\/leblogmoto\/#\/schema\/person\/1a1dcfc7cec206573105eb4af91155c2\"},\"breadcrumb\":{\"@id\":\"https:\/\/blogs.thesocialmedia.com\/leblogmoto\/2005\/12\/29\/lhomo-motardicu\/#breadcrumb\"},\"inLanguage\":\"fr-FR\",\"potentialAction\":[{\"@type\":\"ReadAction\",\"target\":[\"https:\/\/blogs.thesocialmedia.com\/leblogmoto\/2005\/12\/29\/lhomo-motardicu\/\"]}]},{\"@type\":\"ImageObject\",\"inLanguage\":\"fr-FR\",\"@id\":\"https:\/\/blogs.thesocialmedia.com\/leblogmoto\/2005\/12\/29\/lhomo-motardicu\/#primaryimage\",\"url\":\"http:\/\/www.leblogmoto.com\/images\/evolution_motard_600_1.jpg\",\"contentUrl\":\"http:\/\/www.leblogmoto.com\/images\/evolution_motard_600_1.jpg\"},{\"@type\":\"BreadcrumbList\",\"@id\":\"https:\/\/blogs.thesocialmedia.com\/leblogmoto\/2005\/12\/29\/lhomo-motardicu\/#breadcrumb\",\"itemListElement\":[{\"@type\":\"ListItem\",\"position\":1,\"name\":\"Accueil\",\"item\":\"https:\/\/blogs.thesocialmedia.com\/leblogmoto\/\"},{\"@type\":\"ListItem\",\"position\":2,\"name\":\"L&rsquo;Homo motardicus vu par nos d\u00e9cideurs.\"}]},{\"@type\":\"WebSite\",\"@id\":\"https:\/\/blogs.thesocialmedia.com\/leblogmoto\/#website\",\"url\":\"https:\/\/blogs.thesocialmedia.com\/leblogmoto\/\",\"name\":\"leblogmoto\",\"description\":\"Toute l&#039;actualit\u00e9 des 2 roues\",\"potentialAction\":[{\"@type\":\"SearchAction\",\"target\":{\"@type\":\"EntryPoint\",\"urlTemplate\":\"https:\/\/blogs.thesocialmedia.com\/leblogmoto\/?s={search_term_string}\"},\"query-input\":{\"@type\":\"PropertyValueSpecification\",\"valueRequired\":true,\"valueName\":\"search_term_string\"}}],\"inLanguage\":\"fr-FR\"},{\"@type\":\"Person\",\"@id\":\"https:\/\/blogs.thesocialmedia.com\/leblogmoto\/#\/schema\/person\/1a1dcfc7cec206573105eb4af91155c2\",\"name\":\"andre leconde\",\"image\":{\"@type\":\"ImageObject\",\"inLanguage\":\"fr-FR\",\"@id\":\"https:\/\/blogs.thesocialmedia.com\/leblogmoto\/#\/schema\/person\/image\/\",\"url\":\"https:\/\/secure.gravatar.com\/avatar\/?s=96&d=mm&r=g\",\"contentUrl\":\"https:\/\/secure.gravatar.com\/avatar\/?s=96&d=mm&r=g\",\"caption\":\"andre leconde\"},\"url\":\"https:\/\/blogs.thesocialmedia.com\/leblogmoto\/author\/andre-leconde\/\"}]}<\/script>\n<!-- \/ Yoast SEO plugin. -->","yoast_head_json":{"title":"L'Homo motardicus vu par nos d\u00e9cideurs. - leblogmoto.com","robots":{"index":"index","follow":"follow","max-snippet":"max-snippet:-1","max-image-preview":"max-image-preview:large","max-video-preview":"max-video-preview:-1"},"canonical":"https:\/\/blogs.thesocialmedia.com\/leblogmoto\/2005\/12\/29\/lhomo-motardicu\/","twitter_card":"summary_large_image","twitter_title":"L'Homo motardicus vu par nos d\u00e9cideurs. - leblogmoto.com","twitter_description":"Il est de principe scientifique que toute \u00e9tude d&rsquo;un genre n\u00e9cessite l&rsquo;\u00e9tablissement d&rsquo;une classification. L&rsquo;anomalie que semble constituer celles ou ceux qui souffrent de la pathologie motarde est, ainsi, suffisamment prise au s\u00e9rieux pour que des penseurs, au-dessus de tous soup\u00e7ons, aient d\u00e9cid\u00e9 de les cat\u00e9goriser. Aux fins, sans doute, de mieux les identifier, pour, [&hellip;]","twitter_image":"http:\/\/www.leblogmoto.com\/images\/evolution_motard_600_1.jpg","twitter_misc":{"\u00c9crit par":"andre leconde","Dur\u00e9e de lecture estim\u00e9e":"2 minutes"},"schema":{"@context":"https:\/\/schema.org","@graph":[{"@type":"WebPage","@id":"https:\/\/blogs.thesocialmedia.com\/leblogmoto\/2005\/12\/29\/lhomo-motardicu\/","url":"https:\/\/blogs.thesocialmedia.com\/leblogmoto\/2005\/12\/29\/lhomo-motardicu\/","name":"L'Homo motardicus vu par nos d\u00e9cideurs. - leblogmoto.com","isPartOf":{"@id":"https:\/\/blogs.thesocialmedia.com\/leblogmoto\/#website"},"primaryImageOfPage":{"@id":"https:\/\/blogs.thesocialmedia.com\/leblogmoto\/2005\/12\/29\/lhomo-motardicu\/#primaryimage"},"image":{"@id":"https:\/\/blogs.thesocialmedia.com\/leblogmoto\/2005\/12\/29\/lhomo-motardicu\/#primaryimage"},"thumbnailUrl":"http:\/\/www.leblogmoto.com\/images\/evolution_motard_600_1.jpg","datePublished":"2005-12-29T14:47:00+00:00","dateModified":"2012-07-11T14:13:22+00:00","author":{"@id":"https:\/\/blogs.thesocialmedia.com\/leblogmoto\/#\/schema\/person\/1a1dcfc7cec206573105eb4af91155c2"},"breadcrumb":{"@id":"https:\/\/blogs.thesocialmedia.com\/leblogmoto\/2005\/12\/29\/lhomo-motardicu\/#breadcrumb"},"inLanguage":"fr-FR","potentialAction":[{"@type":"ReadAction","target":["https:\/\/blogs.thesocialmedia.com\/leblogmoto\/2005\/12\/29\/lhomo-motardicu\/"]}]},{"@type":"ImageObject","inLanguage":"fr-FR","@id":"https:\/\/blogs.thesocialmedia.com\/leblogmoto\/2005\/12\/29\/lhomo-motardicu\/#primaryimage","url":"http:\/\/www.leblogmoto.com\/images\/evolution_motard_600_1.jpg","contentUrl":"http:\/\/www.leblogmoto.com\/images\/evolution_motard_600_1.jpg"},{"@type":"BreadcrumbList","@id":"https:\/\/blogs.thesocialmedia.com\/leblogmoto\/2005\/12\/29\/lhomo-motardicu\/#breadcrumb","itemListElement":[{"@type":"ListItem","position":1,"name":"Accueil","item":"https:\/\/blogs.thesocialmedia.com\/leblogmoto\/"},{"@type":"ListItem","position":2,"name":"L&rsquo;Homo motardicus vu par nos d\u00e9cideurs."}]},{"@type":"WebSite","@id":"https:\/\/blogs.thesocialmedia.com\/leblogmoto\/#website","url":"https:\/\/blogs.thesocialmedia.com\/leblogmoto\/","name":"leblogmoto","description":"Toute l&#039;actualit\u00e9 des 2 roues","potentialAction":[{"@type":"SearchAction","target":{"@type":"EntryPoint","urlTemplate":"https:\/\/blogs.thesocialmedia.com\/leblogmoto\/?s={search_term_string}"},"query-input":{"@type":"PropertyValueSpecification","valueRequired":true,"valueName":"search_term_string"}}],"inLanguage":"fr-FR"},{"@type":"Person","@id":"https:\/\/blogs.thesocialmedia.com\/leblogmoto\/#\/schema\/person\/1a1dcfc7cec206573105eb4af91155c2","name":"andre leconde","image":{"@type":"ImageObject","inLanguage":"fr-FR","@id":"https:\/\/blogs.thesocialmedia.com\/leblogmoto\/#\/schema\/person\/image\/","url":"https:\/\/secure.gravatar.com\/avatar\/?s=96&d=mm&r=g","contentUrl":"https:\/\/secure.gravatar.com\/avatar\/?s=96&d=mm&r=g","caption":"andre leconde"},"url":"https:\/\/blogs.thesocialmedia.com\/leblogmoto\/author\/andre-leconde\/"}]}},"_links":{"self":[{"href":"https:\/\/blogs.thesocialmedia.com\/leblogmoto\/wp-json\/wp\/v2\/posts\/2147","targetHints":{"allow":["GET"]}}],"collection":[{"href":"https:\/\/blogs.thesocialmedia.com\/leblogmoto\/wp-json\/wp\/v2\/posts"}],"about":[{"href":"https:\/\/blogs.thesocialmedia.com\/leblogmoto\/wp-json\/wp\/v2\/types\/post"}],"author":[{"embeddable":true,"href":"https:\/\/blogs.thesocialmedia.com\/leblogmoto\/wp-json\/wp\/v2\/users\/336"}],"replies":[{"embeddable":true,"href":"https:\/\/blogs.thesocialmedia.com\/leblogmoto\/wp-json\/wp\/v2\/comments?post=2147"}],"version-history":[{"count":2,"href":"https:\/\/blogs.thesocialmedia.com\/leblogmoto\/wp-json\/wp\/v2\/posts\/2147\/revisions"}],"predecessor-version":[{"id":6899,"href":"https:\/\/blogs.thesocialmedia.com\/leblogmoto\/wp-json\/wp\/v2\/posts\/2147\/revisions\/6899"}],"wp:attachment":[{"href":"https:\/\/blogs.thesocialmedia.com\/leblogmoto\/wp-json\/wp\/v2\/media?parent=2147"}],"wp:term":[{"taxonomy":"category","embeddable":true,"href":"https:\/\/blogs.thesocialmedia.com\/leblogmoto\/wp-json\/wp\/v2\/categories?post=2147"},{"taxonomy":"post_tag","embeddable":true,"href":"https:\/\/blogs.thesocialmedia.com\/leblogmoto\/wp-json\/wp\/v2\/tags?post=2147"}],"curies":[{"name":"wp","href":"https:\/\/api.w.org\/{rel}","templated":true}]}}