{"id":2149,"date":"2005-12-28T19:30:00","date_gmt":"2005-12-28T19:30:00","guid":{"rendered":"http:\/\/blogs.thesocialmedia.com\/leblogmoto\/2005\/12\/28\/mv-augusta\/"},"modified":"2012-07-11T14:13:18","modified_gmt":"2012-07-11T14:13:18","slug":"mv-augusta","status":"publish","type":"post","link":"https:\/\/blogs.thesocialmedia.com\/leblogmoto\/2005\/12\/28\/mv-augusta\/","title":{"rendered":"MV AUGUSTA: Retour \u00e0 la case d\u00e9part."},"content":{"rendered":"<p><a href=\"http:\/\/blogs.thesocialmedia.com\/leblogmoto\/files\/2012\/07\/augustamv2.jpg\"><img loading=\"lazy\" decoding=\"async\" height=\"187\" alt=\"Augustamv2\" src=\"http:\/\/www.leblogmoto.com\/images\/augustamv2.jpg\" width=\"250\"  \/><\/a>La marque <a href=\"http:\/\/www.leblogmoto.com\/2005\/11\/mvagusta_f4_100.html\">MV AUGUSTA<\/a>, qui \u00e9tait tomb\u00e9e dans le giron malais de PROTON, se retrouve de nouveau orpheline apr\u00e8s que son nouveau et \u00e9ph\u00e8m\u00e9re propri\u00e8taire ait d\u00e9cid\u00e9 de s&rsquo;en s\u00e9parer. Il faut dire que le blason d&rsquo;Asie du Sud Est n&rsquo;est plus d&rsquo;une sant\u00e9 aussi florissante que cela, perdant de grosses parts sur son propre march\u00e9 automobile, et cherchant toujours une fusion avec le neutron <a href=\"http:\/\/www.leblogauto.com\/2005\/06\/proton_lotus_et.html\">VOLKSWAGEN<\/a> pour se relancer&#8230;&nbsp; &nbsp;&nbsp; <\/p>\n<p><a href=\"http:\/\/clabedan.typepad.com\/.shared\/image.html?\/photos\/uncategorized\/augusta.jpg\"><img loading=\"lazy\" decoding=\"async\" height=\"237\" alt=\"Augusta\" src=\"http:\/\/www.leblogmoto.com\/images\/augusta.jpg\" width=\"250\"  \/><\/a>Pour ce qui est du label transalpin, c&rsquo;est, en quelque sorte, un retour aux sources, puisque PROTON a c\u00e9d\u00e9 pour un euro symbolique ses parts au groupe italien GEVI Spa. L&rsquo;affaire n&rsquo;est n\u00e9anmoins pas aussi go\u00fbteuse qu&rsquo;elle n&rsquo;y para\u00eet de prime abord, puisque la corbeille ainsi laiss\u00e9e se trouve, d&rsquo;abord, remplie par les quelques 107 millions d&rsquo;euros de passif. Ce n&rsquo;est pas rien, et les usines satellites CAGIVA et HUSQVARNA commencent \u00e0 avoir des sueurs froides.<\/p>\n<p>Ces mouvements ne sont pas anodins lorsque l&rsquo;on conna\u00eet <a href=\"http:\/\/www.leblogauto.com\/2005\/06\/proton_lotus_et.html\">le poids de PROTON<\/a>. Par ailleurs, il faudra \u00eatre attentif sur ce que l&rsquo;on esp\u00e8re ne pas \u00eatre une r\u00e9action en cha\u00eene dans le milieu des petites marques \u00e9litistes qui ont vu arriver dans leur capital les capitaines de l&rsquo;automobile. Ainsi, il se dit, d\u00e9j\u00e0, que <a href=\"http:\/\/www.leblogmoto.com\/2005\/11\/_tvr_superbike.html\">TVR<\/a> aurait finalement renonc\u00e9 \u00e0 ses projets BENELLI&#8230;&nbsp; &nbsp;<\/p>\n<p>SOURCE: <a href=\"http:\/\/www.rubbermag.com\/\">www.rubbermag.com<\/a>&nbsp; &nbsp;<\/p>\n","protected":false},"excerpt":{"rendered":"<p>La marque MV AUGUSTA, qui \u00e9tait tomb\u00e9e dans le giron malais de PROTON, se retrouve de nouveau orpheline apr\u00e8s que son nouveau et \u00e9ph\u00e8m\u00e9re propri\u00e8taire ait d\u00e9cid\u00e9 de s&rsquo;en s\u00e9parer. Il faut dire que le blason d&rsquo;Asie du Sud Est n&rsquo;est plus d&rsquo;une sant\u00e9 aussi florissante que cela, perdant de grosses parts sur son propre [&hellip;]<\/p>\n","protected":false},"author":336,"featured_media":0,"comment_status":"open","ping_status":"open","sticky":false,"template":"","format":"standard","meta":{"footnotes":""},"categories":[50],"tags":[],"class_list":["post-2149","post","type-post","status-publish","format-standard","hentry","category-mv-agusta"],"yoast_head":"<!-- This site is optimized with the Yoast SEO plugin v26.0 - https:\/\/yoast.com\/wordpress\/plugins\/seo\/ -->\n<title>MV AUGUSTA: Retour \u00e0 la case d\u00e9part. - leblogmoto.com<\/title>\n<meta name=\"robots\" content=\"index, follow, max-snippet:-1, max-image-preview:large, max-video-preview:-1\" \/>\n<link rel=\"canonical\" href=\"https:\/\/blogs.thesocialmedia.com\/leblogmoto\/2005\/12\/28\/mv-augusta\/\" \/>\n<meta name=\"twitter:card\" content=\"summary_large_image\" \/>\n<meta name=\"twitter:title\" content=\"MV AUGUSTA: Retour \u00e0 la case d\u00e9part. - leblogmoto.com\" \/>\n<meta name=\"twitter:description\" content=\"La marque MV AUGUSTA, qui \u00e9tait tomb\u00e9e dans le giron malais de PROTON, se retrouve de nouveau orpheline apr\u00e8s que son nouveau et \u00e9ph\u00e8m\u00e9re propri\u00e8taire ait d\u00e9cid\u00e9 de s&rsquo;en s\u00e9parer. Il faut dire que le blason d&rsquo;Asie du Sud Est n&rsquo;est plus d&rsquo;une sant\u00e9 aussi florissante que cela, perdant de grosses parts sur son propre [&hellip;]\" \/>\n<meta name=\"twitter:image\" content=\"http:\/\/www.leblogmoto.com\/images\/augustamv2.jpg\" \/>\n<meta name=\"twitter:label1\" content=\"\u00c9crit par\" \/>\n\t<meta name=\"twitter:data1\" content=\"andre leconde\" \/>\n\t<meta name=\"twitter:label2\" content=\"Dur\u00e9e de lecture estim\u00e9e\" \/>\n\t<meta name=\"twitter:data2\" content=\"1 minute\" \/>\n<script type=\"application\/ld+json\" class=\"yoast-schema-graph\">{\"@context\":\"https:\/\/schema.org\",\"@graph\":[{\"@type\":\"WebPage\",\"@id\":\"https:\/\/blogs.thesocialmedia.com\/leblogmoto\/2005\/12\/28\/mv-augusta\/\",\"url\":\"https:\/\/blogs.thesocialmedia.com\/leblogmoto\/2005\/12\/28\/mv-augusta\/\",\"name\":\"MV AUGUSTA: Retour \u00e0 la case d\u00e9part. - leblogmoto.com\",\"isPartOf\":{\"@id\":\"https:\/\/blogs.thesocialmedia.com\/leblogmoto\/#website\"},\"primaryImageOfPage\":{\"@id\":\"https:\/\/blogs.thesocialmedia.com\/leblogmoto\/2005\/12\/28\/mv-augusta\/#primaryimage\"},\"image\":{\"@id\":\"https:\/\/blogs.thesocialmedia.com\/leblogmoto\/2005\/12\/28\/mv-augusta\/#primaryimage\"},\"thumbnailUrl\":\"http:\/\/www.leblogmoto.com\/images\/augustamv2.jpg\",\"datePublished\":\"2005-12-28T19:30:00+00:00\",\"dateModified\":\"2012-07-11T14:13:18+00:00\",\"author\":{\"@id\":\"https:\/\/blogs.thesocialmedia.com\/leblogmoto\/#\/schema\/person\/1a1dcfc7cec206573105eb4af91155c2\"},\"breadcrumb\":{\"@id\":\"https:\/\/blogs.thesocialmedia.com\/leblogmoto\/2005\/12\/28\/mv-augusta\/#breadcrumb\"},\"inLanguage\":\"fr-FR\",\"potentialAction\":[{\"@type\":\"ReadAction\",\"target\":[\"https:\/\/blogs.thesocialmedia.com\/leblogmoto\/2005\/12\/28\/mv-augusta\/\"]}]},{\"@type\":\"ImageObject\",\"inLanguage\":\"fr-FR\",\"@id\":\"https:\/\/blogs.thesocialmedia.com\/leblogmoto\/2005\/12\/28\/mv-augusta\/#primaryimage\",\"url\":\"http:\/\/www.leblogmoto.com\/images\/augustamv2.jpg\",\"contentUrl\":\"http:\/\/www.leblogmoto.com\/images\/augustamv2.jpg\"},{\"@type\":\"BreadcrumbList\",\"@id\":\"https:\/\/blogs.thesocialmedia.com\/leblogmoto\/2005\/12\/28\/mv-augusta\/#breadcrumb\",\"itemListElement\":[{\"@type\":\"ListItem\",\"position\":1,\"name\":\"Accueil\",\"item\":\"https:\/\/blogs.thesocialmedia.com\/leblogmoto\/\"},{\"@type\":\"ListItem\",\"position\":2,\"name\":\"MV AUGUSTA: Retour \u00e0 la case d\u00e9part.\"}]},{\"@type\":\"WebSite\",\"@id\":\"https:\/\/blogs.thesocialmedia.com\/leblogmoto\/#website\",\"url\":\"https:\/\/blogs.thesocialmedia.com\/leblogmoto\/\",\"name\":\"leblogmoto\",\"description\":\"Toute l&#039;actualit\u00e9 des 2 roues\",\"potentialAction\":[{\"@type\":\"SearchAction\",\"target\":{\"@type\":\"EntryPoint\",\"urlTemplate\":\"https:\/\/blogs.thesocialmedia.com\/leblogmoto\/?s={search_term_string}\"},\"query-input\":{\"@type\":\"PropertyValueSpecification\",\"valueRequired\":true,\"valueName\":\"search_term_string\"}}],\"inLanguage\":\"fr-FR\"},{\"@type\":\"Person\",\"@id\":\"https:\/\/blogs.thesocialmedia.com\/leblogmoto\/#\/schema\/person\/1a1dcfc7cec206573105eb4af91155c2\",\"name\":\"andre leconde\",\"image\":{\"@type\":\"ImageObject\",\"inLanguage\":\"fr-FR\",\"@id\":\"https:\/\/blogs.thesocialmedia.com\/leblogmoto\/#\/schema\/person\/image\/\",\"url\":\"https:\/\/secure.gravatar.com\/avatar\/?s=96&d=mm&r=g\",\"contentUrl\":\"https:\/\/secure.gravatar.com\/avatar\/?s=96&d=mm&r=g\",\"caption\":\"andre leconde\"},\"url\":\"https:\/\/blogs.thesocialmedia.com\/leblogmoto\/author\/andre-leconde\/\"}]}<\/script>\n<!-- \/ Yoast SEO plugin. -->","yoast_head_json":{"title":"MV AUGUSTA: Retour \u00e0 la case d\u00e9part. - leblogmoto.com","robots":{"index":"index","follow":"follow","max-snippet":"max-snippet:-1","max-image-preview":"max-image-preview:large","max-video-preview":"max-video-preview:-1"},"canonical":"https:\/\/blogs.thesocialmedia.com\/leblogmoto\/2005\/12\/28\/mv-augusta\/","twitter_card":"summary_large_image","twitter_title":"MV AUGUSTA: Retour \u00e0 la case d\u00e9part. - leblogmoto.com","twitter_description":"La marque MV AUGUSTA, qui \u00e9tait tomb\u00e9e dans le giron malais de PROTON, se retrouve de nouveau orpheline apr\u00e8s que son nouveau et \u00e9ph\u00e8m\u00e9re propri\u00e8taire ait d\u00e9cid\u00e9 de s&rsquo;en s\u00e9parer. Il faut dire que le blason d&rsquo;Asie du Sud Est n&rsquo;est plus d&rsquo;une sant\u00e9 aussi florissante que cela, perdant de grosses parts sur son propre [&hellip;]","twitter_image":"http:\/\/www.leblogmoto.com\/images\/augustamv2.jpg","twitter_misc":{"\u00c9crit par":"andre leconde","Dur\u00e9e de lecture estim\u00e9e":"1 minute"},"schema":{"@context":"https:\/\/schema.org","@graph":[{"@type":"WebPage","@id":"https:\/\/blogs.thesocialmedia.com\/leblogmoto\/2005\/12\/28\/mv-augusta\/","url":"https:\/\/blogs.thesocialmedia.com\/leblogmoto\/2005\/12\/28\/mv-augusta\/","name":"MV AUGUSTA: Retour \u00e0 la case d\u00e9part. - leblogmoto.com","isPartOf":{"@id":"https:\/\/blogs.thesocialmedia.com\/leblogmoto\/#website"},"primaryImageOfPage":{"@id":"https:\/\/blogs.thesocialmedia.com\/leblogmoto\/2005\/12\/28\/mv-augusta\/#primaryimage"},"image":{"@id":"https:\/\/blogs.thesocialmedia.com\/leblogmoto\/2005\/12\/28\/mv-augusta\/#primaryimage"},"thumbnailUrl":"http:\/\/www.leblogmoto.com\/images\/augustamv2.jpg","datePublished":"2005-12-28T19:30:00+00:00","dateModified":"2012-07-11T14:13:18+00:00","author":{"@id":"https:\/\/blogs.thesocialmedia.com\/leblogmoto\/#\/schema\/person\/1a1dcfc7cec206573105eb4af91155c2"},"breadcrumb":{"@id":"https:\/\/blogs.thesocialmedia.com\/leblogmoto\/2005\/12\/28\/mv-augusta\/#breadcrumb"},"inLanguage":"fr-FR","potentialAction":[{"@type":"ReadAction","target":["https:\/\/blogs.thesocialmedia.com\/leblogmoto\/2005\/12\/28\/mv-augusta\/"]}]},{"@type":"ImageObject","inLanguage":"fr-FR","@id":"https:\/\/blogs.thesocialmedia.com\/leblogmoto\/2005\/12\/28\/mv-augusta\/#primaryimage","url":"http:\/\/www.leblogmoto.com\/images\/augustamv2.jpg","contentUrl":"http:\/\/www.leblogmoto.com\/images\/augustamv2.jpg"},{"@type":"BreadcrumbList","@id":"https:\/\/blogs.thesocialmedia.com\/leblogmoto\/2005\/12\/28\/mv-augusta\/#breadcrumb","itemListElement":[{"@type":"ListItem","position":1,"name":"Accueil","item":"https:\/\/blogs.thesocialmedia.com\/leblogmoto\/"},{"@type":"ListItem","position":2,"name":"MV AUGUSTA: Retour \u00e0 la case d\u00e9part."}]},{"@type":"WebSite","@id":"https:\/\/blogs.thesocialmedia.com\/leblogmoto\/#website","url":"https:\/\/blogs.thesocialmedia.com\/leblogmoto\/","name":"leblogmoto","description":"Toute l&#039;actualit\u00e9 des 2 roues","potentialAction":[{"@type":"SearchAction","target":{"@type":"EntryPoint","urlTemplate":"https:\/\/blogs.thesocialmedia.com\/leblogmoto\/?s={search_term_string}"},"query-input":{"@type":"PropertyValueSpecification","valueRequired":true,"valueName":"search_term_string"}}],"inLanguage":"fr-FR"},{"@type":"Person","@id":"https:\/\/blogs.thesocialmedia.com\/leblogmoto\/#\/schema\/person\/1a1dcfc7cec206573105eb4af91155c2","name":"andre leconde","image":{"@type":"ImageObject","inLanguage":"fr-FR","@id":"https:\/\/blogs.thesocialmedia.com\/leblogmoto\/#\/schema\/person\/image\/","url":"https:\/\/secure.gravatar.com\/avatar\/?s=96&d=mm&r=g","contentUrl":"https:\/\/secure.gravatar.com\/avatar\/?s=96&d=mm&r=g","caption":"andre leconde"},"url":"https:\/\/blogs.thesocialmedia.com\/leblogmoto\/author\/andre-leconde\/"}]}},"_links":{"self":[{"href":"https:\/\/blogs.thesocialmedia.com\/leblogmoto\/wp-json\/wp\/v2\/posts\/2149","targetHints":{"allow":["GET"]}}],"collection":[{"href":"https:\/\/blogs.thesocialmedia.com\/leblogmoto\/wp-json\/wp\/v2\/posts"}],"about":[{"href":"https:\/\/blogs.thesocialmedia.com\/leblogmoto\/wp-json\/wp\/v2\/types\/post"}],"author":[{"embeddable":true,"href":"https:\/\/blogs.thesocialmedia.com\/leblogmoto\/wp-json\/wp\/v2\/users\/336"}],"replies":[{"embeddable":true,"href":"https:\/\/blogs.thesocialmedia.com\/leblogmoto\/wp-json\/wp\/v2\/comments?post=2149"}],"version-history":[{"count":2,"href":"https:\/\/blogs.thesocialmedia.com\/leblogmoto\/wp-json\/wp\/v2\/posts\/2149\/revisions"}],"predecessor-version":[{"id":6895,"href":"https:\/\/blogs.thesocialmedia.com\/leblogmoto\/wp-json\/wp\/v2\/posts\/2149\/revisions\/6895"}],"wp:attachment":[{"href":"https:\/\/blogs.thesocialmedia.com\/leblogmoto\/wp-json\/wp\/v2\/media?parent=2149"}],"wp:term":[{"taxonomy":"category","embeddable":true,"href":"https:\/\/blogs.thesocialmedia.com\/leblogmoto\/wp-json\/wp\/v2\/categories?post=2149"},{"taxonomy":"post_tag","embeddable":true,"href":"https:\/\/blogs.thesocialmedia.com\/leblogmoto\/wp-json\/wp\/v2\/tags?post=2149"}],"curies":[{"name":"wp","href":"https:\/\/api.w.org\/{rel}","templated":true}]}}