{"id":215,"date":"2009-03-25T06:52:12","date_gmt":"2009-03-25T06:52:12","guid":{"rendered":"http:\/\/blogs.thesocialmedia.com\/leblogmoto\/2009\/03\/25\/le-pigiste-akiyoshi-developpera-la-rc212v-de-dani-a-jerez\/"},"modified":"2012-07-11T17:14:35","modified_gmt":"2012-07-11T17:14:35","slug":"le-pigiste-akiyoshi-developpera-la-rc212v-de-dani-a-jerez","status":"publish","type":"post","link":"https:\/\/blogs.thesocialmedia.com\/leblogmoto\/2009\/03\/25\/le-pigiste-akiyoshi-developpera-la-rc212v-de-dani-a-jerez\/","title":{"rendered":"Kosuke Akiyoshi: Bis repetita placent."},"content":{"rendered":"<p><a href=\"http:\/\/blogs.thesocialmedia.com\/leblogmoto\/files\/2012\/07\/6a00d83451b18369e201156e5580c0970c-popup.png\"><img decoding=\"async\" alt=\"MotoGP John Hopkins remplac\u00e9 par Akiyoshi en espagne au cpot\u00e9 de Vermeulen test\" class=\"at-xid-6a00d83451b18369e201156e5580c0970c \" src=\"http:\/\/blogs.thesocialmedia.com\/leblogmoto\/files\/2012\/07\/6a00d83451b18369e201156e5580c0970c-500wi.jpg\" style=\"width: 470px\" \/><\/a> <\/p>\n<p>C&#039;est en cherchant une image pour illustrer cet article, que je suis tomb\u00e9 sur une (modeste) info qui ne se trouvait pas dans l&#039;article en Anglais d&#039;Autosport qui me servait de support. Le Japonais Kosuke* Akiyoshi remplacera au pied lev\u00e9 Pedrosa pour les derniers test de la pr\u00e9-saison 2009 ce week-end. &#8230;Tout comme il y a deux ans, lorsqu&#039;il avait occup\u00e9 temporairement la selle de John Hopkins en \u00e9paulant Chris Vermeulen chez Suzuki Rizla +, sur le m\u00eame circuit et pour des tests \u00e9galement. Pedrosa se repose actuellement de son <a href=\"http:\/\/blogs.thesocialmedia.com\/leblogmoto\/files\/2012\/07\/dani-encore-plu.html_.png\">op\u00e9ration chirurgicale<\/a>, et le team Repsol Honda indique que d&#039;apr\u00e8s un m\u00e9decin qui l&#039;a rencontr\u00e9 la semaine pass\u00e9e, la r\u00e9cup\u00e9ration suit son cours. C&#039;est pour cela que le pr\u00e9c\u00e9dent pigiste pour Suzuki rejoindra Andrea Dovizioso en Espagne, alors que l&#039;\u00e9quipe continue de d\u00e9velopper la RC212V. A ce sujet, le team manager Kazuhiko Yamano d\u00e9clare que &quot;c&#039;est un test important pour l&#039;\u00e9quipe, et nous souhaitons utiliser ces deux jours au maximum comme nous nous approchons du d\u00e9but de la saison.&quot; Il ajoute que &quot; Le team a rassembl\u00e9 beaucoup de donn\u00e9es utiles lors des pr\u00e9c\u00e9dents essais \u00e0 Sepang et au Qatar, et il est dans notre intention de faire des progr\u00e8s significatifs dans ce test final de la pr\u00e9-saison.&quot;<\/p>\n<p><a href=\"http:\/\/clabedan.typepad.com\/.a\/6a00d83451b18369e201156e55eec6970c-popup\"><img decoding=\"async\" alt=\"Motogp Akiyoshi\" class=\"at-xid-6a00d83451b18369e201156e55eec6970c \" src=\"http:\/\/blogs.thesocialmedia.com\/leblogmoto\/files\/2012\/07\/6a00d83451b18369e201156e55eec6970c-500wi.jpg\" style=\"width: 470px\" \/><\/a> <\/p>\n<p>Abordant le cas Pedrosa il pr\u00e9cise que &quot;Dani ne courra pas, car il est tr\u00e8s important qu&#039;il r\u00e9cup\u00e8re pleinement de son op\u00e9ration, et donc Kosuke pilotera sa machine. Bien que id\u00e9alement Dani devrait \u00eatre ici, nous sommes confiant dans les capacit\u00e9s de Kosuke pour aider Andrea et notre programme de d\u00e9veloppement de la RC212V.&quot; <\/p>\n<p>Si notre Japonais du week-end n&#039;est pas un inconnu en MotoGP, c&#039;est en All Japan Superbike qu&#039;il s&#039;est surtout align\u00e9. Mais c&#039;est l&#039;endurance qui lui a offert son titre le plus prestigieux \u00e0 ce jour, en remportant avec un de ses compatriotes, les Huit heures de Suzuka en 2007. <\/p>\n<p>Il \u00e9tait depuis octobre 2008 pilote essayeur pour Suzuki. Auparavant il avait concouru dans quatre \u00e9preuve de MotoGP de 2006 \u00e0 2008, ne r\u00e9coltant que trois petits points au total, gr\u00e2ce \u00e0 sa treizi\u00e8me place \u00e0 domicile, c&#039;\u00e9tait en 2006 sur le Twin Ring de Motegi. <\/p>\n<p><em>*Notez pour celles et ceux que cela int\u00e9resse que chez <a href=\"http:\/\/en.wikipedia.org\/wiki\/Kousuke_Akiyoshi\">Wikipedia<\/a> vous le trouverez sous l&#039;orthographe Ko<span style=\"text-decoration: underline\">u<\/span>suke.<\/em><\/p>\n","protected":false},"excerpt":{"rendered":"<p>C&#039;est en cherchant une image pour illustrer cet article, que je suis tomb\u00e9 sur une (modeste) info qui ne se trouvait pas dans l&#039;article en Anglais d&#039;Autosport qui me servait de support. Le Japonais Kosuke* Akiyoshi remplacera au pied lev\u00e9 Pedrosa pour les derniers test de la pr\u00e9-saison 2009 ce week-end. &#8230;Tout comme il y [&hellip;]<\/p>\n","protected":false},"author":324,"featured_media":13034,"comment_status":"open","ping_status":"open","sticky":false,"template":"","format":"standard","meta":{"footnotes":""},"categories":[3,14,22,51],"tags":[],"class_list":["post-215","post","type-post","status-publish","format-standard","has-post-thumbnail","hentry","category-actualite","category-honda","category-motogp","category-suzuki"],"yoast_head":"<!-- This site is optimized with the Yoast SEO plugin v26.0 - https:\/\/yoast.com\/wordpress\/plugins\/seo\/ -->\n<title>Kosuke Akiyoshi: Bis repetita placent. - leblogmoto.com<\/title>\n<meta name=\"robots\" content=\"index, follow, max-snippet:-1, max-image-preview:large, max-video-preview:-1\" \/>\n<link rel=\"canonical\" href=\"https:\/\/blogs.thesocialmedia.com\/leblogmoto\/2009\/03\/25\/le-pigiste-akiyoshi-developpera-la-rc212v-de-dani-a-jerez\/\" \/>\n<meta name=\"twitter:card\" content=\"summary_large_image\" \/>\n<meta name=\"twitter:title\" content=\"Kosuke Akiyoshi: Bis repetita placent. - leblogmoto.com\" \/>\n<meta name=\"twitter:description\" content=\"C&#039;est en cherchant une image pour illustrer cet article, que je suis tomb\u00e9 sur une (modeste) info qui ne se trouvait pas dans l&#039;article en Anglais d&#039;Autosport qui me servait de support. Le Japonais Kosuke* Akiyoshi remplacera au pied lev\u00e9 Pedrosa pour les derniers test de la pr\u00e9-saison 2009 ce week-end. &#8230;Tout comme il y [&hellip;]\" \/>\n<meta name=\"twitter:image\" content=\"https:\/\/blogs.thesocialmedia.com\/leblogmoto\/files\/2012\/07\/6a00d83451b18369e201156e5580c0970c-500wi.jpg\" \/>\n<meta name=\"twitter:label1\" content=\"\u00c9crit par\" \/>\n\t<meta name=\"twitter:data1\" content=\"benoit rieu\" \/>\n\t<meta name=\"twitter:label2\" content=\"Dur\u00e9e de lecture estim\u00e9e\" \/>\n\t<meta name=\"twitter:data2\" content=\"2 minutes\" \/>\n<script type=\"application\/ld+json\" class=\"yoast-schema-graph\">{\"@context\":\"https:\/\/schema.org\",\"@graph\":[{\"@type\":\"WebPage\",\"@id\":\"https:\/\/blogs.thesocialmedia.com\/leblogmoto\/2009\/03\/25\/le-pigiste-akiyoshi-developpera-la-rc212v-de-dani-a-jerez\/\",\"url\":\"https:\/\/blogs.thesocialmedia.com\/leblogmoto\/2009\/03\/25\/le-pigiste-akiyoshi-developpera-la-rc212v-de-dani-a-jerez\/\",\"name\":\"Kosuke Akiyoshi: Bis repetita placent. - leblogmoto.com\",\"isPartOf\":{\"@id\":\"https:\/\/blogs.thesocialmedia.com\/leblogmoto\/#website\"},\"primaryImageOfPage\":{\"@id\":\"https:\/\/blogs.thesocialmedia.com\/leblogmoto\/2009\/03\/25\/le-pigiste-akiyoshi-developpera-la-rc212v-de-dani-a-jerez\/#primaryimage\"},\"image\":{\"@id\":\"https:\/\/blogs.thesocialmedia.com\/leblogmoto\/2009\/03\/25\/le-pigiste-akiyoshi-developpera-la-rc212v-de-dani-a-jerez\/#primaryimage\"},\"thumbnailUrl\":\"https:\/\/blogs.thesocialmedia.com\/leblogmoto\/files\/2012\/07\/6a00d83451b18369e201156e5580c0970c-500wi.jpg\",\"datePublished\":\"2009-03-25T06:52:12+00:00\",\"dateModified\":\"2012-07-11T17:14:35+00:00\",\"author\":{\"@id\":\"https:\/\/blogs.thesocialmedia.com\/leblogmoto\/#\/schema\/person\/18bfe773e5725ed6d24f743da805362a\"},\"breadcrumb\":{\"@id\":\"https:\/\/blogs.thesocialmedia.com\/leblogmoto\/2009\/03\/25\/le-pigiste-akiyoshi-developpera-la-rc212v-de-dani-a-jerez\/#breadcrumb\"},\"inLanguage\":\"fr-FR\",\"potentialAction\":[{\"@type\":\"ReadAction\",\"target\":[\"https:\/\/blogs.thesocialmedia.com\/leblogmoto\/2009\/03\/25\/le-pigiste-akiyoshi-developpera-la-rc212v-de-dani-a-jerez\/\"]}]},{\"@type\":\"ImageObject\",\"inLanguage\":\"fr-FR\",\"@id\":\"https:\/\/blogs.thesocialmedia.com\/leblogmoto\/2009\/03\/25\/le-pigiste-akiyoshi-developpera-la-rc212v-de-dani-a-jerez\/#primaryimage\",\"url\":\"https:\/\/blogs.thesocialmedia.com\/leblogmoto\/files\/2012\/07\/6a00d83451b18369e201156e5580c0970c-500wi.jpg\",\"contentUrl\":\"https:\/\/blogs.thesocialmedia.com\/leblogmoto\/files\/2012\/07\/6a00d83451b18369e201156e5580c0970c-500wi.jpg\",\"width\":\"500\",\"height\":\"333\"},{\"@type\":\"BreadcrumbList\",\"@id\":\"https:\/\/blogs.thesocialmedia.com\/leblogmoto\/2009\/03\/25\/le-pigiste-akiyoshi-developpera-la-rc212v-de-dani-a-jerez\/#breadcrumb\",\"itemListElement\":[{\"@type\":\"ListItem\",\"position\":1,\"name\":\"Accueil\",\"item\":\"https:\/\/blogs.thesocialmedia.com\/leblogmoto\/\"},{\"@type\":\"ListItem\",\"position\":2,\"name\":\"Kosuke Akiyoshi: Bis repetita placent.\"}]},{\"@type\":\"WebSite\",\"@id\":\"https:\/\/blogs.thesocialmedia.com\/leblogmoto\/#website\",\"url\":\"https:\/\/blogs.thesocialmedia.com\/leblogmoto\/\",\"name\":\"leblogmoto\",\"description\":\"Toute l&#039;actualit\u00e9 des 2 roues\",\"potentialAction\":[{\"@type\":\"SearchAction\",\"target\":{\"@type\":\"EntryPoint\",\"urlTemplate\":\"https:\/\/blogs.thesocialmedia.com\/leblogmoto\/?s={search_term_string}\"},\"query-input\":{\"@type\":\"PropertyValueSpecification\",\"valueRequired\":true,\"valueName\":\"search_term_string\"}}],\"inLanguage\":\"fr-FR\"},{\"@type\":\"Person\",\"@id\":\"https:\/\/blogs.thesocialmedia.com\/leblogmoto\/#\/schema\/person\/18bfe773e5725ed6d24f743da805362a\",\"name\":\"benoit rieu\",\"image\":{\"@type\":\"ImageObject\",\"inLanguage\":\"fr-FR\",\"@id\":\"https:\/\/blogs.thesocialmedia.com\/leblogmoto\/#\/schema\/person\/image\/\",\"url\":\"https:\/\/secure.gravatar.com\/avatar\/?s=96&d=mm&r=g\",\"contentUrl\":\"https:\/\/secure.gravatar.com\/avatar\/?s=96&d=mm&r=g\",\"caption\":\"benoit rieu\"},\"url\":\"https:\/\/blogs.thesocialmedia.com\/leblogmoto\/author\/benoit-rieu\/\"}]}<\/script>\n<!-- \/ Yoast SEO plugin. -->","yoast_head_json":{"title":"Kosuke Akiyoshi: Bis repetita placent. - leblogmoto.com","robots":{"index":"index","follow":"follow","max-snippet":"max-snippet:-1","max-image-preview":"max-image-preview:large","max-video-preview":"max-video-preview:-1"},"canonical":"https:\/\/blogs.thesocialmedia.com\/leblogmoto\/2009\/03\/25\/le-pigiste-akiyoshi-developpera-la-rc212v-de-dani-a-jerez\/","twitter_card":"summary_large_image","twitter_title":"Kosuke Akiyoshi: Bis repetita placent. - leblogmoto.com","twitter_description":"C&#039;est en cherchant une image pour illustrer cet article, que je suis tomb\u00e9 sur une (modeste) info qui ne se trouvait pas dans l&#039;article en Anglais d&#039;Autosport qui me servait de support. Le Japonais Kosuke* Akiyoshi remplacera au pied lev\u00e9 Pedrosa pour les derniers test de la pr\u00e9-saison 2009 ce week-end. &#8230;Tout comme il y [&hellip;]","twitter_image":"https:\/\/blogs.thesocialmedia.com\/leblogmoto\/files\/2012\/07\/6a00d83451b18369e201156e5580c0970c-500wi.jpg","twitter_misc":{"\u00c9crit par":"benoit rieu","Dur\u00e9e de lecture estim\u00e9e":"2 minutes"},"schema":{"@context":"https:\/\/schema.org","@graph":[{"@type":"WebPage","@id":"https:\/\/blogs.thesocialmedia.com\/leblogmoto\/2009\/03\/25\/le-pigiste-akiyoshi-developpera-la-rc212v-de-dani-a-jerez\/","url":"https:\/\/blogs.thesocialmedia.com\/leblogmoto\/2009\/03\/25\/le-pigiste-akiyoshi-developpera-la-rc212v-de-dani-a-jerez\/","name":"Kosuke Akiyoshi: Bis repetita placent. - leblogmoto.com","isPartOf":{"@id":"https:\/\/blogs.thesocialmedia.com\/leblogmoto\/#website"},"primaryImageOfPage":{"@id":"https:\/\/blogs.thesocialmedia.com\/leblogmoto\/2009\/03\/25\/le-pigiste-akiyoshi-developpera-la-rc212v-de-dani-a-jerez\/#primaryimage"},"image":{"@id":"https:\/\/blogs.thesocialmedia.com\/leblogmoto\/2009\/03\/25\/le-pigiste-akiyoshi-developpera-la-rc212v-de-dani-a-jerez\/#primaryimage"},"thumbnailUrl":"https:\/\/blogs.thesocialmedia.com\/leblogmoto\/files\/2012\/07\/6a00d83451b18369e201156e5580c0970c-500wi.jpg","datePublished":"2009-03-25T06:52:12+00:00","dateModified":"2012-07-11T17:14:35+00:00","author":{"@id":"https:\/\/blogs.thesocialmedia.com\/leblogmoto\/#\/schema\/person\/18bfe773e5725ed6d24f743da805362a"},"breadcrumb":{"@id":"https:\/\/blogs.thesocialmedia.com\/leblogmoto\/2009\/03\/25\/le-pigiste-akiyoshi-developpera-la-rc212v-de-dani-a-jerez\/#breadcrumb"},"inLanguage":"fr-FR","potentialAction":[{"@type":"ReadAction","target":["https:\/\/blogs.thesocialmedia.com\/leblogmoto\/2009\/03\/25\/le-pigiste-akiyoshi-developpera-la-rc212v-de-dani-a-jerez\/"]}]},{"@type":"ImageObject","inLanguage":"fr-FR","@id":"https:\/\/blogs.thesocialmedia.com\/leblogmoto\/2009\/03\/25\/le-pigiste-akiyoshi-developpera-la-rc212v-de-dani-a-jerez\/#primaryimage","url":"https:\/\/blogs.thesocialmedia.com\/leblogmoto\/files\/2012\/07\/6a00d83451b18369e201156e5580c0970c-500wi.jpg","contentUrl":"https:\/\/blogs.thesocialmedia.com\/leblogmoto\/files\/2012\/07\/6a00d83451b18369e201156e5580c0970c-500wi.jpg","width":"500","height":"333"},{"@type":"BreadcrumbList","@id":"https:\/\/blogs.thesocialmedia.com\/leblogmoto\/2009\/03\/25\/le-pigiste-akiyoshi-developpera-la-rc212v-de-dani-a-jerez\/#breadcrumb","itemListElement":[{"@type":"ListItem","position":1,"name":"Accueil","item":"https:\/\/blogs.thesocialmedia.com\/leblogmoto\/"},{"@type":"ListItem","position":2,"name":"Kosuke Akiyoshi: Bis repetita placent."}]},{"@type":"WebSite","@id":"https:\/\/blogs.thesocialmedia.com\/leblogmoto\/#website","url":"https:\/\/blogs.thesocialmedia.com\/leblogmoto\/","name":"leblogmoto","description":"Toute l&#039;actualit\u00e9 des 2 roues","potentialAction":[{"@type":"SearchAction","target":{"@type":"EntryPoint","urlTemplate":"https:\/\/blogs.thesocialmedia.com\/leblogmoto\/?s={search_term_string}"},"query-input":{"@type":"PropertyValueSpecification","valueRequired":true,"valueName":"search_term_string"}}],"inLanguage":"fr-FR"},{"@type":"Person","@id":"https:\/\/blogs.thesocialmedia.com\/leblogmoto\/#\/schema\/person\/18bfe773e5725ed6d24f743da805362a","name":"benoit rieu","image":{"@type":"ImageObject","inLanguage":"fr-FR","@id":"https:\/\/blogs.thesocialmedia.com\/leblogmoto\/#\/schema\/person\/image\/","url":"https:\/\/secure.gravatar.com\/avatar\/?s=96&d=mm&r=g","contentUrl":"https:\/\/secure.gravatar.com\/avatar\/?s=96&d=mm&r=g","caption":"benoit rieu"},"url":"https:\/\/blogs.thesocialmedia.com\/leblogmoto\/author\/benoit-rieu\/"}]}},"_links":{"self":[{"href":"https:\/\/blogs.thesocialmedia.com\/leblogmoto\/wp-json\/wp\/v2\/posts\/215","targetHints":{"allow":["GET"]}}],"collection":[{"href":"https:\/\/blogs.thesocialmedia.com\/leblogmoto\/wp-json\/wp\/v2\/posts"}],"about":[{"href":"https:\/\/blogs.thesocialmedia.com\/leblogmoto\/wp-json\/wp\/v2\/types\/post"}],"author":[{"embeddable":true,"href":"https:\/\/blogs.thesocialmedia.com\/leblogmoto\/wp-json\/wp\/v2\/users\/324"}],"replies":[{"embeddable":true,"href":"https:\/\/blogs.thesocialmedia.com\/leblogmoto\/wp-json\/wp\/v2\/comments?post=215"}],"version-history":[{"count":2,"href":"https:\/\/blogs.thesocialmedia.com\/leblogmoto\/wp-json\/wp\/v2\/posts\/215\/revisions"}],"predecessor-version":[{"id":13037,"href":"https:\/\/blogs.thesocialmedia.com\/leblogmoto\/wp-json\/wp\/v2\/posts\/215\/revisions\/13037"}],"wp:featuredmedia":[{"embeddable":true,"href":"https:\/\/blogs.thesocialmedia.com\/leblogmoto\/wp-json\/wp\/v2\/media\/13034"}],"wp:attachment":[{"href":"https:\/\/blogs.thesocialmedia.com\/leblogmoto\/wp-json\/wp\/v2\/media?parent=215"}],"wp:term":[{"taxonomy":"category","embeddable":true,"href":"https:\/\/blogs.thesocialmedia.com\/leblogmoto\/wp-json\/wp\/v2\/categories?post=215"},{"taxonomy":"post_tag","embeddable":true,"href":"https:\/\/blogs.thesocialmedia.com\/leblogmoto\/wp-json\/wp\/v2\/tags?post=215"}],"curies":[{"name":"wp","href":"https:\/\/api.w.org\/{rel}","templated":true}]}}