{"id":2151,"date":"2005-12-27T20:25:00","date_gmt":"2005-12-27T20:25:00","guid":{"rendered":"http:\/\/blogs.thesocialmedia.com\/leblogmoto\/2005\/12\/27\/la-moto-vhicule\/"},"modified":"2012-07-11T14:13:14","modified_gmt":"2012-07-11T14:13:14","slug":"la-moto-vhicule","status":"publish","type":"post","link":"https:\/\/blogs.thesocialmedia.com\/leblogmoto\/2005\/12\/27\/la-moto-vhicule\/","title":{"rendered":"La moto, v\u00e9hicule humanitaire."},"content":{"rendered":"<p><a href=\"http:\/\/blogs.thesocialmedia.com\/leblogmoto\/files\/2012\/07\/logounicef_1.gif\"><img loading=\"lazy\" decoding=\"async\" height=\"250\" alt=\"Logounicef_1\" src=\"http:\/\/www.leblogmoto.com\/images\/logounicef_1.gif\" width=\"250\"  \/><\/a>La moto est parfois <a href=\"http:\/\/www.leblogmoto.com\/2005\/12\/il_ny_a_jamais_.html\">vilipend\u00e9e<\/a>, parfois, aussi, elle appara\u00eet comme un engin susceptible <a href=\"http:\/\/www.leblogmoto.com\/2005\/11\/les_grves_rptit.html\">d&rsquo;adoucir<\/a> les effets n\u00e9fastes d&rsquo;un probl\u00e8me particulier. Mais elle peut se voir aussi fixer ni plus ni moins qu&rsquo;une mission utile au bien de l&rsquo;humanit\u00e9&#8230; Et ce n&rsquo;est pas un conte de No\u00ebl que voici, mais bien d&rsquo;une initiative tout \u00e0 fait concr\u00e8te de l&rsquo;UNICEF au MALI. Comme quoi, les vertus de ce moyen de locomotion sont loin d&rsquo;avoir \u00e9t\u00e9 toutes d\u00e9couvertes, pour peu qu&rsquo;on lui pr\u00eate un tant soi peu d&rsquo;attention&#8230;&nbsp; &nbsp;&nbsp; <\/p>\n<p>L&rsquo;histoire se d\u00e9roule au Mali o\u00f9 la responsable locale de l&rsquo;UNICEF, Frances TURNER, a adoub\u00e9 deux engins d&rsquo;un type particulier: des <strong>motos cliniques<\/strong>. Ces deux motos comportent chacune un r\u00e9frig\u00e9rateur, une bo\u00eete de s\u00e9curit\u00e9, un extincteur \u00e0 poudre chimique, un jerrycan d&rsquo;eau, des bols inoxydables, un r\u00e9ceptacle de pansements et un abri b\u00e2ch\u00e9. La moto-clinique peut se transformer en ambulance pour l&rsquo;\u00e9vacuation des malades.<\/p>\n<p><a href=\"http:\/\/clabedan.typepad.com\/.shared\/image.html?\/photos\/uncategorized\/index.jpg\"><img loading=\"lazy\" decoding=\"async\" height=\"190\" alt=\"Index\" src=\"http:\/\/www.leblogmoto.com\/images\/index.jpg\" width=\"250\"  \/><\/a>La machine sera construite par une entreprise d&rsquo;Afrique du Sud sur base de HONDA XL 185 \u00e0 laquelle est attach\u00e9 un module comprenant une clinique mobile parfaitement \u00e9quip\u00e9e. Selon l&rsquo;UNICEF, le prix relativement faible de la clinique mobile et ses am\u00e9nagements sp\u00e9ciaux en font un instrument qui pr\u00e9sente des avantages certains pour les soins de sant\u00e9 primaire.&nbsp; &nbsp; <\/p>\n<p>On ne peut que souhaiter une longue vie \u00e0 ce projet et \u00e0 ces motos, ambassadrices d&rsquo;une passion dont l&rsquo;une des valeurs cardinales est aussi la <a href=\"http:\/\/www.leblogmoto.com\/2005\/12\/joyeux_nol_a_to.html\">g\u00e9n\u00e9rosit\u00e9<\/a>. <\/p>\n<p>SOURCE: <a href=\"http:\/\/www.afribone.com\/\">www.afribone.com<\/a><\/p>\n","protected":false},"excerpt":{"rendered":"<p>La moto est parfois vilipend\u00e9e, parfois, aussi, elle appara\u00eet comme un engin susceptible d&rsquo;adoucir les effets n\u00e9fastes d&rsquo;un probl\u00e8me particulier. Mais elle peut se voir aussi fixer ni plus ni moins qu&rsquo;une mission utile au bien de l&rsquo;humanit\u00e9&#8230; Et ce n&rsquo;est pas un conte de No\u00ebl que voici, mais bien d&rsquo;une initiative tout \u00e0 fait [&hellip;]<\/p>\n","protected":false},"author":336,"featured_media":0,"comment_status":"open","ping_status":"open","sticky":false,"template":"","format":"standard","meta":{"footnotes":""},"categories":[3],"tags":[],"class_list":["post-2151","post","type-post","status-publish","format-standard","hentry","category-actualite"],"yoast_head":"<!-- This site is optimized with the Yoast SEO plugin v26.0 - https:\/\/yoast.com\/wordpress\/plugins\/seo\/ -->\n<title>La moto, v\u00e9hicule humanitaire. - leblogmoto.com<\/title>\n<meta name=\"robots\" content=\"index, follow, max-snippet:-1, max-image-preview:large, max-video-preview:-1\" \/>\n<link rel=\"canonical\" href=\"https:\/\/blogs.thesocialmedia.com\/leblogmoto\/2005\/12\/27\/la-moto-vhicule\/\" \/>\n<meta name=\"twitter:card\" content=\"summary_large_image\" \/>\n<meta name=\"twitter:title\" content=\"La moto, v\u00e9hicule humanitaire. - leblogmoto.com\" \/>\n<meta name=\"twitter:description\" content=\"La moto est parfois vilipend\u00e9e, parfois, aussi, elle appara\u00eet comme un engin susceptible d&rsquo;adoucir les effets n\u00e9fastes d&rsquo;un probl\u00e8me particulier. Mais elle peut se voir aussi fixer ni plus ni moins qu&rsquo;une mission utile au bien de l&rsquo;humanit\u00e9&#8230; Et ce n&rsquo;est pas un conte de No\u00ebl que voici, mais bien d&rsquo;une initiative tout \u00e0 fait [&hellip;]\" \/>\n<meta name=\"twitter:image\" content=\"http:\/\/www.leblogmoto.com\/images\/logounicef_1.gif\" \/>\n<meta name=\"twitter:label1\" content=\"\u00c9crit par\" \/>\n\t<meta name=\"twitter:data1\" content=\"andre leconde\" \/>\n\t<meta name=\"twitter:label2\" content=\"Dur\u00e9e de lecture estim\u00e9e\" \/>\n\t<meta name=\"twitter:data2\" content=\"1 minute\" \/>\n<script type=\"application\/ld+json\" class=\"yoast-schema-graph\">{\"@context\":\"https:\/\/schema.org\",\"@graph\":[{\"@type\":\"WebPage\",\"@id\":\"https:\/\/blogs.thesocialmedia.com\/leblogmoto\/2005\/12\/27\/la-moto-vhicule\/\",\"url\":\"https:\/\/blogs.thesocialmedia.com\/leblogmoto\/2005\/12\/27\/la-moto-vhicule\/\",\"name\":\"La moto, v\u00e9hicule humanitaire. - leblogmoto.com\",\"isPartOf\":{\"@id\":\"https:\/\/blogs.thesocialmedia.com\/leblogmoto\/#website\"},\"primaryImageOfPage\":{\"@id\":\"https:\/\/blogs.thesocialmedia.com\/leblogmoto\/2005\/12\/27\/la-moto-vhicule\/#primaryimage\"},\"image\":{\"@id\":\"https:\/\/blogs.thesocialmedia.com\/leblogmoto\/2005\/12\/27\/la-moto-vhicule\/#primaryimage\"},\"thumbnailUrl\":\"http:\/\/www.leblogmoto.com\/images\/logounicef_1.gif\",\"datePublished\":\"2005-12-27T20:25:00+00:00\",\"dateModified\":\"2012-07-11T14:13:14+00:00\",\"author\":{\"@id\":\"https:\/\/blogs.thesocialmedia.com\/leblogmoto\/#\/schema\/person\/1a1dcfc7cec206573105eb4af91155c2\"},\"breadcrumb\":{\"@id\":\"https:\/\/blogs.thesocialmedia.com\/leblogmoto\/2005\/12\/27\/la-moto-vhicule\/#breadcrumb\"},\"inLanguage\":\"fr-FR\",\"potentialAction\":[{\"@type\":\"ReadAction\",\"target\":[\"https:\/\/blogs.thesocialmedia.com\/leblogmoto\/2005\/12\/27\/la-moto-vhicule\/\"]}]},{\"@type\":\"ImageObject\",\"inLanguage\":\"fr-FR\",\"@id\":\"https:\/\/blogs.thesocialmedia.com\/leblogmoto\/2005\/12\/27\/la-moto-vhicule\/#primaryimage\",\"url\":\"http:\/\/www.leblogmoto.com\/images\/logounicef_1.gif\",\"contentUrl\":\"http:\/\/www.leblogmoto.com\/images\/logounicef_1.gif\"},{\"@type\":\"BreadcrumbList\",\"@id\":\"https:\/\/blogs.thesocialmedia.com\/leblogmoto\/2005\/12\/27\/la-moto-vhicule\/#breadcrumb\",\"itemListElement\":[{\"@type\":\"ListItem\",\"position\":1,\"name\":\"Accueil\",\"item\":\"https:\/\/blogs.thesocialmedia.com\/leblogmoto\/\"},{\"@type\":\"ListItem\",\"position\":2,\"name\":\"La moto, v\u00e9hicule humanitaire.\"}]},{\"@type\":\"WebSite\",\"@id\":\"https:\/\/blogs.thesocialmedia.com\/leblogmoto\/#website\",\"url\":\"https:\/\/blogs.thesocialmedia.com\/leblogmoto\/\",\"name\":\"leblogmoto\",\"description\":\"Toute l&#039;actualit\u00e9 des 2 roues\",\"potentialAction\":[{\"@type\":\"SearchAction\",\"target\":{\"@type\":\"EntryPoint\",\"urlTemplate\":\"https:\/\/blogs.thesocialmedia.com\/leblogmoto\/?s={search_term_string}\"},\"query-input\":{\"@type\":\"PropertyValueSpecification\",\"valueRequired\":true,\"valueName\":\"search_term_string\"}}],\"inLanguage\":\"fr-FR\"},{\"@type\":\"Person\",\"@id\":\"https:\/\/blogs.thesocialmedia.com\/leblogmoto\/#\/schema\/person\/1a1dcfc7cec206573105eb4af91155c2\",\"name\":\"andre leconde\",\"image\":{\"@type\":\"ImageObject\",\"inLanguage\":\"fr-FR\",\"@id\":\"https:\/\/blogs.thesocialmedia.com\/leblogmoto\/#\/schema\/person\/image\/\",\"url\":\"https:\/\/secure.gravatar.com\/avatar\/?s=96&d=mm&r=g\",\"contentUrl\":\"https:\/\/secure.gravatar.com\/avatar\/?s=96&d=mm&r=g\",\"caption\":\"andre leconde\"},\"url\":\"https:\/\/blogs.thesocialmedia.com\/leblogmoto\/author\/andre-leconde\/\"}]}<\/script>\n<!-- \/ Yoast SEO plugin. -->","yoast_head_json":{"title":"La moto, v\u00e9hicule humanitaire. - leblogmoto.com","robots":{"index":"index","follow":"follow","max-snippet":"max-snippet:-1","max-image-preview":"max-image-preview:large","max-video-preview":"max-video-preview:-1"},"canonical":"https:\/\/blogs.thesocialmedia.com\/leblogmoto\/2005\/12\/27\/la-moto-vhicule\/","twitter_card":"summary_large_image","twitter_title":"La moto, v\u00e9hicule humanitaire. - leblogmoto.com","twitter_description":"La moto est parfois vilipend\u00e9e, parfois, aussi, elle appara\u00eet comme un engin susceptible d&rsquo;adoucir les effets n\u00e9fastes d&rsquo;un probl\u00e8me particulier. Mais elle peut se voir aussi fixer ni plus ni moins qu&rsquo;une mission utile au bien de l&rsquo;humanit\u00e9&#8230; Et ce n&rsquo;est pas un conte de No\u00ebl que voici, mais bien d&rsquo;une initiative tout \u00e0 fait [&hellip;]","twitter_image":"http:\/\/www.leblogmoto.com\/images\/logounicef_1.gif","twitter_misc":{"\u00c9crit par":"andre leconde","Dur\u00e9e de lecture estim\u00e9e":"1 minute"},"schema":{"@context":"https:\/\/schema.org","@graph":[{"@type":"WebPage","@id":"https:\/\/blogs.thesocialmedia.com\/leblogmoto\/2005\/12\/27\/la-moto-vhicule\/","url":"https:\/\/blogs.thesocialmedia.com\/leblogmoto\/2005\/12\/27\/la-moto-vhicule\/","name":"La moto, v\u00e9hicule humanitaire. - leblogmoto.com","isPartOf":{"@id":"https:\/\/blogs.thesocialmedia.com\/leblogmoto\/#website"},"primaryImageOfPage":{"@id":"https:\/\/blogs.thesocialmedia.com\/leblogmoto\/2005\/12\/27\/la-moto-vhicule\/#primaryimage"},"image":{"@id":"https:\/\/blogs.thesocialmedia.com\/leblogmoto\/2005\/12\/27\/la-moto-vhicule\/#primaryimage"},"thumbnailUrl":"http:\/\/www.leblogmoto.com\/images\/logounicef_1.gif","datePublished":"2005-12-27T20:25:00+00:00","dateModified":"2012-07-11T14:13:14+00:00","author":{"@id":"https:\/\/blogs.thesocialmedia.com\/leblogmoto\/#\/schema\/person\/1a1dcfc7cec206573105eb4af91155c2"},"breadcrumb":{"@id":"https:\/\/blogs.thesocialmedia.com\/leblogmoto\/2005\/12\/27\/la-moto-vhicule\/#breadcrumb"},"inLanguage":"fr-FR","potentialAction":[{"@type":"ReadAction","target":["https:\/\/blogs.thesocialmedia.com\/leblogmoto\/2005\/12\/27\/la-moto-vhicule\/"]}]},{"@type":"ImageObject","inLanguage":"fr-FR","@id":"https:\/\/blogs.thesocialmedia.com\/leblogmoto\/2005\/12\/27\/la-moto-vhicule\/#primaryimage","url":"http:\/\/www.leblogmoto.com\/images\/logounicef_1.gif","contentUrl":"http:\/\/www.leblogmoto.com\/images\/logounicef_1.gif"},{"@type":"BreadcrumbList","@id":"https:\/\/blogs.thesocialmedia.com\/leblogmoto\/2005\/12\/27\/la-moto-vhicule\/#breadcrumb","itemListElement":[{"@type":"ListItem","position":1,"name":"Accueil","item":"https:\/\/blogs.thesocialmedia.com\/leblogmoto\/"},{"@type":"ListItem","position":2,"name":"La moto, v\u00e9hicule humanitaire."}]},{"@type":"WebSite","@id":"https:\/\/blogs.thesocialmedia.com\/leblogmoto\/#website","url":"https:\/\/blogs.thesocialmedia.com\/leblogmoto\/","name":"leblogmoto","description":"Toute l&#039;actualit\u00e9 des 2 roues","potentialAction":[{"@type":"SearchAction","target":{"@type":"EntryPoint","urlTemplate":"https:\/\/blogs.thesocialmedia.com\/leblogmoto\/?s={search_term_string}"},"query-input":{"@type":"PropertyValueSpecification","valueRequired":true,"valueName":"search_term_string"}}],"inLanguage":"fr-FR"},{"@type":"Person","@id":"https:\/\/blogs.thesocialmedia.com\/leblogmoto\/#\/schema\/person\/1a1dcfc7cec206573105eb4af91155c2","name":"andre leconde","image":{"@type":"ImageObject","inLanguage":"fr-FR","@id":"https:\/\/blogs.thesocialmedia.com\/leblogmoto\/#\/schema\/person\/image\/","url":"https:\/\/secure.gravatar.com\/avatar\/?s=96&d=mm&r=g","contentUrl":"https:\/\/secure.gravatar.com\/avatar\/?s=96&d=mm&r=g","caption":"andre leconde"},"url":"https:\/\/blogs.thesocialmedia.com\/leblogmoto\/author\/andre-leconde\/"}]}},"_links":{"self":[{"href":"https:\/\/blogs.thesocialmedia.com\/leblogmoto\/wp-json\/wp\/v2\/posts\/2151","targetHints":{"allow":["GET"]}}],"collection":[{"href":"https:\/\/blogs.thesocialmedia.com\/leblogmoto\/wp-json\/wp\/v2\/posts"}],"about":[{"href":"https:\/\/blogs.thesocialmedia.com\/leblogmoto\/wp-json\/wp\/v2\/types\/post"}],"author":[{"embeddable":true,"href":"https:\/\/blogs.thesocialmedia.com\/leblogmoto\/wp-json\/wp\/v2\/users\/336"}],"replies":[{"embeddable":true,"href":"https:\/\/blogs.thesocialmedia.com\/leblogmoto\/wp-json\/wp\/v2\/comments?post=2151"}],"version-history":[{"count":2,"href":"https:\/\/blogs.thesocialmedia.com\/leblogmoto\/wp-json\/wp\/v2\/posts\/2151\/revisions"}],"predecessor-version":[{"id":6891,"href":"https:\/\/blogs.thesocialmedia.com\/leblogmoto\/wp-json\/wp\/v2\/posts\/2151\/revisions\/6891"}],"wp:attachment":[{"href":"https:\/\/blogs.thesocialmedia.com\/leblogmoto\/wp-json\/wp\/v2\/media?parent=2151"}],"wp:term":[{"taxonomy":"category","embeddable":true,"href":"https:\/\/blogs.thesocialmedia.com\/leblogmoto\/wp-json\/wp\/v2\/categories?post=2151"},{"taxonomy":"post_tag","embeddable":true,"href":"https:\/\/blogs.thesocialmedia.com\/leblogmoto\/wp-json\/wp\/v2\/tags?post=2151"}],"curies":[{"name":"wp","href":"https:\/\/api.w.org\/{rel}","templated":true}]}}