{"id":2152,"date":"2005-12-25T22:04:01","date_gmt":"2005-12-25T22:04:01","guid":{"rendered":"http:\/\/blogs.thesocialmedia.com\/leblogmoto\/2005\/12\/25\/barros-en-super\/"},"modified":"2012-07-11T14:13:13","modified_gmt":"2012-07-11T14:13:13","slug":"barros-en-super","status":"publish","type":"post","link":"https:\/\/blogs.thesocialmedia.com\/leblogmoto\/2005\/12\/25\/barros-en-super\/","title":{"rendered":"BARROS en Superbike"},"content":{"rendered":"<p><a href=\"http:\/\/blogs.thesocialmedia.com\/leblogmoto\/files\/2012\/07\/barros_1.jpg\"><img loading=\"lazy\" decoding=\"async\" height=\"166\" alt=\"Barros_1\" src=\"http:\/\/www.leblogmoto.com\/images\/barros_1.jpg\" width=\"250\"  \/><\/a>Alex BARROS, ancien soci\u00e8taire du team de <a href=\"http:\/\/www.leblogmoto.com\/2005\/12\/biaggi_epilogue.html\">Sito PONS<\/a> en MOTOGP rejoindra les rangs du <a href=\"http:\/\/www.leblogmoto.com\/2005\/11\/_tvr_superbike.html\">Superbike<\/a> en 2006. Sans propositions s\u00e9rieuses pour la MOTOGP, le br\u00e9silien quitte la cat\u00e9gorie reine de la vitesse qu&rsquo;il cotoyait depuis 1986. Il y a enlev\u00e9 7 victoires, tant en 500 qu&rsquo;en Motogp. Il devrait, avec le soutien de sa filiale nationale, b\u00e9n\u00e9ficier d&rsquo;une HONDA, soit celle du team Klaffi, soit au sein d&rsquo;une structure \u00e0 monter autour de sa personne. Alex ne compte pas faire de la figuration. Il l&rsquo;a d\u00e9j\u00e0 annonc\u00e9, c&rsquo;est <a href=\"http:\/\/www.leblogmoto.com\/2005\/12\/la_guerre_des_t.html\">le titre<\/a> qu&rsquo;il visera, sans pr\u00e9liminaires&#8230; <\/p>\n","protected":false},"excerpt":{"rendered":"<p>Alex BARROS, ancien soci\u00e8taire du team de Sito PONS en MOTOGP rejoindra les rangs du Superbike en 2006. Sans propositions s\u00e9rieuses pour la MOTOGP, le br\u00e9silien quitte la cat\u00e9gorie reine de la vitesse qu&rsquo;il cotoyait depuis 1986. Il y a enlev\u00e9 7 victoires, tant en 500 qu&rsquo;en Motogp. Il devrait, avec le soutien de sa [&hellip;]<\/p>\n","protected":false},"author":336,"featured_media":0,"comment_status":"open","ping_status":"open","sticky":false,"template":"","format":"standard","meta":{"footnotes":""},"categories":[46],"tags":[],"class_list":["post-2152","post","type-post","status-publish","format-standard","hentry","category-superbike"],"yoast_head":"<!-- This site is optimized with the Yoast SEO plugin v26.0 - https:\/\/yoast.com\/wordpress\/plugins\/seo\/ -->\n<title>BARROS en Superbike - leblogmoto.com<\/title>\n<meta name=\"robots\" content=\"index, follow, max-snippet:-1, max-image-preview:large, max-video-preview:-1\" \/>\n<link rel=\"canonical\" href=\"https:\/\/blogs.thesocialmedia.com\/leblogmoto\/2005\/12\/25\/barros-en-super\/\" \/>\n<meta name=\"twitter:card\" content=\"summary_large_image\" \/>\n<meta name=\"twitter:title\" content=\"BARROS en Superbike - leblogmoto.com\" \/>\n<meta name=\"twitter:description\" content=\"Alex BARROS, ancien soci\u00e8taire du team de Sito PONS en MOTOGP rejoindra les rangs du Superbike en 2006. Sans propositions s\u00e9rieuses pour la MOTOGP, le br\u00e9silien quitte la cat\u00e9gorie reine de la vitesse qu&rsquo;il cotoyait depuis 1986. Il y a enlev\u00e9 7 victoires, tant en 500 qu&rsquo;en Motogp. Il devrait, avec le soutien de sa [&hellip;]\" \/>\n<meta name=\"twitter:image\" content=\"http:\/\/www.leblogmoto.com\/images\/barros_1.jpg\" \/>\n<meta name=\"twitter:label1\" content=\"\u00c9crit par\" \/>\n\t<meta name=\"twitter:data1\" content=\"andre leconde\" \/>\n<script type=\"application\/ld+json\" class=\"yoast-schema-graph\">{\"@context\":\"https:\/\/schema.org\",\"@graph\":[{\"@type\":\"WebPage\",\"@id\":\"https:\/\/blogs.thesocialmedia.com\/leblogmoto\/2005\/12\/25\/barros-en-super\/\",\"url\":\"https:\/\/blogs.thesocialmedia.com\/leblogmoto\/2005\/12\/25\/barros-en-super\/\",\"name\":\"BARROS en Superbike - leblogmoto.com\",\"isPartOf\":{\"@id\":\"https:\/\/blogs.thesocialmedia.com\/leblogmoto\/#website\"},\"primaryImageOfPage\":{\"@id\":\"https:\/\/blogs.thesocialmedia.com\/leblogmoto\/2005\/12\/25\/barros-en-super\/#primaryimage\"},\"image\":{\"@id\":\"https:\/\/blogs.thesocialmedia.com\/leblogmoto\/2005\/12\/25\/barros-en-super\/#primaryimage\"},\"thumbnailUrl\":\"http:\/\/www.leblogmoto.com\/images\/barros_1.jpg\",\"datePublished\":\"2005-12-25T22:04:01+00:00\",\"dateModified\":\"2012-07-11T14:13:13+00:00\",\"author\":{\"@id\":\"https:\/\/blogs.thesocialmedia.com\/leblogmoto\/#\/schema\/person\/1a1dcfc7cec206573105eb4af91155c2\"},\"breadcrumb\":{\"@id\":\"https:\/\/blogs.thesocialmedia.com\/leblogmoto\/2005\/12\/25\/barros-en-super\/#breadcrumb\"},\"inLanguage\":\"fr-FR\",\"potentialAction\":[{\"@type\":\"ReadAction\",\"target\":[\"https:\/\/blogs.thesocialmedia.com\/leblogmoto\/2005\/12\/25\/barros-en-super\/\"]}]},{\"@type\":\"ImageObject\",\"inLanguage\":\"fr-FR\",\"@id\":\"https:\/\/blogs.thesocialmedia.com\/leblogmoto\/2005\/12\/25\/barros-en-super\/#primaryimage\",\"url\":\"http:\/\/www.leblogmoto.com\/images\/barros_1.jpg\",\"contentUrl\":\"http:\/\/www.leblogmoto.com\/images\/barros_1.jpg\"},{\"@type\":\"BreadcrumbList\",\"@id\":\"https:\/\/blogs.thesocialmedia.com\/leblogmoto\/2005\/12\/25\/barros-en-super\/#breadcrumb\",\"itemListElement\":[{\"@type\":\"ListItem\",\"position\":1,\"name\":\"Accueil\",\"item\":\"https:\/\/blogs.thesocialmedia.com\/leblogmoto\/\"},{\"@type\":\"ListItem\",\"position\":2,\"name\":\"BARROS en Superbike\"}]},{\"@type\":\"WebSite\",\"@id\":\"https:\/\/blogs.thesocialmedia.com\/leblogmoto\/#website\",\"url\":\"https:\/\/blogs.thesocialmedia.com\/leblogmoto\/\",\"name\":\"leblogmoto\",\"description\":\"Toute l&#039;actualit\u00e9 des 2 roues\",\"potentialAction\":[{\"@type\":\"SearchAction\",\"target\":{\"@type\":\"EntryPoint\",\"urlTemplate\":\"https:\/\/blogs.thesocialmedia.com\/leblogmoto\/?s={search_term_string}\"},\"query-input\":{\"@type\":\"PropertyValueSpecification\",\"valueRequired\":true,\"valueName\":\"search_term_string\"}}],\"inLanguage\":\"fr-FR\"},{\"@type\":\"Person\",\"@id\":\"https:\/\/blogs.thesocialmedia.com\/leblogmoto\/#\/schema\/person\/1a1dcfc7cec206573105eb4af91155c2\",\"name\":\"andre leconde\",\"image\":{\"@type\":\"ImageObject\",\"inLanguage\":\"fr-FR\",\"@id\":\"https:\/\/blogs.thesocialmedia.com\/leblogmoto\/#\/schema\/person\/image\/\",\"url\":\"https:\/\/secure.gravatar.com\/avatar\/?s=96&d=mm&r=g\",\"contentUrl\":\"https:\/\/secure.gravatar.com\/avatar\/?s=96&d=mm&r=g\",\"caption\":\"andre leconde\"},\"url\":\"https:\/\/blogs.thesocialmedia.com\/leblogmoto\/author\/andre-leconde\/\"}]}<\/script>\n<!-- \/ Yoast SEO plugin. -->","yoast_head_json":{"title":"BARROS en Superbike - leblogmoto.com","robots":{"index":"index","follow":"follow","max-snippet":"max-snippet:-1","max-image-preview":"max-image-preview:large","max-video-preview":"max-video-preview:-1"},"canonical":"https:\/\/blogs.thesocialmedia.com\/leblogmoto\/2005\/12\/25\/barros-en-super\/","twitter_card":"summary_large_image","twitter_title":"BARROS en Superbike - leblogmoto.com","twitter_description":"Alex BARROS, ancien soci\u00e8taire du team de Sito PONS en MOTOGP rejoindra les rangs du Superbike en 2006. Sans propositions s\u00e9rieuses pour la MOTOGP, le br\u00e9silien quitte la cat\u00e9gorie reine de la vitesse qu&rsquo;il cotoyait depuis 1986. Il y a enlev\u00e9 7 victoires, tant en 500 qu&rsquo;en Motogp. Il devrait, avec le soutien de sa [&hellip;]","twitter_image":"http:\/\/www.leblogmoto.com\/images\/barros_1.jpg","twitter_misc":{"\u00c9crit par":"andre leconde"},"schema":{"@context":"https:\/\/schema.org","@graph":[{"@type":"WebPage","@id":"https:\/\/blogs.thesocialmedia.com\/leblogmoto\/2005\/12\/25\/barros-en-super\/","url":"https:\/\/blogs.thesocialmedia.com\/leblogmoto\/2005\/12\/25\/barros-en-super\/","name":"BARROS en Superbike - leblogmoto.com","isPartOf":{"@id":"https:\/\/blogs.thesocialmedia.com\/leblogmoto\/#website"},"primaryImageOfPage":{"@id":"https:\/\/blogs.thesocialmedia.com\/leblogmoto\/2005\/12\/25\/barros-en-super\/#primaryimage"},"image":{"@id":"https:\/\/blogs.thesocialmedia.com\/leblogmoto\/2005\/12\/25\/barros-en-super\/#primaryimage"},"thumbnailUrl":"http:\/\/www.leblogmoto.com\/images\/barros_1.jpg","datePublished":"2005-12-25T22:04:01+00:00","dateModified":"2012-07-11T14:13:13+00:00","author":{"@id":"https:\/\/blogs.thesocialmedia.com\/leblogmoto\/#\/schema\/person\/1a1dcfc7cec206573105eb4af91155c2"},"breadcrumb":{"@id":"https:\/\/blogs.thesocialmedia.com\/leblogmoto\/2005\/12\/25\/barros-en-super\/#breadcrumb"},"inLanguage":"fr-FR","potentialAction":[{"@type":"ReadAction","target":["https:\/\/blogs.thesocialmedia.com\/leblogmoto\/2005\/12\/25\/barros-en-super\/"]}]},{"@type":"ImageObject","inLanguage":"fr-FR","@id":"https:\/\/blogs.thesocialmedia.com\/leblogmoto\/2005\/12\/25\/barros-en-super\/#primaryimage","url":"http:\/\/www.leblogmoto.com\/images\/barros_1.jpg","contentUrl":"http:\/\/www.leblogmoto.com\/images\/barros_1.jpg"},{"@type":"BreadcrumbList","@id":"https:\/\/blogs.thesocialmedia.com\/leblogmoto\/2005\/12\/25\/barros-en-super\/#breadcrumb","itemListElement":[{"@type":"ListItem","position":1,"name":"Accueil","item":"https:\/\/blogs.thesocialmedia.com\/leblogmoto\/"},{"@type":"ListItem","position":2,"name":"BARROS en Superbike"}]},{"@type":"WebSite","@id":"https:\/\/blogs.thesocialmedia.com\/leblogmoto\/#website","url":"https:\/\/blogs.thesocialmedia.com\/leblogmoto\/","name":"leblogmoto","description":"Toute l&#039;actualit\u00e9 des 2 roues","potentialAction":[{"@type":"SearchAction","target":{"@type":"EntryPoint","urlTemplate":"https:\/\/blogs.thesocialmedia.com\/leblogmoto\/?s={search_term_string}"},"query-input":{"@type":"PropertyValueSpecification","valueRequired":true,"valueName":"search_term_string"}}],"inLanguage":"fr-FR"},{"@type":"Person","@id":"https:\/\/blogs.thesocialmedia.com\/leblogmoto\/#\/schema\/person\/1a1dcfc7cec206573105eb4af91155c2","name":"andre leconde","image":{"@type":"ImageObject","inLanguage":"fr-FR","@id":"https:\/\/blogs.thesocialmedia.com\/leblogmoto\/#\/schema\/person\/image\/","url":"https:\/\/secure.gravatar.com\/avatar\/?s=96&d=mm&r=g","contentUrl":"https:\/\/secure.gravatar.com\/avatar\/?s=96&d=mm&r=g","caption":"andre leconde"},"url":"https:\/\/blogs.thesocialmedia.com\/leblogmoto\/author\/andre-leconde\/"}]}},"_links":{"self":[{"href":"https:\/\/blogs.thesocialmedia.com\/leblogmoto\/wp-json\/wp\/v2\/posts\/2152","targetHints":{"allow":["GET"]}}],"collection":[{"href":"https:\/\/blogs.thesocialmedia.com\/leblogmoto\/wp-json\/wp\/v2\/posts"}],"about":[{"href":"https:\/\/blogs.thesocialmedia.com\/leblogmoto\/wp-json\/wp\/v2\/types\/post"}],"author":[{"embeddable":true,"href":"https:\/\/blogs.thesocialmedia.com\/leblogmoto\/wp-json\/wp\/v2\/users\/336"}],"replies":[{"embeddable":true,"href":"https:\/\/blogs.thesocialmedia.com\/leblogmoto\/wp-json\/wp\/v2\/comments?post=2152"}],"version-history":[{"count":2,"href":"https:\/\/blogs.thesocialmedia.com\/leblogmoto\/wp-json\/wp\/v2\/posts\/2152\/revisions"}],"predecessor-version":[{"id":6889,"href":"https:\/\/blogs.thesocialmedia.com\/leblogmoto\/wp-json\/wp\/v2\/posts\/2152\/revisions\/6889"}],"wp:attachment":[{"href":"https:\/\/blogs.thesocialmedia.com\/leblogmoto\/wp-json\/wp\/v2\/media?parent=2152"}],"wp:term":[{"taxonomy":"category","embeddable":true,"href":"https:\/\/blogs.thesocialmedia.com\/leblogmoto\/wp-json\/wp\/v2\/categories?post=2152"},{"taxonomy":"post_tag","embeddable":true,"href":"https:\/\/blogs.thesocialmedia.com\/leblogmoto\/wp-json\/wp\/v2\/tags?post=2152"}],"curies":[{"name":"wp","href":"https:\/\/api.w.org\/{rel}","templated":true}]}}