{"id":2155,"date":"2005-12-24T18:30:00","date_gmt":"2005-12-24T18:30:00","guid":{"rendered":"http:\/\/blogs.thesocialmedia.com\/leblogmoto\/2005\/12\/24\/la-coupe-kawa-d\/"},"modified":"2012-07-11T14:13:08","modified_gmt":"2012-07-11T14:13:08","slug":"la-coupe-kawa-d","status":"publish","type":"post","link":"https:\/\/blogs.thesocialmedia.com\/leblogmoto\/2005\/12\/24\/la-coupe-kawa-d\/","title":{"rendered":"KAWASAKI: Vous en reprendrez bien une coupe !"},"content":{"rendered":"<p><a href=\"http:\/\/blogs.thesocialmedia.com\/leblogmoto\/files\/2012\/07\/leliard2.jpg\"><img loading=\"lazy\" decoding=\"async\" height=\"212\" alt=\"Leliard2\" src=\"http:\/\/www.leblogmoto.com\/images\/leliard2.jpg\" width=\"250\"  \/><\/a>Les gens de chez KAWA sont vraiment sympa. Non seulement ils ont eu l&rsquo;excellente id\u00e9e d&rsquo;engager <a href=\"http:\/\/www.leblogmoto.com\/2005\/10\/cocorico_randy_.html\">DE PUNIET<\/a>, mais, en plus, ils ont \u00e9t\u00e9 tr\u00e8s gentils de penser \u00e0 <a href=\"http:\/\/www.leblogmoto.com\/2005\/11\/rgis_passe_au_v.html\">LACONI<\/a>. Et pour que la f\u00eate soit compl\u00e8te, voil\u00e0 qu&rsquo;ils ressucitent une discipline mythique: La coupe KAWASAKI. Ainsi, en 2006, vous pourrez, pour un prix modique, vous \u00e9gayer sur les circuits de notre verte contr\u00e9e, au guidon de machines aux peintures de guerre g\u00e9n\u00e9ralement \u00e0 l&rsquo;identique&#8230;&nbsp; <\/p>\n<p><a href=\"http:\/\/clabedan.typepad.com\/.shared\/image.html?\/photos\/uncategorized\/coupe_kawa2.jpg\"><img loading=\"lazy\" decoding=\"async\" height=\"250\" alt=\"Coupe_kawa2\" src=\"http:\/\/www.leblogmoto.com\/images\/coupe_kawa2.jpg\" width=\"250\"  \/><\/a>La machine sera <a href=\"http:\/\/www.leblogmoto.com\/2005\/10\/mondial_2005_ka_6.html\">l&rsquo;ER-6<\/a> sous toutes ses formes. Un r\u00e9glement technique serr\u00e9 r\u00e9duira les co\u00fbts. Et des primes sont promises pour tenter d&rsquo;amortir cette passion d\u00e9vorante. Une excellente opportunit\u00e9 pour inscrire son nom \u00e0 une \u00e9preuve qui a vu le jour en 1971 et qui a inscrit \u00e0 son palmar\u00e8s des noms aussi prestigieux que Marc FONTAN, Christian SARRON, et les regrett\u00e9s Patrick PONS et <a href=\"http:\/\/www.leblogmoto.com\/2005\/11\/bruno_bonhuil_n.html\">Bruno BONHUIL<\/a>. <\/p>\n<p>Il vous faudra fermement batailler sur 8 manches, int\u00e9gr\u00e9es \u00e0 la Coupe de France Promosport, pour devenir le nouvel h\u00e9ros de la l\u00e9gende. Pour les autres, ce sera une formidable opportunit\u00e9 de go\u00fbter aux d\u00e9lices de la comp\u00e9tition. Merci \u00e0 KAWASAKI de nous mettre cette coupe aux l\u00e8vres, qui, par son principe, ne veut pas nous faire boire le calice jusqu&rsquo;\u00e0 la lie&#8230;<\/p>\n<p>SOURCE: <a href=\"http:\/\/www.moto-net.com\/\">www.moto-net.com<\/a> et <a href=\"http:\/\/www.bike70.com\/\">www.bike70.com<\/a> <\/p>\n","protected":false},"excerpt":{"rendered":"<p>Les gens de chez KAWA sont vraiment sympa. Non seulement ils ont eu l&rsquo;excellente id\u00e9e d&rsquo;engager DE PUNIET, mais, en plus, ils ont \u00e9t\u00e9 tr\u00e8s gentils de penser \u00e0 LACONI. Et pour que la f\u00eate soit compl\u00e8te, voil\u00e0 qu&rsquo;ils ressucitent une discipline mythique: La coupe KAWASAKI. Ainsi, en 2006, vous pourrez, pour un prix modique, [&hellip;]<\/p>\n","protected":false},"author":336,"featured_media":0,"comment_status":"open","ping_status":"open","sticky":false,"template":"","format":"standard","meta":{"footnotes":""},"categories":[32],"tags":[],"class_list":["post-2155","post","type-post","status-publish","format-standard","hentry","category-sport-moto"],"yoast_head":"<!-- This site is optimized with the Yoast SEO plugin v26.0 - https:\/\/yoast.com\/wordpress\/plugins\/seo\/ -->\n<title>KAWASAKI: Vous en reprendrez bien une coupe ! - leblogmoto.com<\/title>\n<meta name=\"robots\" content=\"index, follow, max-snippet:-1, max-image-preview:large, max-video-preview:-1\" \/>\n<link rel=\"canonical\" href=\"https:\/\/blogs.thesocialmedia.com\/leblogmoto\/2005\/12\/24\/la-coupe-kawa-d\/\" \/>\n<meta name=\"twitter:card\" content=\"summary_large_image\" \/>\n<meta name=\"twitter:title\" content=\"KAWASAKI: Vous en reprendrez bien une coupe ! - leblogmoto.com\" \/>\n<meta name=\"twitter:description\" content=\"Les gens de chez KAWA sont vraiment sympa. Non seulement ils ont eu l&rsquo;excellente id\u00e9e d&rsquo;engager DE PUNIET, mais, en plus, ils ont \u00e9t\u00e9 tr\u00e8s gentils de penser \u00e0 LACONI. Et pour que la f\u00eate soit compl\u00e8te, voil\u00e0 qu&rsquo;ils ressucitent une discipline mythique: La coupe KAWASAKI. Ainsi, en 2006, vous pourrez, pour un prix modique, [&hellip;]\" \/>\n<meta name=\"twitter:image\" content=\"http:\/\/www.leblogmoto.com\/images\/leliard2.jpg\" \/>\n<meta name=\"twitter:label1\" content=\"\u00c9crit par\" \/>\n\t<meta name=\"twitter:data1\" content=\"andre leconde\" \/>\n\t<meta name=\"twitter:label2\" content=\"Dur\u00e9e de lecture estim\u00e9e\" \/>\n\t<meta name=\"twitter:data2\" content=\"1 minute\" \/>\n<script type=\"application\/ld+json\" class=\"yoast-schema-graph\">{\"@context\":\"https:\/\/schema.org\",\"@graph\":[{\"@type\":\"WebPage\",\"@id\":\"https:\/\/blogs.thesocialmedia.com\/leblogmoto\/2005\/12\/24\/la-coupe-kawa-d\/\",\"url\":\"https:\/\/blogs.thesocialmedia.com\/leblogmoto\/2005\/12\/24\/la-coupe-kawa-d\/\",\"name\":\"KAWASAKI: Vous en reprendrez bien une coupe ! - leblogmoto.com\",\"isPartOf\":{\"@id\":\"https:\/\/blogs.thesocialmedia.com\/leblogmoto\/#website\"},\"primaryImageOfPage\":{\"@id\":\"https:\/\/blogs.thesocialmedia.com\/leblogmoto\/2005\/12\/24\/la-coupe-kawa-d\/#primaryimage\"},\"image\":{\"@id\":\"https:\/\/blogs.thesocialmedia.com\/leblogmoto\/2005\/12\/24\/la-coupe-kawa-d\/#primaryimage\"},\"thumbnailUrl\":\"http:\/\/www.leblogmoto.com\/images\/leliard2.jpg\",\"datePublished\":\"2005-12-24T18:30:00+00:00\",\"dateModified\":\"2012-07-11T14:13:08+00:00\",\"author\":{\"@id\":\"https:\/\/blogs.thesocialmedia.com\/leblogmoto\/#\/schema\/person\/1a1dcfc7cec206573105eb4af91155c2\"},\"breadcrumb\":{\"@id\":\"https:\/\/blogs.thesocialmedia.com\/leblogmoto\/2005\/12\/24\/la-coupe-kawa-d\/#breadcrumb\"},\"inLanguage\":\"fr-FR\",\"potentialAction\":[{\"@type\":\"ReadAction\",\"target\":[\"https:\/\/blogs.thesocialmedia.com\/leblogmoto\/2005\/12\/24\/la-coupe-kawa-d\/\"]}]},{\"@type\":\"ImageObject\",\"inLanguage\":\"fr-FR\",\"@id\":\"https:\/\/blogs.thesocialmedia.com\/leblogmoto\/2005\/12\/24\/la-coupe-kawa-d\/#primaryimage\",\"url\":\"http:\/\/www.leblogmoto.com\/images\/leliard2.jpg\",\"contentUrl\":\"http:\/\/www.leblogmoto.com\/images\/leliard2.jpg\"},{\"@type\":\"BreadcrumbList\",\"@id\":\"https:\/\/blogs.thesocialmedia.com\/leblogmoto\/2005\/12\/24\/la-coupe-kawa-d\/#breadcrumb\",\"itemListElement\":[{\"@type\":\"ListItem\",\"position\":1,\"name\":\"Accueil\",\"item\":\"https:\/\/blogs.thesocialmedia.com\/leblogmoto\/\"},{\"@type\":\"ListItem\",\"position\":2,\"name\":\"KAWASAKI: Vous en reprendrez bien une coupe !\"}]},{\"@type\":\"WebSite\",\"@id\":\"https:\/\/blogs.thesocialmedia.com\/leblogmoto\/#website\",\"url\":\"https:\/\/blogs.thesocialmedia.com\/leblogmoto\/\",\"name\":\"leblogmoto\",\"description\":\"Toute l&#039;actualit\u00e9 des 2 roues\",\"potentialAction\":[{\"@type\":\"SearchAction\",\"target\":{\"@type\":\"EntryPoint\",\"urlTemplate\":\"https:\/\/blogs.thesocialmedia.com\/leblogmoto\/?s={search_term_string}\"},\"query-input\":{\"@type\":\"PropertyValueSpecification\",\"valueRequired\":true,\"valueName\":\"search_term_string\"}}],\"inLanguage\":\"fr-FR\"},{\"@type\":\"Person\",\"@id\":\"https:\/\/blogs.thesocialmedia.com\/leblogmoto\/#\/schema\/person\/1a1dcfc7cec206573105eb4af91155c2\",\"name\":\"andre leconde\",\"image\":{\"@type\":\"ImageObject\",\"inLanguage\":\"fr-FR\",\"@id\":\"https:\/\/blogs.thesocialmedia.com\/leblogmoto\/#\/schema\/person\/image\/\",\"url\":\"https:\/\/secure.gravatar.com\/avatar\/?s=96&d=mm&r=g\",\"contentUrl\":\"https:\/\/secure.gravatar.com\/avatar\/?s=96&d=mm&r=g\",\"caption\":\"andre leconde\"},\"url\":\"https:\/\/blogs.thesocialmedia.com\/leblogmoto\/author\/andre-leconde\/\"}]}<\/script>\n<!-- \/ Yoast SEO plugin. -->","yoast_head_json":{"title":"KAWASAKI: Vous en reprendrez bien une coupe ! - leblogmoto.com","robots":{"index":"index","follow":"follow","max-snippet":"max-snippet:-1","max-image-preview":"max-image-preview:large","max-video-preview":"max-video-preview:-1"},"canonical":"https:\/\/blogs.thesocialmedia.com\/leblogmoto\/2005\/12\/24\/la-coupe-kawa-d\/","twitter_card":"summary_large_image","twitter_title":"KAWASAKI: Vous en reprendrez bien une coupe ! - leblogmoto.com","twitter_description":"Les gens de chez KAWA sont vraiment sympa. Non seulement ils ont eu l&rsquo;excellente id\u00e9e d&rsquo;engager DE PUNIET, mais, en plus, ils ont \u00e9t\u00e9 tr\u00e8s gentils de penser \u00e0 LACONI. Et pour que la f\u00eate soit compl\u00e8te, voil\u00e0 qu&rsquo;ils ressucitent une discipline mythique: La coupe KAWASAKI. Ainsi, en 2006, vous pourrez, pour un prix modique, [&hellip;]","twitter_image":"http:\/\/www.leblogmoto.com\/images\/leliard2.jpg","twitter_misc":{"\u00c9crit par":"andre leconde","Dur\u00e9e de lecture estim\u00e9e":"1 minute"},"schema":{"@context":"https:\/\/schema.org","@graph":[{"@type":"WebPage","@id":"https:\/\/blogs.thesocialmedia.com\/leblogmoto\/2005\/12\/24\/la-coupe-kawa-d\/","url":"https:\/\/blogs.thesocialmedia.com\/leblogmoto\/2005\/12\/24\/la-coupe-kawa-d\/","name":"KAWASAKI: Vous en reprendrez bien une coupe ! - leblogmoto.com","isPartOf":{"@id":"https:\/\/blogs.thesocialmedia.com\/leblogmoto\/#website"},"primaryImageOfPage":{"@id":"https:\/\/blogs.thesocialmedia.com\/leblogmoto\/2005\/12\/24\/la-coupe-kawa-d\/#primaryimage"},"image":{"@id":"https:\/\/blogs.thesocialmedia.com\/leblogmoto\/2005\/12\/24\/la-coupe-kawa-d\/#primaryimage"},"thumbnailUrl":"http:\/\/www.leblogmoto.com\/images\/leliard2.jpg","datePublished":"2005-12-24T18:30:00+00:00","dateModified":"2012-07-11T14:13:08+00:00","author":{"@id":"https:\/\/blogs.thesocialmedia.com\/leblogmoto\/#\/schema\/person\/1a1dcfc7cec206573105eb4af91155c2"},"breadcrumb":{"@id":"https:\/\/blogs.thesocialmedia.com\/leblogmoto\/2005\/12\/24\/la-coupe-kawa-d\/#breadcrumb"},"inLanguage":"fr-FR","potentialAction":[{"@type":"ReadAction","target":["https:\/\/blogs.thesocialmedia.com\/leblogmoto\/2005\/12\/24\/la-coupe-kawa-d\/"]}]},{"@type":"ImageObject","inLanguage":"fr-FR","@id":"https:\/\/blogs.thesocialmedia.com\/leblogmoto\/2005\/12\/24\/la-coupe-kawa-d\/#primaryimage","url":"http:\/\/www.leblogmoto.com\/images\/leliard2.jpg","contentUrl":"http:\/\/www.leblogmoto.com\/images\/leliard2.jpg"},{"@type":"BreadcrumbList","@id":"https:\/\/blogs.thesocialmedia.com\/leblogmoto\/2005\/12\/24\/la-coupe-kawa-d\/#breadcrumb","itemListElement":[{"@type":"ListItem","position":1,"name":"Accueil","item":"https:\/\/blogs.thesocialmedia.com\/leblogmoto\/"},{"@type":"ListItem","position":2,"name":"KAWASAKI: Vous en reprendrez bien une coupe !"}]},{"@type":"WebSite","@id":"https:\/\/blogs.thesocialmedia.com\/leblogmoto\/#website","url":"https:\/\/blogs.thesocialmedia.com\/leblogmoto\/","name":"leblogmoto","description":"Toute l&#039;actualit\u00e9 des 2 roues","potentialAction":[{"@type":"SearchAction","target":{"@type":"EntryPoint","urlTemplate":"https:\/\/blogs.thesocialmedia.com\/leblogmoto\/?s={search_term_string}"},"query-input":{"@type":"PropertyValueSpecification","valueRequired":true,"valueName":"search_term_string"}}],"inLanguage":"fr-FR"},{"@type":"Person","@id":"https:\/\/blogs.thesocialmedia.com\/leblogmoto\/#\/schema\/person\/1a1dcfc7cec206573105eb4af91155c2","name":"andre leconde","image":{"@type":"ImageObject","inLanguage":"fr-FR","@id":"https:\/\/blogs.thesocialmedia.com\/leblogmoto\/#\/schema\/person\/image\/","url":"https:\/\/secure.gravatar.com\/avatar\/?s=96&d=mm&r=g","contentUrl":"https:\/\/secure.gravatar.com\/avatar\/?s=96&d=mm&r=g","caption":"andre leconde"},"url":"https:\/\/blogs.thesocialmedia.com\/leblogmoto\/author\/andre-leconde\/"}]}},"_links":{"self":[{"href":"https:\/\/blogs.thesocialmedia.com\/leblogmoto\/wp-json\/wp\/v2\/posts\/2155","targetHints":{"allow":["GET"]}}],"collection":[{"href":"https:\/\/blogs.thesocialmedia.com\/leblogmoto\/wp-json\/wp\/v2\/posts"}],"about":[{"href":"https:\/\/blogs.thesocialmedia.com\/leblogmoto\/wp-json\/wp\/v2\/types\/post"}],"author":[{"embeddable":true,"href":"https:\/\/blogs.thesocialmedia.com\/leblogmoto\/wp-json\/wp\/v2\/users\/336"}],"replies":[{"embeddable":true,"href":"https:\/\/blogs.thesocialmedia.com\/leblogmoto\/wp-json\/wp\/v2\/comments?post=2155"}],"version-history":[{"count":2,"href":"https:\/\/blogs.thesocialmedia.com\/leblogmoto\/wp-json\/wp\/v2\/posts\/2155\/revisions"}],"predecessor-version":[{"id":6883,"href":"https:\/\/blogs.thesocialmedia.com\/leblogmoto\/wp-json\/wp\/v2\/posts\/2155\/revisions\/6883"}],"wp:attachment":[{"href":"https:\/\/blogs.thesocialmedia.com\/leblogmoto\/wp-json\/wp\/v2\/media?parent=2155"}],"wp:term":[{"taxonomy":"category","embeddable":true,"href":"https:\/\/blogs.thesocialmedia.com\/leblogmoto\/wp-json\/wp\/v2\/categories?post=2155"},{"taxonomy":"post_tag","embeddable":true,"href":"https:\/\/blogs.thesocialmedia.com\/leblogmoto\/wp-json\/wp\/v2\/tags?post=2155"}],"curies":[{"name":"wp","href":"https:\/\/api.w.org\/{rel}","templated":true}]}}