{"id":2157,"date":"2005-12-24T01:09:00","date_gmt":"2005-12-24T01:09:00","guid":{"rendered":"http:\/\/blogs.thesocialmedia.com\/leblogmoto\/2005\/12\/24\/il-ny-a-jamais\/"},"modified":"2012-07-11T14:13:05","modified_gmt":"2012-07-11T14:13:05","slug":"il-ny-a-jamais","status":"publish","type":"post","link":"https:\/\/blogs.thesocialmedia.com\/leblogmoto\/2005\/12\/24\/il-ny-a-jamais\/","title":{"rendered":"Il n&rsquo;y a jamais de fum\u00e9e sans feu&#8230;"},"content":{"rendered":"<p><a href=\"http:\/\/blogs.thesocialmedia.com\/leblogmoto\/files\/2012\/07\/pollution.jpg\"><img loading=\"lazy\" decoding=\"async\" height=\"185\" alt=\"Pollution\" src=\"http:\/\/www.leblogmoto.com\/images\/pollution.jpg\" width=\"250\"  \/><\/a>Voil\u00e0 une \u00e9tude jug\u00e9e des plus s\u00e9rieuses qui jette un pavet dans la marre du <a href=\"http:\/\/www.leblogmoto.com\/2005\/10\/un_futur_motard.html\">motard<\/a>. D&rsquo;aucuns de la gente \u00e0 deux roues propuls\u00e9es, pensaient, avec son engin ludique, pour le bien de la plan\u00e8te, oeuvrer. D&rsquo;un oeil s\u00e9v\u00e8re, ils regardaient, le repr\u00e9sentant caisseux herm\u00e9tis\u00e9 qui, lui, l\u00e2chons le verbe, polluait. Las ! Du c\u00f4t\u00e9 de l&rsquo;Helv\u00e9tie s&rsquo;\u00e9l\u00e8vent des voix \u00e0 nous rendre sur ce point tout contrit&#8230;&nbsp; &nbsp; <\/p>\n<\/p>\n<p><a href=\"http:\/\/clabedan.typepad.com\/.shared\/image.html?\/photos\/uncategorized\/pollution2.jpg\"><img loading=\"lazy\" decoding=\"async\" height=\"171\" alt=\"Pollution2\" src=\"http:\/\/www.leblogmoto.com\/images\/pollution2.jpg\" width=\"250\"  \/><\/a> C&rsquo;est ainsi que de grands savant nous balancent dans les dents que nos motos dont on est si fier, sont loin d&rsquo;avoir une gueule d&rsquo;atmosph\u00e8re. Pour tout dire, un br\u00eale emet 16 fois plus d&rsquo;hydrocarbure et 3 fois plus de monoxyde de carbone qu&rsquo;une voiture. C&rsquo;est la conclusion du laboratoire f\u00e9d\u00e9ral de recherches et d&rsquo;exp\u00e9rimentations helv\u00e9tique dont les membres sont loin d&rsquo;\u00eatre des comiques. Pour eux, on en est l\u00e0 parce que les dirigeants ne se sont jamais vraiment pench\u00e9s sur le cas de la moto, ne l&rsquo;ayant pas pris en compte comme moyen de transport de masse.<\/p>\n<p>Que ces dirigeants, au <a href=\"http:\/\/www.leblogmoto.com\/2005\/12\/feux_de_jour_en.html\">discernement<\/a> que l&rsquo;on sait, soient conseill\u00e9s de r\u00e9fl\u00e9chir sur nos deux roues sous l&rsquo;angle de la pollution, \u00e0 une p\u00e9riode o\u00f9, hasard ?, ils s&rsquo;\u00e9l\u00e8vent par leur nombre dans nos <a href=\"http:\/\/www.leblogmoto.com\/2005\/11\/les_grves_rptit.html\">cit\u00e9s<\/a>, voil\u00e0 qui peut inqui\u00e8ter quelque part. Voici l&rsquo;alibi aux \u00e9touffements en tout genre, aux castrations en guise de principe de pr\u00e9caution&#8230; \u00d4 temps suspend ton vol&#8230; Des normes \u00e0 l&rsquo;\u00e9norme, il n&rsquo;y a qu&rsquo;un pas. Reste le r\u00e9sultat de l&rsquo;\u00e9tude, froid, qui appelle nos industriels \u00e0 la r\u00e9flexion.<\/p>\n<p>Il nous resterait peut \u00eatre <a href=\"http:\/\/www.leblogmoto.com\/2005\/08\/une_moto_hybrid.html\">la moto hybride<\/a>, mais au stade o\u00f9 elle en est, force est de constater que l\u00e0 o\u00f9 il y a l&rsquo;hydrog\u00e8ne, il n&rsquo;y a pas encore de plaisir&#8230; Attention quand m\u00eame.&nbsp; &nbsp;&nbsp; <\/p>\n<p>SOURCE: <a href=\"http:\/\/www.motoring.reuters.co.uk\/\">www.motoring.reuters.co.uk<\/a><\/p>\n","protected":false},"excerpt":{"rendered":"<p>Voil\u00e0 une \u00e9tude jug\u00e9e des plus s\u00e9rieuses qui jette un pavet dans la marre du motard. D&rsquo;aucuns de la gente \u00e0 deux roues propuls\u00e9es, pensaient, avec son engin ludique, pour le bien de la plan\u00e8te, oeuvrer. D&rsquo;un oeil s\u00e9v\u00e8re, ils regardaient, le repr\u00e9sentant caisseux herm\u00e9tis\u00e9 qui, lui, l\u00e2chons le verbe, polluait. Las ! Du c\u00f4t\u00e9 [&hellip;]<\/p>\n","protected":false},"author":336,"featured_media":0,"comment_status":"open","ping_status":"open","sticky":false,"template":"","format":"standard","meta":{"footnotes":""},"categories":[3],"tags":[],"class_list":["post-2157","post","type-post","status-publish","format-standard","hentry","category-actualite"],"yoast_head":"<!-- This site is optimized with the Yoast SEO plugin v26.0 - https:\/\/yoast.com\/wordpress\/plugins\/seo\/ -->\n<title>Il n&#039;y a jamais de fum\u00e9e sans feu... - leblogmoto.com<\/title>\n<meta name=\"robots\" content=\"index, follow, max-snippet:-1, max-image-preview:large, max-video-preview:-1\" \/>\n<link rel=\"canonical\" href=\"https:\/\/blogs.thesocialmedia.com\/leblogmoto\/2005\/12\/24\/il-ny-a-jamais\/\" \/>\n<meta name=\"twitter:card\" content=\"summary_large_image\" \/>\n<meta name=\"twitter:title\" content=\"Il n&#039;y a jamais de fum\u00e9e sans feu... - leblogmoto.com\" \/>\n<meta name=\"twitter:description\" content=\"Voil\u00e0 une \u00e9tude jug\u00e9e des plus s\u00e9rieuses qui jette un pavet dans la marre du motard. D&rsquo;aucuns de la gente \u00e0 deux roues propuls\u00e9es, pensaient, avec son engin ludique, pour le bien de la plan\u00e8te, oeuvrer. D&rsquo;un oeil s\u00e9v\u00e8re, ils regardaient, le repr\u00e9sentant caisseux herm\u00e9tis\u00e9 qui, lui, l\u00e2chons le verbe, polluait. Las ! Du c\u00f4t\u00e9 [&hellip;]\" \/>\n<meta name=\"twitter:image\" content=\"http:\/\/www.leblogmoto.com\/images\/pollution.jpg\" \/>\n<meta name=\"twitter:label1\" content=\"\u00c9crit par\" \/>\n\t<meta name=\"twitter:data1\" content=\"andre leconde\" \/>\n\t<meta name=\"twitter:label2\" content=\"Dur\u00e9e de lecture estim\u00e9e\" \/>\n\t<meta name=\"twitter:data2\" content=\"2 minutes\" \/>\n<script type=\"application\/ld+json\" class=\"yoast-schema-graph\">{\"@context\":\"https:\/\/schema.org\",\"@graph\":[{\"@type\":\"WebPage\",\"@id\":\"https:\/\/blogs.thesocialmedia.com\/leblogmoto\/2005\/12\/24\/il-ny-a-jamais\/\",\"url\":\"https:\/\/blogs.thesocialmedia.com\/leblogmoto\/2005\/12\/24\/il-ny-a-jamais\/\",\"name\":\"Il n'y a jamais de fum\u00e9e sans feu... - leblogmoto.com\",\"isPartOf\":{\"@id\":\"https:\/\/blogs.thesocialmedia.com\/leblogmoto\/#website\"},\"primaryImageOfPage\":{\"@id\":\"https:\/\/blogs.thesocialmedia.com\/leblogmoto\/2005\/12\/24\/il-ny-a-jamais\/#primaryimage\"},\"image\":{\"@id\":\"https:\/\/blogs.thesocialmedia.com\/leblogmoto\/2005\/12\/24\/il-ny-a-jamais\/#primaryimage\"},\"thumbnailUrl\":\"http:\/\/www.leblogmoto.com\/images\/pollution.jpg\",\"datePublished\":\"2005-12-24T01:09:00+00:00\",\"dateModified\":\"2012-07-11T14:13:05+00:00\",\"author\":{\"@id\":\"https:\/\/blogs.thesocialmedia.com\/leblogmoto\/#\/schema\/person\/1a1dcfc7cec206573105eb4af91155c2\"},\"breadcrumb\":{\"@id\":\"https:\/\/blogs.thesocialmedia.com\/leblogmoto\/2005\/12\/24\/il-ny-a-jamais\/#breadcrumb\"},\"inLanguage\":\"fr-FR\",\"potentialAction\":[{\"@type\":\"ReadAction\",\"target\":[\"https:\/\/blogs.thesocialmedia.com\/leblogmoto\/2005\/12\/24\/il-ny-a-jamais\/\"]}]},{\"@type\":\"ImageObject\",\"inLanguage\":\"fr-FR\",\"@id\":\"https:\/\/blogs.thesocialmedia.com\/leblogmoto\/2005\/12\/24\/il-ny-a-jamais\/#primaryimage\",\"url\":\"http:\/\/www.leblogmoto.com\/images\/pollution.jpg\",\"contentUrl\":\"http:\/\/www.leblogmoto.com\/images\/pollution.jpg\"},{\"@type\":\"BreadcrumbList\",\"@id\":\"https:\/\/blogs.thesocialmedia.com\/leblogmoto\/2005\/12\/24\/il-ny-a-jamais\/#breadcrumb\",\"itemListElement\":[{\"@type\":\"ListItem\",\"position\":1,\"name\":\"Accueil\",\"item\":\"https:\/\/blogs.thesocialmedia.com\/leblogmoto\/\"},{\"@type\":\"ListItem\",\"position\":2,\"name\":\"Il n&rsquo;y a jamais de fum\u00e9e sans feu&#8230;\"}]},{\"@type\":\"WebSite\",\"@id\":\"https:\/\/blogs.thesocialmedia.com\/leblogmoto\/#website\",\"url\":\"https:\/\/blogs.thesocialmedia.com\/leblogmoto\/\",\"name\":\"leblogmoto\",\"description\":\"Toute l&#039;actualit\u00e9 des 2 roues\",\"potentialAction\":[{\"@type\":\"SearchAction\",\"target\":{\"@type\":\"EntryPoint\",\"urlTemplate\":\"https:\/\/blogs.thesocialmedia.com\/leblogmoto\/?s={search_term_string}\"},\"query-input\":{\"@type\":\"PropertyValueSpecification\",\"valueRequired\":true,\"valueName\":\"search_term_string\"}}],\"inLanguage\":\"fr-FR\"},{\"@type\":\"Person\",\"@id\":\"https:\/\/blogs.thesocialmedia.com\/leblogmoto\/#\/schema\/person\/1a1dcfc7cec206573105eb4af91155c2\",\"name\":\"andre leconde\",\"image\":{\"@type\":\"ImageObject\",\"inLanguage\":\"fr-FR\",\"@id\":\"https:\/\/blogs.thesocialmedia.com\/leblogmoto\/#\/schema\/person\/image\/\",\"url\":\"https:\/\/secure.gravatar.com\/avatar\/?s=96&d=mm&r=g\",\"contentUrl\":\"https:\/\/secure.gravatar.com\/avatar\/?s=96&d=mm&r=g\",\"caption\":\"andre leconde\"},\"url\":\"https:\/\/blogs.thesocialmedia.com\/leblogmoto\/author\/andre-leconde\/\"}]}<\/script>\n<!-- \/ Yoast SEO plugin. -->","yoast_head_json":{"title":"Il n'y a jamais de fum\u00e9e sans feu... - leblogmoto.com","robots":{"index":"index","follow":"follow","max-snippet":"max-snippet:-1","max-image-preview":"max-image-preview:large","max-video-preview":"max-video-preview:-1"},"canonical":"https:\/\/blogs.thesocialmedia.com\/leblogmoto\/2005\/12\/24\/il-ny-a-jamais\/","twitter_card":"summary_large_image","twitter_title":"Il n'y a jamais de fum\u00e9e sans feu... - leblogmoto.com","twitter_description":"Voil\u00e0 une \u00e9tude jug\u00e9e des plus s\u00e9rieuses qui jette un pavet dans la marre du motard. D&rsquo;aucuns de la gente \u00e0 deux roues propuls\u00e9es, pensaient, avec son engin ludique, pour le bien de la plan\u00e8te, oeuvrer. D&rsquo;un oeil s\u00e9v\u00e8re, ils regardaient, le repr\u00e9sentant caisseux herm\u00e9tis\u00e9 qui, lui, l\u00e2chons le verbe, polluait. Las ! Du c\u00f4t\u00e9 [&hellip;]","twitter_image":"http:\/\/www.leblogmoto.com\/images\/pollution.jpg","twitter_misc":{"\u00c9crit par":"andre leconde","Dur\u00e9e de lecture estim\u00e9e":"2 minutes"},"schema":{"@context":"https:\/\/schema.org","@graph":[{"@type":"WebPage","@id":"https:\/\/blogs.thesocialmedia.com\/leblogmoto\/2005\/12\/24\/il-ny-a-jamais\/","url":"https:\/\/blogs.thesocialmedia.com\/leblogmoto\/2005\/12\/24\/il-ny-a-jamais\/","name":"Il n'y a jamais de fum\u00e9e sans feu... - leblogmoto.com","isPartOf":{"@id":"https:\/\/blogs.thesocialmedia.com\/leblogmoto\/#website"},"primaryImageOfPage":{"@id":"https:\/\/blogs.thesocialmedia.com\/leblogmoto\/2005\/12\/24\/il-ny-a-jamais\/#primaryimage"},"image":{"@id":"https:\/\/blogs.thesocialmedia.com\/leblogmoto\/2005\/12\/24\/il-ny-a-jamais\/#primaryimage"},"thumbnailUrl":"http:\/\/www.leblogmoto.com\/images\/pollution.jpg","datePublished":"2005-12-24T01:09:00+00:00","dateModified":"2012-07-11T14:13:05+00:00","author":{"@id":"https:\/\/blogs.thesocialmedia.com\/leblogmoto\/#\/schema\/person\/1a1dcfc7cec206573105eb4af91155c2"},"breadcrumb":{"@id":"https:\/\/blogs.thesocialmedia.com\/leblogmoto\/2005\/12\/24\/il-ny-a-jamais\/#breadcrumb"},"inLanguage":"fr-FR","potentialAction":[{"@type":"ReadAction","target":["https:\/\/blogs.thesocialmedia.com\/leblogmoto\/2005\/12\/24\/il-ny-a-jamais\/"]}]},{"@type":"ImageObject","inLanguage":"fr-FR","@id":"https:\/\/blogs.thesocialmedia.com\/leblogmoto\/2005\/12\/24\/il-ny-a-jamais\/#primaryimage","url":"http:\/\/www.leblogmoto.com\/images\/pollution.jpg","contentUrl":"http:\/\/www.leblogmoto.com\/images\/pollution.jpg"},{"@type":"BreadcrumbList","@id":"https:\/\/blogs.thesocialmedia.com\/leblogmoto\/2005\/12\/24\/il-ny-a-jamais\/#breadcrumb","itemListElement":[{"@type":"ListItem","position":1,"name":"Accueil","item":"https:\/\/blogs.thesocialmedia.com\/leblogmoto\/"},{"@type":"ListItem","position":2,"name":"Il n&rsquo;y a jamais de fum\u00e9e sans feu&#8230;"}]},{"@type":"WebSite","@id":"https:\/\/blogs.thesocialmedia.com\/leblogmoto\/#website","url":"https:\/\/blogs.thesocialmedia.com\/leblogmoto\/","name":"leblogmoto","description":"Toute l&#039;actualit\u00e9 des 2 roues","potentialAction":[{"@type":"SearchAction","target":{"@type":"EntryPoint","urlTemplate":"https:\/\/blogs.thesocialmedia.com\/leblogmoto\/?s={search_term_string}"},"query-input":{"@type":"PropertyValueSpecification","valueRequired":true,"valueName":"search_term_string"}}],"inLanguage":"fr-FR"},{"@type":"Person","@id":"https:\/\/blogs.thesocialmedia.com\/leblogmoto\/#\/schema\/person\/1a1dcfc7cec206573105eb4af91155c2","name":"andre leconde","image":{"@type":"ImageObject","inLanguage":"fr-FR","@id":"https:\/\/blogs.thesocialmedia.com\/leblogmoto\/#\/schema\/person\/image\/","url":"https:\/\/secure.gravatar.com\/avatar\/?s=96&d=mm&r=g","contentUrl":"https:\/\/secure.gravatar.com\/avatar\/?s=96&d=mm&r=g","caption":"andre leconde"},"url":"https:\/\/blogs.thesocialmedia.com\/leblogmoto\/author\/andre-leconde\/"}]}},"_links":{"self":[{"href":"https:\/\/blogs.thesocialmedia.com\/leblogmoto\/wp-json\/wp\/v2\/posts\/2157","targetHints":{"allow":["GET"]}}],"collection":[{"href":"https:\/\/blogs.thesocialmedia.com\/leblogmoto\/wp-json\/wp\/v2\/posts"}],"about":[{"href":"https:\/\/blogs.thesocialmedia.com\/leblogmoto\/wp-json\/wp\/v2\/types\/post"}],"author":[{"embeddable":true,"href":"https:\/\/blogs.thesocialmedia.com\/leblogmoto\/wp-json\/wp\/v2\/users\/336"}],"replies":[{"embeddable":true,"href":"https:\/\/blogs.thesocialmedia.com\/leblogmoto\/wp-json\/wp\/v2\/comments?post=2157"}],"version-history":[{"count":2,"href":"https:\/\/blogs.thesocialmedia.com\/leblogmoto\/wp-json\/wp\/v2\/posts\/2157\/revisions"}],"predecessor-version":[{"id":6879,"href":"https:\/\/blogs.thesocialmedia.com\/leblogmoto\/wp-json\/wp\/v2\/posts\/2157\/revisions\/6879"}],"wp:attachment":[{"href":"https:\/\/blogs.thesocialmedia.com\/leblogmoto\/wp-json\/wp\/v2\/media?parent=2157"}],"wp:term":[{"taxonomy":"category","embeddable":true,"href":"https:\/\/blogs.thesocialmedia.com\/leblogmoto\/wp-json\/wp\/v2\/categories?post=2157"},{"taxonomy":"post_tag","embeddable":true,"href":"https:\/\/blogs.thesocialmedia.com\/leblogmoto\/wp-json\/wp\/v2\/tags?post=2157"}],"curies":[{"name":"wp","href":"https:\/\/api.w.org\/{rel}","templated":true}]}}