{"id":2158,"date":"2005-12-23T22:43:58","date_gmt":"2005-12-23T22:43:58","guid":{"rendered":"http:\/\/blogs.thesocialmedia.com\/leblogmoto\/2005\/12\/23\/biaggi-epilogue\/"},"modified":"2012-07-11T14:13:04","modified_gmt":"2012-07-11T14:13:04","slug":"biaggi-epilogue","status":"publish","type":"post","link":"https:\/\/blogs.thesocialmedia.com\/leblogmoto\/2005\/12\/23\/biaggi-epilogue\/","title":{"rendered":"BIAGGI: Epilogue"},"content":{"rendered":"<p><a href=\"http:\/\/blogs.thesocialmedia.com\/leblogmoto\/files\/2012\/07\/biaggi.jpg\"><img loading=\"lazy\" decoding=\"async\" height=\"317\" alt=\"Biaggi\" src=\"http:\/\/www.leblogmoto.com\/images\/biaggi.jpg\" width=\"250\"  \/><\/a>Max BIAGGI sort par la petite porte de la sc\u00e8ne du MOTOGP apr\u00e8s y avoir brill\u00e9 tant par son style que par son verbe. <a href=\"http:\/\/www.leblogmoto.com\/2005\/11\/lempereur_maudi.html\">Soutenu \u00e0 bout de bras<\/a> par son sponsor au bon dos, il n&rsquo;a pu, malgr\u00e8 celui-ci, se faire une place au sein d&rsquo;un plateau o\u00f9 les d\u00e9cideurs ont d\u00e9cid\u00e9 de ne plus le voir.<\/p>\n<p>Un espoir survivait tant bien que mal du c\u00f4t\u00e9 d&rsquo;une <a href=\"http:\/\/www.leblogmoto.com\/2005\/11\/rgis_passe_au_v.html\">KAWASAKI <\/a>engag\u00e9e dans une structure particuli\u00e8re, mais l&rsquo;annonce officielle attendue n&rsquo;est jamais venue. Et puis, de guerre lasse, le g\u00e9n\u00e9reux m\u00e9c\u00e8ne a annonc\u00e9 sa d\u00e9cision de jeter l&rsquo;\u00e9ponge&#8230;&nbsp; <\/p>\n<p><a href=\"http:\/\/clabedan.typepad.com\/.shared\/image.html?\/photos\/uncategorized\/sara_tommasi__max_biaggi.jpg\"><img loading=\"lazy\" decoding=\"async\" height=\"187\" alt=\"Sara_tommasi__max_biaggi\" src=\"http:\/\/www.leblogmoto.com\/images\/sara_tommasi__max_biaggi.jpg\" width=\"250\"  \/><\/a>Ce g\u00e2chis ne satisfa\u00eet personne. La moto perd une figure, sauf \u00e0 ce que le P\u00e8re No\u00ebl, dans sa grande bont\u00e9, reussisse dans le tour de force du cadeau de l&rsquo;impossible. Max se consolera ailleurs, mais restera quelque part amer de ce qui ressemble fort \u00e0 une expulsion domiciliaire. Enfin, la MOTOGP vient de se payer le luxe de laisser filer un sponsor majeur dans un contexte \u00e9conomique exacerb\u00e9. Est-ce l\u00e0 le signe d&rsquo;une <a href=\"http:\/\/www.leblogmoto.com\/2005\/11\/que_couve_la_po.html\">gestion<\/a> responsable aux vues \u00e9tendues et rationnelles de la part de ses pontes ? <\/p>\n<p>Dans tous les cas, voil\u00e0 ce qui ressemble fort \u00e0 une mauvaise nouvelle&#8230;<\/p>\n<p>SOURCE: <a href=\"http:\/\/www.motomag.com\/\">www.motomag.com<\/a>&nbsp; &nbsp;<\/p>\n","protected":false},"excerpt":{"rendered":"<p>Max BIAGGI sort par la petite porte de la sc\u00e8ne du MOTOGP apr\u00e8s y avoir brill\u00e9 tant par son style que par son verbe. Soutenu \u00e0 bout de bras par son sponsor au bon dos, il n&rsquo;a pu, malgr\u00e8 celui-ci, se faire une place au sein d&rsquo;un plateau o\u00f9 les d\u00e9cideurs ont d\u00e9cid\u00e9 de ne [&hellip;]<\/p>\n","protected":false},"author":336,"featured_media":0,"comment_status":"open","ping_status":"open","sticky":false,"template":"","format":"standard","meta":{"footnotes":""},"categories":[22],"tags":[],"class_list":["post-2158","post","type-post","status-publish","format-standard","hentry","category-motogp"],"yoast_head":"<!-- This site is optimized with the Yoast SEO plugin v26.0 - https:\/\/yoast.com\/wordpress\/plugins\/seo\/ -->\n<title>BIAGGI: Epilogue - leblogmoto.com<\/title>\n<meta name=\"robots\" content=\"index, follow, max-snippet:-1, max-image-preview:large, max-video-preview:-1\" \/>\n<link rel=\"canonical\" href=\"https:\/\/blogs.thesocialmedia.com\/leblogmoto\/2005\/12\/23\/biaggi-epilogue\/\" \/>\n<meta name=\"twitter:card\" content=\"summary_large_image\" \/>\n<meta name=\"twitter:title\" content=\"BIAGGI: Epilogue - leblogmoto.com\" \/>\n<meta name=\"twitter:description\" content=\"Max BIAGGI sort par la petite porte de la sc\u00e8ne du MOTOGP apr\u00e8s y avoir brill\u00e9 tant par son style que par son verbe. Soutenu \u00e0 bout de bras par son sponsor au bon dos, il n&rsquo;a pu, malgr\u00e8 celui-ci, se faire une place au sein d&rsquo;un plateau o\u00f9 les d\u00e9cideurs ont d\u00e9cid\u00e9 de ne [&hellip;]\" \/>\n<meta name=\"twitter:image\" content=\"http:\/\/www.leblogmoto.com\/images\/biaggi.jpg\" \/>\n<meta name=\"twitter:label1\" content=\"\u00c9crit par\" \/>\n\t<meta name=\"twitter:data1\" content=\"andre leconde\" \/>\n\t<meta name=\"twitter:label2\" content=\"Dur\u00e9e de lecture estim\u00e9e\" \/>\n\t<meta name=\"twitter:data2\" content=\"1 minute\" \/>\n<script type=\"application\/ld+json\" class=\"yoast-schema-graph\">{\"@context\":\"https:\/\/schema.org\",\"@graph\":[{\"@type\":\"WebPage\",\"@id\":\"https:\/\/blogs.thesocialmedia.com\/leblogmoto\/2005\/12\/23\/biaggi-epilogue\/\",\"url\":\"https:\/\/blogs.thesocialmedia.com\/leblogmoto\/2005\/12\/23\/biaggi-epilogue\/\",\"name\":\"BIAGGI: Epilogue - leblogmoto.com\",\"isPartOf\":{\"@id\":\"https:\/\/blogs.thesocialmedia.com\/leblogmoto\/#website\"},\"primaryImageOfPage\":{\"@id\":\"https:\/\/blogs.thesocialmedia.com\/leblogmoto\/2005\/12\/23\/biaggi-epilogue\/#primaryimage\"},\"image\":{\"@id\":\"https:\/\/blogs.thesocialmedia.com\/leblogmoto\/2005\/12\/23\/biaggi-epilogue\/#primaryimage\"},\"thumbnailUrl\":\"http:\/\/www.leblogmoto.com\/images\/biaggi.jpg\",\"datePublished\":\"2005-12-23T22:43:58+00:00\",\"dateModified\":\"2012-07-11T14:13:04+00:00\",\"author\":{\"@id\":\"https:\/\/blogs.thesocialmedia.com\/leblogmoto\/#\/schema\/person\/1a1dcfc7cec206573105eb4af91155c2\"},\"breadcrumb\":{\"@id\":\"https:\/\/blogs.thesocialmedia.com\/leblogmoto\/2005\/12\/23\/biaggi-epilogue\/#breadcrumb\"},\"inLanguage\":\"fr-FR\",\"potentialAction\":[{\"@type\":\"ReadAction\",\"target\":[\"https:\/\/blogs.thesocialmedia.com\/leblogmoto\/2005\/12\/23\/biaggi-epilogue\/\"]}]},{\"@type\":\"ImageObject\",\"inLanguage\":\"fr-FR\",\"@id\":\"https:\/\/blogs.thesocialmedia.com\/leblogmoto\/2005\/12\/23\/biaggi-epilogue\/#primaryimage\",\"url\":\"http:\/\/www.leblogmoto.com\/images\/biaggi.jpg\",\"contentUrl\":\"http:\/\/www.leblogmoto.com\/images\/biaggi.jpg\"},{\"@type\":\"BreadcrumbList\",\"@id\":\"https:\/\/blogs.thesocialmedia.com\/leblogmoto\/2005\/12\/23\/biaggi-epilogue\/#breadcrumb\",\"itemListElement\":[{\"@type\":\"ListItem\",\"position\":1,\"name\":\"Accueil\",\"item\":\"https:\/\/blogs.thesocialmedia.com\/leblogmoto\/\"},{\"@type\":\"ListItem\",\"position\":2,\"name\":\"BIAGGI: Epilogue\"}]},{\"@type\":\"WebSite\",\"@id\":\"https:\/\/blogs.thesocialmedia.com\/leblogmoto\/#website\",\"url\":\"https:\/\/blogs.thesocialmedia.com\/leblogmoto\/\",\"name\":\"leblogmoto\",\"description\":\"Toute l&#039;actualit\u00e9 des 2 roues\",\"potentialAction\":[{\"@type\":\"SearchAction\",\"target\":{\"@type\":\"EntryPoint\",\"urlTemplate\":\"https:\/\/blogs.thesocialmedia.com\/leblogmoto\/?s={search_term_string}\"},\"query-input\":{\"@type\":\"PropertyValueSpecification\",\"valueRequired\":true,\"valueName\":\"search_term_string\"}}],\"inLanguage\":\"fr-FR\"},{\"@type\":\"Person\",\"@id\":\"https:\/\/blogs.thesocialmedia.com\/leblogmoto\/#\/schema\/person\/1a1dcfc7cec206573105eb4af91155c2\",\"name\":\"andre leconde\",\"image\":{\"@type\":\"ImageObject\",\"inLanguage\":\"fr-FR\",\"@id\":\"https:\/\/blogs.thesocialmedia.com\/leblogmoto\/#\/schema\/person\/image\/\",\"url\":\"https:\/\/secure.gravatar.com\/avatar\/?s=96&d=mm&r=g\",\"contentUrl\":\"https:\/\/secure.gravatar.com\/avatar\/?s=96&d=mm&r=g\",\"caption\":\"andre leconde\"},\"url\":\"https:\/\/blogs.thesocialmedia.com\/leblogmoto\/author\/andre-leconde\/\"}]}<\/script>\n<!-- \/ Yoast SEO plugin. -->","yoast_head_json":{"title":"BIAGGI: Epilogue - leblogmoto.com","robots":{"index":"index","follow":"follow","max-snippet":"max-snippet:-1","max-image-preview":"max-image-preview:large","max-video-preview":"max-video-preview:-1"},"canonical":"https:\/\/blogs.thesocialmedia.com\/leblogmoto\/2005\/12\/23\/biaggi-epilogue\/","twitter_card":"summary_large_image","twitter_title":"BIAGGI: Epilogue - leblogmoto.com","twitter_description":"Max BIAGGI sort par la petite porte de la sc\u00e8ne du MOTOGP apr\u00e8s y avoir brill\u00e9 tant par son style que par son verbe. Soutenu \u00e0 bout de bras par son sponsor au bon dos, il n&rsquo;a pu, malgr\u00e8 celui-ci, se faire une place au sein d&rsquo;un plateau o\u00f9 les d\u00e9cideurs ont d\u00e9cid\u00e9 de ne [&hellip;]","twitter_image":"http:\/\/www.leblogmoto.com\/images\/biaggi.jpg","twitter_misc":{"\u00c9crit par":"andre leconde","Dur\u00e9e de lecture estim\u00e9e":"1 minute"},"schema":{"@context":"https:\/\/schema.org","@graph":[{"@type":"WebPage","@id":"https:\/\/blogs.thesocialmedia.com\/leblogmoto\/2005\/12\/23\/biaggi-epilogue\/","url":"https:\/\/blogs.thesocialmedia.com\/leblogmoto\/2005\/12\/23\/biaggi-epilogue\/","name":"BIAGGI: Epilogue - leblogmoto.com","isPartOf":{"@id":"https:\/\/blogs.thesocialmedia.com\/leblogmoto\/#website"},"primaryImageOfPage":{"@id":"https:\/\/blogs.thesocialmedia.com\/leblogmoto\/2005\/12\/23\/biaggi-epilogue\/#primaryimage"},"image":{"@id":"https:\/\/blogs.thesocialmedia.com\/leblogmoto\/2005\/12\/23\/biaggi-epilogue\/#primaryimage"},"thumbnailUrl":"http:\/\/www.leblogmoto.com\/images\/biaggi.jpg","datePublished":"2005-12-23T22:43:58+00:00","dateModified":"2012-07-11T14:13:04+00:00","author":{"@id":"https:\/\/blogs.thesocialmedia.com\/leblogmoto\/#\/schema\/person\/1a1dcfc7cec206573105eb4af91155c2"},"breadcrumb":{"@id":"https:\/\/blogs.thesocialmedia.com\/leblogmoto\/2005\/12\/23\/biaggi-epilogue\/#breadcrumb"},"inLanguage":"fr-FR","potentialAction":[{"@type":"ReadAction","target":["https:\/\/blogs.thesocialmedia.com\/leblogmoto\/2005\/12\/23\/biaggi-epilogue\/"]}]},{"@type":"ImageObject","inLanguage":"fr-FR","@id":"https:\/\/blogs.thesocialmedia.com\/leblogmoto\/2005\/12\/23\/biaggi-epilogue\/#primaryimage","url":"http:\/\/www.leblogmoto.com\/images\/biaggi.jpg","contentUrl":"http:\/\/www.leblogmoto.com\/images\/biaggi.jpg"},{"@type":"BreadcrumbList","@id":"https:\/\/blogs.thesocialmedia.com\/leblogmoto\/2005\/12\/23\/biaggi-epilogue\/#breadcrumb","itemListElement":[{"@type":"ListItem","position":1,"name":"Accueil","item":"https:\/\/blogs.thesocialmedia.com\/leblogmoto\/"},{"@type":"ListItem","position":2,"name":"BIAGGI: Epilogue"}]},{"@type":"WebSite","@id":"https:\/\/blogs.thesocialmedia.com\/leblogmoto\/#website","url":"https:\/\/blogs.thesocialmedia.com\/leblogmoto\/","name":"leblogmoto","description":"Toute l&#039;actualit\u00e9 des 2 roues","potentialAction":[{"@type":"SearchAction","target":{"@type":"EntryPoint","urlTemplate":"https:\/\/blogs.thesocialmedia.com\/leblogmoto\/?s={search_term_string}"},"query-input":{"@type":"PropertyValueSpecification","valueRequired":true,"valueName":"search_term_string"}}],"inLanguage":"fr-FR"},{"@type":"Person","@id":"https:\/\/blogs.thesocialmedia.com\/leblogmoto\/#\/schema\/person\/1a1dcfc7cec206573105eb4af91155c2","name":"andre leconde","image":{"@type":"ImageObject","inLanguage":"fr-FR","@id":"https:\/\/blogs.thesocialmedia.com\/leblogmoto\/#\/schema\/person\/image\/","url":"https:\/\/secure.gravatar.com\/avatar\/?s=96&d=mm&r=g","contentUrl":"https:\/\/secure.gravatar.com\/avatar\/?s=96&d=mm&r=g","caption":"andre leconde"},"url":"https:\/\/blogs.thesocialmedia.com\/leblogmoto\/author\/andre-leconde\/"}]}},"_links":{"self":[{"href":"https:\/\/blogs.thesocialmedia.com\/leblogmoto\/wp-json\/wp\/v2\/posts\/2158","targetHints":{"allow":["GET"]}}],"collection":[{"href":"https:\/\/blogs.thesocialmedia.com\/leblogmoto\/wp-json\/wp\/v2\/posts"}],"about":[{"href":"https:\/\/blogs.thesocialmedia.com\/leblogmoto\/wp-json\/wp\/v2\/types\/post"}],"author":[{"embeddable":true,"href":"https:\/\/blogs.thesocialmedia.com\/leblogmoto\/wp-json\/wp\/v2\/users\/336"}],"replies":[{"embeddable":true,"href":"https:\/\/blogs.thesocialmedia.com\/leblogmoto\/wp-json\/wp\/v2\/comments?post=2158"}],"version-history":[{"count":2,"href":"https:\/\/blogs.thesocialmedia.com\/leblogmoto\/wp-json\/wp\/v2\/posts\/2158\/revisions"}],"predecessor-version":[{"id":6877,"href":"https:\/\/blogs.thesocialmedia.com\/leblogmoto\/wp-json\/wp\/v2\/posts\/2158\/revisions\/6877"}],"wp:attachment":[{"href":"https:\/\/blogs.thesocialmedia.com\/leblogmoto\/wp-json\/wp\/v2\/media?parent=2158"}],"wp:term":[{"taxonomy":"category","embeddable":true,"href":"https:\/\/blogs.thesocialmedia.com\/leblogmoto\/wp-json\/wp\/v2\/categories?post=2158"},{"taxonomy":"post_tag","embeddable":true,"href":"https:\/\/blogs.thesocialmedia.com\/leblogmoto\/wp-json\/wp\/v2\/tags?post=2158"}],"curies":[{"name":"wp","href":"https:\/\/api.w.org\/{rel}","templated":true}]}}