{"id":2159,"date":"2005-12-22T12:11:31","date_gmt":"2005-12-22T12:11:31","guid":{"rendered":"http:\/\/blogs.thesocialmedia.com\/leblogmoto\/2005\/12\/22\/nolan-se-met-au\/"},"modified":"2012-07-11T14:13:02","modified_gmt":"2012-07-11T14:13:02","slug":"nolan-se-met-au","status":"publish","type":"post","link":"https:\/\/blogs.thesocialmedia.com\/leblogmoto\/2005\/12\/22\/nolan-se-met-au\/","title":{"rendered":"Nolan se met au Bluetooth"},"content":{"rendered":"\n<p><img decoding=\"async\"  src=\"http:\/\/blogs.thesocialmedia.com\/leblogmoto\/files\/2012\/07\/nolan_n102.jpg\" alt=\"Nolan_n102\" style=\"margin: 0px 5px 5px 0px;float: left\" \/><a href=\"http:\/\/www.nolan.it\">Nolan<\/a> devrait proposer incessamment sous peu un \u00e9quipement d\u00e9nomm\u00e9 N-Com, adaptable sur les N102 et N42.<br \/> Le package est configurable sur mesure, selon les besoins. On peut choisir de dialoguer avec son t\u00e9l\u00e9phone portable et\/ou son passager \u00e0 l&rsquo;ancienne, c&rsquo;est-\u00e0-dire avec un bon vieux c\u00e2ble, soit gr\u00e2ce \u00e0 un kit Bluetooth. Le passager devra \u00e9videmment \u00eatre lui aussi \u00e9quip\u00e9 d&rsquo;un casque Nolan compatible, c&rsquo;est-\u00e0-dire muni du kit de base ou du kit Bluetooth le cas \u00e9ch\u00e9ant. <\/p>\n<p>Le module Bluetooth se fixe \u00e0 l&rsquo;ext\u00e9rieur du casque. Les premiers testeurs nous diront si le bruit a\u00e9rodynamique g\u00e9n\u00e9r\u00e9 est supportable ou pas.<\/p>\n<p> Un c\u00e2ble multimedia optionnel permet en outre de se brancher sur son baladeur MP3 ou son GPS pr\u00e9f\u00e9r\u00e9 &#8230;<\/p>\n<p>PS :&nbsp; le site Nolan est quelque peu avare en information, \u00e0 l&rsquo;exception de ce <a href=\"http:\/\/www.nolan.it\/caschi\/PDF\/2006CatalogoN-COM.pdf\">pdf<\/a>.<\/p><\/p>\n","protected":false},"excerpt":{"rendered":"<p>Nolan devrait proposer incessamment sous peu un \u00e9quipement d\u00e9nomm\u00e9 N-Com, adaptable sur les N102 et N42. Le package est configurable sur mesure, selon les besoins. On peut choisir de dialoguer avec son t\u00e9l\u00e9phone portable et\/ou son passager \u00e0 l&rsquo;ancienne, c&rsquo;est-\u00e0-dire avec un bon vieux c\u00e2ble, soit gr\u00e2ce \u00e0 un kit Bluetooth. Le passager devra \u00e9videmment [&hellip;]<\/p>\n","protected":false},"author":332,"featured_media":6874,"comment_status":"open","ping_status":"open","sticky":false,"template":"","format":"standard","meta":{"footnotes":""},"categories":[3],"tags":[],"class_list":["post-2159","post","type-post","status-publish","format-standard","has-post-thumbnail","hentry","category-actualite"],"yoast_head":"<!-- This site is optimized with the Yoast SEO plugin v26.0 - https:\/\/yoast.com\/wordpress\/plugins\/seo\/ -->\n<title>Nolan se met au Bluetooth - leblogmoto.com<\/title>\n<meta name=\"robots\" content=\"index, follow, max-snippet:-1, max-image-preview:large, max-video-preview:-1\" \/>\n<link rel=\"canonical\" href=\"https:\/\/blogs.thesocialmedia.com\/leblogmoto\/2005\/12\/22\/nolan-se-met-au\/\" \/>\n<meta name=\"twitter:card\" content=\"summary_large_image\" \/>\n<meta name=\"twitter:title\" content=\"Nolan se met au Bluetooth - leblogmoto.com\" \/>\n<meta name=\"twitter:description\" content=\"Nolan devrait proposer incessamment sous peu un \u00e9quipement d\u00e9nomm\u00e9 N-Com, adaptable sur les N102 et N42. Le package est configurable sur mesure, selon les besoins. On peut choisir de dialoguer avec son t\u00e9l\u00e9phone portable et\/ou son passager \u00e0 l&rsquo;ancienne, c&rsquo;est-\u00e0-dire avec un bon vieux c\u00e2ble, soit gr\u00e2ce \u00e0 un kit Bluetooth. Le passager devra \u00e9videmment [&hellip;]\" \/>\n<meta name=\"twitter:image\" content=\"https:\/\/blogs.thesocialmedia.com\/leblogmoto\/files\/2012\/07\/nolan_n102.jpg\" \/>\n<meta name=\"twitter:label1\" content=\"\u00c9crit par\" \/>\n\t<meta name=\"twitter:data1\" content=\"eric cabrol\" \/>\n\t<meta name=\"twitter:label2\" content=\"Dur\u00e9e de lecture estim\u00e9e\" \/>\n\t<meta name=\"twitter:data2\" content=\"1 minute\" \/>\n<script type=\"application\/ld+json\" class=\"yoast-schema-graph\">{\"@context\":\"https:\/\/schema.org\",\"@graph\":[{\"@type\":\"WebPage\",\"@id\":\"https:\/\/blogs.thesocialmedia.com\/leblogmoto\/2005\/12\/22\/nolan-se-met-au\/\",\"url\":\"https:\/\/blogs.thesocialmedia.com\/leblogmoto\/2005\/12\/22\/nolan-se-met-au\/\",\"name\":\"Nolan se met au Bluetooth - leblogmoto.com\",\"isPartOf\":{\"@id\":\"https:\/\/blogs.thesocialmedia.com\/leblogmoto\/#website\"},\"primaryImageOfPage\":{\"@id\":\"https:\/\/blogs.thesocialmedia.com\/leblogmoto\/2005\/12\/22\/nolan-se-met-au\/#primaryimage\"},\"image\":{\"@id\":\"https:\/\/blogs.thesocialmedia.com\/leblogmoto\/2005\/12\/22\/nolan-se-met-au\/#primaryimage\"},\"thumbnailUrl\":\"https:\/\/blogs.thesocialmedia.com\/leblogmoto\/files\/2012\/07\/nolan_n102.jpg\",\"datePublished\":\"2005-12-22T12:11:31+00:00\",\"dateModified\":\"2012-07-11T14:13:02+00:00\",\"author\":{\"@id\":\"https:\/\/blogs.thesocialmedia.com\/leblogmoto\/#\/schema\/person\/2d0df6c5d59ff2f74f5d0b431cdcd17d\"},\"breadcrumb\":{\"@id\":\"https:\/\/blogs.thesocialmedia.com\/leblogmoto\/2005\/12\/22\/nolan-se-met-au\/#breadcrumb\"},\"inLanguage\":\"fr-FR\",\"potentialAction\":[{\"@type\":\"ReadAction\",\"target\":[\"https:\/\/blogs.thesocialmedia.com\/leblogmoto\/2005\/12\/22\/nolan-se-met-au\/\"]}]},{\"@type\":\"ImageObject\",\"inLanguage\":\"fr-FR\",\"@id\":\"https:\/\/blogs.thesocialmedia.com\/leblogmoto\/2005\/12\/22\/nolan-se-met-au\/#primaryimage\",\"url\":\"https:\/\/blogs.thesocialmedia.com\/leblogmoto\/files\/2012\/07\/nolan_n102.jpg\",\"contentUrl\":\"https:\/\/blogs.thesocialmedia.com\/leblogmoto\/files\/2012\/07\/nolan_n102.jpg\",\"width\":\"167\",\"height\":\"167\"},{\"@type\":\"BreadcrumbList\",\"@id\":\"https:\/\/blogs.thesocialmedia.com\/leblogmoto\/2005\/12\/22\/nolan-se-met-au\/#breadcrumb\",\"itemListElement\":[{\"@type\":\"ListItem\",\"position\":1,\"name\":\"Accueil\",\"item\":\"https:\/\/blogs.thesocialmedia.com\/leblogmoto\/\"},{\"@type\":\"ListItem\",\"position\":2,\"name\":\"Nolan se met au Bluetooth\"}]},{\"@type\":\"WebSite\",\"@id\":\"https:\/\/blogs.thesocialmedia.com\/leblogmoto\/#website\",\"url\":\"https:\/\/blogs.thesocialmedia.com\/leblogmoto\/\",\"name\":\"leblogmoto\",\"description\":\"Toute l&#039;actualit\u00e9 des 2 roues\",\"potentialAction\":[{\"@type\":\"SearchAction\",\"target\":{\"@type\":\"EntryPoint\",\"urlTemplate\":\"https:\/\/blogs.thesocialmedia.com\/leblogmoto\/?s={search_term_string}\"},\"query-input\":{\"@type\":\"PropertyValueSpecification\",\"valueRequired\":true,\"valueName\":\"search_term_string\"}}],\"inLanguage\":\"fr-FR\"},{\"@type\":\"Person\",\"@id\":\"https:\/\/blogs.thesocialmedia.com\/leblogmoto\/#\/schema\/person\/2d0df6c5d59ff2f74f5d0b431cdcd17d\",\"name\":\"eric cabrol\",\"image\":{\"@type\":\"ImageObject\",\"inLanguage\":\"fr-FR\",\"@id\":\"https:\/\/blogs.thesocialmedia.com\/leblogmoto\/#\/schema\/person\/image\/\",\"url\":\"https:\/\/secure.gravatar.com\/avatar\/?s=96&d=mm&r=g\",\"contentUrl\":\"https:\/\/secure.gravatar.com\/avatar\/?s=96&d=mm&r=g\",\"caption\":\"eric cabrol\"},\"url\":\"https:\/\/blogs.thesocialmedia.com\/leblogmoto\/author\/eric-cabrol\/\"}]}<\/script>\n<!-- \/ Yoast SEO plugin. -->","yoast_head_json":{"title":"Nolan se met au Bluetooth - leblogmoto.com","robots":{"index":"index","follow":"follow","max-snippet":"max-snippet:-1","max-image-preview":"max-image-preview:large","max-video-preview":"max-video-preview:-1"},"canonical":"https:\/\/blogs.thesocialmedia.com\/leblogmoto\/2005\/12\/22\/nolan-se-met-au\/","twitter_card":"summary_large_image","twitter_title":"Nolan se met au Bluetooth - leblogmoto.com","twitter_description":"Nolan devrait proposer incessamment sous peu un \u00e9quipement d\u00e9nomm\u00e9 N-Com, adaptable sur les N102 et N42. Le package est configurable sur mesure, selon les besoins. On peut choisir de dialoguer avec son t\u00e9l\u00e9phone portable et\/ou son passager \u00e0 l&rsquo;ancienne, c&rsquo;est-\u00e0-dire avec un bon vieux c\u00e2ble, soit gr\u00e2ce \u00e0 un kit Bluetooth. Le passager devra \u00e9videmment [&hellip;]","twitter_image":"https:\/\/blogs.thesocialmedia.com\/leblogmoto\/files\/2012\/07\/nolan_n102.jpg","twitter_misc":{"\u00c9crit par":"eric cabrol","Dur\u00e9e de lecture estim\u00e9e":"1 minute"},"schema":{"@context":"https:\/\/schema.org","@graph":[{"@type":"WebPage","@id":"https:\/\/blogs.thesocialmedia.com\/leblogmoto\/2005\/12\/22\/nolan-se-met-au\/","url":"https:\/\/blogs.thesocialmedia.com\/leblogmoto\/2005\/12\/22\/nolan-se-met-au\/","name":"Nolan se met au Bluetooth - leblogmoto.com","isPartOf":{"@id":"https:\/\/blogs.thesocialmedia.com\/leblogmoto\/#website"},"primaryImageOfPage":{"@id":"https:\/\/blogs.thesocialmedia.com\/leblogmoto\/2005\/12\/22\/nolan-se-met-au\/#primaryimage"},"image":{"@id":"https:\/\/blogs.thesocialmedia.com\/leblogmoto\/2005\/12\/22\/nolan-se-met-au\/#primaryimage"},"thumbnailUrl":"https:\/\/blogs.thesocialmedia.com\/leblogmoto\/files\/2012\/07\/nolan_n102.jpg","datePublished":"2005-12-22T12:11:31+00:00","dateModified":"2012-07-11T14:13:02+00:00","author":{"@id":"https:\/\/blogs.thesocialmedia.com\/leblogmoto\/#\/schema\/person\/2d0df6c5d59ff2f74f5d0b431cdcd17d"},"breadcrumb":{"@id":"https:\/\/blogs.thesocialmedia.com\/leblogmoto\/2005\/12\/22\/nolan-se-met-au\/#breadcrumb"},"inLanguage":"fr-FR","potentialAction":[{"@type":"ReadAction","target":["https:\/\/blogs.thesocialmedia.com\/leblogmoto\/2005\/12\/22\/nolan-se-met-au\/"]}]},{"@type":"ImageObject","inLanguage":"fr-FR","@id":"https:\/\/blogs.thesocialmedia.com\/leblogmoto\/2005\/12\/22\/nolan-se-met-au\/#primaryimage","url":"https:\/\/blogs.thesocialmedia.com\/leblogmoto\/files\/2012\/07\/nolan_n102.jpg","contentUrl":"https:\/\/blogs.thesocialmedia.com\/leblogmoto\/files\/2012\/07\/nolan_n102.jpg","width":"167","height":"167"},{"@type":"BreadcrumbList","@id":"https:\/\/blogs.thesocialmedia.com\/leblogmoto\/2005\/12\/22\/nolan-se-met-au\/#breadcrumb","itemListElement":[{"@type":"ListItem","position":1,"name":"Accueil","item":"https:\/\/blogs.thesocialmedia.com\/leblogmoto\/"},{"@type":"ListItem","position":2,"name":"Nolan se met au Bluetooth"}]},{"@type":"WebSite","@id":"https:\/\/blogs.thesocialmedia.com\/leblogmoto\/#website","url":"https:\/\/blogs.thesocialmedia.com\/leblogmoto\/","name":"leblogmoto","description":"Toute l&#039;actualit\u00e9 des 2 roues","potentialAction":[{"@type":"SearchAction","target":{"@type":"EntryPoint","urlTemplate":"https:\/\/blogs.thesocialmedia.com\/leblogmoto\/?s={search_term_string}"},"query-input":{"@type":"PropertyValueSpecification","valueRequired":true,"valueName":"search_term_string"}}],"inLanguage":"fr-FR"},{"@type":"Person","@id":"https:\/\/blogs.thesocialmedia.com\/leblogmoto\/#\/schema\/person\/2d0df6c5d59ff2f74f5d0b431cdcd17d","name":"eric cabrol","image":{"@type":"ImageObject","inLanguage":"fr-FR","@id":"https:\/\/blogs.thesocialmedia.com\/leblogmoto\/#\/schema\/person\/image\/","url":"https:\/\/secure.gravatar.com\/avatar\/?s=96&d=mm&r=g","contentUrl":"https:\/\/secure.gravatar.com\/avatar\/?s=96&d=mm&r=g","caption":"eric cabrol"},"url":"https:\/\/blogs.thesocialmedia.com\/leblogmoto\/author\/eric-cabrol\/"}]}},"_links":{"self":[{"href":"https:\/\/blogs.thesocialmedia.com\/leblogmoto\/wp-json\/wp\/v2\/posts\/2159","targetHints":{"allow":["GET"]}}],"collection":[{"href":"https:\/\/blogs.thesocialmedia.com\/leblogmoto\/wp-json\/wp\/v2\/posts"}],"about":[{"href":"https:\/\/blogs.thesocialmedia.com\/leblogmoto\/wp-json\/wp\/v2\/types\/post"}],"author":[{"embeddable":true,"href":"https:\/\/blogs.thesocialmedia.com\/leblogmoto\/wp-json\/wp\/v2\/users\/332"}],"replies":[{"embeddable":true,"href":"https:\/\/blogs.thesocialmedia.com\/leblogmoto\/wp-json\/wp\/v2\/comments?post=2159"}],"version-history":[{"count":2,"href":"https:\/\/blogs.thesocialmedia.com\/leblogmoto\/wp-json\/wp\/v2\/posts\/2159\/revisions"}],"predecessor-version":[{"id":6875,"href":"https:\/\/blogs.thesocialmedia.com\/leblogmoto\/wp-json\/wp\/v2\/posts\/2159\/revisions\/6875"}],"wp:featuredmedia":[{"embeddable":true,"href":"https:\/\/blogs.thesocialmedia.com\/leblogmoto\/wp-json\/wp\/v2\/media\/6874"}],"wp:attachment":[{"href":"https:\/\/blogs.thesocialmedia.com\/leblogmoto\/wp-json\/wp\/v2\/media?parent=2159"}],"wp:term":[{"taxonomy":"category","embeddable":true,"href":"https:\/\/blogs.thesocialmedia.com\/leblogmoto\/wp-json\/wp\/v2\/categories?post=2159"},{"taxonomy":"post_tag","embeddable":true,"href":"https:\/\/blogs.thesocialmedia.com\/leblogmoto\/wp-json\/wp\/v2\/tags?post=2159"}],"curies":[{"name":"wp","href":"https:\/\/api.w.org\/{rel}","templated":true}]}}