{"id":2165,"date":"2005-12-13T01:00:00","date_gmt":"2005-12-13T01:00:00","guid":{"rendered":"http:\/\/blogs.thesocialmedia.com\/leblogmoto\/2005\/12\/13\/laventure-elfiq-2\/"},"modified":"2012-07-11T14:12:53","modified_gmt":"2012-07-11T14:12:53","slug":"laventure-elfiq-2","status":"publish","type":"post","link":"https:\/\/blogs.thesocialmedia.com\/leblogmoto\/2005\/12\/13\/laventure-elfiq-2\/","title":{"rendered":"L&rsquo;aventure elfique: III : Des lettres aux chiffres"},"content":{"rendered":"<p><a href=\"http:\/\/blogs.thesocialmedia.com\/leblogmoto\/files\/2012\/07\/elfhd.gif\"><img loading=\"lazy\" decoding=\"async\" height=\"192\" alt=\"Elfhd\" src=\"http:\/\/www.leblogmoto.com\/images\/elfhd.gif\" width=\"250\"  \/><\/a> Mis au point avec la X, \u00e0 l&rsquo;\u00e9preuve des r\u00e9alit\u00e9s avec la E, le concept ELF allait se lancer dans le bain de la vitesse gr\u00e2ce \u00e0 la tenacit\u00e9 de So\u00efchiro HONDA. S\u00e9duit par l&rsquo;audace des solutions avanc\u00e9es par cette moto, M. HONDA a tenu \u00e0 ce que l&rsquo;aventure se poursuive, comme la continuit\u00e9 d&rsquo;un r\u00eave, comme, aussi, un pygmalion \u00e0 son propre <a href=\"http:\/\/www.leblogmoto.com\/2005\/10\/honda_e401.html\">centre d&rsquo;\u00e9tudes<\/a>, dont il s&rsquo;est dit qu&rsquo;il avait vertement tanc\u00e9 ses \u00e9minences grises, apr\u00e8s avoir d\u00e9couvert la ELF&#8230; <\/p>\n<p><a href=\"http:\/\/clabedan.typepad.com\/.shared\/image.html?\/photos\/uncategorized\/elf433_1.gif\"><img loading=\"lazy\" decoding=\"async\" height=\"128\" alt=\"Elf433_1\" src=\"http:\/\/www.leblogmoto.com\/images\/elf433_1.gif\" width=\"250\"  \/><\/a> La ELF 2 appara\u00eet en 1984, lors du GP de France au Castellet; elle est d\u00f4t\u00e9e d&rsquo;un V3 HONDA 500 cm3. Elle ne renie nullement ses origines m\u00eame si elle a d\u00fb commencer \u00e0 sacrifier quelques unes de ses excentricit\u00e9s pour accepter, la greffe de sa m\u00e9canique, et les contingences particuli\u00e8res de la discipline. Elle poursuivra sa carri\u00e8re jusqu&rsquo;en 1986, ann\u00e9e o\u00f9 la ELF 3 lui succ\u00e9dera. Entre-temps, un de ses p\u00e8res, Andr\u00e9 de CORTANZE, est parti pour int\u00e9grer PEUGEOT et une nouvelle aventure, celle de la 205 T.16. Serge ROSSET prenait place, avec, toujours, Daniel TREMA sur le pont.<\/p>\n<p><a href=\"http:\/\/blogs.thesocialmedia.com\/leblogmoto\/files\/2012\/07\/elf422.gif\"><img loading=\"lazy\" decoding=\"async\" height=\"141\" alt=\"Elf422\" src=\"http:\/\/www.leblogmoto.com\/images\/elf422.gif\" width=\"250\"  \/><\/a> La ELF 3 apportera un palmar\u00e8s vitesse \u00e0 la valeureuse \u00e9quipe. Pilot\u00e9e par Ron HASLAM, les places d&rsquo;honneur ont \u00e9t\u00e9 acquises, et m\u00eame une victoire, hors championnat, dans les rues de <a href=\"http:\/\/www.leblogmoto.com\/2005\/11\/bruno_bonhuil_n.html\">MACAO<\/a>. La ELF 4 arrive en 1987 avec son V4, toujours HONDA. Et ce sera pour Ron HASLAM, une belle 4\u00b0place au championnat et une nouvelle victoire \u00e0 MACAO.<\/p>\n<p>La ELF 5 qui succ\u00e8de, sonne comme une derni\u00e8re charge h\u00e9ro\u00efque face \u00e0 un monde industriel qui commence \u00e0 s&rsquo;interroger sur la rentabilit\u00e9 de l&rsquo;aventure. La jalousie, et d&rsquo;abord celle des <a href=\"http:\/\/www.leblogmoto.com\/honda\/\">ing\u00e9nieurs HONDA<\/a>, qui avaient tr\u00e8s peu go\u00fbt\u00e9s aux remontrances du patron, s&rsquo;exacerbait \u00e9galement. En mars 1987, ELF c\u00e8de ses brevets \u00e0 HONDA. La messe est dite. Place \u00e0 <a href=\"http:\/\/www.leblogmoto.com\/2005\/10\/mondial_2005_el.html\">d&rsquo;autres exploits<\/a>&#8230;<a href=\"http:\/\/clabedan.typepad.com\/.shared\/image.html?\/photos\/uncategorized\/z_elfr1000.jpeg\"><\/a> <\/p>\n<p>Fin&#8230;<a href=\"http:\/\/clabedan.typepad.com\/.shared\/image.html?\/photos\/uncategorized\/z_elfr1000_1.jpeg\"><img loading=\"lazy\" decoding=\"async\" height=\"167\" alt=\"Z_elfr1000_1\" src=\"http:\/\/www.leblogmoto.com\/images\/z_elfr1000_1.jpeg\" width=\"250\"  \/><\/a>&nbsp; <\/p>\n<p>SOURCES: <a href=\"http:\/\/www.appeldephare.com\/\">www.appeldephare.com<\/a> et<\/p>\n<p><a href=\"http:\/\/www.motogazz.com\/\">www.motogazz.com<\/a> <\/p>\n<p>&nbsp; &nbsp;&nbsp; <\/p>\n","protected":false},"excerpt":{"rendered":"<p>Mis au point avec la X, \u00e0 l&rsquo;\u00e9preuve des r\u00e9alit\u00e9s avec la E, le concept ELF allait se lancer dans le bain de la vitesse gr\u00e2ce \u00e0 la tenacit\u00e9 de So\u00efchiro HONDA. S\u00e9duit par l&rsquo;audace des solutions avanc\u00e9es par cette moto, M. HONDA a tenu \u00e0 ce que l&rsquo;aventure se poursuive, comme la continuit\u00e9 d&rsquo;un [&hellip;]<\/p>\n","protected":false},"author":336,"featured_media":0,"comment_status":"open","ping_status":"open","sticky":false,"template":"","format":"standard","meta":{"footnotes":""},"categories":[9],"tags":[],"class_list":["post-2165","post","type-post","status-publish","format-standard","hentry","category-historique"],"yoast_head":"<!-- This site is optimized with the Yoast SEO plugin v26.0 - https:\/\/yoast.com\/wordpress\/plugins\/seo\/ -->\n<title>L&#039;aventure elfique: III : Des lettres aux chiffres - leblogmoto.com<\/title>\n<meta name=\"robots\" content=\"index, follow, max-snippet:-1, max-image-preview:large, max-video-preview:-1\" \/>\n<link rel=\"canonical\" href=\"https:\/\/blogs.thesocialmedia.com\/leblogmoto\/2005\/12\/13\/laventure-elfiq-2\/\" \/>\n<meta name=\"twitter:card\" content=\"summary_large_image\" \/>\n<meta name=\"twitter:title\" content=\"L&#039;aventure elfique: III : Des lettres aux chiffres - leblogmoto.com\" \/>\n<meta name=\"twitter:description\" content=\"Mis au point avec la X, \u00e0 l&rsquo;\u00e9preuve des r\u00e9alit\u00e9s avec la E, le concept ELF allait se lancer dans le bain de la vitesse gr\u00e2ce \u00e0 la tenacit\u00e9 de So\u00efchiro HONDA. S\u00e9duit par l&rsquo;audace des solutions avanc\u00e9es par cette moto, M. HONDA a tenu \u00e0 ce que l&rsquo;aventure se poursuive, comme la continuit\u00e9 d&rsquo;un [&hellip;]\" \/>\n<meta name=\"twitter:image\" content=\"http:\/\/www.leblogmoto.com\/images\/elfhd.gif\" \/>\n<meta name=\"twitter:label1\" content=\"\u00c9crit par\" \/>\n\t<meta name=\"twitter:data1\" content=\"andre leconde\" \/>\n\t<meta name=\"twitter:label2\" content=\"Dur\u00e9e de lecture estim\u00e9e\" \/>\n\t<meta name=\"twitter:data2\" content=\"2 minutes\" \/>\n<script type=\"application\/ld+json\" class=\"yoast-schema-graph\">{\"@context\":\"https:\/\/schema.org\",\"@graph\":[{\"@type\":\"WebPage\",\"@id\":\"https:\/\/blogs.thesocialmedia.com\/leblogmoto\/2005\/12\/13\/laventure-elfiq-2\/\",\"url\":\"https:\/\/blogs.thesocialmedia.com\/leblogmoto\/2005\/12\/13\/laventure-elfiq-2\/\",\"name\":\"L'aventure elfique: III : Des lettres aux chiffres - leblogmoto.com\",\"isPartOf\":{\"@id\":\"https:\/\/blogs.thesocialmedia.com\/leblogmoto\/#website\"},\"primaryImageOfPage\":{\"@id\":\"https:\/\/blogs.thesocialmedia.com\/leblogmoto\/2005\/12\/13\/laventure-elfiq-2\/#primaryimage\"},\"image\":{\"@id\":\"https:\/\/blogs.thesocialmedia.com\/leblogmoto\/2005\/12\/13\/laventure-elfiq-2\/#primaryimage\"},\"thumbnailUrl\":\"http:\/\/www.leblogmoto.com\/images\/elfhd.gif\",\"datePublished\":\"2005-12-13T01:00:00+00:00\",\"dateModified\":\"2012-07-11T14:12:53+00:00\",\"author\":{\"@id\":\"https:\/\/blogs.thesocialmedia.com\/leblogmoto\/#\/schema\/person\/1a1dcfc7cec206573105eb4af91155c2\"},\"breadcrumb\":{\"@id\":\"https:\/\/blogs.thesocialmedia.com\/leblogmoto\/2005\/12\/13\/laventure-elfiq-2\/#breadcrumb\"},\"inLanguage\":\"fr-FR\",\"potentialAction\":[{\"@type\":\"ReadAction\",\"target\":[\"https:\/\/blogs.thesocialmedia.com\/leblogmoto\/2005\/12\/13\/laventure-elfiq-2\/\"]}]},{\"@type\":\"ImageObject\",\"inLanguage\":\"fr-FR\",\"@id\":\"https:\/\/blogs.thesocialmedia.com\/leblogmoto\/2005\/12\/13\/laventure-elfiq-2\/#primaryimage\",\"url\":\"http:\/\/www.leblogmoto.com\/images\/elfhd.gif\",\"contentUrl\":\"http:\/\/www.leblogmoto.com\/images\/elfhd.gif\"},{\"@type\":\"BreadcrumbList\",\"@id\":\"https:\/\/blogs.thesocialmedia.com\/leblogmoto\/2005\/12\/13\/laventure-elfiq-2\/#breadcrumb\",\"itemListElement\":[{\"@type\":\"ListItem\",\"position\":1,\"name\":\"Accueil\",\"item\":\"https:\/\/blogs.thesocialmedia.com\/leblogmoto\/\"},{\"@type\":\"ListItem\",\"position\":2,\"name\":\"L&rsquo;aventure elfique: III : Des lettres aux chiffres\"}]},{\"@type\":\"WebSite\",\"@id\":\"https:\/\/blogs.thesocialmedia.com\/leblogmoto\/#website\",\"url\":\"https:\/\/blogs.thesocialmedia.com\/leblogmoto\/\",\"name\":\"leblogmoto\",\"description\":\"Toute l&#039;actualit\u00e9 des 2 roues\",\"potentialAction\":[{\"@type\":\"SearchAction\",\"target\":{\"@type\":\"EntryPoint\",\"urlTemplate\":\"https:\/\/blogs.thesocialmedia.com\/leblogmoto\/?s={search_term_string}\"},\"query-input\":{\"@type\":\"PropertyValueSpecification\",\"valueRequired\":true,\"valueName\":\"search_term_string\"}}],\"inLanguage\":\"fr-FR\"},{\"@type\":\"Person\",\"@id\":\"https:\/\/blogs.thesocialmedia.com\/leblogmoto\/#\/schema\/person\/1a1dcfc7cec206573105eb4af91155c2\",\"name\":\"andre leconde\",\"image\":{\"@type\":\"ImageObject\",\"inLanguage\":\"fr-FR\",\"@id\":\"https:\/\/blogs.thesocialmedia.com\/leblogmoto\/#\/schema\/person\/image\/\",\"url\":\"https:\/\/secure.gravatar.com\/avatar\/?s=96&d=mm&r=g\",\"contentUrl\":\"https:\/\/secure.gravatar.com\/avatar\/?s=96&d=mm&r=g\",\"caption\":\"andre leconde\"},\"url\":\"https:\/\/blogs.thesocialmedia.com\/leblogmoto\/author\/andre-leconde\/\"}]}<\/script>\n<!-- \/ Yoast SEO plugin. -->","yoast_head_json":{"title":"L'aventure elfique: III : Des lettres aux chiffres - leblogmoto.com","robots":{"index":"index","follow":"follow","max-snippet":"max-snippet:-1","max-image-preview":"max-image-preview:large","max-video-preview":"max-video-preview:-1"},"canonical":"https:\/\/blogs.thesocialmedia.com\/leblogmoto\/2005\/12\/13\/laventure-elfiq-2\/","twitter_card":"summary_large_image","twitter_title":"L'aventure elfique: III : Des lettres aux chiffres - leblogmoto.com","twitter_description":"Mis au point avec la X, \u00e0 l&rsquo;\u00e9preuve des r\u00e9alit\u00e9s avec la E, le concept ELF allait se lancer dans le bain de la vitesse gr\u00e2ce \u00e0 la tenacit\u00e9 de So\u00efchiro HONDA. S\u00e9duit par l&rsquo;audace des solutions avanc\u00e9es par cette moto, M. HONDA a tenu \u00e0 ce que l&rsquo;aventure se poursuive, comme la continuit\u00e9 d&rsquo;un [&hellip;]","twitter_image":"http:\/\/www.leblogmoto.com\/images\/elfhd.gif","twitter_misc":{"\u00c9crit par":"andre leconde","Dur\u00e9e de lecture estim\u00e9e":"2 minutes"},"schema":{"@context":"https:\/\/schema.org","@graph":[{"@type":"WebPage","@id":"https:\/\/blogs.thesocialmedia.com\/leblogmoto\/2005\/12\/13\/laventure-elfiq-2\/","url":"https:\/\/blogs.thesocialmedia.com\/leblogmoto\/2005\/12\/13\/laventure-elfiq-2\/","name":"L'aventure elfique: III : Des lettres aux chiffres - leblogmoto.com","isPartOf":{"@id":"https:\/\/blogs.thesocialmedia.com\/leblogmoto\/#website"},"primaryImageOfPage":{"@id":"https:\/\/blogs.thesocialmedia.com\/leblogmoto\/2005\/12\/13\/laventure-elfiq-2\/#primaryimage"},"image":{"@id":"https:\/\/blogs.thesocialmedia.com\/leblogmoto\/2005\/12\/13\/laventure-elfiq-2\/#primaryimage"},"thumbnailUrl":"http:\/\/www.leblogmoto.com\/images\/elfhd.gif","datePublished":"2005-12-13T01:00:00+00:00","dateModified":"2012-07-11T14:12:53+00:00","author":{"@id":"https:\/\/blogs.thesocialmedia.com\/leblogmoto\/#\/schema\/person\/1a1dcfc7cec206573105eb4af91155c2"},"breadcrumb":{"@id":"https:\/\/blogs.thesocialmedia.com\/leblogmoto\/2005\/12\/13\/laventure-elfiq-2\/#breadcrumb"},"inLanguage":"fr-FR","potentialAction":[{"@type":"ReadAction","target":["https:\/\/blogs.thesocialmedia.com\/leblogmoto\/2005\/12\/13\/laventure-elfiq-2\/"]}]},{"@type":"ImageObject","inLanguage":"fr-FR","@id":"https:\/\/blogs.thesocialmedia.com\/leblogmoto\/2005\/12\/13\/laventure-elfiq-2\/#primaryimage","url":"http:\/\/www.leblogmoto.com\/images\/elfhd.gif","contentUrl":"http:\/\/www.leblogmoto.com\/images\/elfhd.gif"},{"@type":"BreadcrumbList","@id":"https:\/\/blogs.thesocialmedia.com\/leblogmoto\/2005\/12\/13\/laventure-elfiq-2\/#breadcrumb","itemListElement":[{"@type":"ListItem","position":1,"name":"Accueil","item":"https:\/\/blogs.thesocialmedia.com\/leblogmoto\/"},{"@type":"ListItem","position":2,"name":"L&rsquo;aventure elfique: III : Des lettres aux chiffres"}]},{"@type":"WebSite","@id":"https:\/\/blogs.thesocialmedia.com\/leblogmoto\/#website","url":"https:\/\/blogs.thesocialmedia.com\/leblogmoto\/","name":"leblogmoto","description":"Toute l&#039;actualit\u00e9 des 2 roues","potentialAction":[{"@type":"SearchAction","target":{"@type":"EntryPoint","urlTemplate":"https:\/\/blogs.thesocialmedia.com\/leblogmoto\/?s={search_term_string}"},"query-input":{"@type":"PropertyValueSpecification","valueRequired":true,"valueName":"search_term_string"}}],"inLanguage":"fr-FR"},{"@type":"Person","@id":"https:\/\/blogs.thesocialmedia.com\/leblogmoto\/#\/schema\/person\/1a1dcfc7cec206573105eb4af91155c2","name":"andre leconde","image":{"@type":"ImageObject","inLanguage":"fr-FR","@id":"https:\/\/blogs.thesocialmedia.com\/leblogmoto\/#\/schema\/person\/image\/","url":"https:\/\/secure.gravatar.com\/avatar\/?s=96&d=mm&r=g","contentUrl":"https:\/\/secure.gravatar.com\/avatar\/?s=96&d=mm&r=g","caption":"andre leconde"},"url":"https:\/\/blogs.thesocialmedia.com\/leblogmoto\/author\/andre-leconde\/"}]}},"_links":{"self":[{"href":"https:\/\/blogs.thesocialmedia.com\/leblogmoto\/wp-json\/wp\/v2\/posts\/2165","targetHints":{"allow":["GET"]}}],"collection":[{"href":"https:\/\/blogs.thesocialmedia.com\/leblogmoto\/wp-json\/wp\/v2\/posts"}],"about":[{"href":"https:\/\/blogs.thesocialmedia.com\/leblogmoto\/wp-json\/wp\/v2\/types\/post"}],"author":[{"embeddable":true,"href":"https:\/\/blogs.thesocialmedia.com\/leblogmoto\/wp-json\/wp\/v2\/users\/336"}],"replies":[{"embeddable":true,"href":"https:\/\/blogs.thesocialmedia.com\/leblogmoto\/wp-json\/wp\/v2\/comments?post=2165"}],"version-history":[{"count":2,"href":"https:\/\/blogs.thesocialmedia.com\/leblogmoto\/wp-json\/wp\/v2\/posts\/2165\/revisions"}],"predecessor-version":[{"id":6866,"href":"https:\/\/blogs.thesocialmedia.com\/leblogmoto\/wp-json\/wp\/v2\/posts\/2165\/revisions\/6866"}],"wp:attachment":[{"href":"https:\/\/blogs.thesocialmedia.com\/leblogmoto\/wp-json\/wp\/v2\/media?parent=2165"}],"wp:term":[{"taxonomy":"category","embeddable":true,"href":"https:\/\/blogs.thesocialmedia.com\/leblogmoto\/wp-json\/wp\/v2\/categories?post=2165"},{"taxonomy":"post_tag","embeddable":true,"href":"https:\/\/blogs.thesocialmedia.com\/leblogmoto\/wp-json\/wp\/v2\/tags?post=2165"}],"curies":[{"name":"wp","href":"https:\/\/api.w.org\/{rel}","templated":true}]}}