{"id":2167,"date":"2005-12-11T01:00:00","date_gmt":"2005-12-11T01:00:00","guid":{"rendered":"http:\/\/blogs.thesocialmedia.com\/leblogmoto\/2005\/12\/11\/laventure-elfiq\/"},"modified":"2012-07-11T14:12:46","modified_gmt":"2012-07-11T14:12:46","slug":"laventure-elfiq","status":"publish","type":"post","link":"https:\/\/blogs.thesocialmedia.com\/leblogmoto\/2005\/12\/11\/laventure-elfiq\/","title":{"rendered":"L&rsquo;aventure elfique: I : n\u00e9e sous X"},"content":{"rendered":"<p><a href=\"http:\/\/blogs.thesocialmedia.com\/leblogmoto\/files\/2012\/07\/elf4_1_1.jpg\"><img loading=\"lazy\" decoding=\"async\" height=\"368\" alt=\"Elf4_1_1\" src=\"http:\/\/www.leblogmoto.com\/images\/elf4_1_1.jpg\" width=\"250\"  \/><\/a> La moto fran\u00e7aise n&rsquo;est pas une chim\u00e8re. Elle a une <a href=\"http:\/\/www.leblogmoto.com\/2005\/12\/avec_un_grand_m.html\">histoire<\/a>, elle a un <a href=\"http:\/\/www.leblogmoto.com\/2005\/12\/vous_avez_t_bie.html\">pr\u00e9sent<\/a>, et nul doute qu&rsquo;elle a un avenir. Ce dernier, d&rsquo;ailleurs se construit mondialement sur les innovations de certains de nos ing\u00e9nieurs. Parmis celles-ci, beaucoup sont issues d&rsquo;une machine qui, en \u00e9voluant, \u00e0 fouler des terres inconnues sous les yeux, d&rsquo;abord \u00e9baillis, puis, ensuite, int\u00e9ress\u00e9s, des constructeurs japonais. Attention, tout commence ici, sous l&rsquo;\u00e9gide d&rsquo;Andr\u00e9 de CORTANZE et Daniel TREMA, r\u00e9unis alors sous la formidable banni\u00e8re <a href=\"http:\/\/www.leblogmoto.com\/2005\/10\/mondial_2005_el.html\">ELF<\/a>. Voici l&rsquo;histoire d&rsquo;une br\u00eale gauloise qui donna pas moins de 18 brevets au monde de la moto&#8230;<\/p>\n<p><a href=\"http:\/\/clabedan.typepad.com\/.shared\/image.html?\/photos\/uncategorized\/z4.jpeg\"><img loading=\"lazy\" decoding=\"async\" height=\"121\" alt=\"Z4\" src=\"http:\/\/www.leblogmoto.com\/images\/z4.jpeg\" width=\"250\"  \/><\/a> Depuis 1970, les fran\u00e7ais sont pr\u00e9sents en comp\u00e9tion \u00e0 travers <a href=\"http:\/\/www.leblogmoto.com\/2005\/12\/avec_un_grand_m.html\">MOTOBECANE<\/a> en 125 cm3 et ABF en 50 cm3. Mais, en <a href=\"http:\/\/www.leblogmoto.com\/2005\/12\/le_destrier_du_.html\">1978<\/a>, un pas de g\u00e9ant est franchi. C&rsquo;est l&rsquo;arriv\u00e9e, dans la cat\u00e9gorie reine de l&rsquo;\u00e9poque, la 750 cm3, d&rsquo;une moto in\u00e9dite, construite et financ\u00e9e par des fran\u00e7ais. Le chef de ce projet fou s&rsquo;appelle Andr\u00e9 de CORTANZE qui officie au Centre Technique Renault. &quot;Coupable&quot; des performantes ALPINE et des RENAULT du sport-auto, il veut appliquer la technologie de cette discipline \u00e0 un monde de la moto qu&rsquo;il trouve archa\u00efque.<\/p>\n<p>De son esprit tortur\u00e9 n\u00e9 le ph\u00e9nom\u00e8ne: la ELF X. C&rsquo;est la R\u00e9volution ! Quasiment pas de cadre, suspension avant et arri\u00e8re monobras, direction par leviers et biellettes, r\u00e9servoir plac\u00e9 sous le moteur&#8230; Daniel TREMA donnera une forme \u00e0 tout cela. Le moteur sera un YAM 750 et le pilote essayeur Michel ROUGERIE.<\/p>\n<p><a href=\"http:\/\/clabedan.typepad.com\/.shared\/image.html?\/photos\/uncategorized\/rouge.jpeg\"><img loading=\"lazy\" decoding=\"async\" height=\"168\" alt=\"Rouge\" src=\"http:\/\/www.leblogmoto.com\/images\/rouge.jpeg\" width=\"250\"  \/><\/a> Les premiers tours de roues \u00e0 DIJON se r\u00e9v\u00e8leront probl\u00e9matiques avec une grosse chute pour ROUGERIE \u00e0 la cl\u00e9. Mais l&rsquo;affaire \u00e9tait lanc\u00e9e. A l&rsquo;aff\u00fbt, HONDA la remarqua et, ses services, proposa. ELF se dit qu&rsquo;avec un moteur, on pourrait bien conclure. Ce qui fut fait. Les lettres de noblesses \u00e9taient pr\u00eates \u00e0 \u00eatre \u00e9crites. La machine commen\u00e7a par changer la sienne et le X se mue en E &#8230;<\/p>\n<p>A suivre&#8230;<\/p>\n<p>SOURCE: <a href=\"http:\/\/www.motogazz.com\/\">www.motogazz.com<\/a> et <a href=\"http:\/\/www.moto-histo.com\/\">www.moto-histo.com<\/a> <\/p><\/p>\n","protected":false},"excerpt":{"rendered":"<p>La moto fran\u00e7aise n&rsquo;est pas une chim\u00e8re. Elle a une histoire, elle a un pr\u00e9sent, et nul doute qu&rsquo;elle a un avenir. Ce dernier, d&rsquo;ailleurs se construit mondialement sur les innovations de certains de nos ing\u00e9nieurs. Parmis celles-ci, beaucoup sont issues d&rsquo;une machine qui, en \u00e9voluant, \u00e0 fouler des terres inconnues sous les yeux, d&rsquo;abord [&hellip;]<\/p>\n","protected":false},"author":336,"featured_media":0,"comment_status":"open","ping_status":"open","sticky":false,"template":"","format":"standard","meta":{"footnotes":""},"categories":[9],"tags":[],"class_list":["post-2167","post","type-post","status-publish","format-standard","hentry","category-historique"],"yoast_head":"<!-- This site is optimized with the Yoast SEO plugin v26.0 - https:\/\/yoast.com\/wordpress\/plugins\/seo\/ -->\n<title>L&#039;aventure elfique: I : n\u00e9e sous X - leblogmoto.com<\/title>\n<meta name=\"robots\" content=\"index, follow, max-snippet:-1, max-image-preview:large, max-video-preview:-1\" \/>\n<link rel=\"canonical\" href=\"https:\/\/blogs.thesocialmedia.com\/leblogmoto\/2005\/12\/11\/laventure-elfiq\/\" \/>\n<meta name=\"twitter:card\" content=\"summary_large_image\" \/>\n<meta name=\"twitter:title\" content=\"L&#039;aventure elfique: I : n\u00e9e sous X - leblogmoto.com\" \/>\n<meta name=\"twitter:description\" content=\"La moto fran\u00e7aise n&rsquo;est pas une chim\u00e8re. Elle a une histoire, elle a un pr\u00e9sent, et nul doute qu&rsquo;elle a un avenir. Ce dernier, d&rsquo;ailleurs se construit mondialement sur les innovations de certains de nos ing\u00e9nieurs. Parmis celles-ci, beaucoup sont issues d&rsquo;une machine qui, en \u00e9voluant, \u00e0 fouler des terres inconnues sous les yeux, d&rsquo;abord [&hellip;]\" \/>\n<meta name=\"twitter:image\" content=\"http:\/\/www.leblogmoto.com\/images\/elf4_1_1.jpg\" \/>\n<meta name=\"twitter:label1\" content=\"\u00c9crit par\" \/>\n\t<meta name=\"twitter:data1\" content=\"andre leconde\" \/>\n\t<meta name=\"twitter:label2\" content=\"Dur\u00e9e de lecture estim\u00e9e\" \/>\n\t<meta name=\"twitter:data2\" content=\"2 minutes\" \/>\n<script type=\"application\/ld+json\" class=\"yoast-schema-graph\">{\"@context\":\"https:\/\/schema.org\",\"@graph\":[{\"@type\":\"WebPage\",\"@id\":\"https:\/\/blogs.thesocialmedia.com\/leblogmoto\/2005\/12\/11\/laventure-elfiq\/\",\"url\":\"https:\/\/blogs.thesocialmedia.com\/leblogmoto\/2005\/12\/11\/laventure-elfiq\/\",\"name\":\"L'aventure elfique: I : n\u00e9e sous X - leblogmoto.com\",\"isPartOf\":{\"@id\":\"https:\/\/blogs.thesocialmedia.com\/leblogmoto\/#website\"},\"primaryImageOfPage\":{\"@id\":\"https:\/\/blogs.thesocialmedia.com\/leblogmoto\/2005\/12\/11\/laventure-elfiq\/#primaryimage\"},\"image\":{\"@id\":\"https:\/\/blogs.thesocialmedia.com\/leblogmoto\/2005\/12\/11\/laventure-elfiq\/#primaryimage\"},\"thumbnailUrl\":\"http:\/\/www.leblogmoto.com\/images\/elf4_1_1.jpg\",\"datePublished\":\"2005-12-11T01:00:00+00:00\",\"dateModified\":\"2012-07-11T14:12:46+00:00\",\"author\":{\"@id\":\"https:\/\/blogs.thesocialmedia.com\/leblogmoto\/#\/schema\/person\/1a1dcfc7cec206573105eb4af91155c2\"},\"breadcrumb\":{\"@id\":\"https:\/\/blogs.thesocialmedia.com\/leblogmoto\/2005\/12\/11\/laventure-elfiq\/#breadcrumb\"},\"inLanguage\":\"fr-FR\",\"potentialAction\":[{\"@type\":\"ReadAction\",\"target\":[\"https:\/\/blogs.thesocialmedia.com\/leblogmoto\/2005\/12\/11\/laventure-elfiq\/\"]}]},{\"@type\":\"ImageObject\",\"inLanguage\":\"fr-FR\",\"@id\":\"https:\/\/blogs.thesocialmedia.com\/leblogmoto\/2005\/12\/11\/laventure-elfiq\/#primaryimage\",\"url\":\"http:\/\/www.leblogmoto.com\/images\/elf4_1_1.jpg\",\"contentUrl\":\"http:\/\/www.leblogmoto.com\/images\/elf4_1_1.jpg\"},{\"@type\":\"BreadcrumbList\",\"@id\":\"https:\/\/blogs.thesocialmedia.com\/leblogmoto\/2005\/12\/11\/laventure-elfiq\/#breadcrumb\",\"itemListElement\":[{\"@type\":\"ListItem\",\"position\":1,\"name\":\"Accueil\",\"item\":\"https:\/\/blogs.thesocialmedia.com\/leblogmoto\/\"},{\"@type\":\"ListItem\",\"position\":2,\"name\":\"L&rsquo;aventure elfique: I : n\u00e9e sous X\"}]},{\"@type\":\"WebSite\",\"@id\":\"https:\/\/blogs.thesocialmedia.com\/leblogmoto\/#website\",\"url\":\"https:\/\/blogs.thesocialmedia.com\/leblogmoto\/\",\"name\":\"leblogmoto\",\"description\":\"Toute l&#039;actualit\u00e9 des 2 roues\",\"potentialAction\":[{\"@type\":\"SearchAction\",\"target\":{\"@type\":\"EntryPoint\",\"urlTemplate\":\"https:\/\/blogs.thesocialmedia.com\/leblogmoto\/?s={search_term_string}\"},\"query-input\":{\"@type\":\"PropertyValueSpecification\",\"valueRequired\":true,\"valueName\":\"search_term_string\"}}],\"inLanguage\":\"fr-FR\"},{\"@type\":\"Person\",\"@id\":\"https:\/\/blogs.thesocialmedia.com\/leblogmoto\/#\/schema\/person\/1a1dcfc7cec206573105eb4af91155c2\",\"name\":\"andre leconde\",\"image\":{\"@type\":\"ImageObject\",\"inLanguage\":\"fr-FR\",\"@id\":\"https:\/\/blogs.thesocialmedia.com\/leblogmoto\/#\/schema\/person\/image\/\",\"url\":\"https:\/\/secure.gravatar.com\/avatar\/?s=96&d=mm&r=g\",\"contentUrl\":\"https:\/\/secure.gravatar.com\/avatar\/?s=96&d=mm&r=g\",\"caption\":\"andre leconde\"},\"url\":\"https:\/\/blogs.thesocialmedia.com\/leblogmoto\/author\/andre-leconde\/\"}]}<\/script>\n<!-- \/ Yoast SEO plugin. -->","yoast_head_json":{"title":"L'aventure elfique: I : n\u00e9e sous X - leblogmoto.com","robots":{"index":"index","follow":"follow","max-snippet":"max-snippet:-1","max-image-preview":"max-image-preview:large","max-video-preview":"max-video-preview:-1"},"canonical":"https:\/\/blogs.thesocialmedia.com\/leblogmoto\/2005\/12\/11\/laventure-elfiq\/","twitter_card":"summary_large_image","twitter_title":"L'aventure elfique: I : n\u00e9e sous X - leblogmoto.com","twitter_description":"La moto fran\u00e7aise n&rsquo;est pas une chim\u00e8re. Elle a une histoire, elle a un pr\u00e9sent, et nul doute qu&rsquo;elle a un avenir. Ce dernier, d&rsquo;ailleurs se construit mondialement sur les innovations de certains de nos ing\u00e9nieurs. Parmis celles-ci, beaucoup sont issues d&rsquo;une machine qui, en \u00e9voluant, \u00e0 fouler des terres inconnues sous les yeux, d&rsquo;abord [&hellip;]","twitter_image":"http:\/\/www.leblogmoto.com\/images\/elf4_1_1.jpg","twitter_misc":{"\u00c9crit par":"andre leconde","Dur\u00e9e de lecture estim\u00e9e":"2 minutes"},"schema":{"@context":"https:\/\/schema.org","@graph":[{"@type":"WebPage","@id":"https:\/\/blogs.thesocialmedia.com\/leblogmoto\/2005\/12\/11\/laventure-elfiq\/","url":"https:\/\/blogs.thesocialmedia.com\/leblogmoto\/2005\/12\/11\/laventure-elfiq\/","name":"L'aventure elfique: I : n\u00e9e sous X - leblogmoto.com","isPartOf":{"@id":"https:\/\/blogs.thesocialmedia.com\/leblogmoto\/#website"},"primaryImageOfPage":{"@id":"https:\/\/blogs.thesocialmedia.com\/leblogmoto\/2005\/12\/11\/laventure-elfiq\/#primaryimage"},"image":{"@id":"https:\/\/blogs.thesocialmedia.com\/leblogmoto\/2005\/12\/11\/laventure-elfiq\/#primaryimage"},"thumbnailUrl":"http:\/\/www.leblogmoto.com\/images\/elf4_1_1.jpg","datePublished":"2005-12-11T01:00:00+00:00","dateModified":"2012-07-11T14:12:46+00:00","author":{"@id":"https:\/\/blogs.thesocialmedia.com\/leblogmoto\/#\/schema\/person\/1a1dcfc7cec206573105eb4af91155c2"},"breadcrumb":{"@id":"https:\/\/blogs.thesocialmedia.com\/leblogmoto\/2005\/12\/11\/laventure-elfiq\/#breadcrumb"},"inLanguage":"fr-FR","potentialAction":[{"@type":"ReadAction","target":["https:\/\/blogs.thesocialmedia.com\/leblogmoto\/2005\/12\/11\/laventure-elfiq\/"]}]},{"@type":"ImageObject","inLanguage":"fr-FR","@id":"https:\/\/blogs.thesocialmedia.com\/leblogmoto\/2005\/12\/11\/laventure-elfiq\/#primaryimage","url":"http:\/\/www.leblogmoto.com\/images\/elf4_1_1.jpg","contentUrl":"http:\/\/www.leblogmoto.com\/images\/elf4_1_1.jpg"},{"@type":"BreadcrumbList","@id":"https:\/\/blogs.thesocialmedia.com\/leblogmoto\/2005\/12\/11\/laventure-elfiq\/#breadcrumb","itemListElement":[{"@type":"ListItem","position":1,"name":"Accueil","item":"https:\/\/blogs.thesocialmedia.com\/leblogmoto\/"},{"@type":"ListItem","position":2,"name":"L&rsquo;aventure elfique: I : n\u00e9e sous X"}]},{"@type":"WebSite","@id":"https:\/\/blogs.thesocialmedia.com\/leblogmoto\/#website","url":"https:\/\/blogs.thesocialmedia.com\/leblogmoto\/","name":"leblogmoto","description":"Toute l&#039;actualit\u00e9 des 2 roues","potentialAction":[{"@type":"SearchAction","target":{"@type":"EntryPoint","urlTemplate":"https:\/\/blogs.thesocialmedia.com\/leblogmoto\/?s={search_term_string}"},"query-input":{"@type":"PropertyValueSpecification","valueRequired":true,"valueName":"search_term_string"}}],"inLanguage":"fr-FR"},{"@type":"Person","@id":"https:\/\/blogs.thesocialmedia.com\/leblogmoto\/#\/schema\/person\/1a1dcfc7cec206573105eb4af91155c2","name":"andre leconde","image":{"@type":"ImageObject","inLanguage":"fr-FR","@id":"https:\/\/blogs.thesocialmedia.com\/leblogmoto\/#\/schema\/person\/image\/","url":"https:\/\/secure.gravatar.com\/avatar\/?s=96&d=mm&r=g","contentUrl":"https:\/\/secure.gravatar.com\/avatar\/?s=96&d=mm&r=g","caption":"andre leconde"},"url":"https:\/\/blogs.thesocialmedia.com\/leblogmoto\/author\/andre-leconde\/"}]}},"_links":{"self":[{"href":"https:\/\/blogs.thesocialmedia.com\/leblogmoto\/wp-json\/wp\/v2\/posts\/2167","targetHints":{"allow":["GET"]}}],"collection":[{"href":"https:\/\/blogs.thesocialmedia.com\/leblogmoto\/wp-json\/wp\/v2\/posts"}],"about":[{"href":"https:\/\/blogs.thesocialmedia.com\/leblogmoto\/wp-json\/wp\/v2\/types\/post"}],"author":[{"embeddable":true,"href":"https:\/\/blogs.thesocialmedia.com\/leblogmoto\/wp-json\/wp\/v2\/users\/336"}],"replies":[{"embeddable":true,"href":"https:\/\/blogs.thesocialmedia.com\/leblogmoto\/wp-json\/wp\/v2\/comments?post=2167"}],"version-history":[{"count":2,"href":"https:\/\/blogs.thesocialmedia.com\/leblogmoto\/wp-json\/wp\/v2\/posts\/2167\/revisions"}],"predecessor-version":[{"id":6861,"href":"https:\/\/blogs.thesocialmedia.com\/leblogmoto\/wp-json\/wp\/v2\/posts\/2167\/revisions\/6861"}],"wp:attachment":[{"href":"https:\/\/blogs.thesocialmedia.com\/leblogmoto\/wp-json\/wp\/v2\/media?parent=2167"}],"wp:term":[{"taxonomy":"category","embeddable":true,"href":"https:\/\/blogs.thesocialmedia.com\/leblogmoto\/wp-json\/wp\/v2\/categories?post=2167"},{"taxonomy":"post_tag","embeddable":true,"href":"https:\/\/blogs.thesocialmedia.com\/leblogmoto\/wp-json\/wp\/v2\/tags?post=2167"}],"curies":[{"name":"wp","href":"https:\/\/api.w.org\/{rel}","templated":true}]}}