{"id":2168,"date":"2005-12-10T01:21:30","date_gmt":"2005-12-10T01:21:30","guid":{"rendered":"http:\/\/blogs.thesocialmedia.com\/leblogmoto\/2005\/12\/10\/foret-simplante\/"},"modified":"2012-07-11T14:12:44","modified_gmt":"2012-07-11T14:12:44","slug":"foret-simplante","status":"publish","type":"post","link":"https:\/\/blogs.thesocialmedia.com\/leblogmoto\/2005\/12\/10\/foret-simplante\/","title":{"rendered":"FORET s&rsquo;implante."},"content":{"rendered":"<p><a href=\"http:\/\/blogs.thesocialmedia.com\/leblogmoto\/files\/2012\/07\/foret_portrait6_1.jpg\"><img loading=\"lazy\" decoding=\"async\" height=\"299\" alt=\"Foret_portrait6_1\" src=\"http:\/\/www.leblogmoto.com\/images\/foret_portrait6_1.jpg\" width=\"250\"  \/><\/a>La <a href=\"http:\/\/www.leblogmoto.com\/2005\/11\/rgis_passe_au_v.html\">bou\u00e9e de sauvetage KAWASAKI<\/a>, tout juste rattrap\u00e9e par notre ic\u00f4ne de la discipline, R\u00e9gis LACONI, nous avait, \u00e0 peine, soulag\u00e9s. Et alors que nous nous \u00e9tions r\u00e9sign\u00e9s \u00e0 nous contenter de merles \u00e0 d\u00e9faut de grives pour ce qui est de la repr\u00e9sentation nationale au mondial SBK, c&rsquo;est du c\u00f4t\u00e9 d&rsquo;Angoul\u00eame et de la Belgique que le meilleur a fini par arriver. Fabien FORET, champion du monde <a href=\"http:\/\/www.leblogmoto.com\/2005\/09\/supersport_sbas.html\">Supersport<\/a> 2002, va faire son entr\u00e9e au <a href=\"http:\/\/www.leblogmoto.com\/2005\/12\/la_guerre_des_t.html\">mondial Superbike 2006 <\/a>par la grande porte: au guidon d&rsquo;une GSX\/R, et au sein de l&rsquo;\u00e9curie championne du monde 2005 de Francis BATTA: Alstare. <\/p>\n<p><a href=\"http:\/\/clabedan.typepad.com\/.shared\/image.html?\/photos\/uncategorized\/fabienforet.jpg\"><img loading=\"lazy\" decoding=\"async\" height=\"375\" alt=\"Fabienforet\" src=\"http:\/\/www.leblogmoto.com\/images\/fabienforet.jpg\" width=\"250\"  \/><\/a> Le montage qui a donn\u00e9 ce r\u00e9sultat heureux est encore \u00e0 pr\u00e9ciser, puisqu&rsquo;il est dit, en m\u00eame temps, que le fran\u00e7ais pourrait rater les deux premi\u00e8res \u00e9preuves du mondial 2006 pour des raisons de budget encore \u00e0 boucler. Il est dit aussi que sa machine ne sera pas une 100% usine aff\u00fbbl\u00e9e des derni\u00e8res \u00e9volutions.<\/p>\n<p>Mais force est de constater que Francis BATTA a r\u00e9ussi \u00e0 engager un fran\u00e7ais au potentiel reconnu pour se sortir du carcan de la paire <a href=\"http:\/\/www.leblogmoto.com\/2005\/11\/superbike_corse.html\">CORSER\/KAGAYAMA<\/a>. Avec Fabien comme mouche du coche de cet \u00e9quipage, nul doute que chacun aura \u00e0 coeur de garder son niveau de comp\u00e9tition \u00e9lev\u00e9 tout au long de l&rsquo;ann\u00e9e. Les regards, sur ce point, se portent d&rsquo;abord sur Ukyo&#8230; Et puis, une blessure est vite arriv\u00e9e, et il faut savoir, en bon manager, obvier ces \u00e9ventuelles mauvaises circonstances. Francis BATTA voulait, pour ce faire, LACONI, CORSER ne l&rsquo;a pas souha\u00eet\u00e9. Sans doute que l&rsquo;australien trouve-t-il Fabien moins dangereux, dans l&rsquo;imm\u00e9diat.<\/p>\n<p>Le pilote d&rsquo;Angoul\u00eame ne s&rsquo;imagine pas \u00e9craser la concurrence d\u00e8s ses premiers tours de roue. Il est simplement heureux d&rsquo;entrer, dans les meilleures conditions qui soient, en Superbike. Le team SUZUKI Alstare lui a fait confiance, et, comme HONDA Ten KATE, KAWASAKI, YAMAHA Belgarda ou HONDA Mega Bike auparavant, il ne devrait pas le regretter.<\/p>\n<p>SOURCE: Motors TV.<\/p><\/p>\n","protected":false},"excerpt":{"rendered":"<p>La bou\u00e9e de sauvetage KAWASAKI, tout juste rattrap\u00e9e par notre ic\u00f4ne de la discipline, R\u00e9gis LACONI, nous avait, \u00e0 peine, soulag\u00e9s. Et alors que nous nous \u00e9tions r\u00e9sign\u00e9s \u00e0 nous contenter de merles \u00e0 d\u00e9faut de grives pour ce qui est de la repr\u00e9sentation nationale au mondial SBK, c&rsquo;est du c\u00f4t\u00e9 d&rsquo;Angoul\u00eame et de la [&hellip;]<\/p>\n","protected":false},"author":336,"featured_media":0,"comment_status":"open","ping_status":"open","sticky":false,"template":"","format":"standard","meta":{"footnotes":""},"categories":[46],"tags":[],"class_list":["post-2168","post","type-post","status-publish","format-standard","hentry","category-superbike"],"yoast_head":"<!-- This site is optimized with the Yoast SEO plugin v26.0 - https:\/\/yoast.com\/wordpress\/plugins\/seo\/ -->\n<title>FORET s&#039;implante. - leblogmoto.com<\/title>\n<meta name=\"robots\" content=\"index, follow, max-snippet:-1, max-image-preview:large, max-video-preview:-1\" \/>\n<link rel=\"canonical\" href=\"https:\/\/blogs.thesocialmedia.com\/leblogmoto\/2005\/12\/10\/foret-simplante\/\" \/>\n<meta name=\"twitter:card\" content=\"summary_large_image\" \/>\n<meta name=\"twitter:title\" content=\"FORET s&#039;implante. - leblogmoto.com\" \/>\n<meta name=\"twitter:description\" content=\"La bou\u00e9e de sauvetage KAWASAKI, tout juste rattrap\u00e9e par notre ic\u00f4ne de la discipline, R\u00e9gis LACONI, nous avait, \u00e0 peine, soulag\u00e9s. Et alors que nous nous \u00e9tions r\u00e9sign\u00e9s \u00e0 nous contenter de merles \u00e0 d\u00e9faut de grives pour ce qui est de la repr\u00e9sentation nationale au mondial SBK, c&rsquo;est du c\u00f4t\u00e9 d&rsquo;Angoul\u00eame et de la [&hellip;]\" \/>\n<meta name=\"twitter:image\" content=\"http:\/\/www.leblogmoto.com\/images\/foret_portrait6_1.jpg\" \/>\n<meta name=\"twitter:label1\" content=\"\u00c9crit par\" \/>\n\t<meta name=\"twitter:data1\" content=\"andre leconde\" \/>\n\t<meta name=\"twitter:label2\" content=\"Dur\u00e9e de lecture estim\u00e9e\" \/>\n\t<meta name=\"twitter:data2\" content=\"2 minutes\" \/>\n<script type=\"application\/ld+json\" class=\"yoast-schema-graph\">{\"@context\":\"https:\/\/schema.org\",\"@graph\":[{\"@type\":\"WebPage\",\"@id\":\"https:\/\/blogs.thesocialmedia.com\/leblogmoto\/2005\/12\/10\/foret-simplante\/\",\"url\":\"https:\/\/blogs.thesocialmedia.com\/leblogmoto\/2005\/12\/10\/foret-simplante\/\",\"name\":\"FORET s'implante. - leblogmoto.com\",\"isPartOf\":{\"@id\":\"https:\/\/blogs.thesocialmedia.com\/leblogmoto\/#website\"},\"primaryImageOfPage\":{\"@id\":\"https:\/\/blogs.thesocialmedia.com\/leblogmoto\/2005\/12\/10\/foret-simplante\/#primaryimage\"},\"image\":{\"@id\":\"https:\/\/blogs.thesocialmedia.com\/leblogmoto\/2005\/12\/10\/foret-simplante\/#primaryimage\"},\"thumbnailUrl\":\"http:\/\/www.leblogmoto.com\/images\/foret_portrait6_1.jpg\",\"datePublished\":\"2005-12-10T01:21:30+00:00\",\"dateModified\":\"2012-07-11T14:12:44+00:00\",\"author\":{\"@id\":\"https:\/\/blogs.thesocialmedia.com\/leblogmoto\/#\/schema\/person\/1a1dcfc7cec206573105eb4af91155c2\"},\"breadcrumb\":{\"@id\":\"https:\/\/blogs.thesocialmedia.com\/leblogmoto\/2005\/12\/10\/foret-simplante\/#breadcrumb\"},\"inLanguage\":\"fr-FR\",\"potentialAction\":[{\"@type\":\"ReadAction\",\"target\":[\"https:\/\/blogs.thesocialmedia.com\/leblogmoto\/2005\/12\/10\/foret-simplante\/\"]}]},{\"@type\":\"ImageObject\",\"inLanguage\":\"fr-FR\",\"@id\":\"https:\/\/blogs.thesocialmedia.com\/leblogmoto\/2005\/12\/10\/foret-simplante\/#primaryimage\",\"url\":\"http:\/\/www.leblogmoto.com\/images\/foret_portrait6_1.jpg\",\"contentUrl\":\"http:\/\/www.leblogmoto.com\/images\/foret_portrait6_1.jpg\"},{\"@type\":\"BreadcrumbList\",\"@id\":\"https:\/\/blogs.thesocialmedia.com\/leblogmoto\/2005\/12\/10\/foret-simplante\/#breadcrumb\",\"itemListElement\":[{\"@type\":\"ListItem\",\"position\":1,\"name\":\"Accueil\",\"item\":\"https:\/\/blogs.thesocialmedia.com\/leblogmoto\/\"},{\"@type\":\"ListItem\",\"position\":2,\"name\":\"FORET s&rsquo;implante.\"}]},{\"@type\":\"WebSite\",\"@id\":\"https:\/\/blogs.thesocialmedia.com\/leblogmoto\/#website\",\"url\":\"https:\/\/blogs.thesocialmedia.com\/leblogmoto\/\",\"name\":\"leblogmoto\",\"description\":\"Toute l&#039;actualit\u00e9 des 2 roues\",\"potentialAction\":[{\"@type\":\"SearchAction\",\"target\":{\"@type\":\"EntryPoint\",\"urlTemplate\":\"https:\/\/blogs.thesocialmedia.com\/leblogmoto\/?s={search_term_string}\"},\"query-input\":{\"@type\":\"PropertyValueSpecification\",\"valueRequired\":true,\"valueName\":\"search_term_string\"}}],\"inLanguage\":\"fr-FR\"},{\"@type\":\"Person\",\"@id\":\"https:\/\/blogs.thesocialmedia.com\/leblogmoto\/#\/schema\/person\/1a1dcfc7cec206573105eb4af91155c2\",\"name\":\"andre leconde\",\"image\":{\"@type\":\"ImageObject\",\"inLanguage\":\"fr-FR\",\"@id\":\"https:\/\/blogs.thesocialmedia.com\/leblogmoto\/#\/schema\/person\/image\/\",\"url\":\"https:\/\/secure.gravatar.com\/avatar\/?s=96&d=mm&r=g\",\"contentUrl\":\"https:\/\/secure.gravatar.com\/avatar\/?s=96&d=mm&r=g\",\"caption\":\"andre leconde\"},\"url\":\"https:\/\/blogs.thesocialmedia.com\/leblogmoto\/author\/andre-leconde\/\"}]}<\/script>\n<!-- \/ Yoast SEO plugin. -->","yoast_head_json":{"title":"FORET s'implante. - leblogmoto.com","robots":{"index":"index","follow":"follow","max-snippet":"max-snippet:-1","max-image-preview":"max-image-preview:large","max-video-preview":"max-video-preview:-1"},"canonical":"https:\/\/blogs.thesocialmedia.com\/leblogmoto\/2005\/12\/10\/foret-simplante\/","twitter_card":"summary_large_image","twitter_title":"FORET s'implante. - leblogmoto.com","twitter_description":"La bou\u00e9e de sauvetage KAWASAKI, tout juste rattrap\u00e9e par notre ic\u00f4ne de la discipline, R\u00e9gis LACONI, nous avait, \u00e0 peine, soulag\u00e9s. Et alors que nous nous \u00e9tions r\u00e9sign\u00e9s \u00e0 nous contenter de merles \u00e0 d\u00e9faut de grives pour ce qui est de la repr\u00e9sentation nationale au mondial SBK, c&rsquo;est du c\u00f4t\u00e9 d&rsquo;Angoul\u00eame et de la [&hellip;]","twitter_image":"http:\/\/www.leblogmoto.com\/images\/foret_portrait6_1.jpg","twitter_misc":{"\u00c9crit par":"andre leconde","Dur\u00e9e de lecture estim\u00e9e":"2 minutes"},"schema":{"@context":"https:\/\/schema.org","@graph":[{"@type":"WebPage","@id":"https:\/\/blogs.thesocialmedia.com\/leblogmoto\/2005\/12\/10\/foret-simplante\/","url":"https:\/\/blogs.thesocialmedia.com\/leblogmoto\/2005\/12\/10\/foret-simplante\/","name":"FORET s'implante. - leblogmoto.com","isPartOf":{"@id":"https:\/\/blogs.thesocialmedia.com\/leblogmoto\/#website"},"primaryImageOfPage":{"@id":"https:\/\/blogs.thesocialmedia.com\/leblogmoto\/2005\/12\/10\/foret-simplante\/#primaryimage"},"image":{"@id":"https:\/\/blogs.thesocialmedia.com\/leblogmoto\/2005\/12\/10\/foret-simplante\/#primaryimage"},"thumbnailUrl":"http:\/\/www.leblogmoto.com\/images\/foret_portrait6_1.jpg","datePublished":"2005-12-10T01:21:30+00:00","dateModified":"2012-07-11T14:12:44+00:00","author":{"@id":"https:\/\/blogs.thesocialmedia.com\/leblogmoto\/#\/schema\/person\/1a1dcfc7cec206573105eb4af91155c2"},"breadcrumb":{"@id":"https:\/\/blogs.thesocialmedia.com\/leblogmoto\/2005\/12\/10\/foret-simplante\/#breadcrumb"},"inLanguage":"fr-FR","potentialAction":[{"@type":"ReadAction","target":["https:\/\/blogs.thesocialmedia.com\/leblogmoto\/2005\/12\/10\/foret-simplante\/"]}]},{"@type":"ImageObject","inLanguage":"fr-FR","@id":"https:\/\/blogs.thesocialmedia.com\/leblogmoto\/2005\/12\/10\/foret-simplante\/#primaryimage","url":"http:\/\/www.leblogmoto.com\/images\/foret_portrait6_1.jpg","contentUrl":"http:\/\/www.leblogmoto.com\/images\/foret_portrait6_1.jpg"},{"@type":"BreadcrumbList","@id":"https:\/\/blogs.thesocialmedia.com\/leblogmoto\/2005\/12\/10\/foret-simplante\/#breadcrumb","itemListElement":[{"@type":"ListItem","position":1,"name":"Accueil","item":"https:\/\/blogs.thesocialmedia.com\/leblogmoto\/"},{"@type":"ListItem","position":2,"name":"FORET s&rsquo;implante."}]},{"@type":"WebSite","@id":"https:\/\/blogs.thesocialmedia.com\/leblogmoto\/#website","url":"https:\/\/blogs.thesocialmedia.com\/leblogmoto\/","name":"leblogmoto","description":"Toute l&#039;actualit\u00e9 des 2 roues","potentialAction":[{"@type":"SearchAction","target":{"@type":"EntryPoint","urlTemplate":"https:\/\/blogs.thesocialmedia.com\/leblogmoto\/?s={search_term_string}"},"query-input":{"@type":"PropertyValueSpecification","valueRequired":true,"valueName":"search_term_string"}}],"inLanguage":"fr-FR"},{"@type":"Person","@id":"https:\/\/blogs.thesocialmedia.com\/leblogmoto\/#\/schema\/person\/1a1dcfc7cec206573105eb4af91155c2","name":"andre leconde","image":{"@type":"ImageObject","inLanguage":"fr-FR","@id":"https:\/\/blogs.thesocialmedia.com\/leblogmoto\/#\/schema\/person\/image\/","url":"https:\/\/secure.gravatar.com\/avatar\/?s=96&d=mm&r=g","contentUrl":"https:\/\/secure.gravatar.com\/avatar\/?s=96&d=mm&r=g","caption":"andre leconde"},"url":"https:\/\/blogs.thesocialmedia.com\/leblogmoto\/author\/andre-leconde\/"}]}},"_links":{"self":[{"href":"https:\/\/blogs.thesocialmedia.com\/leblogmoto\/wp-json\/wp\/v2\/posts\/2168","targetHints":{"allow":["GET"]}}],"collection":[{"href":"https:\/\/blogs.thesocialmedia.com\/leblogmoto\/wp-json\/wp\/v2\/posts"}],"about":[{"href":"https:\/\/blogs.thesocialmedia.com\/leblogmoto\/wp-json\/wp\/v2\/types\/post"}],"author":[{"embeddable":true,"href":"https:\/\/blogs.thesocialmedia.com\/leblogmoto\/wp-json\/wp\/v2\/users\/336"}],"replies":[{"embeddable":true,"href":"https:\/\/blogs.thesocialmedia.com\/leblogmoto\/wp-json\/wp\/v2\/comments?post=2168"}],"version-history":[{"count":2,"href":"https:\/\/blogs.thesocialmedia.com\/leblogmoto\/wp-json\/wp\/v2\/posts\/2168\/revisions"}],"predecessor-version":[{"id":6859,"href":"https:\/\/blogs.thesocialmedia.com\/leblogmoto\/wp-json\/wp\/v2\/posts\/2168\/revisions\/6859"}],"wp:attachment":[{"href":"https:\/\/blogs.thesocialmedia.com\/leblogmoto\/wp-json\/wp\/v2\/media?parent=2168"}],"wp:term":[{"taxonomy":"category","embeddable":true,"href":"https:\/\/blogs.thesocialmedia.com\/leblogmoto\/wp-json\/wp\/v2\/categories?post=2168"},{"taxonomy":"post_tag","embeddable":true,"href":"https:\/\/blogs.thesocialmedia.com\/leblogmoto\/wp-json\/wp\/v2\/tags?post=2168"}],"curies":[{"name":"wp","href":"https:\/\/api.w.org\/{rel}","templated":true}]}}