{"id":2169,"date":"2005-12-09T13:44:10","date_gmt":"2005-12-09T13:44:10","guid":{"rendered":"http:\/\/blogs.thesocialmedia.com\/leblogmoto\/2005\/12\/09\/ce-nest-pas-que\/"},"modified":"2012-07-11T14:12:42","modified_gmt":"2012-07-11T14:12:42","slug":"ce-nest-pas-que","status":"publish","type":"post","link":"https:\/\/blogs.thesocialmedia.com\/leblogmoto\/2005\/12\/09\/ce-nest-pas-que\/","title":{"rendered":"Ce n&rsquo;est pas que pour les enfants."},"content":{"rendered":"<p><a href=\"http:\/\/blogs.thesocialmedia.com\/leblogmoto\/files\/2012\/07\/pocket_bike_2.jpg\"><img loading=\"lazy\" decoding=\"async\" height=\"217\" alt=\"Pocket_bike_2\" src=\"http:\/\/www.leblogmoto.com\/images\/pocket_bike_2.jpg\" width=\"250\"  \/><\/a>A l&rsquo;approche des f\u00eates de No\u00ebl, il appara\u00eet opportun de faire le point sur un ph\u00e9nom\u00e8ne en pleine expansion: celui du <a href=\"http:\/\/www.leblogmoto.com\/pocket_bike\/\">Pocket-Bike<\/a>.<\/p>\n<p>C&rsquo;est quoi donc cette petite machine furieuse ? Pr\u00e9cisons, d&rsquo;abord, qu&rsquo;elle a depuis longtemps d\u00e9pass\u00e9 le stade de la ludique r\u00e9plique <a href=\"http:\/\/www.leblogmoto.com\/2005\/10\/matra_de_la_for.html\">\u00e9lectrique<\/a> vendue chez tout bon magasin de jouets. Le Pocket-Bike est \u00e9volu\u00e9 technologiquement, peut faire montre de pr\u00e9stations redoutables, si bien qu&rsquo;il peut int\u00e9resser toutes les g\u00e9n\u00e9rations. Mais attention, pas question de se pavaner avec sur la voie publique&#8230;&nbsp; &nbsp;&nbsp; <\/p>\n<p><a href=\"http:\/\/clabedan.typepad.com\/.shared\/image.html?\/photos\/uncategorized\/pocket_bike_power_slide_by_diablorr.jpg\"><img loading=\"lazy\" decoding=\"async\" height=\"190\" alt=\"Pocket_bike_power_slide_by_diablorr\" src=\"http:\/\/www.leblogmoto.com\/images\/pocket_bike_power_slide_by_diablorr.jpg\" width=\"250\"  \/><\/a>On peut ainsi s&rsquo;initier d\u00e8s l&rsquo;\u00e2ge de 8, 9 ans aux rudiments de la conduite moto, en appr\u00e9hendant les sensations d&rsquo;acc\u00e9l\u00e9ration, de freinage, de dosage de l&rsquo;ensemble. Ces machines ont des moteurs thermiques qui peuvent propulser la ch\u00e8re <a href=\"http:\/\/www.leblogmoto.com\/2005\/11\/babes_and_bikes.html\">t\u00eate blonde<\/a> vers les 60 km\/h en pointe. Premier constat, un \u00e9quipement de s\u00e9curit\u00e9 est obligatoirement \u00e0 envisager&#8230; Mais le ph\u00e9nom\u00e8ne ne s&rsquo;arr\u00eate pas l\u00e0, et il existe des cylindr\u00e9es jusqu&rsquo;\u00e0 120 cm3 de m\u00eame que des versions comp\u00e9titions qui poussent jusqu&rsquo;\u00e0 100 km\/h. Plus question d\u00e8s lors, de jeux pour enfants.<\/p>\n<p><a href=\"http:\/\/clabedan.typepad.com\/.shared\/image.html?\/photos\/uncategorized\/pitbike2.jpg\"><img loading=\"lazy\" decoding=\"async\" height=\"187\" alt=\"Pitbike2\" src=\"http:\/\/www.leblogmoto.com\/images\/pitbike2.jpg\" width=\"250\"  \/><\/a> Le budget est tout aussi \u00e9tendu. En grande surface, une machine basique peut p\u00e9niblement atteindre les 300 euros tarifaires tandis que les constructions aff\u00fbt\u00e9es peuvent grimper au-del\u00e0 des 1500 euros. Les Pit-Bikes, typ\u00e9s tout terrain, se situent dans la zone des 3000 euros&#8230;<\/p>\n<p>L&rsquo;usage, enfin. Pas question d&rsquo;aller au boulot avec. Le Pocket Bike n&rsquo;a pas de certificat de conformit\u00e9 communautaire et n&rsquo;est donc pas consid\u00e9r\u00e9, au regard de la <a href=\"http:\/\/www.leblogmoto.com\/2005\/07\/perben_sattaque.html\">Loi<\/a>, comme un v\u00e9hicule autoris\u00e9 \u00e0 emprunter les voies ouvertes \u00e0 la circulation. En cas de non-respect de cette directive, une amende allant jusqu&rsquo;\u00e0 750 euros peut vous \u00eatre relev\u00e9e tandis que le vendeur peut aussi \u00eatre r\u00e9pr\u00e9hensible jusqu&rsquo;\u00e0 hauteur de 1500 euros. Et si vous \u00eates t\u00eatu, la r\u00e9cidive pourra vous amener devant le tribunal correctionnel. Comme le v\u00e9hicule n&rsquo;est pas homologu\u00e9, pas d&rsquo;assurance possible non plus. Il vaut mieux s&rsquo;en souvenir si l&rsquo;envie de rouler dans votre rue vous prend. En cas d&rsquo;accident, tout faux&#8230;<\/p>\n<p><a href=\"http:\/\/clabedan.typepad.com\/.shared\/image.html?\/photos\/uncategorized\/pocket_bike.jpg\"><img loading=\"lazy\" decoding=\"async\" height=\"187\" alt=\"Pocket_bike\" src=\"http:\/\/www.leblogmoto.com\/images\/pocket_bike.jpg\" width=\"250\"  \/><\/a>Le Pocket Bike est en pleine expansion. Bien canalis\u00e9, le ph\u00e9nom\u00e8ne peut apporter beaucoup de choses positives et d&rsquo;abord une <a href=\"http:\/\/www.leblogmoto.com\/2005\/11\/minibike_academ.html\">formation<\/a> \u00e0 la conduite d\u00e8s le plus jeune \u00e2ge. Et \u00e7a, c&rsquo;est capitaliser intelligemment pour l&rsquo;avenir.&nbsp; <\/p>\n<\/p>\n<p>SOURCE: clicanoo.com <\/p>\n<p>&nbsp; &nbsp;<\/p>\n","protected":false},"excerpt":{"rendered":"<p>A l&rsquo;approche des f\u00eates de No\u00ebl, il appara\u00eet opportun de faire le point sur un ph\u00e9nom\u00e8ne en pleine expansion: celui du Pocket-Bike. C&rsquo;est quoi donc cette petite machine furieuse ? Pr\u00e9cisons, d&rsquo;abord, qu&rsquo;elle a depuis longtemps d\u00e9pass\u00e9 le stade de la ludique r\u00e9plique \u00e9lectrique vendue chez tout bon magasin de jouets. Le Pocket-Bike est \u00e9volu\u00e9 [&hellip;]<\/p>\n","protected":false},"author":336,"featured_media":0,"comment_status":"open","ping_status":"open","sticky":false,"template":"","format":"standard","meta":{"footnotes":""},"categories":[79],"tags":[],"class_list":["post-2169","post","type-post","status-publish","format-standard","hentry","category-pocket-bike"],"yoast_head":"<!-- This site is optimized with the Yoast SEO plugin v26.0 - https:\/\/yoast.com\/wordpress\/plugins\/seo\/ -->\n<title>Ce n&#039;est pas que pour les enfants. - leblogmoto.com<\/title>\n<meta name=\"robots\" content=\"index, follow, max-snippet:-1, max-image-preview:large, max-video-preview:-1\" \/>\n<link rel=\"canonical\" href=\"https:\/\/blogs.thesocialmedia.com\/leblogmoto\/2005\/12\/09\/ce-nest-pas-que\/\" \/>\n<meta name=\"twitter:card\" content=\"summary_large_image\" \/>\n<meta name=\"twitter:title\" content=\"Ce n&#039;est pas que pour les enfants. - leblogmoto.com\" \/>\n<meta name=\"twitter:description\" content=\"A l&rsquo;approche des f\u00eates de No\u00ebl, il appara\u00eet opportun de faire le point sur un ph\u00e9nom\u00e8ne en pleine expansion: celui du Pocket-Bike. C&rsquo;est quoi donc cette petite machine furieuse ? Pr\u00e9cisons, d&rsquo;abord, qu&rsquo;elle a depuis longtemps d\u00e9pass\u00e9 le stade de la ludique r\u00e9plique \u00e9lectrique vendue chez tout bon magasin de jouets. Le Pocket-Bike est \u00e9volu\u00e9 [&hellip;]\" \/>\n<meta name=\"twitter:image\" content=\"http:\/\/www.leblogmoto.com\/images\/pocket_bike_2.jpg\" \/>\n<meta name=\"twitter:label1\" content=\"\u00c9crit par\" \/>\n\t<meta name=\"twitter:data1\" content=\"andre leconde\" \/>\n\t<meta name=\"twitter:label2\" content=\"Dur\u00e9e de lecture estim\u00e9e\" \/>\n\t<meta name=\"twitter:data2\" content=\"2 minutes\" \/>\n<script type=\"application\/ld+json\" class=\"yoast-schema-graph\">{\"@context\":\"https:\/\/schema.org\",\"@graph\":[{\"@type\":\"WebPage\",\"@id\":\"https:\/\/blogs.thesocialmedia.com\/leblogmoto\/2005\/12\/09\/ce-nest-pas-que\/\",\"url\":\"https:\/\/blogs.thesocialmedia.com\/leblogmoto\/2005\/12\/09\/ce-nest-pas-que\/\",\"name\":\"Ce n'est pas que pour les enfants. - leblogmoto.com\",\"isPartOf\":{\"@id\":\"https:\/\/blogs.thesocialmedia.com\/leblogmoto\/#website\"},\"primaryImageOfPage\":{\"@id\":\"https:\/\/blogs.thesocialmedia.com\/leblogmoto\/2005\/12\/09\/ce-nest-pas-que\/#primaryimage\"},\"image\":{\"@id\":\"https:\/\/blogs.thesocialmedia.com\/leblogmoto\/2005\/12\/09\/ce-nest-pas-que\/#primaryimage\"},\"thumbnailUrl\":\"http:\/\/www.leblogmoto.com\/images\/pocket_bike_2.jpg\",\"datePublished\":\"2005-12-09T13:44:10+00:00\",\"dateModified\":\"2012-07-11T14:12:42+00:00\",\"author\":{\"@id\":\"https:\/\/blogs.thesocialmedia.com\/leblogmoto\/#\/schema\/person\/1a1dcfc7cec206573105eb4af91155c2\"},\"breadcrumb\":{\"@id\":\"https:\/\/blogs.thesocialmedia.com\/leblogmoto\/2005\/12\/09\/ce-nest-pas-que\/#breadcrumb\"},\"inLanguage\":\"fr-FR\",\"potentialAction\":[{\"@type\":\"ReadAction\",\"target\":[\"https:\/\/blogs.thesocialmedia.com\/leblogmoto\/2005\/12\/09\/ce-nest-pas-que\/\"]}]},{\"@type\":\"ImageObject\",\"inLanguage\":\"fr-FR\",\"@id\":\"https:\/\/blogs.thesocialmedia.com\/leblogmoto\/2005\/12\/09\/ce-nest-pas-que\/#primaryimage\",\"url\":\"http:\/\/www.leblogmoto.com\/images\/pocket_bike_2.jpg\",\"contentUrl\":\"http:\/\/www.leblogmoto.com\/images\/pocket_bike_2.jpg\"},{\"@type\":\"BreadcrumbList\",\"@id\":\"https:\/\/blogs.thesocialmedia.com\/leblogmoto\/2005\/12\/09\/ce-nest-pas-que\/#breadcrumb\",\"itemListElement\":[{\"@type\":\"ListItem\",\"position\":1,\"name\":\"Accueil\",\"item\":\"https:\/\/blogs.thesocialmedia.com\/leblogmoto\/\"},{\"@type\":\"ListItem\",\"position\":2,\"name\":\"Ce n&rsquo;est pas que pour les enfants.\"}]},{\"@type\":\"WebSite\",\"@id\":\"https:\/\/blogs.thesocialmedia.com\/leblogmoto\/#website\",\"url\":\"https:\/\/blogs.thesocialmedia.com\/leblogmoto\/\",\"name\":\"leblogmoto\",\"description\":\"Toute l&#039;actualit\u00e9 des 2 roues\",\"potentialAction\":[{\"@type\":\"SearchAction\",\"target\":{\"@type\":\"EntryPoint\",\"urlTemplate\":\"https:\/\/blogs.thesocialmedia.com\/leblogmoto\/?s={search_term_string}\"},\"query-input\":{\"@type\":\"PropertyValueSpecification\",\"valueRequired\":true,\"valueName\":\"search_term_string\"}}],\"inLanguage\":\"fr-FR\"},{\"@type\":\"Person\",\"@id\":\"https:\/\/blogs.thesocialmedia.com\/leblogmoto\/#\/schema\/person\/1a1dcfc7cec206573105eb4af91155c2\",\"name\":\"andre leconde\",\"image\":{\"@type\":\"ImageObject\",\"inLanguage\":\"fr-FR\",\"@id\":\"https:\/\/blogs.thesocialmedia.com\/leblogmoto\/#\/schema\/person\/image\/\",\"url\":\"https:\/\/secure.gravatar.com\/avatar\/?s=96&d=mm&r=g\",\"contentUrl\":\"https:\/\/secure.gravatar.com\/avatar\/?s=96&d=mm&r=g\",\"caption\":\"andre leconde\"},\"url\":\"https:\/\/blogs.thesocialmedia.com\/leblogmoto\/author\/andre-leconde\/\"}]}<\/script>\n<!-- \/ Yoast SEO plugin. -->","yoast_head_json":{"title":"Ce n'est pas que pour les enfants. - leblogmoto.com","robots":{"index":"index","follow":"follow","max-snippet":"max-snippet:-1","max-image-preview":"max-image-preview:large","max-video-preview":"max-video-preview:-1"},"canonical":"https:\/\/blogs.thesocialmedia.com\/leblogmoto\/2005\/12\/09\/ce-nest-pas-que\/","twitter_card":"summary_large_image","twitter_title":"Ce n'est pas que pour les enfants. - leblogmoto.com","twitter_description":"A l&rsquo;approche des f\u00eates de No\u00ebl, il appara\u00eet opportun de faire le point sur un ph\u00e9nom\u00e8ne en pleine expansion: celui du Pocket-Bike. C&rsquo;est quoi donc cette petite machine furieuse ? Pr\u00e9cisons, d&rsquo;abord, qu&rsquo;elle a depuis longtemps d\u00e9pass\u00e9 le stade de la ludique r\u00e9plique \u00e9lectrique vendue chez tout bon magasin de jouets. Le Pocket-Bike est \u00e9volu\u00e9 [&hellip;]","twitter_image":"http:\/\/www.leblogmoto.com\/images\/pocket_bike_2.jpg","twitter_misc":{"\u00c9crit par":"andre leconde","Dur\u00e9e de lecture estim\u00e9e":"2 minutes"},"schema":{"@context":"https:\/\/schema.org","@graph":[{"@type":"WebPage","@id":"https:\/\/blogs.thesocialmedia.com\/leblogmoto\/2005\/12\/09\/ce-nest-pas-que\/","url":"https:\/\/blogs.thesocialmedia.com\/leblogmoto\/2005\/12\/09\/ce-nest-pas-que\/","name":"Ce n'est pas que pour les enfants. - leblogmoto.com","isPartOf":{"@id":"https:\/\/blogs.thesocialmedia.com\/leblogmoto\/#website"},"primaryImageOfPage":{"@id":"https:\/\/blogs.thesocialmedia.com\/leblogmoto\/2005\/12\/09\/ce-nest-pas-que\/#primaryimage"},"image":{"@id":"https:\/\/blogs.thesocialmedia.com\/leblogmoto\/2005\/12\/09\/ce-nest-pas-que\/#primaryimage"},"thumbnailUrl":"http:\/\/www.leblogmoto.com\/images\/pocket_bike_2.jpg","datePublished":"2005-12-09T13:44:10+00:00","dateModified":"2012-07-11T14:12:42+00:00","author":{"@id":"https:\/\/blogs.thesocialmedia.com\/leblogmoto\/#\/schema\/person\/1a1dcfc7cec206573105eb4af91155c2"},"breadcrumb":{"@id":"https:\/\/blogs.thesocialmedia.com\/leblogmoto\/2005\/12\/09\/ce-nest-pas-que\/#breadcrumb"},"inLanguage":"fr-FR","potentialAction":[{"@type":"ReadAction","target":["https:\/\/blogs.thesocialmedia.com\/leblogmoto\/2005\/12\/09\/ce-nest-pas-que\/"]}]},{"@type":"ImageObject","inLanguage":"fr-FR","@id":"https:\/\/blogs.thesocialmedia.com\/leblogmoto\/2005\/12\/09\/ce-nest-pas-que\/#primaryimage","url":"http:\/\/www.leblogmoto.com\/images\/pocket_bike_2.jpg","contentUrl":"http:\/\/www.leblogmoto.com\/images\/pocket_bike_2.jpg"},{"@type":"BreadcrumbList","@id":"https:\/\/blogs.thesocialmedia.com\/leblogmoto\/2005\/12\/09\/ce-nest-pas-que\/#breadcrumb","itemListElement":[{"@type":"ListItem","position":1,"name":"Accueil","item":"https:\/\/blogs.thesocialmedia.com\/leblogmoto\/"},{"@type":"ListItem","position":2,"name":"Ce n&rsquo;est pas que pour les enfants."}]},{"@type":"WebSite","@id":"https:\/\/blogs.thesocialmedia.com\/leblogmoto\/#website","url":"https:\/\/blogs.thesocialmedia.com\/leblogmoto\/","name":"leblogmoto","description":"Toute l&#039;actualit\u00e9 des 2 roues","potentialAction":[{"@type":"SearchAction","target":{"@type":"EntryPoint","urlTemplate":"https:\/\/blogs.thesocialmedia.com\/leblogmoto\/?s={search_term_string}"},"query-input":{"@type":"PropertyValueSpecification","valueRequired":true,"valueName":"search_term_string"}}],"inLanguage":"fr-FR"},{"@type":"Person","@id":"https:\/\/blogs.thesocialmedia.com\/leblogmoto\/#\/schema\/person\/1a1dcfc7cec206573105eb4af91155c2","name":"andre leconde","image":{"@type":"ImageObject","inLanguage":"fr-FR","@id":"https:\/\/blogs.thesocialmedia.com\/leblogmoto\/#\/schema\/person\/image\/","url":"https:\/\/secure.gravatar.com\/avatar\/?s=96&d=mm&r=g","contentUrl":"https:\/\/secure.gravatar.com\/avatar\/?s=96&d=mm&r=g","caption":"andre leconde"},"url":"https:\/\/blogs.thesocialmedia.com\/leblogmoto\/author\/andre-leconde\/"}]}},"_links":{"self":[{"href":"https:\/\/blogs.thesocialmedia.com\/leblogmoto\/wp-json\/wp\/v2\/posts\/2169","targetHints":{"allow":["GET"]}}],"collection":[{"href":"https:\/\/blogs.thesocialmedia.com\/leblogmoto\/wp-json\/wp\/v2\/posts"}],"about":[{"href":"https:\/\/blogs.thesocialmedia.com\/leblogmoto\/wp-json\/wp\/v2\/types\/post"}],"author":[{"embeddable":true,"href":"https:\/\/blogs.thesocialmedia.com\/leblogmoto\/wp-json\/wp\/v2\/users\/336"}],"replies":[{"embeddable":true,"href":"https:\/\/blogs.thesocialmedia.com\/leblogmoto\/wp-json\/wp\/v2\/comments?post=2169"}],"version-history":[{"count":2,"href":"https:\/\/blogs.thesocialmedia.com\/leblogmoto\/wp-json\/wp\/v2\/posts\/2169\/revisions"}],"predecessor-version":[{"id":6857,"href":"https:\/\/blogs.thesocialmedia.com\/leblogmoto\/wp-json\/wp\/v2\/posts\/2169\/revisions\/6857"}],"wp:attachment":[{"href":"https:\/\/blogs.thesocialmedia.com\/leblogmoto\/wp-json\/wp\/v2\/media?parent=2169"}],"wp:term":[{"taxonomy":"category","embeddable":true,"href":"https:\/\/blogs.thesocialmedia.com\/leblogmoto\/wp-json\/wp\/v2\/categories?post=2169"},{"taxonomy":"post_tag","embeddable":true,"href":"https:\/\/blogs.thesocialmedia.com\/leblogmoto\/wp-json\/wp\/v2\/tags?post=2169"}],"curies":[{"name":"wp","href":"https:\/\/api.w.org\/{rel}","templated":true}]}}