{"id":2172,"date":"2005-12-08T11:19:57","date_gmt":"2005-12-08T11:19:57","guid":{"rendered":"http:\/\/blogs.thesocialmedia.com\/leblogmoto\/2005\/12\/08\/feux-de-jour-en\/"},"modified":"2012-07-11T14:12:36","modified_gmt":"2012-07-11T14:12:36","slug":"feux-de-jour-en","status":"publish","type":"post","link":"https:\/\/blogs.thesocialmedia.com\/leblogmoto\/2005\/12\/08\/feux-de-jour-en\/","title":{"rendered":"Feux de jour: Envers et contre tous."},"content":{"rendered":"<p><a href=\"http:\/\/blogs.thesocialmedia.com\/leblogmoto\/files\/2012\/07\/autruche_c.gif\"><img loading=\"lazy\" decoding=\"async\" height=\"278\" alt=\"Autruche_c\" src=\"http:\/\/www.leblogmoto.com\/images\/autruche_c.gif\" width=\"250\"  \/><\/a> On aurait pu croire <a href=\"http:\/\/www.leblogmoto.com\/2005\/11\/feux_de_jour_pe.html#comments\">l&rsquo;id\u00e9e<\/a> mise en sommeil, mais force est de constater qu&rsquo;il n&rsquo;en est rien. Pire, on peut l\u00e9gitimement se demander si la volont\u00e9 de g\u00e9n\u00e9raliser l&rsquo;allumage diurne des feux de route \u00e0 tous les v\u00e9hicules ne rel\u00e8ve pas, froidement, du processus in\u00e9vitable, celui de la sacro-sainte harmonisation europ\u00e9enne. Et qu&rsquo;importe, finalement, les arguments d\u00e9velopp\u00e9s par chacun. Le d\u00e9bat serait-il tronqu\u00e9 ? <\/p>\n<p>La question m\u00e9rite d&rsquo;\u00eatre pos\u00e9e \u00e0 la lumi\u00e8re de ce nouveau fait d&rsquo;armes: le 6 d\u00e9cembre 2005, le Conseil National de la S\u00e9curit\u00e9 Routi\u00e8re, d\u00e9j\u00e0 auteur d&rsquo;un <a href=\"http:\/\/www.leblogmoto.com\/2005\/11\/feux_de_jour_le.html#comments\">rapport<\/a> sur le sujet, a vot\u00e9, \u00e0 sa majorit\u00e9, pour l&rsquo;adoption de la mesure. Parmi les voix favorables, la F\u00e9d\u00e9ration Fran\u00e7aise de Moto&#8230;&nbsp; <\/p>\n<p>Que les automobilistes n&rsquo;aient que tr\u00e8s peu suivi la recommandation de cet allumage diurne, que des associations de motards se soient \u00e9mues \u00e0 travers diverses manifestations, que, de guerre lasse, l&rsquo;id\u00e9e tombe en d\u00e9su\u00e8tude, tout cela n&rsquo;a pas compt\u00e9 un instant aupr\u00e8s de ces membres qualifi\u00e9s experts. <\/p>\n<p><a href=\"http:\/\/clabedan.typepad.com\/.shared\/image.html?\/photos\/uncategorized\/securout.jpg\"><img loading=\"lazy\" decoding=\"async\" height=\"243\" alt=\"Securout\" src=\"http:\/\/www.leblogmoto.com\/images\/securout.jpg\" width=\"250\"  \/><\/a> Certes, ce vote ne formule qu&rsquo;une recommandation aupr\u00e8s de <a href=\"http:\/\/www.leblogmoto.com\/2005\/06\/scurit_routire__1.html#comments\">l&rsquo;\u00e9x\u00e9cutif<\/a>. Mais elle existe n\u00e9anmoins, et laisse transpara\u00eetre plus une <a href=\"http:\/\/www.leblogmoto.com\/2005\/06\/scurit_routire_.html#comments\">volont\u00e9<\/a> affirm\u00e9e d&rsquo;une recherche d&rsquo;harmonisation de la r\u00e9glementation en mati\u00e8re de circulation plut\u00f4t qu&rsquo;une prise en compte de la situation des usagers.&nbsp; &nbsp;&nbsp; <\/p>\n<p>Le travail de la <a href=\"http:\/\/www.leblogmoto.com\/2005\/09\/la_ffmc_sera_pr.html#comments\">F\u00e9d\u00e9ration Fran\u00e7aise des Motards en Col\u00e8re<\/a> n&rsquo;est donc pas pr\u00eat de s&rsquo;achever. Ladite f\u00e9d\u00e9ration avait d\u00e9j\u00e0 quitt\u00e9, il y a plusieurs mois, le CNSR. Et son ambition est d&rsquo;\u00e9lever le d\u00e9bat au niveau europ\u00e9en. C&rsquo;est sans doute l\u00e0 que tout se jouera.&nbsp;  <\/p>\n<p>SOURCE: www.motomag.com<\/p>\n","protected":false},"excerpt":{"rendered":"<p>On aurait pu croire l&rsquo;id\u00e9e mise en sommeil, mais force est de constater qu&rsquo;il n&rsquo;en est rien. Pire, on peut l\u00e9gitimement se demander si la volont\u00e9 de g\u00e9n\u00e9raliser l&rsquo;allumage diurne des feux de route \u00e0 tous les v\u00e9hicules ne rel\u00e8ve pas, froidement, du processus in\u00e9vitable, celui de la sacro-sainte harmonisation europ\u00e9enne. Et qu&rsquo;importe, finalement, les [&hellip;]<\/p>\n","protected":false},"author":336,"featured_media":0,"comment_status":"open","ping_status":"open","sticky":false,"template":"","format":"standard","meta":{"footnotes":""},"categories":[27],"tags":[],"class_list":["post-2172","post","type-post","status-publish","format-standard","hentry","category-securite"],"yoast_head":"<!-- This site is optimized with the Yoast SEO plugin v26.0 - https:\/\/yoast.com\/wordpress\/plugins\/seo\/ -->\n<title>Feux de jour: Envers et contre tous. - leblogmoto.com<\/title>\n<meta name=\"robots\" content=\"index, follow, max-snippet:-1, max-image-preview:large, max-video-preview:-1\" \/>\n<link rel=\"canonical\" href=\"https:\/\/blogs.thesocialmedia.com\/leblogmoto\/2005\/12\/08\/feux-de-jour-en\/\" \/>\n<meta name=\"twitter:card\" content=\"summary_large_image\" \/>\n<meta name=\"twitter:title\" content=\"Feux de jour: Envers et contre tous. - leblogmoto.com\" \/>\n<meta name=\"twitter:description\" content=\"On aurait pu croire l&rsquo;id\u00e9e mise en sommeil, mais force est de constater qu&rsquo;il n&rsquo;en est rien. Pire, on peut l\u00e9gitimement se demander si la volont\u00e9 de g\u00e9n\u00e9raliser l&rsquo;allumage diurne des feux de route \u00e0 tous les v\u00e9hicules ne rel\u00e8ve pas, froidement, du processus in\u00e9vitable, celui de la sacro-sainte harmonisation europ\u00e9enne. Et qu&rsquo;importe, finalement, les [&hellip;]\" \/>\n<meta name=\"twitter:image\" content=\"http:\/\/www.leblogmoto.com\/images\/autruche_c.gif\" \/>\n<meta name=\"twitter:label1\" content=\"\u00c9crit par\" \/>\n\t<meta name=\"twitter:data1\" content=\"andre leconde\" \/>\n\t<meta name=\"twitter:label2\" content=\"Dur\u00e9e de lecture estim\u00e9e\" \/>\n\t<meta name=\"twitter:data2\" content=\"1 minute\" \/>\n<script type=\"application\/ld+json\" class=\"yoast-schema-graph\">{\"@context\":\"https:\/\/schema.org\",\"@graph\":[{\"@type\":\"WebPage\",\"@id\":\"https:\/\/blogs.thesocialmedia.com\/leblogmoto\/2005\/12\/08\/feux-de-jour-en\/\",\"url\":\"https:\/\/blogs.thesocialmedia.com\/leblogmoto\/2005\/12\/08\/feux-de-jour-en\/\",\"name\":\"Feux de jour: Envers et contre tous. - leblogmoto.com\",\"isPartOf\":{\"@id\":\"https:\/\/blogs.thesocialmedia.com\/leblogmoto\/#website\"},\"primaryImageOfPage\":{\"@id\":\"https:\/\/blogs.thesocialmedia.com\/leblogmoto\/2005\/12\/08\/feux-de-jour-en\/#primaryimage\"},\"image\":{\"@id\":\"https:\/\/blogs.thesocialmedia.com\/leblogmoto\/2005\/12\/08\/feux-de-jour-en\/#primaryimage\"},\"thumbnailUrl\":\"http:\/\/www.leblogmoto.com\/images\/autruche_c.gif\",\"datePublished\":\"2005-12-08T11:19:57+00:00\",\"dateModified\":\"2012-07-11T14:12:36+00:00\",\"author\":{\"@id\":\"https:\/\/blogs.thesocialmedia.com\/leblogmoto\/#\/schema\/person\/1a1dcfc7cec206573105eb4af91155c2\"},\"breadcrumb\":{\"@id\":\"https:\/\/blogs.thesocialmedia.com\/leblogmoto\/2005\/12\/08\/feux-de-jour-en\/#breadcrumb\"},\"inLanguage\":\"fr-FR\",\"potentialAction\":[{\"@type\":\"ReadAction\",\"target\":[\"https:\/\/blogs.thesocialmedia.com\/leblogmoto\/2005\/12\/08\/feux-de-jour-en\/\"]}]},{\"@type\":\"ImageObject\",\"inLanguage\":\"fr-FR\",\"@id\":\"https:\/\/blogs.thesocialmedia.com\/leblogmoto\/2005\/12\/08\/feux-de-jour-en\/#primaryimage\",\"url\":\"http:\/\/www.leblogmoto.com\/images\/autruche_c.gif\",\"contentUrl\":\"http:\/\/www.leblogmoto.com\/images\/autruche_c.gif\"},{\"@type\":\"BreadcrumbList\",\"@id\":\"https:\/\/blogs.thesocialmedia.com\/leblogmoto\/2005\/12\/08\/feux-de-jour-en\/#breadcrumb\",\"itemListElement\":[{\"@type\":\"ListItem\",\"position\":1,\"name\":\"Accueil\",\"item\":\"https:\/\/blogs.thesocialmedia.com\/leblogmoto\/\"},{\"@type\":\"ListItem\",\"position\":2,\"name\":\"Feux de jour: Envers et contre tous.\"}]},{\"@type\":\"WebSite\",\"@id\":\"https:\/\/blogs.thesocialmedia.com\/leblogmoto\/#website\",\"url\":\"https:\/\/blogs.thesocialmedia.com\/leblogmoto\/\",\"name\":\"leblogmoto\",\"description\":\"Toute l&#039;actualit\u00e9 des 2 roues\",\"potentialAction\":[{\"@type\":\"SearchAction\",\"target\":{\"@type\":\"EntryPoint\",\"urlTemplate\":\"https:\/\/blogs.thesocialmedia.com\/leblogmoto\/?s={search_term_string}\"},\"query-input\":{\"@type\":\"PropertyValueSpecification\",\"valueRequired\":true,\"valueName\":\"search_term_string\"}}],\"inLanguage\":\"fr-FR\"},{\"@type\":\"Person\",\"@id\":\"https:\/\/blogs.thesocialmedia.com\/leblogmoto\/#\/schema\/person\/1a1dcfc7cec206573105eb4af91155c2\",\"name\":\"andre leconde\",\"image\":{\"@type\":\"ImageObject\",\"inLanguage\":\"fr-FR\",\"@id\":\"https:\/\/blogs.thesocialmedia.com\/leblogmoto\/#\/schema\/person\/image\/\",\"url\":\"https:\/\/secure.gravatar.com\/avatar\/?s=96&d=mm&r=g\",\"contentUrl\":\"https:\/\/secure.gravatar.com\/avatar\/?s=96&d=mm&r=g\",\"caption\":\"andre leconde\"},\"url\":\"https:\/\/blogs.thesocialmedia.com\/leblogmoto\/author\/andre-leconde\/\"}]}<\/script>\n<!-- \/ Yoast SEO plugin. -->","yoast_head_json":{"title":"Feux de jour: Envers et contre tous. - leblogmoto.com","robots":{"index":"index","follow":"follow","max-snippet":"max-snippet:-1","max-image-preview":"max-image-preview:large","max-video-preview":"max-video-preview:-1"},"canonical":"https:\/\/blogs.thesocialmedia.com\/leblogmoto\/2005\/12\/08\/feux-de-jour-en\/","twitter_card":"summary_large_image","twitter_title":"Feux de jour: Envers et contre tous. - leblogmoto.com","twitter_description":"On aurait pu croire l&rsquo;id\u00e9e mise en sommeil, mais force est de constater qu&rsquo;il n&rsquo;en est rien. Pire, on peut l\u00e9gitimement se demander si la volont\u00e9 de g\u00e9n\u00e9raliser l&rsquo;allumage diurne des feux de route \u00e0 tous les v\u00e9hicules ne rel\u00e8ve pas, froidement, du processus in\u00e9vitable, celui de la sacro-sainte harmonisation europ\u00e9enne. Et qu&rsquo;importe, finalement, les [&hellip;]","twitter_image":"http:\/\/www.leblogmoto.com\/images\/autruche_c.gif","twitter_misc":{"\u00c9crit par":"andre leconde","Dur\u00e9e de lecture estim\u00e9e":"1 minute"},"schema":{"@context":"https:\/\/schema.org","@graph":[{"@type":"WebPage","@id":"https:\/\/blogs.thesocialmedia.com\/leblogmoto\/2005\/12\/08\/feux-de-jour-en\/","url":"https:\/\/blogs.thesocialmedia.com\/leblogmoto\/2005\/12\/08\/feux-de-jour-en\/","name":"Feux de jour: Envers et contre tous. - leblogmoto.com","isPartOf":{"@id":"https:\/\/blogs.thesocialmedia.com\/leblogmoto\/#website"},"primaryImageOfPage":{"@id":"https:\/\/blogs.thesocialmedia.com\/leblogmoto\/2005\/12\/08\/feux-de-jour-en\/#primaryimage"},"image":{"@id":"https:\/\/blogs.thesocialmedia.com\/leblogmoto\/2005\/12\/08\/feux-de-jour-en\/#primaryimage"},"thumbnailUrl":"http:\/\/www.leblogmoto.com\/images\/autruche_c.gif","datePublished":"2005-12-08T11:19:57+00:00","dateModified":"2012-07-11T14:12:36+00:00","author":{"@id":"https:\/\/blogs.thesocialmedia.com\/leblogmoto\/#\/schema\/person\/1a1dcfc7cec206573105eb4af91155c2"},"breadcrumb":{"@id":"https:\/\/blogs.thesocialmedia.com\/leblogmoto\/2005\/12\/08\/feux-de-jour-en\/#breadcrumb"},"inLanguage":"fr-FR","potentialAction":[{"@type":"ReadAction","target":["https:\/\/blogs.thesocialmedia.com\/leblogmoto\/2005\/12\/08\/feux-de-jour-en\/"]}]},{"@type":"ImageObject","inLanguage":"fr-FR","@id":"https:\/\/blogs.thesocialmedia.com\/leblogmoto\/2005\/12\/08\/feux-de-jour-en\/#primaryimage","url":"http:\/\/www.leblogmoto.com\/images\/autruche_c.gif","contentUrl":"http:\/\/www.leblogmoto.com\/images\/autruche_c.gif"},{"@type":"BreadcrumbList","@id":"https:\/\/blogs.thesocialmedia.com\/leblogmoto\/2005\/12\/08\/feux-de-jour-en\/#breadcrumb","itemListElement":[{"@type":"ListItem","position":1,"name":"Accueil","item":"https:\/\/blogs.thesocialmedia.com\/leblogmoto\/"},{"@type":"ListItem","position":2,"name":"Feux de jour: Envers et contre tous."}]},{"@type":"WebSite","@id":"https:\/\/blogs.thesocialmedia.com\/leblogmoto\/#website","url":"https:\/\/blogs.thesocialmedia.com\/leblogmoto\/","name":"leblogmoto","description":"Toute l&#039;actualit\u00e9 des 2 roues","potentialAction":[{"@type":"SearchAction","target":{"@type":"EntryPoint","urlTemplate":"https:\/\/blogs.thesocialmedia.com\/leblogmoto\/?s={search_term_string}"},"query-input":{"@type":"PropertyValueSpecification","valueRequired":true,"valueName":"search_term_string"}}],"inLanguage":"fr-FR"},{"@type":"Person","@id":"https:\/\/blogs.thesocialmedia.com\/leblogmoto\/#\/schema\/person\/1a1dcfc7cec206573105eb4af91155c2","name":"andre leconde","image":{"@type":"ImageObject","inLanguage":"fr-FR","@id":"https:\/\/blogs.thesocialmedia.com\/leblogmoto\/#\/schema\/person\/image\/","url":"https:\/\/secure.gravatar.com\/avatar\/?s=96&d=mm&r=g","contentUrl":"https:\/\/secure.gravatar.com\/avatar\/?s=96&d=mm&r=g","caption":"andre leconde"},"url":"https:\/\/blogs.thesocialmedia.com\/leblogmoto\/author\/andre-leconde\/"}]}},"_links":{"self":[{"href":"https:\/\/blogs.thesocialmedia.com\/leblogmoto\/wp-json\/wp\/v2\/posts\/2172","targetHints":{"allow":["GET"]}}],"collection":[{"href":"https:\/\/blogs.thesocialmedia.com\/leblogmoto\/wp-json\/wp\/v2\/posts"}],"about":[{"href":"https:\/\/blogs.thesocialmedia.com\/leblogmoto\/wp-json\/wp\/v2\/types\/post"}],"author":[{"embeddable":true,"href":"https:\/\/blogs.thesocialmedia.com\/leblogmoto\/wp-json\/wp\/v2\/users\/336"}],"replies":[{"embeddable":true,"href":"https:\/\/blogs.thesocialmedia.com\/leblogmoto\/wp-json\/wp\/v2\/comments?post=2172"}],"version-history":[{"count":2,"href":"https:\/\/blogs.thesocialmedia.com\/leblogmoto\/wp-json\/wp\/v2\/posts\/2172\/revisions"}],"predecessor-version":[{"id":6849,"href":"https:\/\/blogs.thesocialmedia.com\/leblogmoto\/wp-json\/wp\/v2\/posts\/2172\/revisions\/6849"}],"wp:attachment":[{"href":"https:\/\/blogs.thesocialmedia.com\/leblogmoto\/wp-json\/wp\/v2\/media?parent=2172"}],"wp:term":[{"taxonomy":"category","embeddable":true,"href":"https:\/\/blogs.thesocialmedia.com\/leblogmoto\/wp-json\/wp\/v2\/categories?post=2172"},{"taxonomy":"post_tag","embeddable":true,"href":"https:\/\/blogs.thesocialmedia.com\/leblogmoto\/wp-json\/wp\/v2\/tags?post=2172"}],"curies":[{"name":"wp","href":"https:\/\/api.w.org\/{rel}","templated":true}]}}