{"id":2174,"date":"2005-12-06T17:18:10","date_gmt":"2005-12-06T17:18:10","guid":{"rendered":"http:\/\/blogs.thesocialmedia.com\/leblogmoto\/2005\/12\/06\/guzzi-calif-vin\/"},"modified":"2012-07-11T13:21:27","modified_gmt":"2012-07-11T13:21:27","slug":"guzzi-calif-vin","status":"publish","type":"post","link":"https:\/\/blogs.thesocialmedia.com\/leblogmoto\/2005\/12\/06\/guzzi-calif-vin\/","title":{"rendered":"Guzzi Calif Vintage: retour vers le futur."},"content":{"rendered":"<p><a href=\"http:\/\/clabedan.typepad.com\/.shared\/image.html?\/photos\/uncategorized\/calivintage_01.jpeg\"><img loading=\"lazy\" decoding=\"async\" height=\"187\" alt=\"Calivintage_01\" src=\"http:\/\/www.leblogmoto.com\/images\/calivintage_01.jpeg\" width=\"250\"  \/><\/a> Apr\u00e8s le souffle nouveau pouss\u00e9 par les <a href=\"http:\/\/www.leblogmoto.com\/2005\/09\/moto_guzzi_brev.html#comments\">Brera<\/a>, <a href=\"http:\/\/www.leblogmoto.com\/2005\/12\/moto_guzzi_norg.html#comments\">Norge<\/a> et autre <a href=\"http:\/\/www.leblogmoto.com\/2005\/09\/moto_guzzi_brev.html#comments\">Griso<\/a>, on aurait pu craindre que la firme de Mandello del Lario tourne une page d\u00e9finitive de son Histoire, en tirant un trait sec sur ses pr\u00e9c\u00e9dentes productions, si sp\u00e9cifiques car sans concession. Que nenni ! Car voici pour notre plus grande joie, un toilettage r\u00e9ussi de l&rsquo;incontournable &quot;Calif&quot;, au catalogue depuis pas moins de 35 ann\u00e9es. Miracle de la modernit\u00e9, elle devient m\u00eame accessible au tout \u00e0 chacun&#8230;&nbsp; &nbsp;&nbsp; &nbsp; <\/p>\n<p><a href=\"http:\/\/clabedan.typepad.com\/.shared\/image.html?\/photos\/uncategorized\/motoguzzicalifornia.jpg\"><img loading=\"lazy\" decoding=\"async\" height=\"180\" alt=\"Motoguzzicalifornia\" src=\"http:\/\/www.leblogmoto.com\/images\/motoguzzicalifornia.jpg\" width=\"250\"  \/><\/a> Pour bien en imposer \u00e0 ses cadettes de catalogue, elle s&rsquo;affuble du titre de &quot;Vintage&quot; et re\u00e7oit une greffe d&rsquo;organes qui devrait lui permettre de traverser encore les d\u00e9cennies. Car, sous sa robe traditionnelle, cette &quot;Calif&quot; adopte la m\u00e9canique de la&nbsp; <a href=\"http:\/\/www.leblogmoto.com\/2005\/09\/moto_guzzi_brev.html#comments\">V 1100 Breva<\/a>. 74 ch \u00e0 6 400 tr\/mn, un couple de 94 Nm \u00e0 5 000 tr\/mn, un poids de 263 kgs \u00e0 sec, la philosophie est respect\u00e9e: la &quot;Calif&quot;, c&rsquo;est une mani\u00e8re de rouler, la &quot;tourer&quot; de r\u00e9f\u00e9rence.<\/p>\n<p>Le reste ne change pas: saute-vent, roues \u00e0 rayons, du chrome, des sacoches fixes, couleur deux tons, noir et blanc. Sauf qu&rsquo;elle devient plus facile \u00e0 vivre et \u00e0 emmener. Un bel hommage, en effet, mais pas de tarif affich\u00e9. Alors, comme le P\u00e8re No\u00ebl existe, on peut la lui commander et la retrouver, ainsi, dans son jardin, le 25 d\u00e9cembre au matin&#8230;&nbsp; &nbsp;<\/p>\n<p>SOURCE: www.motards-online.com<\/p>\n","protected":false},"excerpt":{"rendered":"<p>Apr\u00e8s le souffle nouveau pouss\u00e9 par les Brera, Norge et autre Griso, on aurait pu craindre que la firme de Mandello del Lario tourne une page d\u00e9finitive de son Histoire, en tirant un trait sec sur ses pr\u00e9c\u00e9dentes productions, si sp\u00e9cifiques car sans concession. Que nenni ! Car voici pour notre plus grande joie, un [&hellip;]<\/p>\n","protected":false},"author":336,"featured_media":0,"comment_status":"open","ping_status":"open","sticky":false,"template":"","format":"standard","meta":{"footnotes":""},"categories":[35],"tags":[],"class_list":["post-2174","post","type-post","status-publish","format-standard","hentry","category-moto-guzzi"],"yoast_head":"<!-- This site is optimized with the Yoast SEO plugin v26.0 - https:\/\/yoast.com\/wordpress\/plugins\/seo\/ -->\n<title>Guzzi Calif Vintage: retour vers le futur. - leblogmoto.com<\/title>\n<meta name=\"robots\" content=\"index, follow, max-snippet:-1, max-image-preview:large, max-video-preview:-1\" \/>\n<link rel=\"canonical\" href=\"https:\/\/blogs.thesocialmedia.com\/leblogmoto\/2005\/12\/06\/guzzi-calif-vin\/\" \/>\n<meta name=\"twitter:card\" content=\"summary_large_image\" \/>\n<meta name=\"twitter:title\" content=\"Guzzi Calif Vintage: retour vers le futur. - leblogmoto.com\" \/>\n<meta name=\"twitter:description\" content=\"Apr\u00e8s le souffle nouveau pouss\u00e9 par les Brera, Norge et autre Griso, on aurait pu craindre que la firme de Mandello del Lario tourne une page d\u00e9finitive de son Histoire, en tirant un trait sec sur ses pr\u00e9c\u00e9dentes productions, si sp\u00e9cifiques car sans concession. Que nenni ! Car voici pour notre plus grande joie, un [&hellip;]\" \/>\n<meta name=\"twitter:image\" content=\"http:\/\/www.leblogmoto.com\/images\/calivintage_01.jpeg\" \/>\n<meta name=\"twitter:label1\" content=\"\u00c9crit par\" \/>\n\t<meta name=\"twitter:data1\" content=\"andre leconde\" \/>\n\t<meta name=\"twitter:label2\" content=\"Dur\u00e9e de lecture estim\u00e9e\" \/>\n\t<meta name=\"twitter:data2\" content=\"1 minute\" \/>\n<script type=\"application\/ld+json\" class=\"yoast-schema-graph\">{\"@context\":\"https:\/\/schema.org\",\"@graph\":[{\"@type\":\"WebPage\",\"@id\":\"https:\/\/blogs.thesocialmedia.com\/leblogmoto\/2005\/12\/06\/guzzi-calif-vin\/\",\"url\":\"https:\/\/blogs.thesocialmedia.com\/leblogmoto\/2005\/12\/06\/guzzi-calif-vin\/\",\"name\":\"Guzzi Calif Vintage: retour vers le futur. - leblogmoto.com\",\"isPartOf\":{\"@id\":\"https:\/\/blogs.thesocialmedia.com\/leblogmoto\/#website\"},\"primaryImageOfPage\":{\"@id\":\"https:\/\/blogs.thesocialmedia.com\/leblogmoto\/2005\/12\/06\/guzzi-calif-vin\/#primaryimage\"},\"image\":{\"@id\":\"https:\/\/blogs.thesocialmedia.com\/leblogmoto\/2005\/12\/06\/guzzi-calif-vin\/#primaryimage\"},\"thumbnailUrl\":\"http:\/\/www.leblogmoto.com\/images\/calivintage_01.jpeg\",\"datePublished\":\"2005-12-06T17:18:10+00:00\",\"dateModified\":\"2012-07-11T13:21:27+00:00\",\"author\":{\"@id\":\"https:\/\/blogs.thesocialmedia.com\/leblogmoto\/#\/schema\/person\/1a1dcfc7cec206573105eb4af91155c2\"},\"breadcrumb\":{\"@id\":\"https:\/\/blogs.thesocialmedia.com\/leblogmoto\/2005\/12\/06\/guzzi-calif-vin\/#breadcrumb\"},\"inLanguage\":\"fr-FR\",\"potentialAction\":[{\"@type\":\"ReadAction\",\"target\":[\"https:\/\/blogs.thesocialmedia.com\/leblogmoto\/2005\/12\/06\/guzzi-calif-vin\/\"]}]},{\"@type\":\"ImageObject\",\"inLanguage\":\"fr-FR\",\"@id\":\"https:\/\/blogs.thesocialmedia.com\/leblogmoto\/2005\/12\/06\/guzzi-calif-vin\/#primaryimage\",\"url\":\"http:\/\/www.leblogmoto.com\/images\/calivintage_01.jpeg\",\"contentUrl\":\"http:\/\/www.leblogmoto.com\/images\/calivintage_01.jpeg\"},{\"@type\":\"BreadcrumbList\",\"@id\":\"https:\/\/blogs.thesocialmedia.com\/leblogmoto\/2005\/12\/06\/guzzi-calif-vin\/#breadcrumb\",\"itemListElement\":[{\"@type\":\"ListItem\",\"position\":1,\"name\":\"Accueil\",\"item\":\"https:\/\/blogs.thesocialmedia.com\/leblogmoto\/\"},{\"@type\":\"ListItem\",\"position\":2,\"name\":\"Guzzi Calif Vintage: retour vers le futur.\"}]},{\"@type\":\"WebSite\",\"@id\":\"https:\/\/blogs.thesocialmedia.com\/leblogmoto\/#website\",\"url\":\"https:\/\/blogs.thesocialmedia.com\/leblogmoto\/\",\"name\":\"leblogmoto\",\"description\":\"Toute l&#039;actualit\u00e9 des 2 roues\",\"potentialAction\":[{\"@type\":\"SearchAction\",\"target\":{\"@type\":\"EntryPoint\",\"urlTemplate\":\"https:\/\/blogs.thesocialmedia.com\/leblogmoto\/?s={search_term_string}\"},\"query-input\":{\"@type\":\"PropertyValueSpecification\",\"valueRequired\":true,\"valueName\":\"search_term_string\"}}],\"inLanguage\":\"fr-FR\"},{\"@type\":\"Person\",\"@id\":\"https:\/\/blogs.thesocialmedia.com\/leblogmoto\/#\/schema\/person\/1a1dcfc7cec206573105eb4af91155c2\",\"name\":\"andre leconde\",\"image\":{\"@type\":\"ImageObject\",\"inLanguage\":\"fr-FR\",\"@id\":\"https:\/\/blogs.thesocialmedia.com\/leblogmoto\/#\/schema\/person\/image\/\",\"url\":\"https:\/\/secure.gravatar.com\/avatar\/?s=96&d=mm&r=g\",\"contentUrl\":\"https:\/\/secure.gravatar.com\/avatar\/?s=96&d=mm&r=g\",\"caption\":\"andre leconde\"},\"url\":\"https:\/\/blogs.thesocialmedia.com\/leblogmoto\/author\/andre-leconde\/\"}]}<\/script>\n<!-- \/ Yoast SEO plugin. -->","yoast_head_json":{"title":"Guzzi Calif Vintage: retour vers le futur. - leblogmoto.com","robots":{"index":"index","follow":"follow","max-snippet":"max-snippet:-1","max-image-preview":"max-image-preview:large","max-video-preview":"max-video-preview:-1"},"canonical":"https:\/\/blogs.thesocialmedia.com\/leblogmoto\/2005\/12\/06\/guzzi-calif-vin\/","twitter_card":"summary_large_image","twitter_title":"Guzzi Calif Vintage: retour vers le futur. - leblogmoto.com","twitter_description":"Apr\u00e8s le souffle nouveau pouss\u00e9 par les Brera, Norge et autre Griso, on aurait pu craindre que la firme de Mandello del Lario tourne une page d\u00e9finitive de son Histoire, en tirant un trait sec sur ses pr\u00e9c\u00e9dentes productions, si sp\u00e9cifiques car sans concession. Que nenni ! Car voici pour notre plus grande joie, un [&hellip;]","twitter_image":"http:\/\/www.leblogmoto.com\/images\/calivintage_01.jpeg","twitter_misc":{"\u00c9crit par":"andre leconde","Dur\u00e9e de lecture estim\u00e9e":"1 minute"},"schema":{"@context":"https:\/\/schema.org","@graph":[{"@type":"WebPage","@id":"https:\/\/blogs.thesocialmedia.com\/leblogmoto\/2005\/12\/06\/guzzi-calif-vin\/","url":"https:\/\/blogs.thesocialmedia.com\/leblogmoto\/2005\/12\/06\/guzzi-calif-vin\/","name":"Guzzi Calif Vintage: retour vers le futur. - leblogmoto.com","isPartOf":{"@id":"https:\/\/blogs.thesocialmedia.com\/leblogmoto\/#website"},"primaryImageOfPage":{"@id":"https:\/\/blogs.thesocialmedia.com\/leblogmoto\/2005\/12\/06\/guzzi-calif-vin\/#primaryimage"},"image":{"@id":"https:\/\/blogs.thesocialmedia.com\/leblogmoto\/2005\/12\/06\/guzzi-calif-vin\/#primaryimage"},"thumbnailUrl":"http:\/\/www.leblogmoto.com\/images\/calivintage_01.jpeg","datePublished":"2005-12-06T17:18:10+00:00","dateModified":"2012-07-11T13:21:27+00:00","author":{"@id":"https:\/\/blogs.thesocialmedia.com\/leblogmoto\/#\/schema\/person\/1a1dcfc7cec206573105eb4af91155c2"},"breadcrumb":{"@id":"https:\/\/blogs.thesocialmedia.com\/leblogmoto\/2005\/12\/06\/guzzi-calif-vin\/#breadcrumb"},"inLanguage":"fr-FR","potentialAction":[{"@type":"ReadAction","target":["https:\/\/blogs.thesocialmedia.com\/leblogmoto\/2005\/12\/06\/guzzi-calif-vin\/"]}]},{"@type":"ImageObject","inLanguage":"fr-FR","@id":"https:\/\/blogs.thesocialmedia.com\/leblogmoto\/2005\/12\/06\/guzzi-calif-vin\/#primaryimage","url":"http:\/\/www.leblogmoto.com\/images\/calivintage_01.jpeg","contentUrl":"http:\/\/www.leblogmoto.com\/images\/calivintage_01.jpeg"},{"@type":"BreadcrumbList","@id":"https:\/\/blogs.thesocialmedia.com\/leblogmoto\/2005\/12\/06\/guzzi-calif-vin\/#breadcrumb","itemListElement":[{"@type":"ListItem","position":1,"name":"Accueil","item":"https:\/\/blogs.thesocialmedia.com\/leblogmoto\/"},{"@type":"ListItem","position":2,"name":"Guzzi Calif Vintage: retour vers le futur."}]},{"@type":"WebSite","@id":"https:\/\/blogs.thesocialmedia.com\/leblogmoto\/#website","url":"https:\/\/blogs.thesocialmedia.com\/leblogmoto\/","name":"leblogmoto","description":"Toute l&#039;actualit\u00e9 des 2 roues","potentialAction":[{"@type":"SearchAction","target":{"@type":"EntryPoint","urlTemplate":"https:\/\/blogs.thesocialmedia.com\/leblogmoto\/?s={search_term_string}"},"query-input":{"@type":"PropertyValueSpecification","valueRequired":true,"valueName":"search_term_string"}}],"inLanguage":"fr-FR"},{"@type":"Person","@id":"https:\/\/blogs.thesocialmedia.com\/leblogmoto\/#\/schema\/person\/1a1dcfc7cec206573105eb4af91155c2","name":"andre leconde","image":{"@type":"ImageObject","inLanguage":"fr-FR","@id":"https:\/\/blogs.thesocialmedia.com\/leblogmoto\/#\/schema\/person\/image\/","url":"https:\/\/secure.gravatar.com\/avatar\/?s=96&d=mm&r=g","contentUrl":"https:\/\/secure.gravatar.com\/avatar\/?s=96&d=mm&r=g","caption":"andre leconde"},"url":"https:\/\/blogs.thesocialmedia.com\/leblogmoto\/author\/andre-leconde\/"}]}},"_links":{"self":[{"href":"https:\/\/blogs.thesocialmedia.com\/leblogmoto\/wp-json\/wp\/v2\/posts\/2174","targetHints":{"allow":["GET"]}}],"collection":[{"href":"https:\/\/blogs.thesocialmedia.com\/leblogmoto\/wp-json\/wp\/v2\/posts"}],"about":[{"href":"https:\/\/blogs.thesocialmedia.com\/leblogmoto\/wp-json\/wp\/v2\/types\/post"}],"author":[{"embeddable":true,"href":"https:\/\/blogs.thesocialmedia.com\/leblogmoto\/wp-json\/wp\/v2\/users\/336"}],"replies":[{"embeddable":true,"href":"https:\/\/blogs.thesocialmedia.com\/leblogmoto\/wp-json\/wp\/v2\/comments?post=2174"}],"version-history":[{"count":1,"href":"https:\/\/blogs.thesocialmedia.com\/leblogmoto\/wp-json\/wp\/v2\/posts\/2174\/revisions"}],"predecessor-version":[{"id":3004,"href":"https:\/\/blogs.thesocialmedia.com\/leblogmoto\/wp-json\/wp\/v2\/posts\/2174\/revisions\/3004"}],"wp:attachment":[{"href":"https:\/\/blogs.thesocialmedia.com\/leblogmoto\/wp-json\/wp\/v2\/media?parent=2174"}],"wp:term":[{"taxonomy":"category","embeddable":true,"href":"https:\/\/blogs.thesocialmedia.com\/leblogmoto\/wp-json\/wp\/v2\/categories?post=2174"},{"taxonomy":"post_tag","embeddable":true,"href":"https:\/\/blogs.thesocialmedia.com\/leblogmoto\/wp-json\/wp\/v2\/tags?post=2174"}],"curies":[{"name":"wp","href":"https:\/\/api.w.org\/{rel}","templated":true}]}}