{"id":2175,"date":"2005-12-06T11:58:17","date_gmt":"2005-12-06T11:58:17","guid":{"rendered":"http:\/\/blogs.thesocialmedia.com\/leblogmoto\/2005\/12\/06\/la-guerre-des-t\/"},"modified":"2012-07-11T14:12:33","modified_gmt":"2012-07-11T14:12:33","slug":"la-guerre-des-t","status":"publish","type":"post","link":"https:\/\/blogs.thesocialmedia.com\/leblogmoto\/2005\/12\/06\/la-guerre-des-t\/","title":{"rendered":"La guerre des Troy a commenc\u00e9."},"content":{"rendered":"<p><a href=\"http:\/\/blogs.thesocialmedia.com\/leblogmoto\/files\/2012\/07\/corser_1.jpg\"><img loading=\"lazy\" decoding=\"async\" height=\"346\" alt=\"Corser_1\" src=\"http:\/\/www.leblogmoto.com\/images\/corser_1.jpg\" width=\"250\"  \/><\/a> <a href=\"http:\/\/www.leblogmoto.com\/2005\/11\/rgis_passe_au_v.html\">Le plateau SBK<\/a> s&rsquo;est retrouv\u00e9, en ce d\u00e9but de semaine, sur le circuit de Losail au Qatar, pour les tests Pirelli, en vue de la pr\u00e9paration de l&rsquo;exercice 2006.<\/p>\n<p>La saison \u00e0 venir devrait \u00eatre d&rsquo;un grand cru. Nonobstant les valeurs s\u00fbres que sont <a href=\"http:\/\/www.leblogmoto.com\/2005\/10\/superbike_troy_.html#comments\">le champion en titre CORSER<\/a>, le trublion HAGA, le teigneux TOSELAND ou le prometteur LANZI, voici que DUCATI a fait revenir BAYLISS \u00e0 ses premi\u00e8res amours. Et le champion de la discipline 2001 a bien l&rsquo;intention de redorer un blason quelque peu terni par une pige en Motogp en demi-teinte&#8230; <\/p>\n<p><a href=\"http:\/\/clabedan.typepad.com\/.shared\/image.html?\/photos\/uncategorized\/bayliss01.jpg\"><img loading=\"lazy\" decoding=\"async\" height=\"395\" alt=\"Bayliss01\" src=\"http:\/\/www.leblogmoto.com\/images\/bayliss01.jpg\" width=\"250\"  \/><\/a> Pendant les deux journ\u00e9es, <a href=\"http:\/\/www.leblogmoto.com\/2005\/11\/superbike_corse.html#comments\">CORSER<\/a> a termin\u00e9 en haut de l&rsquo;affiche bien que <a href=\"http:\/\/www.leblogmoto.com\/2005\/09\/superbike_premi.html#comments\">LANZI<\/a> et BAYLISS n&rsquo;aient pas m\u00e9nag\u00e9 leurs peines pour l&rsquo;en d\u00e9loger. La preuve en est que les chronos de ce trio sont descendus en de\u00e7a des 2 minutes, soit pr\u00e8s de deux secondes plus rapides que ceux align\u00e9s en f\u00e9vrier 2005. Le constat est que les Troy ont faim l&rsquo;un de l&rsquo;autre, et que Lorenzo ne s&rsquo;en laissera pas compter; de bonne augure pour la suite.<\/p>\n<p>TOSELAND, qui a rejoint HONDA Ten Kate et MUGGERIDGE, d\u00e9couvre son environnement. Nul doute que cette paire saura faire parler la poudre une fois tous les \u00e9l\u00e9ments en place. L&rsquo;inqui\u00e8tude viendrait plut\u00f4t de <a href=\"http:\/\/www.leblogmoto.com\/2005\/11\/haga_et_pitt_po.html#comments\">YAMAHA<\/a> dont la machine n&rsquo;a satisfait ni PITT, ni HAGA. Le premier s&rsquo;est m\u00eame retrouv\u00e9 sous la menace des modestes Foggy Petronas au chrono. <\/p>\n<p>Pour ces courtes retrouvailles, il manquait quand m\u00eame KAWASAKI, qui a pr\u00e9f\u00e9r\u00e9 rester sur le vieux continent pour parfaire la construction de sa nouvelle ZX 10 R. Esp\u00e9rons, pour <a href=\"http:\/\/www.leblogmoto.com\/2005\/11\/superbike_rgis_.html#comments\">R\u00e9gis<\/a>, qu&rsquo;il ne s&rsquo;agisse que d&rsquo;un malheureux contre-temps&#8230;&nbsp; &nbsp; <\/p>\n","protected":false},"excerpt":{"rendered":"<p>Le plateau SBK s&rsquo;est retrouv\u00e9, en ce d\u00e9but de semaine, sur le circuit de Losail au Qatar, pour les tests Pirelli, en vue de la pr\u00e9paration de l&rsquo;exercice 2006. La saison \u00e0 venir devrait \u00eatre d&rsquo;un grand cru. Nonobstant les valeurs s\u00fbres que sont le champion en titre CORSER, le trublion HAGA, le teigneux TOSELAND [&hellip;]<\/p>\n","protected":false},"author":336,"featured_media":0,"comment_status":"open","ping_status":"open","sticky":false,"template":"","format":"standard","meta":{"footnotes":""},"categories":[46],"tags":[],"class_list":["post-2175","post","type-post","status-publish","format-standard","hentry","category-superbike"],"yoast_head":"<!-- This site is optimized with the Yoast SEO plugin v26.0 - https:\/\/yoast.com\/wordpress\/plugins\/seo\/ -->\n<title>La guerre des Troy a commenc\u00e9. - leblogmoto.com<\/title>\n<meta name=\"robots\" content=\"index, follow, max-snippet:-1, max-image-preview:large, max-video-preview:-1\" \/>\n<link rel=\"canonical\" href=\"https:\/\/blogs.thesocialmedia.com\/leblogmoto\/2005\/12\/06\/la-guerre-des-t\/\" \/>\n<meta name=\"twitter:card\" content=\"summary_large_image\" \/>\n<meta name=\"twitter:title\" content=\"La guerre des Troy a commenc\u00e9. - leblogmoto.com\" \/>\n<meta name=\"twitter:description\" content=\"Le plateau SBK s&rsquo;est retrouv\u00e9, en ce d\u00e9but de semaine, sur le circuit de Losail au Qatar, pour les tests Pirelli, en vue de la pr\u00e9paration de l&rsquo;exercice 2006. La saison \u00e0 venir devrait \u00eatre d&rsquo;un grand cru. Nonobstant les valeurs s\u00fbres que sont le champion en titre CORSER, le trublion HAGA, le teigneux TOSELAND [&hellip;]\" \/>\n<meta name=\"twitter:image\" content=\"http:\/\/www.leblogmoto.com\/images\/corser_1.jpg\" \/>\n<meta name=\"twitter:label1\" content=\"\u00c9crit par\" \/>\n\t<meta name=\"twitter:data1\" content=\"andre leconde\" \/>\n\t<meta name=\"twitter:label2\" content=\"Dur\u00e9e de lecture estim\u00e9e\" \/>\n\t<meta name=\"twitter:data2\" content=\"1 minute\" \/>\n<script type=\"application\/ld+json\" class=\"yoast-schema-graph\">{\"@context\":\"https:\/\/schema.org\",\"@graph\":[{\"@type\":\"WebPage\",\"@id\":\"https:\/\/blogs.thesocialmedia.com\/leblogmoto\/2005\/12\/06\/la-guerre-des-t\/\",\"url\":\"https:\/\/blogs.thesocialmedia.com\/leblogmoto\/2005\/12\/06\/la-guerre-des-t\/\",\"name\":\"La guerre des Troy a commenc\u00e9. - leblogmoto.com\",\"isPartOf\":{\"@id\":\"https:\/\/blogs.thesocialmedia.com\/leblogmoto\/#website\"},\"primaryImageOfPage\":{\"@id\":\"https:\/\/blogs.thesocialmedia.com\/leblogmoto\/2005\/12\/06\/la-guerre-des-t\/#primaryimage\"},\"image\":{\"@id\":\"https:\/\/blogs.thesocialmedia.com\/leblogmoto\/2005\/12\/06\/la-guerre-des-t\/#primaryimage\"},\"thumbnailUrl\":\"http:\/\/www.leblogmoto.com\/images\/corser_1.jpg\",\"datePublished\":\"2005-12-06T11:58:17+00:00\",\"dateModified\":\"2012-07-11T14:12:33+00:00\",\"author\":{\"@id\":\"https:\/\/blogs.thesocialmedia.com\/leblogmoto\/#\/schema\/person\/1a1dcfc7cec206573105eb4af91155c2\"},\"breadcrumb\":{\"@id\":\"https:\/\/blogs.thesocialmedia.com\/leblogmoto\/2005\/12\/06\/la-guerre-des-t\/#breadcrumb\"},\"inLanguage\":\"fr-FR\",\"potentialAction\":[{\"@type\":\"ReadAction\",\"target\":[\"https:\/\/blogs.thesocialmedia.com\/leblogmoto\/2005\/12\/06\/la-guerre-des-t\/\"]}]},{\"@type\":\"ImageObject\",\"inLanguage\":\"fr-FR\",\"@id\":\"https:\/\/blogs.thesocialmedia.com\/leblogmoto\/2005\/12\/06\/la-guerre-des-t\/#primaryimage\",\"url\":\"http:\/\/www.leblogmoto.com\/images\/corser_1.jpg\",\"contentUrl\":\"http:\/\/www.leblogmoto.com\/images\/corser_1.jpg\"},{\"@type\":\"BreadcrumbList\",\"@id\":\"https:\/\/blogs.thesocialmedia.com\/leblogmoto\/2005\/12\/06\/la-guerre-des-t\/#breadcrumb\",\"itemListElement\":[{\"@type\":\"ListItem\",\"position\":1,\"name\":\"Accueil\",\"item\":\"https:\/\/blogs.thesocialmedia.com\/leblogmoto\/\"},{\"@type\":\"ListItem\",\"position\":2,\"name\":\"La guerre des Troy a commenc\u00e9.\"}]},{\"@type\":\"WebSite\",\"@id\":\"https:\/\/blogs.thesocialmedia.com\/leblogmoto\/#website\",\"url\":\"https:\/\/blogs.thesocialmedia.com\/leblogmoto\/\",\"name\":\"leblogmoto\",\"description\":\"Toute l&#039;actualit\u00e9 des 2 roues\",\"potentialAction\":[{\"@type\":\"SearchAction\",\"target\":{\"@type\":\"EntryPoint\",\"urlTemplate\":\"https:\/\/blogs.thesocialmedia.com\/leblogmoto\/?s={search_term_string}\"},\"query-input\":{\"@type\":\"PropertyValueSpecification\",\"valueRequired\":true,\"valueName\":\"search_term_string\"}}],\"inLanguage\":\"fr-FR\"},{\"@type\":\"Person\",\"@id\":\"https:\/\/blogs.thesocialmedia.com\/leblogmoto\/#\/schema\/person\/1a1dcfc7cec206573105eb4af91155c2\",\"name\":\"andre leconde\",\"image\":{\"@type\":\"ImageObject\",\"inLanguage\":\"fr-FR\",\"@id\":\"https:\/\/blogs.thesocialmedia.com\/leblogmoto\/#\/schema\/person\/image\/\",\"url\":\"https:\/\/secure.gravatar.com\/avatar\/?s=96&d=mm&r=g\",\"contentUrl\":\"https:\/\/secure.gravatar.com\/avatar\/?s=96&d=mm&r=g\",\"caption\":\"andre leconde\"},\"url\":\"https:\/\/blogs.thesocialmedia.com\/leblogmoto\/author\/andre-leconde\/\"}]}<\/script>\n<!-- \/ Yoast SEO plugin. -->","yoast_head_json":{"title":"La guerre des Troy a commenc\u00e9. - leblogmoto.com","robots":{"index":"index","follow":"follow","max-snippet":"max-snippet:-1","max-image-preview":"max-image-preview:large","max-video-preview":"max-video-preview:-1"},"canonical":"https:\/\/blogs.thesocialmedia.com\/leblogmoto\/2005\/12\/06\/la-guerre-des-t\/","twitter_card":"summary_large_image","twitter_title":"La guerre des Troy a commenc\u00e9. - leblogmoto.com","twitter_description":"Le plateau SBK s&rsquo;est retrouv\u00e9, en ce d\u00e9but de semaine, sur le circuit de Losail au Qatar, pour les tests Pirelli, en vue de la pr\u00e9paration de l&rsquo;exercice 2006. La saison \u00e0 venir devrait \u00eatre d&rsquo;un grand cru. Nonobstant les valeurs s\u00fbres que sont le champion en titre CORSER, le trublion HAGA, le teigneux TOSELAND [&hellip;]","twitter_image":"http:\/\/www.leblogmoto.com\/images\/corser_1.jpg","twitter_misc":{"\u00c9crit par":"andre leconde","Dur\u00e9e de lecture estim\u00e9e":"1 minute"},"schema":{"@context":"https:\/\/schema.org","@graph":[{"@type":"WebPage","@id":"https:\/\/blogs.thesocialmedia.com\/leblogmoto\/2005\/12\/06\/la-guerre-des-t\/","url":"https:\/\/blogs.thesocialmedia.com\/leblogmoto\/2005\/12\/06\/la-guerre-des-t\/","name":"La guerre des Troy a commenc\u00e9. - leblogmoto.com","isPartOf":{"@id":"https:\/\/blogs.thesocialmedia.com\/leblogmoto\/#website"},"primaryImageOfPage":{"@id":"https:\/\/blogs.thesocialmedia.com\/leblogmoto\/2005\/12\/06\/la-guerre-des-t\/#primaryimage"},"image":{"@id":"https:\/\/blogs.thesocialmedia.com\/leblogmoto\/2005\/12\/06\/la-guerre-des-t\/#primaryimage"},"thumbnailUrl":"http:\/\/www.leblogmoto.com\/images\/corser_1.jpg","datePublished":"2005-12-06T11:58:17+00:00","dateModified":"2012-07-11T14:12:33+00:00","author":{"@id":"https:\/\/blogs.thesocialmedia.com\/leblogmoto\/#\/schema\/person\/1a1dcfc7cec206573105eb4af91155c2"},"breadcrumb":{"@id":"https:\/\/blogs.thesocialmedia.com\/leblogmoto\/2005\/12\/06\/la-guerre-des-t\/#breadcrumb"},"inLanguage":"fr-FR","potentialAction":[{"@type":"ReadAction","target":["https:\/\/blogs.thesocialmedia.com\/leblogmoto\/2005\/12\/06\/la-guerre-des-t\/"]}]},{"@type":"ImageObject","inLanguage":"fr-FR","@id":"https:\/\/blogs.thesocialmedia.com\/leblogmoto\/2005\/12\/06\/la-guerre-des-t\/#primaryimage","url":"http:\/\/www.leblogmoto.com\/images\/corser_1.jpg","contentUrl":"http:\/\/www.leblogmoto.com\/images\/corser_1.jpg"},{"@type":"BreadcrumbList","@id":"https:\/\/blogs.thesocialmedia.com\/leblogmoto\/2005\/12\/06\/la-guerre-des-t\/#breadcrumb","itemListElement":[{"@type":"ListItem","position":1,"name":"Accueil","item":"https:\/\/blogs.thesocialmedia.com\/leblogmoto\/"},{"@type":"ListItem","position":2,"name":"La guerre des Troy a commenc\u00e9."}]},{"@type":"WebSite","@id":"https:\/\/blogs.thesocialmedia.com\/leblogmoto\/#website","url":"https:\/\/blogs.thesocialmedia.com\/leblogmoto\/","name":"leblogmoto","description":"Toute l&#039;actualit\u00e9 des 2 roues","potentialAction":[{"@type":"SearchAction","target":{"@type":"EntryPoint","urlTemplate":"https:\/\/blogs.thesocialmedia.com\/leblogmoto\/?s={search_term_string}"},"query-input":{"@type":"PropertyValueSpecification","valueRequired":true,"valueName":"search_term_string"}}],"inLanguage":"fr-FR"},{"@type":"Person","@id":"https:\/\/blogs.thesocialmedia.com\/leblogmoto\/#\/schema\/person\/1a1dcfc7cec206573105eb4af91155c2","name":"andre leconde","image":{"@type":"ImageObject","inLanguage":"fr-FR","@id":"https:\/\/blogs.thesocialmedia.com\/leblogmoto\/#\/schema\/person\/image\/","url":"https:\/\/secure.gravatar.com\/avatar\/?s=96&d=mm&r=g","contentUrl":"https:\/\/secure.gravatar.com\/avatar\/?s=96&d=mm&r=g","caption":"andre leconde"},"url":"https:\/\/blogs.thesocialmedia.com\/leblogmoto\/author\/andre-leconde\/"}]}},"_links":{"self":[{"href":"https:\/\/blogs.thesocialmedia.com\/leblogmoto\/wp-json\/wp\/v2\/posts\/2175","targetHints":{"allow":["GET"]}}],"collection":[{"href":"https:\/\/blogs.thesocialmedia.com\/leblogmoto\/wp-json\/wp\/v2\/posts"}],"about":[{"href":"https:\/\/blogs.thesocialmedia.com\/leblogmoto\/wp-json\/wp\/v2\/types\/post"}],"author":[{"embeddable":true,"href":"https:\/\/blogs.thesocialmedia.com\/leblogmoto\/wp-json\/wp\/v2\/users\/336"}],"replies":[{"embeddable":true,"href":"https:\/\/blogs.thesocialmedia.com\/leblogmoto\/wp-json\/wp\/v2\/comments?post=2175"}],"version-history":[{"count":2,"href":"https:\/\/blogs.thesocialmedia.com\/leblogmoto\/wp-json\/wp\/v2\/posts\/2175\/revisions"}],"predecessor-version":[{"id":6845,"href":"https:\/\/blogs.thesocialmedia.com\/leblogmoto\/wp-json\/wp\/v2\/posts\/2175\/revisions\/6845"}],"wp:attachment":[{"href":"https:\/\/blogs.thesocialmedia.com\/leblogmoto\/wp-json\/wp\/v2\/media?parent=2175"}],"wp:term":[{"taxonomy":"category","embeddable":true,"href":"https:\/\/blogs.thesocialmedia.com\/leblogmoto\/wp-json\/wp\/v2\/categories?post=2175"},{"taxonomy":"post_tag","embeddable":true,"href":"https:\/\/blogs.thesocialmedia.com\/leblogmoto\/wp-json\/wp\/v2\/tags?post=2175"}],"curies":[{"name":"wp","href":"https:\/\/api.w.org\/{rel}","templated":true}]}}