{"id":2182,"date":"2005-12-03T14:56:48","date_gmt":"2005-12-03T14:56:48","guid":{"rendered":"http:\/\/blogs.thesocialmedia.com\/leblogmoto\/2005\/12\/03\/que-llectroniqu\/"},"modified":"2012-07-11T14:12:15","modified_gmt":"2012-07-11T14:12:15","slug":"que-llectroniqu","status":"publish","type":"post","link":"https:\/\/blogs.thesocialmedia.com\/leblogmoto\/2005\/12\/03\/que-llectroniqu\/","title":{"rendered":"Heureusement, on nous veut du bien&#8230;"},"content":{"rendered":"<p><a href=\"http:\/\/blogs.thesocialmedia.com\/leblogmoto\/files\/2012\/07\/big3.jpg\"><img loading=\"lazy\" decoding=\"async\" height=\"187\" alt=\"Big3\" src=\"http:\/\/www.leblogmoto.com\/images\/big3.jpg\" width=\"250\"  \/><\/a>Que <a href=\"http:\/\/www.leblogmoto.com\/2005\/10\/mondial_2005_ho_4.html\">l&rsquo;\u00e9lectronique<\/a> ait pris une place incontournable dans notre quotidien, personne fondamentalement n&rsquo;y trouve \u00e0 redire, tellement les contingences de notre \u00e9poque l&rsquo;impose \u00e0 nos c\u00f4t\u00e9s. Cette \u00e9volution ne s&rsquo;est pas priv\u00e9e d&rsquo;entrer dans le monde de la <a href=\"http:\/\/www.leblogmoto.com\/2005\/10\/mondial_2005_ho_5.html\">circulation routi\u00e8re<\/a> et ce au nom de la s\u00e9curit\u00e9 des usagers. Plac\u00e9e sous le signe g\u00e9n\u00e9rique de &quot;syst\u00e8mes de transports intelligents&quot;, elle n&rsquo;a de cesse de gagner du terrain sur nos machines, jusqu&rsquo;\u00e0 \u00eatre en mesure de devancer nos d\u00e9cisions. Et c&rsquo;est&nbsp; l\u00e0 que le b\u00e2t blesse&#8230; <\/p>\n<p>Entendons nous bien: les syst\u00e8mes anti-collision, les am\u00e9liorations des aides \u00e0 la visibilit\u00e9 ou de <a href=\"http:\/\/www.leblogmoto.com\/concept_bike\/\">navigation<\/a>, passe encore. Mais il est exp\u00e9riment\u00e9 actuellement des logiciels qui jouent sur les commandes du v\u00e9hicule lorsque le conducteur d\u00e9passe des param\u00e8tres particuliers. On peut ainsi jouer sur la direction et la vitesse, sans que jamais celui qui est sens\u00e9 \u00eatre le seul ma\u00eetre \u00e0 bord n&rsquo;ait d\u00e9cid\u00e9 quoi que soit. Nous voici entr\u00e9 dans l&rsquo;\u00e8re du contr\u00f4le total et de la d\u00e9responsabilisation. <\/p>\n<p><a href=\"http:\/\/clabedan.typepad.com\/.shared\/image.html?\/photos\/uncategorized\/geiler20stunt_1.jpg\"><img loading=\"lazy\" decoding=\"async\" height=\"169\" alt=\"Geiler20stunt_1\" src=\"http:\/\/www.leblogmoto.com\/images\/geiler20stunt_1.jpg\" width=\"250\"  \/><\/a> Fini les <a href=\"http:\/\/www.leblogmoto.com\/2005\/09\/_pour_sa_troisi.html\">arsouilles<\/a> solitaires passag\u00e8res politiquement incorrectes. Les figures ci-\u00e0 c\u00f4t\u00e9 pr\u00e9sent\u00e9es rel\u00e8veront, \u00e0 terme, de la peinture rupestre pour les futures g\u00e9n\u00e9rations. Sans penser que ce genre de dispositif pourrait, s\u00e9rieusement, poser des probl\u00e8mes quant \u00e0 son application sur une moto. Des probl\u00e8mes, notamment, de s\u00e9curit\u00e9&#8230;<\/p>\n<p>La Convention de Vienne de 1968 portant sur la r\u00e9glementation routi\u00e8re internationale est sens\u00e9e, pour l&rsquo;instant, nous prot\u00e9ger d&rsquo;une trop grande ing\u00e9rence technologique au nom de notre s\u00e9curit\u00e9. Cette derni\u00e8re interdit, en effet, toutes d\u00e9marches ayant pour cons\u00e9quence de retirer des mains du conducteur le contr\u00f4le de son v\u00e9hicule. Combien de temps tiendra cette barri\u00e8re face aux foules moutonni\u00e8res abreuv\u00e9es de principes de pr\u00e9caution ? <a href=\"http:\/\/www.leblogmoto.com\/2005\/06\/circulation_ent.html\">L&rsquo;enfer<\/a>, c&rsquo;est bien connu est pav\u00e9 de bonnes intentions&#8230;&nbsp; &nbsp;&nbsp; &nbsp;&nbsp; <\/p>\n","protected":false},"excerpt":{"rendered":"<p>Que l&rsquo;\u00e9lectronique ait pris une place incontournable dans notre quotidien, personne fondamentalement n&rsquo;y trouve \u00e0 redire, tellement les contingences de notre \u00e9poque l&rsquo;impose \u00e0 nos c\u00f4t\u00e9s. Cette \u00e9volution ne s&rsquo;est pas priv\u00e9e d&rsquo;entrer dans le monde de la circulation routi\u00e8re et ce au nom de la s\u00e9curit\u00e9 des usagers. Plac\u00e9e sous le signe g\u00e9n\u00e9rique de [&hellip;]<\/p>\n","protected":false},"author":336,"featured_media":0,"comment_status":"open","ping_status":"open","sticky":false,"template":"","format":"standard","meta":{"footnotes":""},"categories":[27],"tags":[],"class_list":["post-2182","post","type-post","status-publish","format-standard","hentry","category-securite"],"yoast_head":"<!-- This site is optimized with the Yoast SEO plugin v26.0 - https:\/\/yoast.com\/wordpress\/plugins\/seo\/ -->\n<title>Heureusement, on nous veut du bien... - leblogmoto.com<\/title>\n<meta name=\"robots\" content=\"index, follow, max-snippet:-1, max-image-preview:large, max-video-preview:-1\" \/>\n<link rel=\"canonical\" href=\"https:\/\/blogs.thesocialmedia.com\/leblogmoto\/2005\/12\/03\/que-llectroniqu\/\" \/>\n<meta name=\"twitter:card\" content=\"summary_large_image\" \/>\n<meta name=\"twitter:title\" content=\"Heureusement, on nous veut du bien... - leblogmoto.com\" \/>\n<meta name=\"twitter:description\" content=\"Que l&rsquo;\u00e9lectronique ait pris une place incontournable dans notre quotidien, personne fondamentalement n&rsquo;y trouve \u00e0 redire, tellement les contingences de notre \u00e9poque l&rsquo;impose \u00e0 nos c\u00f4t\u00e9s. Cette \u00e9volution ne s&rsquo;est pas priv\u00e9e d&rsquo;entrer dans le monde de la circulation routi\u00e8re et ce au nom de la s\u00e9curit\u00e9 des usagers. Plac\u00e9e sous le signe g\u00e9n\u00e9rique de [&hellip;]\" \/>\n<meta name=\"twitter:image\" content=\"http:\/\/www.leblogmoto.com\/images\/big3.jpg\" \/>\n<meta name=\"twitter:label1\" content=\"\u00c9crit par\" \/>\n\t<meta name=\"twitter:data1\" content=\"andre leconde\" \/>\n\t<meta name=\"twitter:label2\" content=\"Dur\u00e9e de lecture estim\u00e9e\" \/>\n\t<meta name=\"twitter:data2\" content=\"2 minutes\" \/>\n<script type=\"application\/ld+json\" class=\"yoast-schema-graph\">{\"@context\":\"https:\/\/schema.org\",\"@graph\":[{\"@type\":\"WebPage\",\"@id\":\"https:\/\/blogs.thesocialmedia.com\/leblogmoto\/2005\/12\/03\/que-llectroniqu\/\",\"url\":\"https:\/\/blogs.thesocialmedia.com\/leblogmoto\/2005\/12\/03\/que-llectroniqu\/\",\"name\":\"Heureusement, on nous veut du bien... - leblogmoto.com\",\"isPartOf\":{\"@id\":\"https:\/\/blogs.thesocialmedia.com\/leblogmoto\/#website\"},\"primaryImageOfPage\":{\"@id\":\"https:\/\/blogs.thesocialmedia.com\/leblogmoto\/2005\/12\/03\/que-llectroniqu\/#primaryimage\"},\"image\":{\"@id\":\"https:\/\/blogs.thesocialmedia.com\/leblogmoto\/2005\/12\/03\/que-llectroniqu\/#primaryimage\"},\"thumbnailUrl\":\"http:\/\/www.leblogmoto.com\/images\/big3.jpg\",\"datePublished\":\"2005-12-03T14:56:48+00:00\",\"dateModified\":\"2012-07-11T14:12:15+00:00\",\"author\":{\"@id\":\"https:\/\/blogs.thesocialmedia.com\/leblogmoto\/#\/schema\/person\/1a1dcfc7cec206573105eb4af91155c2\"},\"breadcrumb\":{\"@id\":\"https:\/\/blogs.thesocialmedia.com\/leblogmoto\/2005\/12\/03\/que-llectroniqu\/#breadcrumb\"},\"inLanguage\":\"fr-FR\",\"potentialAction\":[{\"@type\":\"ReadAction\",\"target\":[\"https:\/\/blogs.thesocialmedia.com\/leblogmoto\/2005\/12\/03\/que-llectroniqu\/\"]}]},{\"@type\":\"ImageObject\",\"inLanguage\":\"fr-FR\",\"@id\":\"https:\/\/blogs.thesocialmedia.com\/leblogmoto\/2005\/12\/03\/que-llectroniqu\/#primaryimage\",\"url\":\"http:\/\/www.leblogmoto.com\/images\/big3.jpg\",\"contentUrl\":\"http:\/\/www.leblogmoto.com\/images\/big3.jpg\"},{\"@type\":\"BreadcrumbList\",\"@id\":\"https:\/\/blogs.thesocialmedia.com\/leblogmoto\/2005\/12\/03\/que-llectroniqu\/#breadcrumb\",\"itemListElement\":[{\"@type\":\"ListItem\",\"position\":1,\"name\":\"Accueil\",\"item\":\"https:\/\/blogs.thesocialmedia.com\/leblogmoto\/\"},{\"@type\":\"ListItem\",\"position\":2,\"name\":\"Heureusement, on nous veut du bien&#8230;\"}]},{\"@type\":\"WebSite\",\"@id\":\"https:\/\/blogs.thesocialmedia.com\/leblogmoto\/#website\",\"url\":\"https:\/\/blogs.thesocialmedia.com\/leblogmoto\/\",\"name\":\"leblogmoto\",\"description\":\"Toute l&#039;actualit\u00e9 des 2 roues\",\"potentialAction\":[{\"@type\":\"SearchAction\",\"target\":{\"@type\":\"EntryPoint\",\"urlTemplate\":\"https:\/\/blogs.thesocialmedia.com\/leblogmoto\/?s={search_term_string}\"},\"query-input\":{\"@type\":\"PropertyValueSpecification\",\"valueRequired\":true,\"valueName\":\"search_term_string\"}}],\"inLanguage\":\"fr-FR\"},{\"@type\":\"Person\",\"@id\":\"https:\/\/blogs.thesocialmedia.com\/leblogmoto\/#\/schema\/person\/1a1dcfc7cec206573105eb4af91155c2\",\"name\":\"andre leconde\",\"image\":{\"@type\":\"ImageObject\",\"inLanguage\":\"fr-FR\",\"@id\":\"https:\/\/blogs.thesocialmedia.com\/leblogmoto\/#\/schema\/person\/image\/\",\"url\":\"https:\/\/secure.gravatar.com\/avatar\/?s=96&d=mm&r=g\",\"contentUrl\":\"https:\/\/secure.gravatar.com\/avatar\/?s=96&d=mm&r=g\",\"caption\":\"andre leconde\"},\"url\":\"https:\/\/blogs.thesocialmedia.com\/leblogmoto\/author\/andre-leconde\/\"}]}<\/script>\n<!-- \/ Yoast SEO plugin. -->","yoast_head_json":{"title":"Heureusement, on nous veut du bien... - leblogmoto.com","robots":{"index":"index","follow":"follow","max-snippet":"max-snippet:-1","max-image-preview":"max-image-preview:large","max-video-preview":"max-video-preview:-1"},"canonical":"https:\/\/blogs.thesocialmedia.com\/leblogmoto\/2005\/12\/03\/que-llectroniqu\/","twitter_card":"summary_large_image","twitter_title":"Heureusement, on nous veut du bien... - leblogmoto.com","twitter_description":"Que l&rsquo;\u00e9lectronique ait pris une place incontournable dans notre quotidien, personne fondamentalement n&rsquo;y trouve \u00e0 redire, tellement les contingences de notre \u00e9poque l&rsquo;impose \u00e0 nos c\u00f4t\u00e9s. Cette \u00e9volution ne s&rsquo;est pas priv\u00e9e d&rsquo;entrer dans le monde de la circulation routi\u00e8re et ce au nom de la s\u00e9curit\u00e9 des usagers. Plac\u00e9e sous le signe g\u00e9n\u00e9rique de [&hellip;]","twitter_image":"http:\/\/www.leblogmoto.com\/images\/big3.jpg","twitter_misc":{"\u00c9crit par":"andre leconde","Dur\u00e9e de lecture estim\u00e9e":"2 minutes"},"schema":{"@context":"https:\/\/schema.org","@graph":[{"@type":"WebPage","@id":"https:\/\/blogs.thesocialmedia.com\/leblogmoto\/2005\/12\/03\/que-llectroniqu\/","url":"https:\/\/blogs.thesocialmedia.com\/leblogmoto\/2005\/12\/03\/que-llectroniqu\/","name":"Heureusement, on nous veut du bien... - leblogmoto.com","isPartOf":{"@id":"https:\/\/blogs.thesocialmedia.com\/leblogmoto\/#website"},"primaryImageOfPage":{"@id":"https:\/\/blogs.thesocialmedia.com\/leblogmoto\/2005\/12\/03\/que-llectroniqu\/#primaryimage"},"image":{"@id":"https:\/\/blogs.thesocialmedia.com\/leblogmoto\/2005\/12\/03\/que-llectroniqu\/#primaryimage"},"thumbnailUrl":"http:\/\/www.leblogmoto.com\/images\/big3.jpg","datePublished":"2005-12-03T14:56:48+00:00","dateModified":"2012-07-11T14:12:15+00:00","author":{"@id":"https:\/\/blogs.thesocialmedia.com\/leblogmoto\/#\/schema\/person\/1a1dcfc7cec206573105eb4af91155c2"},"breadcrumb":{"@id":"https:\/\/blogs.thesocialmedia.com\/leblogmoto\/2005\/12\/03\/que-llectroniqu\/#breadcrumb"},"inLanguage":"fr-FR","potentialAction":[{"@type":"ReadAction","target":["https:\/\/blogs.thesocialmedia.com\/leblogmoto\/2005\/12\/03\/que-llectroniqu\/"]}]},{"@type":"ImageObject","inLanguage":"fr-FR","@id":"https:\/\/blogs.thesocialmedia.com\/leblogmoto\/2005\/12\/03\/que-llectroniqu\/#primaryimage","url":"http:\/\/www.leblogmoto.com\/images\/big3.jpg","contentUrl":"http:\/\/www.leblogmoto.com\/images\/big3.jpg"},{"@type":"BreadcrumbList","@id":"https:\/\/blogs.thesocialmedia.com\/leblogmoto\/2005\/12\/03\/que-llectroniqu\/#breadcrumb","itemListElement":[{"@type":"ListItem","position":1,"name":"Accueil","item":"https:\/\/blogs.thesocialmedia.com\/leblogmoto\/"},{"@type":"ListItem","position":2,"name":"Heureusement, on nous veut du bien&#8230;"}]},{"@type":"WebSite","@id":"https:\/\/blogs.thesocialmedia.com\/leblogmoto\/#website","url":"https:\/\/blogs.thesocialmedia.com\/leblogmoto\/","name":"leblogmoto","description":"Toute l&#039;actualit\u00e9 des 2 roues","potentialAction":[{"@type":"SearchAction","target":{"@type":"EntryPoint","urlTemplate":"https:\/\/blogs.thesocialmedia.com\/leblogmoto\/?s={search_term_string}"},"query-input":{"@type":"PropertyValueSpecification","valueRequired":true,"valueName":"search_term_string"}}],"inLanguage":"fr-FR"},{"@type":"Person","@id":"https:\/\/blogs.thesocialmedia.com\/leblogmoto\/#\/schema\/person\/1a1dcfc7cec206573105eb4af91155c2","name":"andre leconde","image":{"@type":"ImageObject","inLanguage":"fr-FR","@id":"https:\/\/blogs.thesocialmedia.com\/leblogmoto\/#\/schema\/person\/image\/","url":"https:\/\/secure.gravatar.com\/avatar\/?s=96&d=mm&r=g","contentUrl":"https:\/\/secure.gravatar.com\/avatar\/?s=96&d=mm&r=g","caption":"andre leconde"},"url":"https:\/\/blogs.thesocialmedia.com\/leblogmoto\/author\/andre-leconde\/"}]}},"_links":{"self":[{"href":"https:\/\/blogs.thesocialmedia.com\/leblogmoto\/wp-json\/wp\/v2\/posts\/2182","targetHints":{"allow":["GET"]}}],"collection":[{"href":"https:\/\/blogs.thesocialmedia.com\/leblogmoto\/wp-json\/wp\/v2\/posts"}],"about":[{"href":"https:\/\/blogs.thesocialmedia.com\/leblogmoto\/wp-json\/wp\/v2\/types\/post"}],"author":[{"embeddable":true,"href":"https:\/\/blogs.thesocialmedia.com\/leblogmoto\/wp-json\/wp\/v2\/users\/336"}],"replies":[{"embeddable":true,"href":"https:\/\/blogs.thesocialmedia.com\/leblogmoto\/wp-json\/wp\/v2\/comments?post=2182"}],"version-history":[{"count":2,"href":"https:\/\/blogs.thesocialmedia.com\/leblogmoto\/wp-json\/wp\/v2\/posts\/2182\/revisions"}],"predecessor-version":[{"id":6827,"href":"https:\/\/blogs.thesocialmedia.com\/leblogmoto\/wp-json\/wp\/v2\/posts\/2182\/revisions\/6827"}],"wp:attachment":[{"href":"https:\/\/blogs.thesocialmedia.com\/leblogmoto\/wp-json\/wp\/v2\/media?parent=2182"}],"wp:term":[{"taxonomy":"category","embeddable":true,"href":"https:\/\/blogs.thesocialmedia.com\/leblogmoto\/wp-json\/wp\/v2\/categories?post=2182"},{"taxonomy":"post_tag","embeddable":true,"href":"https:\/\/blogs.thesocialmedia.com\/leblogmoto\/wp-json\/wp\/v2\/tags?post=2182"}],"curies":[{"name":"wp","href":"https:\/\/api.w.org\/{rel}","templated":true}]}}