{"id":2185,"date":"2005-12-02T13:49:15","date_gmt":"2005-12-02T13:49:15","guid":{"rendered":"http:\/\/blogs.thesocialmedia.com\/leblogmoto\/2005\/12\/02\/la-fantastique\/"},"modified":"2012-07-11T14:12:04","modified_gmt":"2012-07-11T14:12:04","slug":"la-fantastique","status":"publish","type":"post","link":"https:\/\/blogs.thesocialmedia.com\/leblogmoto\/2005\/12\/02\/la-fantastique\/","title":{"rendered":"La fantastique FOUR"},"content":{"rendered":"<p><a href=\"http:\/\/blogs.thesocialmedia.com\/leblogmoto\/files\/2012\/07\/750_four2.jpg\"><img loading=\"lazy\" decoding=\"async\" height=\"165\" alt=\"750_four2\" src=\"http:\/\/www.leblogmoto.com\/images\/750_four2.jpg\" width=\"250\"  \/><\/a> A l&rsquo;or\u00e9e des ann\u00e9es 70, le monde de la moto connut sa R\u00e9volution. Le son de la Carmagnole se fit entendre du pays du soleil levant en 1968, mais c&rsquo;est en 1969 que la machine d\u00e9barqua dans sa qu\u00eate de prise de la Bastille. La citadelle \u00e9tait pourtant solide. Les <a href=\"http:\/\/www.leblogmoto.com\/2005\/08\/tvr_rachte_bene.html\">anglaises<\/a> et les <a href=\"http:\/\/www.leblogmoto.com\/mv_agusta\/\">italiennes<\/a> y montaient fermement la garde et ne s&rsquo;inqui\u00e8taient alors gu\u00e8re des produits nippons, peu fort en cubage et tout aussi versatiles \u00e0 l&rsquo;entretien.&nbsp; &nbsp; <\/p>\n<p><a href=\"http:\/\/clabedan.typepad.com\/.shared\/image.html?\/photos\/uncategorized\/750_four.jpg\"><img loading=\"lazy\" decoding=\"async\" height=\"198\" alt=\"750_four\" src=\"http:\/\/www.leblogmoto.com\/images\/750_four.jpg\" width=\"250\"  \/><\/a> <a href=\"http:\/\/www.leblogmoto.com\/triumph\/\">Triumph<\/a>, Laverda , <a href=\"http:\/\/www.leblogmoto.com\/2005\/06\/ducati_999_r.html\">Ducati<\/a> et, last but not least, Norton, attendaient, goguenards, l&rsquo;arme au pied. Seulement voil\u00e0, <a href=\"http:\/\/www.leblogmoto.com\/2005\/10\/mondial_2005_ho.html\">Honda<\/a> les lamina. 4 cylindres, 4 temps, 4 carbus, 4 pots en forme de m\u00e9gaphone, frein \u00e0 disque \u00e0 l&rsquo;avant, 5 rapports, 750 cm3 et 200 km\/h&#8230; Le tout conjugu\u00e9 sur le ton de la robustesse et de l&rsquo;accessibilit\u00e9. C&rsquo;\u00e9tait l&rsquo;arme de destruction massive, LA moto universelle attendue sur un march\u00e9 en plein fr\u00e9missement. Le tournant de l&rsquo;Histoire. <\/p>\n<p>D\u00e9clin\u00e9e en 15 versions jusqu&rsquo;en 1980, ( y compris en boite automatique ) elle allait faire autorit\u00e9 dans le landernau du deux roues jusqu&rsquo;\u00e0 \u00eatre affubl\u00e9e du titre ronflant de &quot;moto du si\u00e8cle&quot;. En comp\u00e9tition, elle allait confirmer ses bonnes dispositions, accrochant \u00e0 son tableau de chasse des courses d&rsquo;endurance aussi prestigieuses que <a href=\"http:\/\/www.leblogmoto.com\/2005\/11\/bruno_bonhuil_n.html\">le Bol d&rsquo;Or<\/a>, Le Mans ou Daytona. <\/p>\n<p>La CB 750 a fait entrer le monde de la moto dans l&rsquo;\u00e8re de la modernit\u00e9 et plac\u00e9 Honda comme le blason incontournable du milieu. Avouez qu&rsquo;il y a eu pire comme destin&#8230;&nbsp; &nbsp;&nbsp; <\/p>\n","protected":false},"excerpt":{"rendered":"<p>A l&rsquo;or\u00e9e des ann\u00e9es 70, le monde de la moto connut sa R\u00e9volution. Le son de la Carmagnole se fit entendre du pays du soleil levant en 1968, mais c&rsquo;est en 1969 que la machine d\u00e9barqua dans sa qu\u00eate de prise de la Bastille. La citadelle \u00e9tait pourtant solide. Les anglaises et les italiennes y [&hellip;]<\/p>\n","protected":false},"author":336,"featured_media":0,"comment_status":"open","ping_status":"open","sticky":false,"template":"","format":"standard","meta":{"footnotes":""},"categories":[9],"tags":[],"class_list":["post-2185","post","type-post","status-publish","format-standard","hentry","category-historique"],"yoast_head":"<!-- This site is optimized with the Yoast SEO plugin v26.0 - https:\/\/yoast.com\/wordpress\/plugins\/seo\/ -->\n<title>La fantastique FOUR - leblogmoto.com<\/title>\n<meta name=\"robots\" content=\"index, follow, max-snippet:-1, max-image-preview:large, max-video-preview:-1\" \/>\n<link rel=\"canonical\" href=\"https:\/\/blogs.thesocialmedia.com\/leblogmoto\/2005\/12\/02\/la-fantastique\/\" \/>\n<meta name=\"twitter:card\" content=\"summary_large_image\" \/>\n<meta name=\"twitter:title\" content=\"La fantastique FOUR - leblogmoto.com\" \/>\n<meta name=\"twitter:description\" content=\"A l&rsquo;or\u00e9e des ann\u00e9es 70, le monde de la moto connut sa R\u00e9volution. Le son de la Carmagnole se fit entendre du pays du soleil levant en 1968, mais c&rsquo;est en 1969 que la machine d\u00e9barqua dans sa qu\u00eate de prise de la Bastille. La citadelle \u00e9tait pourtant solide. Les anglaises et les italiennes y [&hellip;]\" \/>\n<meta name=\"twitter:image\" content=\"http:\/\/www.leblogmoto.com\/images\/750_four2.jpg\" \/>\n<meta name=\"twitter:label1\" content=\"\u00c9crit par\" \/>\n\t<meta name=\"twitter:data1\" content=\"andre leconde\" \/>\n\t<meta name=\"twitter:label2\" content=\"Dur\u00e9e de lecture estim\u00e9e\" \/>\n\t<meta name=\"twitter:data2\" content=\"1 minute\" \/>\n<script type=\"application\/ld+json\" class=\"yoast-schema-graph\">{\"@context\":\"https:\/\/schema.org\",\"@graph\":[{\"@type\":\"WebPage\",\"@id\":\"https:\/\/blogs.thesocialmedia.com\/leblogmoto\/2005\/12\/02\/la-fantastique\/\",\"url\":\"https:\/\/blogs.thesocialmedia.com\/leblogmoto\/2005\/12\/02\/la-fantastique\/\",\"name\":\"La fantastique FOUR - leblogmoto.com\",\"isPartOf\":{\"@id\":\"https:\/\/blogs.thesocialmedia.com\/leblogmoto\/#website\"},\"primaryImageOfPage\":{\"@id\":\"https:\/\/blogs.thesocialmedia.com\/leblogmoto\/2005\/12\/02\/la-fantastique\/#primaryimage\"},\"image\":{\"@id\":\"https:\/\/blogs.thesocialmedia.com\/leblogmoto\/2005\/12\/02\/la-fantastique\/#primaryimage\"},\"thumbnailUrl\":\"http:\/\/www.leblogmoto.com\/images\/750_four2.jpg\",\"datePublished\":\"2005-12-02T13:49:15+00:00\",\"dateModified\":\"2012-07-11T14:12:04+00:00\",\"author\":{\"@id\":\"https:\/\/blogs.thesocialmedia.com\/leblogmoto\/#\/schema\/person\/1a1dcfc7cec206573105eb4af91155c2\"},\"breadcrumb\":{\"@id\":\"https:\/\/blogs.thesocialmedia.com\/leblogmoto\/2005\/12\/02\/la-fantastique\/#breadcrumb\"},\"inLanguage\":\"fr-FR\",\"potentialAction\":[{\"@type\":\"ReadAction\",\"target\":[\"https:\/\/blogs.thesocialmedia.com\/leblogmoto\/2005\/12\/02\/la-fantastique\/\"]}]},{\"@type\":\"ImageObject\",\"inLanguage\":\"fr-FR\",\"@id\":\"https:\/\/blogs.thesocialmedia.com\/leblogmoto\/2005\/12\/02\/la-fantastique\/#primaryimage\",\"url\":\"http:\/\/www.leblogmoto.com\/images\/750_four2.jpg\",\"contentUrl\":\"http:\/\/www.leblogmoto.com\/images\/750_four2.jpg\"},{\"@type\":\"BreadcrumbList\",\"@id\":\"https:\/\/blogs.thesocialmedia.com\/leblogmoto\/2005\/12\/02\/la-fantastique\/#breadcrumb\",\"itemListElement\":[{\"@type\":\"ListItem\",\"position\":1,\"name\":\"Accueil\",\"item\":\"https:\/\/blogs.thesocialmedia.com\/leblogmoto\/\"},{\"@type\":\"ListItem\",\"position\":2,\"name\":\"La fantastique FOUR\"}]},{\"@type\":\"WebSite\",\"@id\":\"https:\/\/blogs.thesocialmedia.com\/leblogmoto\/#website\",\"url\":\"https:\/\/blogs.thesocialmedia.com\/leblogmoto\/\",\"name\":\"leblogmoto\",\"description\":\"Toute l&#039;actualit\u00e9 des 2 roues\",\"potentialAction\":[{\"@type\":\"SearchAction\",\"target\":{\"@type\":\"EntryPoint\",\"urlTemplate\":\"https:\/\/blogs.thesocialmedia.com\/leblogmoto\/?s={search_term_string}\"},\"query-input\":{\"@type\":\"PropertyValueSpecification\",\"valueRequired\":true,\"valueName\":\"search_term_string\"}}],\"inLanguage\":\"fr-FR\"},{\"@type\":\"Person\",\"@id\":\"https:\/\/blogs.thesocialmedia.com\/leblogmoto\/#\/schema\/person\/1a1dcfc7cec206573105eb4af91155c2\",\"name\":\"andre leconde\",\"image\":{\"@type\":\"ImageObject\",\"inLanguage\":\"fr-FR\",\"@id\":\"https:\/\/blogs.thesocialmedia.com\/leblogmoto\/#\/schema\/person\/image\/\",\"url\":\"https:\/\/secure.gravatar.com\/avatar\/?s=96&d=mm&r=g\",\"contentUrl\":\"https:\/\/secure.gravatar.com\/avatar\/?s=96&d=mm&r=g\",\"caption\":\"andre leconde\"},\"url\":\"https:\/\/blogs.thesocialmedia.com\/leblogmoto\/author\/andre-leconde\/\"}]}<\/script>\n<!-- \/ Yoast SEO plugin. -->","yoast_head_json":{"title":"La fantastique FOUR - leblogmoto.com","robots":{"index":"index","follow":"follow","max-snippet":"max-snippet:-1","max-image-preview":"max-image-preview:large","max-video-preview":"max-video-preview:-1"},"canonical":"https:\/\/blogs.thesocialmedia.com\/leblogmoto\/2005\/12\/02\/la-fantastique\/","twitter_card":"summary_large_image","twitter_title":"La fantastique FOUR - leblogmoto.com","twitter_description":"A l&rsquo;or\u00e9e des ann\u00e9es 70, le monde de la moto connut sa R\u00e9volution. Le son de la Carmagnole se fit entendre du pays du soleil levant en 1968, mais c&rsquo;est en 1969 que la machine d\u00e9barqua dans sa qu\u00eate de prise de la Bastille. La citadelle \u00e9tait pourtant solide. Les anglaises et les italiennes y [&hellip;]","twitter_image":"http:\/\/www.leblogmoto.com\/images\/750_four2.jpg","twitter_misc":{"\u00c9crit par":"andre leconde","Dur\u00e9e de lecture estim\u00e9e":"1 minute"},"schema":{"@context":"https:\/\/schema.org","@graph":[{"@type":"WebPage","@id":"https:\/\/blogs.thesocialmedia.com\/leblogmoto\/2005\/12\/02\/la-fantastique\/","url":"https:\/\/blogs.thesocialmedia.com\/leblogmoto\/2005\/12\/02\/la-fantastique\/","name":"La fantastique FOUR - leblogmoto.com","isPartOf":{"@id":"https:\/\/blogs.thesocialmedia.com\/leblogmoto\/#website"},"primaryImageOfPage":{"@id":"https:\/\/blogs.thesocialmedia.com\/leblogmoto\/2005\/12\/02\/la-fantastique\/#primaryimage"},"image":{"@id":"https:\/\/blogs.thesocialmedia.com\/leblogmoto\/2005\/12\/02\/la-fantastique\/#primaryimage"},"thumbnailUrl":"http:\/\/www.leblogmoto.com\/images\/750_four2.jpg","datePublished":"2005-12-02T13:49:15+00:00","dateModified":"2012-07-11T14:12:04+00:00","author":{"@id":"https:\/\/blogs.thesocialmedia.com\/leblogmoto\/#\/schema\/person\/1a1dcfc7cec206573105eb4af91155c2"},"breadcrumb":{"@id":"https:\/\/blogs.thesocialmedia.com\/leblogmoto\/2005\/12\/02\/la-fantastique\/#breadcrumb"},"inLanguage":"fr-FR","potentialAction":[{"@type":"ReadAction","target":["https:\/\/blogs.thesocialmedia.com\/leblogmoto\/2005\/12\/02\/la-fantastique\/"]}]},{"@type":"ImageObject","inLanguage":"fr-FR","@id":"https:\/\/blogs.thesocialmedia.com\/leblogmoto\/2005\/12\/02\/la-fantastique\/#primaryimage","url":"http:\/\/www.leblogmoto.com\/images\/750_four2.jpg","contentUrl":"http:\/\/www.leblogmoto.com\/images\/750_four2.jpg"},{"@type":"BreadcrumbList","@id":"https:\/\/blogs.thesocialmedia.com\/leblogmoto\/2005\/12\/02\/la-fantastique\/#breadcrumb","itemListElement":[{"@type":"ListItem","position":1,"name":"Accueil","item":"https:\/\/blogs.thesocialmedia.com\/leblogmoto\/"},{"@type":"ListItem","position":2,"name":"La fantastique FOUR"}]},{"@type":"WebSite","@id":"https:\/\/blogs.thesocialmedia.com\/leblogmoto\/#website","url":"https:\/\/blogs.thesocialmedia.com\/leblogmoto\/","name":"leblogmoto","description":"Toute l&#039;actualit\u00e9 des 2 roues","potentialAction":[{"@type":"SearchAction","target":{"@type":"EntryPoint","urlTemplate":"https:\/\/blogs.thesocialmedia.com\/leblogmoto\/?s={search_term_string}"},"query-input":{"@type":"PropertyValueSpecification","valueRequired":true,"valueName":"search_term_string"}}],"inLanguage":"fr-FR"},{"@type":"Person","@id":"https:\/\/blogs.thesocialmedia.com\/leblogmoto\/#\/schema\/person\/1a1dcfc7cec206573105eb4af91155c2","name":"andre leconde","image":{"@type":"ImageObject","inLanguage":"fr-FR","@id":"https:\/\/blogs.thesocialmedia.com\/leblogmoto\/#\/schema\/person\/image\/","url":"https:\/\/secure.gravatar.com\/avatar\/?s=96&d=mm&r=g","contentUrl":"https:\/\/secure.gravatar.com\/avatar\/?s=96&d=mm&r=g","caption":"andre leconde"},"url":"https:\/\/blogs.thesocialmedia.com\/leblogmoto\/author\/andre-leconde\/"}]}},"_links":{"self":[{"href":"https:\/\/blogs.thesocialmedia.com\/leblogmoto\/wp-json\/wp\/v2\/posts\/2185","targetHints":{"allow":["GET"]}}],"collection":[{"href":"https:\/\/blogs.thesocialmedia.com\/leblogmoto\/wp-json\/wp\/v2\/posts"}],"about":[{"href":"https:\/\/blogs.thesocialmedia.com\/leblogmoto\/wp-json\/wp\/v2\/types\/post"}],"author":[{"embeddable":true,"href":"https:\/\/blogs.thesocialmedia.com\/leblogmoto\/wp-json\/wp\/v2\/users\/336"}],"replies":[{"embeddable":true,"href":"https:\/\/blogs.thesocialmedia.com\/leblogmoto\/wp-json\/wp\/v2\/comments?post=2185"}],"version-history":[{"count":2,"href":"https:\/\/blogs.thesocialmedia.com\/leblogmoto\/wp-json\/wp\/v2\/posts\/2185\/revisions"}],"predecessor-version":[{"id":6819,"href":"https:\/\/blogs.thesocialmedia.com\/leblogmoto\/wp-json\/wp\/v2\/posts\/2185\/revisions\/6819"}],"wp:attachment":[{"href":"https:\/\/blogs.thesocialmedia.com\/leblogmoto\/wp-json\/wp\/v2\/media?parent=2185"}],"wp:term":[{"taxonomy":"category","embeddable":true,"href":"https:\/\/blogs.thesocialmedia.com\/leblogmoto\/wp-json\/wp\/v2\/categories?post=2185"},{"taxonomy":"post_tag","embeddable":true,"href":"https:\/\/blogs.thesocialmedia.com\/leblogmoto\/wp-json\/wp\/v2\/tags?post=2185"}],"curies":[{"name":"wp","href":"https:\/\/api.w.org\/{rel}","templated":true}]}}