{"id":2186,"date":"2005-11-30T17:48:13","date_gmt":"2005-11-30T17:48:13","guid":{"rendered":"http:\/\/blogs.thesocialmedia.com\/leblogmoto\/2005\/11\/30\/essais-termins\/"},"modified":"2012-07-11T14:12:02","modified_gmt":"2012-07-11T14:12:02","slug":"essais-termins","status":"publish","type":"post","link":"https:\/\/blogs.thesocialmedia.com\/leblogmoto\/2005\/11\/30\/essais-termins\/","title":{"rendered":"Essais termin\u00e9s pour cette ann\u00e9e"},"content":{"rendered":"<p><a href=\"http:\/\/blogs.thesocialmedia.com\/leblogmoto\/files\/2012\/07\/malaisie.gif\"><img loading=\"lazy\" decoding=\"async\" height=\"169\" alt=\"Malaisie\" src=\"http:\/\/www.leblogmoto.com\/images\/malaisie.gif\" width=\"250\"  \/><\/a> L&rsquo;ann\u00e9e 2005 s&rsquo;est termin\u00e9e pour la <a href=\"http:\/\/www.leblogmoto.com\/2005\/08\/ktm_se_retire_d.html\">MOTOGP<\/a>, apr\u00e8s ces derniers essais. Les pilotes sont, \u00e0 pr\u00e9sent, partis se reposer pour les f\u00eates de fin d&rsquo;ann\u00e9e, avec, en t\u00eate, un d\u00e9but d&rsquo;id\u00e9e de la prochaine saison \u00e0 entamer. Vivement <a href=\"http:\/\/www.leblogmoto.com\/2005\/11\/dakar_2006_le_p.html#comments\">Janvier<\/a> qu&rsquo;on les voit de nouveau s&rsquo;\u00e9gayer. Et pour nous donner encore envie, c&rsquo;est PEDROSA, le rookie, qui est parti avec le meilleur chrono de <a href=\"http:\/\/www.leblogmoto.com\/2005\/11\/2_journe_sepang_1.html#more\">MALAISIE<\/a>&#8230;&nbsp; <\/p>\n<p>Un peu d\u00e9\u00e7u, Valentino n&rsquo;a pu faire la simulation de course qu&rsquo;il aurait souha\u00eet\u00e9. Il s&rsquo;est envol\u00e9 pour le Japon pour une visite de courtoisie \u00e0 l&rsquo;usine des diapasons. EDWARDS a fait connaissance avec la version 2006 de la YAM, ce qui a \u00e9t\u00e9 refus\u00e9 \u00e0 VERMEULEN chez SUZUKI, HOPKINS ayant d\u00e9finitement trouv\u00e9 la nouvelle GSV-R beaucoup trop verte. Bien que physiquement diminu\u00e9s, MELANDRI et ELIAS ont poursuivi leur programme. Super Marco a d\u00e9j\u00e0 pos\u00e9 ses jalons en annon\u00e7ant qu&rsquo;il souha\u00eetait, au plus vite, s&rsquo;atteler \u00e0 l&rsquo;\u00e9volution 2006 de la RC211V. Pas de tr\u00e8ves pour marquer son territoire&#8230;<\/p>\n<p><a href=\"http:\/\/clabedan.typepad.com\/.shared\/image.html?\/photos\/uncategorized\/actualite2005perenoel.jpg\"><img loading=\"lazy\" decoding=\"async\" height=\"168\" alt=\"Actualite2005perenoel\" src=\"http:\/\/www.leblogmoto.com\/images\/actualite2005perenoel.jpg\" width=\"250\"  \/><\/a> Bon repos \u00e0 tous, revenez-nous bien aff\u00fbt\u00e9s pour continuer \u00e0 nous faire r\u00eaver&#8230; <a href=\"http:\/\/www.leblogmoto.com\/pocket_bike\/\">Le P\u00e8re No\u00ebl<\/a> prend, quant \u00e0 lui, le relais&#8230;&nbsp; &nbsp;&nbsp; <\/p><\/p>\n","protected":false},"excerpt":{"rendered":"<p>L&rsquo;ann\u00e9e 2005 s&rsquo;est termin\u00e9e pour la MOTOGP, apr\u00e8s ces derniers essais. Les pilotes sont, \u00e0 pr\u00e9sent, partis se reposer pour les f\u00eates de fin d&rsquo;ann\u00e9e, avec, en t\u00eate, un d\u00e9but d&rsquo;id\u00e9e de la prochaine saison \u00e0 entamer. Vivement Janvier qu&rsquo;on les voit de nouveau s&rsquo;\u00e9gayer. Et pour nous donner encore envie, c&rsquo;est PEDROSA, le rookie, [&hellip;]<\/p>\n","protected":false},"author":336,"featured_media":0,"comment_status":"open","ping_status":"open","sticky":false,"template":"","format":"standard","meta":{"footnotes":""},"categories":[22],"tags":[],"class_list":["post-2186","post","type-post","status-publish","format-standard","hentry","category-motogp"],"yoast_head":"<!-- This site is optimized with the Yoast SEO plugin v26.0 - https:\/\/yoast.com\/wordpress\/plugins\/seo\/ -->\n<title>Essais termin\u00e9s pour cette ann\u00e9e - leblogmoto.com<\/title>\n<meta name=\"robots\" content=\"index, follow, max-snippet:-1, max-image-preview:large, max-video-preview:-1\" \/>\n<link rel=\"canonical\" href=\"https:\/\/blogs.thesocialmedia.com\/leblogmoto\/2005\/11\/30\/essais-termins\/\" \/>\n<meta name=\"twitter:card\" content=\"summary_large_image\" \/>\n<meta name=\"twitter:title\" content=\"Essais termin\u00e9s pour cette ann\u00e9e - leblogmoto.com\" \/>\n<meta name=\"twitter:description\" content=\"L&rsquo;ann\u00e9e 2005 s&rsquo;est termin\u00e9e pour la MOTOGP, apr\u00e8s ces derniers essais. Les pilotes sont, \u00e0 pr\u00e9sent, partis se reposer pour les f\u00eates de fin d&rsquo;ann\u00e9e, avec, en t\u00eate, un d\u00e9but d&rsquo;id\u00e9e de la prochaine saison \u00e0 entamer. Vivement Janvier qu&rsquo;on les voit de nouveau s&rsquo;\u00e9gayer. Et pour nous donner encore envie, c&rsquo;est PEDROSA, le rookie, [&hellip;]\" \/>\n<meta name=\"twitter:image\" content=\"http:\/\/www.leblogmoto.com\/images\/malaisie.gif\" \/>\n<meta name=\"twitter:label1\" content=\"\u00c9crit par\" \/>\n\t<meta name=\"twitter:data1\" content=\"andre leconde\" \/>\n\t<meta name=\"twitter:label2\" content=\"Dur\u00e9e de lecture estim\u00e9e\" \/>\n\t<meta name=\"twitter:data2\" content=\"1 minute\" \/>\n<script type=\"application\/ld+json\" class=\"yoast-schema-graph\">{\"@context\":\"https:\/\/schema.org\",\"@graph\":[{\"@type\":\"WebPage\",\"@id\":\"https:\/\/blogs.thesocialmedia.com\/leblogmoto\/2005\/11\/30\/essais-termins\/\",\"url\":\"https:\/\/blogs.thesocialmedia.com\/leblogmoto\/2005\/11\/30\/essais-termins\/\",\"name\":\"Essais termin\u00e9s pour cette ann\u00e9e - leblogmoto.com\",\"isPartOf\":{\"@id\":\"https:\/\/blogs.thesocialmedia.com\/leblogmoto\/#website\"},\"primaryImageOfPage\":{\"@id\":\"https:\/\/blogs.thesocialmedia.com\/leblogmoto\/2005\/11\/30\/essais-termins\/#primaryimage\"},\"image\":{\"@id\":\"https:\/\/blogs.thesocialmedia.com\/leblogmoto\/2005\/11\/30\/essais-termins\/#primaryimage\"},\"thumbnailUrl\":\"http:\/\/www.leblogmoto.com\/images\/malaisie.gif\",\"datePublished\":\"2005-11-30T17:48:13+00:00\",\"dateModified\":\"2012-07-11T14:12:02+00:00\",\"author\":{\"@id\":\"https:\/\/blogs.thesocialmedia.com\/leblogmoto\/#\/schema\/person\/1a1dcfc7cec206573105eb4af91155c2\"},\"breadcrumb\":{\"@id\":\"https:\/\/blogs.thesocialmedia.com\/leblogmoto\/2005\/11\/30\/essais-termins\/#breadcrumb\"},\"inLanguage\":\"fr-FR\",\"potentialAction\":[{\"@type\":\"ReadAction\",\"target\":[\"https:\/\/blogs.thesocialmedia.com\/leblogmoto\/2005\/11\/30\/essais-termins\/\"]}]},{\"@type\":\"ImageObject\",\"inLanguage\":\"fr-FR\",\"@id\":\"https:\/\/blogs.thesocialmedia.com\/leblogmoto\/2005\/11\/30\/essais-termins\/#primaryimage\",\"url\":\"http:\/\/www.leblogmoto.com\/images\/malaisie.gif\",\"contentUrl\":\"http:\/\/www.leblogmoto.com\/images\/malaisie.gif\"},{\"@type\":\"BreadcrumbList\",\"@id\":\"https:\/\/blogs.thesocialmedia.com\/leblogmoto\/2005\/11\/30\/essais-termins\/#breadcrumb\",\"itemListElement\":[{\"@type\":\"ListItem\",\"position\":1,\"name\":\"Accueil\",\"item\":\"https:\/\/blogs.thesocialmedia.com\/leblogmoto\/\"},{\"@type\":\"ListItem\",\"position\":2,\"name\":\"Essais termin\u00e9s pour cette ann\u00e9e\"}]},{\"@type\":\"WebSite\",\"@id\":\"https:\/\/blogs.thesocialmedia.com\/leblogmoto\/#website\",\"url\":\"https:\/\/blogs.thesocialmedia.com\/leblogmoto\/\",\"name\":\"leblogmoto\",\"description\":\"Toute l&#039;actualit\u00e9 des 2 roues\",\"potentialAction\":[{\"@type\":\"SearchAction\",\"target\":{\"@type\":\"EntryPoint\",\"urlTemplate\":\"https:\/\/blogs.thesocialmedia.com\/leblogmoto\/?s={search_term_string}\"},\"query-input\":{\"@type\":\"PropertyValueSpecification\",\"valueRequired\":true,\"valueName\":\"search_term_string\"}}],\"inLanguage\":\"fr-FR\"},{\"@type\":\"Person\",\"@id\":\"https:\/\/blogs.thesocialmedia.com\/leblogmoto\/#\/schema\/person\/1a1dcfc7cec206573105eb4af91155c2\",\"name\":\"andre leconde\",\"image\":{\"@type\":\"ImageObject\",\"inLanguage\":\"fr-FR\",\"@id\":\"https:\/\/blogs.thesocialmedia.com\/leblogmoto\/#\/schema\/person\/image\/\",\"url\":\"https:\/\/secure.gravatar.com\/avatar\/?s=96&d=mm&r=g\",\"contentUrl\":\"https:\/\/secure.gravatar.com\/avatar\/?s=96&d=mm&r=g\",\"caption\":\"andre leconde\"},\"url\":\"https:\/\/blogs.thesocialmedia.com\/leblogmoto\/author\/andre-leconde\/\"}]}<\/script>\n<!-- \/ Yoast SEO plugin. -->","yoast_head_json":{"title":"Essais termin\u00e9s pour cette ann\u00e9e - leblogmoto.com","robots":{"index":"index","follow":"follow","max-snippet":"max-snippet:-1","max-image-preview":"max-image-preview:large","max-video-preview":"max-video-preview:-1"},"canonical":"https:\/\/blogs.thesocialmedia.com\/leblogmoto\/2005\/11\/30\/essais-termins\/","twitter_card":"summary_large_image","twitter_title":"Essais termin\u00e9s pour cette ann\u00e9e - leblogmoto.com","twitter_description":"L&rsquo;ann\u00e9e 2005 s&rsquo;est termin\u00e9e pour la MOTOGP, apr\u00e8s ces derniers essais. Les pilotes sont, \u00e0 pr\u00e9sent, partis se reposer pour les f\u00eates de fin d&rsquo;ann\u00e9e, avec, en t\u00eate, un d\u00e9but d&rsquo;id\u00e9e de la prochaine saison \u00e0 entamer. Vivement Janvier qu&rsquo;on les voit de nouveau s&rsquo;\u00e9gayer. Et pour nous donner encore envie, c&rsquo;est PEDROSA, le rookie, [&hellip;]","twitter_image":"http:\/\/www.leblogmoto.com\/images\/malaisie.gif","twitter_misc":{"\u00c9crit par":"andre leconde","Dur\u00e9e de lecture estim\u00e9e":"1 minute"},"schema":{"@context":"https:\/\/schema.org","@graph":[{"@type":"WebPage","@id":"https:\/\/blogs.thesocialmedia.com\/leblogmoto\/2005\/11\/30\/essais-termins\/","url":"https:\/\/blogs.thesocialmedia.com\/leblogmoto\/2005\/11\/30\/essais-termins\/","name":"Essais termin\u00e9s pour cette ann\u00e9e - leblogmoto.com","isPartOf":{"@id":"https:\/\/blogs.thesocialmedia.com\/leblogmoto\/#website"},"primaryImageOfPage":{"@id":"https:\/\/blogs.thesocialmedia.com\/leblogmoto\/2005\/11\/30\/essais-termins\/#primaryimage"},"image":{"@id":"https:\/\/blogs.thesocialmedia.com\/leblogmoto\/2005\/11\/30\/essais-termins\/#primaryimage"},"thumbnailUrl":"http:\/\/www.leblogmoto.com\/images\/malaisie.gif","datePublished":"2005-11-30T17:48:13+00:00","dateModified":"2012-07-11T14:12:02+00:00","author":{"@id":"https:\/\/blogs.thesocialmedia.com\/leblogmoto\/#\/schema\/person\/1a1dcfc7cec206573105eb4af91155c2"},"breadcrumb":{"@id":"https:\/\/blogs.thesocialmedia.com\/leblogmoto\/2005\/11\/30\/essais-termins\/#breadcrumb"},"inLanguage":"fr-FR","potentialAction":[{"@type":"ReadAction","target":["https:\/\/blogs.thesocialmedia.com\/leblogmoto\/2005\/11\/30\/essais-termins\/"]}]},{"@type":"ImageObject","inLanguage":"fr-FR","@id":"https:\/\/blogs.thesocialmedia.com\/leblogmoto\/2005\/11\/30\/essais-termins\/#primaryimage","url":"http:\/\/www.leblogmoto.com\/images\/malaisie.gif","contentUrl":"http:\/\/www.leblogmoto.com\/images\/malaisie.gif"},{"@type":"BreadcrumbList","@id":"https:\/\/blogs.thesocialmedia.com\/leblogmoto\/2005\/11\/30\/essais-termins\/#breadcrumb","itemListElement":[{"@type":"ListItem","position":1,"name":"Accueil","item":"https:\/\/blogs.thesocialmedia.com\/leblogmoto\/"},{"@type":"ListItem","position":2,"name":"Essais termin\u00e9s pour cette ann\u00e9e"}]},{"@type":"WebSite","@id":"https:\/\/blogs.thesocialmedia.com\/leblogmoto\/#website","url":"https:\/\/blogs.thesocialmedia.com\/leblogmoto\/","name":"leblogmoto","description":"Toute l&#039;actualit\u00e9 des 2 roues","potentialAction":[{"@type":"SearchAction","target":{"@type":"EntryPoint","urlTemplate":"https:\/\/blogs.thesocialmedia.com\/leblogmoto\/?s={search_term_string}"},"query-input":{"@type":"PropertyValueSpecification","valueRequired":true,"valueName":"search_term_string"}}],"inLanguage":"fr-FR"},{"@type":"Person","@id":"https:\/\/blogs.thesocialmedia.com\/leblogmoto\/#\/schema\/person\/1a1dcfc7cec206573105eb4af91155c2","name":"andre leconde","image":{"@type":"ImageObject","inLanguage":"fr-FR","@id":"https:\/\/blogs.thesocialmedia.com\/leblogmoto\/#\/schema\/person\/image\/","url":"https:\/\/secure.gravatar.com\/avatar\/?s=96&d=mm&r=g","contentUrl":"https:\/\/secure.gravatar.com\/avatar\/?s=96&d=mm&r=g","caption":"andre leconde"},"url":"https:\/\/blogs.thesocialmedia.com\/leblogmoto\/author\/andre-leconde\/"}]}},"_links":{"self":[{"href":"https:\/\/blogs.thesocialmedia.com\/leblogmoto\/wp-json\/wp\/v2\/posts\/2186","targetHints":{"allow":["GET"]}}],"collection":[{"href":"https:\/\/blogs.thesocialmedia.com\/leblogmoto\/wp-json\/wp\/v2\/posts"}],"about":[{"href":"https:\/\/blogs.thesocialmedia.com\/leblogmoto\/wp-json\/wp\/v2\/types\/post"}],"author":[{"embeddable":true,"href":"https:\/\/blogs.thesocialmedia.com\/leblogmoto\/wp-json\/wp\/v2\/users\/336"}],"replies":[{"embeddable":true,"href":"https:\/\/blogs.thesocialmedia.com\/leblogmoto\/wp-json\/wp\/v2\/comments?post=2186"}],"version-history":[{"count":2,"href":"https:\/\/blogs.thesocialmedia.com\/leblogmoto\/wp-json\/wp\/v2\/posts\/2186\/revisions"}],"predecessor-version":[{"id":6817,"href":"https:\/\/blogs.thesocialmedia.com\/leblogmoto\/wp-json\/wp\/v2\/posts\/2186\/revisions\/6817"}],"wp:attachment":[{"href":"https:\/\/blogs.thesocialmedia.com\/leblogmoto\/wp-json\/wp\/v2\/media?parent=2186"}],"wp:term":[{"taxonomy":"category","embeddable":true,"href":"https:\/\/blogs.thesocialmedia.com\/leblogmoto\/wp-json\/wp\/v2\/categories?post=2186"},{"taxonomy":"post_tag","embeddable":true,"href":"https:\/\/blogs.thesocialmedia.com\/leblogmoto\/wp-json\/wp\/v2\/tags?post=2186"}],"curies":[{"name":"wp","href":"https:\/\/api.w.org\/{rel}","templated":true}]}}