{"id":2187,"date":"2005-11-30T16:18:45","date_gmt":"2005-11-30T16:18:45","guid":{"rendered":"http:\/\/blogs.thesocialmedia.com\/leblogmoto\/2005\/11\/30\/les-grves-rptit\/"},"modified":"2012-07-11T14:12:00","modified_gmt":"2012-07-11T14:12:00","slug":"les-grves-rptit","status":"publish","type":"post","link":"https:\/\/blogs.thesocialmedia.com\/leblogmoto\/2005\/11\/30\/les-grves-rptit\/","title":{"rendered":"La moto a un ticket."},"content":{"rendered":"<p><a href=\"http:\/\/blogs.thesocialmedia.com\/leblogmoto\/files\/2012\/07\/moto_ville.jpg\"><img loading=\"lazy\" decoding=\"async\" height=\"179\" alt=\"Moto_ville\" src=\"http:\/\/www.leblogmoto.com\/images\/moto_ville.jpg\" width=\"250\"  \/><\/a> Les gr\u00e8ves \u00e0 r\u00e9p\u00e9tition des services publics de transport ont une cons\u00e9quence collat\u00e9rale inattendue: l&rsquo;explosion des ventes de deux roues. Ce constat a \u00e9t\u00e9 corrobor\u00e9 en tous points dans la bonne ville de MARSEILLE secou\u00e9e pendant une quarantaine de jours par un dur mouvement social de sa r\u00e9gie de transport. Pris au pi\u00e8ge et un tantinet exc\u00e9d\u00e9, le pedibus jambus phoc\u00e9en a pris son probl\u00e8me \u00e0 bras le corps pour se ruer chez le premier concessionnaire du coin et s&rsquo;acheter le <a href=\"http:\/\/blogs.thesocialmedia.com\/leblogmoto\/files\/2012\/07\/png1\">scooter<\/a> qui allait lui redonner sa rapidit\u00e9 de mouvement.&nbsp; &nbsp;<\/p>\n<p><a href=\"http:\/\/clabedan.typepad.com\/.shared\/image.html?\/photos\/uncategorized\/oldvespa1.jpg\"><img loading=\"lazy\" decoding=\"async\" height=\"178\" alt=\"Oldvespa1\" src=\"http:\/\/www.leblogmoto.com\/images\/oldvespa1.jpg\" width=\"250\"  \/><\/a> C&rsquo;est l&rsquo;occasion de rappeler que le deux roues peut \u00eatre un <a href=\"http:\/\/www.leblogmoto.com\/2005\/09\/la_ffmc_sera_pr.html\">bon moyen<\/a> pour d\u00e9congestionner nos cit\u00e9s tentaculaires. Certes, il n&rsquo;est pas question de parler de panac\u00e9e, mais plut\u00f4t d&rsquo;exposer une solution int\u00e9ressante au probl\u00e8me de <a href=\"http:\/\/www.leblogmoto.com\/2005\/10\/remonte_de_file.html\">circulation urbaine<\/a>. Reste \u00e0 faire la cohabitation entre les diff\u00e9rentes esp\u00e9ces qui arpentent le bitume sacr\u00e9 et la sensibilisation de nos <a href=\"http:\/\/www.leblogmoto.com\/2005\/07\/perben_sattaque.html\">\u00e9lites<\/a> qui ont encore du mal \u00e0 se d\u00e9barrasser de la gangue de leurs pr\u00e9jug\u00e9s.&nbsp; &nbsp;&nbsp; &nbsp;<\/p>\n<p>L&rsquo;ironie de l&rsquo;histoire c&rsquo;est que les couloirs de bus, sujet \u00e0 pol\u00e8miques quant \u00e0 leur emprunt par le deux roues, sont finalement les premiers promoteurs de la <a href=\"http:\/\/www.leblogmoto.com\/2005\/10\/mondial_2005_ka_5.html\">moto<\/a> et du scooter, lorsque ceux-ci restent d\u00e9sesp\u00e9r\u00e9ment vides&#8230;&nbsp; &nbsp;<\/p>\n","protected":false},"excerpt":{"rendered":"<p>Les gr\u00e8ves \u00e0 r\u00e9p\u00e9tition des services publics de transport ont une cons\u00e9quence collat\u00e9rale inattendue: l&rsquo;explosion des ventes de deux roues. Ce constat a \u00e9t\u00e9 corrobor\u00e9 en tous points dans la bonne ville de MARSEILLE secou\u00e9e pendant une quarantaine de jours par un dur mouvement social de sa r\u00e9gie de transport. Pris au pi\u00e8ge et un [&hellip;]<\/p>\n","protected":false},"author":336,"featured_media":0,"comment_status":"open","ping_status":"open","sticky":false,"template":"","format":"standard","meta":{"footnotes":""},"categories":[3],"tags":[],"class_list":["post-2187","post","type-post","status-publish","format-standard","hentry","category-actualite"],"yoast_head":"<!-- This site is optimized with the Yoast SEO plugin v26.0 - https:\/\/yoast.com\/wordpress\/plugins\/seo\/ -->\n<title>La moto a un ticket. - leblogmoto.com<\/title>\n<meta name=\"robots\" content=\"index, follow, max-snippet:-1, max-image-preview:large, max-video-preview:-1\" \/>\n<link rel=\"canonical\" href=\"https:\/\/blogs.thesocialmedia.com\/leblogmoto\/2005\/11\/30\/les-grves-rptit\/\" \/>\n<meta name=\"twitter:card\" content=\"summary_large_image\" \/>\n<meta name=\"twitter:title\" content=\"La moto a un ticket. - leblogmoto.com\" \/>\n<meta name=\"twitter:description\" content=\"Les gr\u00e8ves \u00e0 r\u00e9p\u00e9tition des services publics de transport ont une cons\u00e9quence collat\u00e9rale inattendue: l&rsquo;explosion des ventes de deux roues. Ce constat a \u00e9t\u00e9 corrobor\u00e9 en tous points dans la bonne ville de MARSEILLE secou\u00e9e pendant une quarantaine de jours par un dur mouvement social de sa r\u00e9gie de transport. Pris au pi\u00e8ge et un [&hellip;]\" \/>\n<meta name=\"twitter:image\" content=\"http:\/\/www.leblogmoto.com\/images\/moto_ville.jpg\" \/>\n<meta name=\"twitter:label1\" content=\"\u00c9crit par\" \/>\n\t<meta name=\"twitter:data1\" content=\"andre leconde\" \/>\n\t<meta name=\"twitter:label2\" content=\"Dur\u00e9e de lecture estim\u00e9e\" \/>\n\t<meta name=\"twitter:data2\" content=\"1 minute\" \/>\n<script type=\"application\/ld+json\" class=\"yoast-schema-graph\">{\"@context\":\"https:\/\/schema.org\",\"@graph\":[{\"@type\":\"WebPage\",\"@id\":\"https:\/\/blogs.thesocialmedia.com\/leblogmoto\/2005\/11\/30\/les-grves-rptit\/\",\"url\":\"https:\/\/blogs.thesocialmedia.com\/leblogmoto\/2005\/11\/30\/les-grves-rptit\/\",\"name\":\"La moto a un ticket. - leblogmoto.com\",\"isPartOf\":{\"@id\":\"https:\/\/blogs.thesocialmedia.com\/leblogmoto\/#website\"},\"primaryImageOfPage\":{\"@id\":\"https:\/\/blogs.thesocialmedia.com\/leblogmoto\/2005\/11\/30\/les-grves-rptit\/#primaryimage\"},\"image\":{\"@id\":\"https:\/\/blogs.thesocialmedia.com\/leblogmoto\/2005\/11\/30\/les-grves-rptit\/#primaryimage\"},\"thumbnailUrl\":\"http:\/\/www.leblogmoto.com\/images\/moto_ville.jpg\",\"datePublished\":\"2005-11-30T16:18:45+00:00\",\"dateModified\":\"2012-07-11T14:12:00+00:00\",\"author\":{\"@id\":\"https:\/\/blogs.thesocialmedia.com\/leblogmoto\/#\/schema\/person\/1a1dcfc7cec206573105eb4af91155c2\"},\"breadcrumb\":{\"@id\":\"https:\/\/blogs.thesocialmedia.com\/leblogmoto\/2005\/11\/30\/les-grves-rptit\/#breadcrumb\"},\"inLanguage\":\"fr-FR\",\"potentialAction\":[{\"@type\":\"ReadAction\",\"target\":[\"https:\/\/blogs.thesocialmedia.com\/leblogmoto\/2005\/11\/30\/les-grves-rptit\/\"]}]},{\"@type\":\"ImageObject\",\"inLanguage\":\"fr-FR\",\"@id\":\"https:\/\/blogs.thesocialmedia.com\/leblogmoto\/2005\/11\/30\/les-grves-rptit\/#primaryimage\",\"url\":\"http:\/\/www.leblogmoto.com\/images\/moto_ville.jpg\",\"contentUrl\":\"http:\/\/www.leblogmoto.com\/images\/moto_ville.jpg\"},{\"@type\":\"BreadcrumbList\",\"@id\":\"https:\/\/blogs.thesocialmedia.com\/leblogmoto\/2005\/11\/30\/les-grves-rptit\/#breadcrumb\",\"itemListElement\":[{\"@type\":\"ListItem\",\"position\":1,\"name\":\"Accueil\",\"item\":\"https:\/\/blogs.thesocialmedia.com\/leblogmoto\/\"},{\"@type\":\"ListItem\",\"position\":2,\"name\":\"La moto a un ticket.\"}]},{\"@type\":\"WebSite\",\"@id\":\"https:\/\/blogs.thesocialmedia.com\/leblogmoto\/#website\",\"url\":\"https:\/\/blogs.thesocialmedia.com\/leblogmoto\/\",\"name\":\"leblogmoto\",\"description\":\"Toute l&#039;actualit\u00e9 des 2 roues\",\"potentialAction\":[{\"@type\":\"SearchAction\",\"target\":{\"@type\":\"EntryPoint\",\"urlTemplate\":\"https:\/\/blogs.thesocialmedia.com\/leblogmoto\/?s={search_term_string}\"},\"query-input\":{\"@type\":\"PropertyValueSpecification\",\"valueRequired\":true,\"valueName\":\"search_term_string\"}}],\"inLanguage\":\"fr-FR\"},{\"@type\":\"Person\",\"@id\":\"https:\/\/blogs.thesocialmedia.com\/leblogmoto\/#\/schema\/person\/1a1dcfc7cec206573105eb4af91155c2\",\"name\":\"andre leconde\",\"image\":{\"@type\":\"ImageObject\",\"inLanguage\":\"fr-FR\",\"@id\":\"https:\/\/blogs.thesocialmedia.com\/leblogmoto\/#\/schema\/person\/image\/\",\"url\":\"https:\/\/secure.gravatar.com\/avatar\/?s=96&d=mm&r=g\",\"contentUrl\":\"https:\/\/secure.gravatar.com\/avatar\/?s=96&d=mm&r=g\",\"caption\":\"andre leconde\"},\"url\":\"https:\/\/blogs.thesocialmedia.com\/leblogmoto\/author\/andre-leconde\/\"}]}<\/script>\n<!-- \/ Yoast SEO plugin. -->","yoast_head_json":{"title":"La moto a un ticket. - leblogmoto.com","robots":{"index":"index","follow":"follow","max-snippet":"max-snippet:-1","max-image-preview":"max-image-preview:large","max-video-preview":"max-video-preview:-1"},"canonical":"https:\/\/blogs.thesocialmedia.com\/leblogmoto\/2005\/11\/30\/les-grves-rptit\/","twitter_card":"summary_large_image","twitter_title":"La moto a un ticket. - leblogmoto.com","twitter_description":"Les gr\u00e8ves \u00e0 r\u00e9p\u00e9tition des services publics de transport ont une cons\u00e9quence collat\u00e9rale inattendue: l&rsquo;explosion des ventes de deux roues. Ce constat a \u00e9t\u00e9 corrobor\u00e9 en tous points dans la bonne ville de MARSEILLE secou\u00e9e pendant une quarantaine de jours par un dur mouvement social de sa r\u00e9gie de transport. Pris au pi\u00e8ge et un [&hellip;]","twitter_image":"http:\/\/www.leblogmoto.com\/images\/moto_ville.jpg","twitter_misc":{"\u00c9crit par":"andre leconde","Dur\u00e9e de lecture estim\u00e9e":"1 minute"},"schema":{"@context":"https:\/\/schema.org","@graph":[{"@type":"WebPage","@id":"https:\/\/blogs.thesocialmedia.com\/leblogmoto\/2005\/11\/30\/les-grves-rptit\/","url":"https:\/\/blogs.thesocialmedia.com\/leblogmoto\/2005\/11\/30\/les-grves-rptit\/","name":"La moto a un ticket. - leblogmoto.com","isPartOf":{"@id":"https:\/\/blogs.thesocialmedia.com\/leblogmoto\/#website"},"primaryImageOfPage":{"@id":"https:\/\/blogs.thesocialmedia.com\/leblogmoto\/2005\/11\/30\/les-grves-rptit\/#primaryimage"},"image":{"@id":"https:\/\/blogs.thesocialmedia.com\/leblogmoto\/2005\/11\/30\/les-grves-rptit\/#primaryimage"},"thumbnailUrl":"http:\/\/www.leblogmoto.com\/images\/moto_ville.jpg","datePublished":"2005-11-30T16:18:45+00:00","dateModified":"2012-07-11T14:12:00+00:00","author":{"@id":"https:\/\/blogs.thesocialmedia.com\/leblogmoto\/#\/schema\/person\/1a1dcfc7cec206573105eb4af91155c2"},"breadcrumb":{"@id":"https:\/\/blogs.thesocialmedia.com\/leblogmoto\/2005\/11\/30\/les-grves-rptit\/#breadcrumb"},"inLanguage":"fr-FR","potentialAction":[{"@type":"ReadAction","target":["https:\/\/blogs.thesocialmedia.com\/leblogmoto\/2005\/11\/30\/les-grves-rptit\/"]}]},{"@type":"ImageObject","inLanguage":"fr-FR","@id":"https:\/\/blogs.thesocialmedia.com\/leblogmoto\/2005\/11\/30\/les-grves-rptit\/#primaryimage","url":"http:\/\/www.leblogmoto.com\/images\/moto_ville.jpg","contentUrl":"http:\/\/www.leblogmoto.com\/images\/moto_ville.jpg"},{"@type":"BreadcrumbList","@id":"https:\/\/blogs.thesocialmedia.com\/leblogmoto\/2005\/11\/30\/les-grves-rptit\/#breadcrumb","itemListElement":[{"@type":"ListItem","position":1,"name":"Accueil","item":"https:\/\/blogs.thesocialmedia.com\/leblogmoto\/"},{"@type":"ListItem","position":2,"name":"La moto a un ticket."}]},{"@type":"WebSite","@id":"https:\/\/blogs.thesocialmedia.com\/leblogmoto\/#website","url":"https:\/\/blogs.thesocialmedia.com\/leblogmoto\/","name":"leblogmoto","description":"Toute l&#039;actualit\u00e9 des 2 roues","potentialAction":[{"@type":"SearchAction","target":{"@type":"EntryPoint","urlTemplate":"https:\/\/blogs.thesocialmedia.com\/leblogmoto\/?s={search_term_string}"},"query-input":{"@type":"PropertyValueSpecification","valueRequired":true,"valueName":"search_term_string"}}],"inLanguage":"fr-FR"},{"@type":"Person","@id":"https:\/\/blogs.thesocialmedia.com\/leblogmoto\/#\/schema\/person\/1a1dcfc7cec206573105eb4af91155c2","name":"andre leconde","image":{"@type":"ImageObject","inLanguage":"fr-FR","@id":"https:\/\/blogs.thesocialmedia.com\/leblogmoto\/#\/schema\/person\/image\/","url":"https:\/\/secure.gravatar.com\/avatar\/?s=96&d=mm&r=g","contentUrl":"https:\/\/secure.gravatar.com\/avatar\/?s=96&d=mm&r=g","caption":"andre leconde"},"url":"https:\/\/blogs.thesocialmedia.com\/leblogmoto\/author\/andre-leconde\/"}]}},"_links":{"self":[{"href":"https:\/\/blogs.thesocialmedia.com\/leblogmoto\/wp-json\/wp\/v2\/posts\/2187","targetHints":{"allow":["GET"]}}],"collection":[{"href":"https:\/\/blogs.thesocialmedia.com\/leblogmoto\/wp-json\/wp\/v2\/posts"}],"about":[{"href":"https:\/\/blogs.thesocialmedia.com\/leblogmoto\/wp-json\/wp\/v2\/types\/post"}],"author":[{"embeddable":true,"href":"https:\/\/blogs.thesocialmedia.com\/leblogmoto\/wp-json\/wp\/v2\/users\/336"}],"replies":[{"embeddable":true,"href":"https:\/\/blogs.thesocialmedia.com\/leblogmoto\/wp-json\/wp\/v2\/comments?post=2187"}],"version-history":[{"count":2,"href":"https:\/\/blogs.thesocialmedia.com\/leblogmoto\/wp-json\/wp\/v2\/posts\/2187\/revisions"}],"predecessor-version":[{"id":6815,"href":"https:\/\/blogs.thesocialmedia.com\/leblogmoto\/wp-json\/wp\/v2\/posts\/2187\/revisions\/6815"}],"wp:attachment":[{"href":"https:\/\/blogs.thesocialmedia.com\/leblogmoto\/wp-json\/wp\/v2\/media?parent=2187"}],"wp:term":[{"taxonomy":"category","embeddable":true,"href":"https:\/\/blogs.thesocialmedia.com\/leblogmoto\/wp-json\/wp\/v2\/categories?post=2187"},{"taxonomy":"post_tag","embeddable":true,"href":"https:\/\/blogs.thesocialmedia.com\/leblogmoto\/wp-json\/wp\/v2\/tags?post=2187"}],"curies":[{"name":"wp","href":"https:\/\/api.w.org\/{rel}","templated":true}]}}