{"id":2188,"date":"2005-11-29T20:57:37","date_gmt":"2005-11-29T20:57:37","guid":{"rendered":"http:\/\/blogs.thesocialmedia.com\/leblogmoto\/2005\/11\/29\/ducati-en-catim\/"},"modified":"2012-07-11T14:11:58","modified_gmt":"2012-07-11T14:11:58","slug":"ducati-en-catim","status":"publish","type":"post","link":"https:\/\/blogs.thesocialmedia.com\/leblogmoto\/2005\/11\/29\/ducati-en-catim\/","title":{"rendered":"DUCATI en catimini"},"content":{"rendered":"<p><a href=\"http:\/\/blogs.thesocialmedia.com\/leblogmoto\/files\/2012\/07\/ducati_bst_test.jpg\"><img loading=\"lazy\" decoding=\"async\" height=\"209\" alt=\"Ducati_bst_test\" src=\"http:\/\/www.leblogmoto.com\/images\/ducati_bst_test.jpg\" width=\"250\"  \/><\/a> Alors que d&rsquo;autres ont choisi de s&rsquo;\u00e9pandre \u00e0 <a href=\"http:\/\/www.leblogmoto.com\/2005\/11\/2_journe_sepang_1.html#more\">SEPANG<\/a>, DUCATI, en catimini, a test\u00e9 en Hispanie sa nouvelle Desmosedici. <a href=\"http:\/\/www.leblogmoto.com\/2005\/09\/moto_gp_capiros.html\">CAPIROSSI<\/a> et son nouvel \u00e9quipier <a href=\"http:\/\/www.leblogmoto.com\/2005\/11\/gibernau_quitte.html\">GIBERNAU<\/a> ont ainsi fait connaissance avec la GP6 sous les frimas de JEREZ de la FRONTERA. Et le moins que l&rsquo;on puisse dire, c&rsquo;est que les deux comp\u00e8res n&rsquo;ont pas \u00e9t\u00e9 avare de compliments \u00e0 l&rsquo;\u00e9gard de leur nouvelle monture. Tout se pr\u00e9senterait donc sous les meilleurs auspices pour les rouges&#8230;&nbsp; &nbsp; <\/p>\n<p><a href=\"http:\/\/clabedan.typepad.com\/.shared\/image.html?\/photos\/uncategorized\/ducati2.jpg\"><img loading=\"lazy\" decoding=\"async\" height=\"213\" alt=\"Ducati2\" src=\"http:\/\/www.leblogmoto.com\/images\/ducati2.jpg\" width=\"250\"  \/><\/a> A tel point que la GP5 amen\u00e9e au cas o\u00f9, n&rsquo;a pratiquement pas roul\u00e9. CAPIREX a tout de suite trouv\u00e9 ses marques et sa confiance alors que GIBERNAU ne tarissait pas d&rsquo;\u00e9loges sur sa nouvelle \u00e9quipe, insistant sur la confiance qu&rsquo;on lui accordait et la s\u00e9r\u00e9nit\u00e9 qu&rsquo;il en retirait. Il est vrai que Sete panse encore les plaies d&rsquo;un exercice 2005 catastrophique au regard de son standing. Il prenait aussi contact avec les <a href=\"http:\/\/www.leblogauto.com\/2005\/10\/fia_nouvelles_m.html\">BRIDGESTONE <\/a>et il faut croire que le package lui pla\u00eet puisqu&rsquo;il s&rsquo;est permis de devancer d&rsquo;un poil Loris au sablier. Que l&rsquo;espagnol garde le moral, c&rsquo;est tout le mal qu&rsquo;on lui souha\u00eete pour que la saison qui pointe soit du meilleur cru&#8230;&nbsp; &nbsp;&nbsp; <\/p>\n","protected":false},"excerpt":{"rendered":"<p>Alors que d&rsquo;autres ont choisi de s&rsquo;\u00e9pandre \u00e0 SEPANG, DUCATI, en catimini, a test\u00e9 en Hispanie sa nouvelle Desmosedici. CAPIROSSI et son nouvel \u00e9quipier GIBERNAU ont ainsi fait connaissance avec la GP6 sous les frimas de JEREZ de la FRONTERA. Et le moins que l&rsquo;on puisse dire, c&rsquo;est que les deux comp\u00e8res n&rsquo;ont pas \u00e9t\u00e9 [&hellip;]<\/p>\n","protected":false},"author":336,"featured_media":0,"comment_status":"open","ping_status":"open","sticky":false,"template":"","format":"standard","meta":{"footnotes":""},"categories":[22],"tags":[],"class_list":["post-2188","post","type-post","status-publish","format-standard","hentry","category-motogp"],"yoast_head":"<!-- This site is optimized with the Yoast SEO plugin v26.0 - https:\/\/yoast.com\/wordpress\/plugins\/seo\/ -->\n<title>DUCATI en catimini - leblogmoto.com<\/title>\n<meta name=\"robots\" content=\"index, follow, max-snippet:-1, max-image-preview:large, max-video-preview:-1\" \/>\n<link rel=\"canonical\" href=\"https:\/\/blogs.thesocialmedia.com\/leblogmoto\/2005\/11\/29\/ducati-en-catim\/\" \/>\n<meta name=\"twitter:card\" content=\"summary_large_image\" \/>\n<meta name=\"twitter:title\" content=\"DUCATI en catimini - leblogmoto.com\" \/>\n<meta name=\"twitter:description\" content=\"Alors que d&rsquo;autres ont choisi de s&rsquo;\u00e9pandre \u00e0 SEPANG, DUCATI, en catimini, a test\u00e9 en Hispanie sa nouvelle Desmosedici. CAPIROSSI et son nouvel \u00e9quipier GIBERNAU ont ainsi fait connaissance avec la GP6 sous les frimas de JEREZ de la FRONTERA. Et le moins que l&rsquo;on puisse dire, c&rsquo;est que les deux comp\u00e8res n&rsquo;ont pas \u00e9t\u00e9 [&hellip;]\" \/>\n<meta name=\"twitter:image\" content=\"http:\/\/www.leblogmoto.com\/images\/ducati_bst_test.jpg\" \/>\n<meta name=\"twitter:label1\" content=\"\u00c9crit par\" \/>\n\t<meta name=\"twitter:data1\" content=\"andre leconde\" \/>\n\t<meta name=\"twitter:label2\" content=\"Dur\u00e9e de lecture estim\u00e9e\" \/>\n\t<meta name=\"twitter:data2\" content=\"1 minute\" \/>\n<script type=\"application\/ld+json\" class=\"yoast-schema-graph\">{\"@context\":\"https:\/\/schema.org\",\"@graph\":[{\"@type\":\"WebPage\",\"@id\":\"https:\/\/blogs.thesocialmedia.com\/leblogmoto\/2005\/11\/29\/ducati-en-catim\/\",\"url\":\"https:\/\/blogs.thesocialmedia.com\/leblogmoto\/2005\/11\/29\/ducati-en-catim\/\",\"name\":\"DUCATI en catimini - leblogmoto.com\",\"isPartOf\":{\"@id\":\"https:\/\/blogs.thesocialmedia.com\/leblogmoto\/#website\"},\"primaryImageOfPage\":{\"@id\":\"https:\/\/blogs.thesocialmedia.com\/leblogmoto\/2005\/11\/29\/ducati-en-catim\/#primaryimage\"},\"image\":{\"@id\":\"https:\/\/blogs.thesocialmedia.com\/leblogmoto\/2005\/11\/29\/ducati-en-catim\/#primaryimage\"},\"thumbnailUrl\":\"http:\/\/www.leblogmoto.com\/images\/ducati_bst_test.jpg\",\"datePublished\":\"2005-11-29T20:57:37+00:00\",\"dateModified\":\"2012-07-11T14:11:58+00:00\",\"author\":{\"@id\":\"https:\/\/blogs.thesocialmedia.com\/leblogmoto\/#\/schema\/person\/1a1dcfc7cec206573105eb4af91155c2\"},\"breadcrumb\":{\"@id\":\"https:\/\/blogs.thesocialmedia.com\/leblogmoto\/2005\/11\/29\/ducati-en-catim\/#breadcrumb\"},\"inLanguage\":\"fr-FR\",\"potentialAction\":[{\"@type\":\"ReadAction\",\"target\":[\"https:\/\/blogs.thesocialmedia.com\/leblogmoto\/2005\/11\/29\/ducati-en-catim\/\"]}]},{\"@type\":\"ImageObject\",\"inLanguage\":\"fr-FR\",\"@id\":\"https:\/\/blogs.thesocialmedia.com\/leblogmoto\/2005\/11\/29\/ducati-en-catim\/#primaryimage\",\"url\":\"http:\/\/www.leblogmoto.com\/images\/ducati_bst_test.jpg\",\"contentUrl\":\"http:\/\/www.leblogmoto.com\/images\/ducati_bst_test.jpg\"},{\"@type\":\"BreadcrumbList\",\"@id\":\"https:\/\/blogs.thesocialmedia.com\/leblogmoto\/2005\/11\/29\/ducati-en-catim\/#breadcrumb\",\"itemListElement\":[{\"@type\":\"ListItem\",\"position\":1,\"name\":\"Accueil\",\"item\":\"https:\/\/blogs.thesocialmedia.com\/leblogmoto\/\"},{\"@type\":\"ListItem\",\"position\":2,\"name\":\"DUCATI en catimini\"}]},{\"@type\":\"WebSite\",\"@id\":\"https:\/\/blogs.thesocialmedia.com\/leblogmoto\/#website\",\"url\":\"https:\/\/blogs.thesocialmedia.com\/leblogmoto\/\",\"name\":\"leblogmoto\",\"description\":\"Toute l&#039;actualit\u00e9 des 2 roues\",\"potentialAction\":[{\"@type\":\"SearchAction\",\"target\":{\"@type\":\"EntryPoint\",\"urlTemplate\":\"https:\/\/blogs.thesocialmedia.com\/leblogmoto\/?s={search_term_string}\"},\"query-input\":{\"@type\":\"PropertyValueSpecification\",\"valueRequired\":true,\"valueName\":\"search_term_string\"}}],\"inLanguage\":\"fr-FR\"},{\"@type\":\"Person\",\"@id\":\"https:\/\/blogs.thesocialmedia.com\/leblogmoto\/#\/schema\/person\/1a1dcfc7cec206573105eb4af91155c2\",\"name\":\"andre leconde\",\"image\":{\"@type\":\"ImageObject\",\"inLanguage\":\"fr-FR\",\"@id\":\"https:\/\/blogs.thesocialmedia.com\/leblogmoto\/#\/schema\/person\/image\/\",\"url\":\"https:\/\/secure.gravatar.com\/avatar\/?s=96&d=mm&r=g\",\"contentUrl\":\"https:\/\/secure.gravatar.com\/avatar\/?s=96&d=mm&r=g\",\"caption\":\"andre leconde\"},\"url\":\"https:\/\/blogs.thesocialmedia.com\/leblogmoto\/author\/andre-leconde\/\"}]}<\/script>\n<!-- \/ Yoast SEO plugin. -->","yoast_head_json":{"title":"DUCATI en catimini - leblogmoto.com","robots":{"index":"index","follow":"follow","max-snippet":"max-snippet:-1","max-image-preview":"max-image-preview:large","max-video-preview":"max-video-preview:-1"},"canonical":"https:\/\/blogs.thesocialmedia.com\/leblogmoto\/2005\/11\/29\/ducati-en-catim\/","twitter_card":"summary_large_image","twitter_title":"DUCATI en catimini - leblogmoto.com","twitter_description":"Alors que d&rsquo;autres ont choisi de s&rsquo;\u00e9pandre \u00e0 SEPANG, DUCATI, en catimini, a test\u00e9 en Hispanie sa nouvelle Desmosedici. CAPIROSSI et son nouvel \u00e9quipier GIBERNAU ont ainsi fait connaissance avec la GP6 sous les frimas de JEREZ de la FRONTERA. Et le moins que l&rsquo;on puisse dire, c&rsquo;est que les deux comp\u00e8res n&rsquo;ont pas \u00e9t\u00e9 [&hellip;]","twitter_image":"http:\/\/www.leblogmoto.com\/images\/ducati_bst_test.jpg","twitter_misc":{"\u00c9crit par":"andre leconde","Dur\u00e9e de lecture estim\u00e9e":"1 minute"},"schema":{"@context":"https:\/\/schema.org","@graph":[{"@type":"WebPage","@id":"https:\/\/blogs.thesocialmedia.com\/leblogmoto\/2005\/11\/29\/ducati-en-catim\/","url":"https:\/\/blogs.thesocialmedia.com\/leblogmoto\/2005\/11\/29\/ducati-en-catim\/","name":"DUCATI en catimini - leblogmoto.com","isPartOf":{"@id":"https:\/\/blogs.thesocialmedia.com\/leblogmoto\/#website"},"primaryImageOfPage":{"@id":"https:\/\/blogs.thesocialmedia.com\/leblogmoto\/2005\/11\/29\/ducati-en-catim\/#primaryimage"},"image":{"@id":"https:\/\/blogs.thesocialmedia.com\/leblogmoto\/2005\/11\/29\/ducati-en-catim\/#primaryimage"},"thumbnailUrl":"http:\/\/www.leblogmoto.com\/images\/ducati_bst_test.jpg","datePublished":"2005-11-29T20:57:37+00:00","dateModified":"2012-07-11T14:11:58+00:00","author":{"@id":"https:\/\/blogs.thesocialmedia.com\/leblogmoto\/#\/schema\/person\/1a1dcfc7cec206573105eb4af91155c2"},"breadcrumb":{"@id":"https:\/\/blogs.thesocialmedia.com\/leblogmoto\/2005\/11\/29\/ducati-en-catim\/#breadcrumb"},"inLanguage":"fr-FR","potentialAction":[{"@type":"ReadAction","target":["https:\/\/blogs.thesocialmedia.com\/leblogmoto\/2005\/11\/29\/ducati-en-catim\/"]}]},{"@type":"ImageObject","inLanguage":"fr-FR","@id":"https:\/\/blogs.thesocialmedia.com\/leblogmoto\/2005\/11\/29\/ducati-en-catim\/#primaryimage","url":"http:\/\/www.leblogmoto.com\/images\/ducati_bst_test.jpg","contentUrl":"http:\/\/www.leblogmoto.com\/images\/ducati_bst_test.jpg"},{"@type":"BreadcrumbList","@id":"https:\/\/blogs.thesocialmedia.com\/leblogmoto\/2005\/11\/29\/ducati-en-catim\/#breadcrumb","itemListElement":[{"@type":"ListItem","position":1,"name":"Accueil","item":"https:\/\/blogs.thesocialmedia.com\/leblogmoto\/"},{"@type":"ListItem","position":2,"name":"DUCATI en catimini"}]},{"@type":"WebSite","@id":"https:\/\/blogs.thesocialmedia.com\/leblogmoto\/#website","url":"https:\/\/blogs.thesocialmedia.com\/leblogmoto\/","name":"leblogmoto","description":"Toute l&#039;actualit\u00e9 des 2 roues","potentialAction":[{"@type":"SearchAction","target":{"@type":"EntryPoint","urlTemplate":"https:\/\/blogs.thesocialmedia.com\/leblogmoto\/?s={search_term_string}"},"query-input":{"@type":"PropertyValueSpecification","valueRequired":true,"valueName":"search_term_string"}}],"inLanguage":"fr-FR"},{"@type":"Person","@id":"https:\/\/blogs.thesocialmedia.com\/leblogmoto\/#\/schema\/person\/1a1dcfc7cec206573105eb4af91155c2","name":"andre leconde","image":{"@type":"ImageObject","inLanguage":"fr-FR","@id":"https:\/\/blogs.thesocialmedia.com\/leblogmoto\/#\/schema\/person\/image\/","url":"https:\/\/secure.gravatar.com\/avatar\/?s=96&d=mm&r=g","contentUrl":"https:\/\/secure.gravatar.com\/avatar\/?s=96&d=mm&r=g","caption":"andre leconde"},"url":"https:\/\/blogs.thesocialmedia.com\/leblogmoto\/author\/andre-leconde\/"}]}},"_links":{"self":[{"href":"https:\/\/blogs.thesocialmedia.com\/leblogmoto\/wp-json\/wp\/v2\/posts\/2188","targetHints":{"allow":["GET"]}}],"collection":[{"href":"https:\/\/blogs.thesocialmedia.com\/leblogmoto\/wp-json\/wp\/v2\/posts"}],"about":[{"href":"https:\/\/blogs.thesocialmedia.com\/leblogmoto\/wp-json\/wp\/v2\/types\/post"}],"author":[{"embeddable":true,"href":"https:\/\/blogs.thesocialmedia.com\/leblogmoto\/wp-json\/wp\/v2\/users\/336"}],"replies":[{"embeddable":true,"href":"https:\/\/blogs.thesocialmedia.com\/leblogmoto\/wp-json\/wp\/v2\/comments?post=2188"}],"version-history":[{"count":2,"href":"https:\/\/blogs.thesocialmedia.com\/leblogmoto\/wp-json\/wp\/v2\/posts\/2188\/revisions"}],"predecessor-version":[{"id":6813,"href":"https:\/\/blogs.thesocialmedia.com\/leblogmoto\/wp-json\/wp\/v2\/posts\/2188\/revisions\/6813"}],"wp:attachment":[{"href":"https:\/\/blogs.thesocialmedia.com\/leblogmoto\/wp-json\/wp\/v2\/media?parent=2188"}],"wp:term":[{"taxonomy":"category","embeddable":true,"href":"https:\/\/blogs.thesocialmedia.com\/leblogmoto\/wp-json\/wp\/v2\/categories?post=2188"},{"taxonomy":"post_tag","embeddable":true,"href":"https:\/\/blogs.thesocialmedia.com\/leblogmoto\/wp-json\/wp\/v2\/tags?post=2188"}],"curies":[{"name":"wp","href":"https:\/\/api.w.org\/{rel}","templated":true}]}}