{"id":219,"date":"2009-03-24T01:59:52","date_gmt":"2009-03-24T01:59:52","guid":{"rendered":"http:\/\/blogs.thesocialmedia.com\/leblogmoto\/2009\/03\/24\/estce-bien-raisonnable-action-et-clap-de-fin\/"},"modified":"2012-07-11T17:14:09","modified_gmt":"2012-07-11T17:14:09","slug":"estce-bien-raisonnable-action-et-clap-de-fin","status":"publish","type":"post","link":"https:\/\/blogs.thesocialmedia.com\/leblogmoto\/2009\/03\/24\/estce-bien-raisonnable-action-et-clap-de-fin\/","title":{"rendered":"Est-ce bien raisonnable: Action et clap de fin."},"content":{"rendered":"<div> <object width=\"480\" height=\"414\"><param name=\"movie\" value=\"http:\/\/www.dailymotion.com\/swf\/xn7bh_le-barron-noir-autour-du-peripheriqu_auto&amp;related=1\"><param name=\"allowFullScreen\" value=\"true\"><param name=\"allowScriptAccess\" value=\"always\"><embed src=\"http:\/\/www.dailymotion.com\/swf\/xn7bh_le-barron-noir-autour-du-peripheriqu_auto&amp;related=1\" type=\"application\/x-shockwave-flash\" width=\"480\" height=\"414\"><\/object><br \/><strong><a href=\"http:\/\/www.dailymotion.com\/video\/xn7bh_le-baron-noir-autour-du-peripheriqu_auto\">Le prince noir autour du peripherique<\/a><\/strong><br \/><em><br \/><a href=\"http:\/\/www.dailymotion.com\/priscott\"><\/a><\/em><\/div>\n<p>Les plus cin\u00e9philes d&rsquo;entre-vous savent peut-\u00eatre que les dialogues du&nbsp;film&nbsp;\u00ab\u00a0Est-ce bien raisonnable !\u00a0\u00bb sont l&rsquo;\u0153uvre de <a href=\"http:\/\/www.michelaudiard.com\/accueil.htm\" target=\"_blank\">Michel Audiard<\/a>. Voil\u00e0 pour l&rsquo;explication rapide du choix du titre. Puisqu&rsquo;on en est aux exc\u00e8s de vitesse, on va se saisir de l&rsquo;occasion&nbsp;pour faire un d\u00e9tour en quatre vid\u00e9os sur une technique moderne, que vous connaissez sans aucun doute d\u00e9j\u00e0,&nbsp;et qui se met au diapason du narcissisme de certains: filmer ses \u00ab\u00a0exploits\u00a0\u00bb et les partager en ligne.&nbsp;Je vous le dit de suite: s&rsquo;il vous pla\u00eet,&nbsp;\u00e9pargnez moi&nbsp;le coup de la modification du pignon de sortie de bo\u00eete,&nbsp;voire du Speedohealer, alias la bidouille qui compense le bidouillage.&nbsp;On va&nbsp;<em>supposer<\/em> que les vitesses indiqu\u00e9es&nbsp;sont bien&nbsp;les vitesses r\u00e9elles, mesur\u00e9e par une moto non modifi\u00e9e.&nbsp;Dois-je pr\u00e9ciser que ces comportements sont plus que r\u00e9pr\u00e9hensibles ? D&rsquo;ailleurs la chute &#8211; dans tous les sens du terme &#8211;&nbsp;de cette s\u00e9lection, est l\u00e0 pour rappeler qu&rsquo;un \u00e9go surdimensionn\u00e9 et un site&nbsp;d&rsquo;upload de vid\u00e9o, ne font pas&nbsp;d&rsquo;un motard un pilote professionnel \u00e9voluant sur un circuit devant les cam\u00e9ras de t\u00e9l\u00e9vision. Si vous le permettez, on va terminer&nbsp;par l&rsquo;une des r\u00e9pliques du film cit\u00e9 en pr\u00e9ambule,&nbsp;lorsqu&rsquo;un des protagonistes s&rsquo;attaque au coffre-fort:&nbsp;\u00ab\u00a0On croit que \u00e7a prend cinq minutes, et en fait \u00e7a prend cinq piges\u00a0\u00bb. Ou bien pire.<\/p>\n<p><em>Via La D\u00e9p\u00eache du Midi pour les vid\u00e9os.<\/em><\/p>\n<div><object width=\"480\" height=\"381\"><param name=\"movie\" value=\"http:\/\/www.dailymotion.com\/swf\/x428k4_arsouille-en-zx10r_extreme&amp;related=1\"><param name=\"allowFullScreen\" value=\"true\"><param name=\"allowScriptAccess\" value=\"always\"><embed src=\"http:\/\/www.dailymotion.com\/swf\/x428k4_arsouille-en-zx10r_extreme&amp;related=1\" type=\"application\/x-shockwave-flash\" width=\"480\" height=\"381\"><\/object><br \/><strong><a href=\"http:\/\/www.dailymotion.com\/video\/x428k4_arsouille-en-zx10r_extreme\">Arsouille en zx10R<\/a><\/strong><br \/><em>envoy\u00e9 par <a href=\"http:\/\/www.dailymotion.com\/nofear14\">nofear14<\/a><\/em><\/div>\n<div><object width=\"480\" height=\"381\"><param name=\"movie\" value=\"http:\/\/www.dailymotion.com\/swf\/xtpc7_battle-ride_extreme&amp;related=1\"><param name=\"allowFullScreen\" value=\"true\"><param name=\"allowScriptAccess\" value=\"always\"><embed src=\"http:\/\/www.dailymotion.com\/swf\/xtpc7_battle-ride_extreme&amp;related=1\" type=\"application\/x-shockwave-flash\" width=\"480\" height=\"381\"><\/object><br \/><strong><a href=\"http:\/\/www.dailymotion.com\/video\/xtpc7_battle-ride_extreme\">Battle ride&#8230;<\/a><\/strong><br \/><em>envoy\u00e9 par <a href=\"http:\/\/www.dailymotion.com\/Bibarre\">Bibarre<\/a><\/em><\/div>\n<div><object width=\"480\" height=\"381\"><param name=\"movie\" value=\"http:\/\/www.dailymotion.com\/swf\/x1ujxc_moto-crash-a-230-kmh_auto&amp;related=1\"><param name=\"allowFullScreen\" value=\"true\"><param name=\"allowScriptAccess\" value=\"always\"><embed src=\"http:\/\/www.dailymotion.com\/swf\/x1ujxc_moto-crash-a-230-kmh_auto&amp;related=1\" type=\"application\/x-shockwave-flash\" width=\"480\" height=\"381\"><\/object><br \/><strong><a href=\"http:\/\/www.dailymotion.com\/video\/x1ujxc_moto-crash-a-230-kmh_auto\">Moto Crash A 230 kmh<\/a><\/strong><br \/><em>envoy\u00e9 par <a href=\"http:\/\/www.dailymotion.com\/PeteRock\">PeteRock<\/a><\/p>\n<p><a href=\"http:\/\/clabedan.typepad.com\/.a\/6a00d83451b18369e201156e482650970c-popup\"><img decoding=\"async\" alt=\"Audiard Raisonnable\" class=\"at-xid-6a00d83451b18369e201156e482650970c \" src=\"http:\/\/blogs.thesocialmedia.com\/leblogmoto\/files\/2012\/07\/6a00d83451b18369e201156e482650970c-500wi.jpg\" style=\"width: 470px\"><\/a> <br \/><\/em><\/div>\n","protected":false},"excerpt":{"rendered":"<p>Le prince noir autour du peripherique Les plus cin\u00e9philes d&rsquo;entre-vous savent peut-\u00eatre que les dialogues du&nbsp;film&nbsp;\u00ab\u00a0Est-ce bien raisonnable !\u00a0\u00bb sont l&rsquo;\u0153uvre de Michel Audiard. Voil\u00e0 pour l&rsquo;explication rapide du choix du titre. Puisqu&rsquo;on en est aux exc\u00e8s de vitesse, on va se saisir de l&rsquo;occasion&nbsp;pour faire un d\u00e9tour en quatre vid\u00e9os sur une technique moderne, [&hellip;]<\/p>\n","protected":false},"author":324,"featured_media":13013,"comment_status":"open","ping_status":"open","sticky":false,"template":"","format":"standard","meta":{"footnotes":""},"categories":[27,12],"tags":[],"class_list":["post-219","post","type-post","status-publish","format-standard","has-post-thumbnail","hentry","category-securite","category-videos"],"yoast_head":"<!-- This site is optimized with the Yoast SEO plugin v26.0 - https:\/\/yoast.com\/wordpress\/plugins\/seo\/ -->\n<title>Est-ce bien raisonnable: Action et clap de fin. - leblogmoto.com<\/title>\n<meta name=\"robots\" content=\"index, follow, max-snippet:-1, max-image-preview:large, max-video-preview:-1\" \/>\n<link rel=\"canonical\" href=\"https:\/\/blogs.thesocialmedia.com\/leblogmoto\/2009\/03\/24\/estce-bien-raisonnable-action-et-clap-de-fin\/\" \/>\n<meta name=\"twitter:card\" content=\"summary_large_image\" \/>\n<meta name=\"twitter:title\" content=\"Est-ce bien raisonnable: Action et clap de fin. - leblogmoto.com\" \/>\n<meta name=\"twitter:description\" content=\"Le prince noir autour du peripherique Les plus cin\u00e9philes d&rsquo;entre-vous savent peut-\u00eatre que les dialogues du&nbsp;film&nbsp;\u00ab\u00a0Est-ce bien raisonnable !\u00a0\u00bb sont l&rsquo;\u0153uvre de Michel Audiard. Voil\u00e0 pour l&rsquo;explication rapide du choix du titre. Puisqu&rsquo;on en est aux exc\u00e8s de vitesse, on va se saisir de l&rsquo;occasion&nbsp;pour faire un d\u00e9tour en quatre vid\u00e9os sur une technique moderne, [&hellip;]\" \/>\n<meta name=\"twitter:image\" content=\"https:\/\/blogs.thesocialmedia.com\/leblogmoto\/files\/2012\/07\/6a00d83451b18369e201156e482650970c-500wi.jpg\" \/>\n<meta name=\"twitter:label1\" content=\"\u00c9crit par\" \/>\n\t<meta name=\"twitter:data1\" content=\"benoit rieu\" \/>\n\t<meta name=\"twitter:label2\" content=\"Dur\u00e9e de lecture estim\u00e9e\" \/>\n\t<meta name=\"twitter:data2\" content=\"1 minute\" \/>\n<script type=\"application\/ld+json\" class=\"yoast-schema-graph\">{\"@context\":\"https:\/\/schema.org\",\"@graph\":[{\"@type\":\"WebPage\",\"@id\":\"https:\/\/blogs.thesocialmedia.com\/leblogmoto\/2009\/03\/24\/estce-bien-raisonnable-action-et-clap-de-fin\/\",\"url\":\"https:\/\/blogs.thesocialmedia.com\/leblogmoto\/2009\/03\/24\/estce-bien-raisonnable-action-et-clap-de-fin\/\",\"name\":\"Est-ce bien raisonnable: Action et clap de fin. - leblogmoto.com\",\"isPartOf\":{\"@id\":\"https:\/\/blogs.thesocialmedia.com\/leblogmoto\/#website\"},\"primaryImageOfPage\":{\"@id\":\"https:\/\/blogs.thesocialmedia.com\/leblogmoto\/2009\/03\/24\/estce-bien-raisonnable-action-et-clap-de-fin\/#primaryimage\"},\"image\":{\"@id\":\"https:\/\/blogs.thesocialmedia.com\/leblogmoto\/2009\/03\/24\/estce-bien-raisonnable-action-et-clap-de-fin\/#primaryimage\"},\"thumbnailUrl\":\"https:\/\/blogs.thesocialmedia.com\/leblogmoto\/files\/2012\/07\/6a00d83451b18369e201156e482650970c-500wi.jpg\",\"datePublished\":\"2009-03-24T01:59:52+00:00\",\"dateModified\":\"2012-07-11T17:14:09+00:00\",\"author\":{\"@id\":\"https:\/\/blogs.thesocialmedia.com\/leblogmoto\/#\/schema\/person\/18bfe773e5725ed6d24f743da805362a\"},\"breadcrumb\":{\"@id\":\"https:\/\/blogs.thesocialmedia.com\/leblogmoto\/2009\/03\/24\/estce-bien-raisonnable-action-et-clap-de-fin\/#breadcrumb\"},\"inLanguage\":\"fr-FR\",\"potentialAction\":[{\"@type\":\"ReadAction\",\"target\":[\"https:\/\/blogs.thesocialmedia.com\/leblogmoto\/2009\/03\/24\/estce-bien-raisonnable-action-et-clap-de-fin\/\"]}]},{\"@type\":\"ImageObject\",\"inLanguage\":\"fr-FR\",\"@id\":\"https:\/\/blogs.thesocialmedia.com\/leblogmoto\/2009\/03\/24\/estce-bien-raisonnable-action-et-clap-de-fin\/#primaryimage\",\"url\":\"https:\/\/blogs.thesocialmedia.com\/leblogmoto\/files\/2012\/07\/6a00d83451b18369e201156e482650970c-500wi.jpg\",\"contentUrl\":\"https:\/\/blogs.thesocialmedia.com\/leblogmoto\/files\/2012\/07\/6a00d83451b18369e201156e482650970c-500wi.jpg\",\"width\":\"434\",\"height\":\"578\"},{\"@type\":\"BreadcrumbList\",\"@id\":\"https:\/\/blogs.thesocialmedia.com\/leblogmoto\/2009\/03\/24\/estce-bien-raisonnable-action-et-clap-de-fin\/#breadcrumb\",\"itemListElement\":[{\"@type\":\"ListItem\",\"position\":1,\"name\":\"Accueil\",\"item\":\"https:\/\/blogs.thesocialmedia.com\/leblogmoto\/\"},{\"@type\":\"ListItem\",\"position\":2,\"name\":\"Est-ce bien raisonnable: Action et clap de fin.\"}]},{\"@type\":\"WebSite\",\"@id\":\"https:\/\/blogs.thesocialmedia.com\/leblogmoto\/#website\",\"url\":\"https:\/\/blogs.thesocialmedia.com\/leblogmoto\/\",\"name\":\"leblogmoto\",\"description\":\"Toute l&#039;actualit\u00e9 des 2 roues\",\"potentialAction\":[{\"@type\":\"SearchAction\",\"target\":{\"@type\":\"EntryPoint\",\"urlTemplate\":\"https:\/\/blogs.thesocialmedia.com\/leblogmoto\/?s={search_term_string}\"},\"query-input\":{\"@type\":\"PropertyValueSpecification\",\"valueRequired\":true,\"valueName\":\"search_term_string\"}}],\"inLanguage\":\"fr-FR\"},{\"@type\":\"Person\",\"@id\":\"https:\/\/blogs.thesocialmedia.com\/leblogmoto\/#\/schema\/person\/18bfe773e5725ed6d24f743da805362a\",\"name\":\"benoit rieu\",\"image\":{\"@type\":\"ImageObject\",\"inLanguage\":\"fr-FR\",\"@id\":\"https:\/\/blogs.thesocialmedia.com\/leblogmoto\/#\/schema\/person\/image\/\",\"url\":\"https:\/\/secure.gravatar.com\/avatar\/?s=96&d=mm&r=g\",\"contentUrl\":\"https:\/\/secure.gravatar.com\/avatar\/?s=96&d=mm&r=g\",\"caption\":\"benoit rieu\"},\"url\":\"https:\/\/blogs.thesocialmedia.com\/leblogmoto\/author\/benoit-rieu\/\"}]}<\/script>\n<!-- \/ Yoast SEO plugin. -->","yoast_head_json":{"title":"Est-ce bien raisonnable: Action et clap de fin. - leblogmoto.com","robots":{"index":"index","follow":"follow","max-snippet":"max-snippet:-1","max-image-preview":"max-image-preview:large","max-video-preview":"max-video-preview:-1"},"canonical":"https:\/\/blogs.thesocialmedia.com\/leblogmoto\/2009\/03\/24\/estce-bien-raisonnable-action-et-clap-de-fin\/","twitter_card":"summary_large_image","twitter_title":"Est-ce bien raisonnable: Action et clap de fin. - leblogmoto.com","twitter_description":"Le prince noir autour du peripherique Les plus cin\u00e9philes d&rsquo;entre-vous savent peut-\u00eatre que les dialogues du&nbsp;film&nbsp;\u00ab\u00a0Est-ce bien raisonnable !\u00a0\u00bb sont l&rsquo;\u0153uvre de Michel Audiard. Voil\u00e0 pour l&rsquo;explication rapide du choix du titre. Puisqu&rsquo;on en est aux exc\u00e8s de vitesse, on va se saisir de l&rsquo;occasion&nbsp;pour faire un d\u00e9tour en quatre vid\u00e9os sur une technique moderne, [&hellip;]","twitter_image":"https:\/\/blogs.thesocialmedia.com\/leblogmoto\/files\/2012\/07\/6a00d83451b18369e201156e482650970c-500wi.jpg","twitter_misc":{"\u00c9crit par":"benoit rieu","Dur\u00e9e de lecture estim\u00e9e":"1 minute"},"schema":{"@context":"https:\/\/schema.org","@graph":[{"@type":"WebPage","@id":"https:\/\/blogs.thesocialmedia.com\/leblogmoto\/2009\/03\/24\/estce-bien-raisonnable-action-et-clap-de-fin\/","url":"https:\/\/blogs.thesocialmedia.com\/leblogmoto\/2009\/03\/24\/estce-bien-raisonnable-action-et-clap-de-fin\/","name":"Est-ce bien raisonnable: Action et clap de fin. - leblogmoto.com","isPartOf":{"@id":"https:\/\/blogs.thesocialmedia.com\/leblogmoto\/#website"},"primaryImageOfPage":{"@id":"https:\/\/blogs.thesocialmedia.com\/leblogmoto\/2009\/03\/24\/estce-bien-raisonnable-action-et-clap-de-fin\/#primaryimage"},"image":{"@id":"https:\/\/blogs.thesocialmedia.com\/leblogmoto\/2009\/03\/24\/estce-bien-raisonnable-action-et-clap-de-fin\/#primaryimage"},"thumbnailUrl":"https:\/\/blogs.thesocialmedia.com\/leblogmoto\/files\/2012\/07\/6a00d83451b18369e201156e482650970c-500wi.jpg","datePublished":"2009-03-24T01:59:52+00:00","dateModified":"2012-07-11T17:14:09+00:00","author":{"@id":"https:\/\/blogs.thesocialmedia.com\/leblogmoto\/#\/schema\/person\/18bfe773e5725ed6d24f743da805362a"},"breadcrumb":{"@id":"https:\/\/blogs.thesocialmedia.com\/leblogmoto\/2009\/03\/24\/estce-bien-raisonnable-action-et-clap-de-fin\/#breadcrumb"},"inLanguage":"fr-FR","potentialAction":[{"@type":"ReadAction","target":["https:\/\/blogs.thesocialmedia.com\/leblogmoto\/2009\/03\/24\/estce-bien-raisonnable-action-et-clap-de-fin\/"]}]},{"@type":"ImageObject","inLanguage":"fr-FR","@id":"https:\/\/blogs.thesocialmedia.com\/leblogmoto\/2009\/03\/24\/estce-bien-raisonnable-action-et-clap-de-fin\/#primaryimage","url":"https:\/\/blogs.thesocialmedia.com\/leblogmoto\/files\/2012\/07\/6a00d83451b18369e201156e482650970c-500wi.jpg","contentUrl":"https:\/\/blogs.thesocialmedia.com\/leblogmoto\/files\/2012\/07\/6a00d83451b18369e201156e482650970c-500wi.jpg","width":"434","height":"578"},{"@type":"BreadcrumbList","@id":"https:\/\/blogs.thesocialmedia.com\/leblogmoto\/2009\/03\/24\/estce-bien-raisonnable-action-et-clap-de-fin\/#breadcrumb","itemListElement":[{"@type":"ListItem","position":1,"name":"Accueil","item":"https:\/\/blogs.thesocialmedia.com\/leblogmoto\/"},{"@type":"ListItem","position":2,"name":"Est-ce bien raisonnable: Action et clap de fin."}]},{"@type":"WebSite","@id":"https:\/\/blogs.thesocialmedia.com\/leblogmoto\/#website","url":"https:\/\/blogs.thesocialmedia.com\/leblogmoto\/","name":"leblogmoto","description":"Toute l&#039;actualit\u00e9 des 2 roues","potentialAction":[{"@type":"SearchAction","target":{"@type":"EntryPoint","urlTemplate":"https:\/\/blogs.thesocialmedia.com\/leblogmoto\/?s={search_term_string}"},"query-input":{"@type":"PropertyValueSpecification","valueRequired":true,"valueName":"search_term_string"}}],"inLanguage":"fr-FR"},{"@type":"Person","@id":"https:\/\/blogs.thesocialmedia.com\/leblogmoto\/#\/schema\/person\/18bfe773e5725ed6d24f743da805362a","name":"benoit rieu","image":{"@type":"ImageObject","inLanguage":"fr-FR","@id":"https:\/\/blogs.thesocialmedia.com\/leblogmoto\/#\/schema\/person\/image\/","url":"https:\/\/secure.gravatar.com\/avatar\/?s=96&d=mm&r=g","contentUrl":"https:\/\/secure.gravatar.com\/avatar\/?s=96&d=mm&r=g","caption":"benoit rieu"},"url":"https:\/\/blogs.thesocialmedia.com\/leblogmoto\/author\/benoit-rieu\/"}]}},"_links":{"self":[{"href":"https:\/\/blogs.thesocialmedia.com\/leblogmoto\/wp-json\/wp\/v2\/posts\/219","targetHints":{"allow":["GET"]}}],"collection":[{"href":"https:\/\/blogs.thesocialmedia.com\/leblogmoto\/wp-json\/wp\/v2\/posts"}],"about":[{"href":"https:\/\/blogs.thesocialmedia.com\/leblogmoto\/wp-json\/wp\/v2\/types\/post"}],"author":[{"embeddable":true,"href":"https:\/\/blogs.thesocialmedia.com\/leblogmoto\/wp-json\/wp\/v2\/users\/324"}],"replies":[{"embeddable":true,"href":"https:\/\/blogs.thesocialmedia.com\/leblogmoto\/wp-json\/wp\/v2\/comments?post=219"}],"version-history":[{"count":2,"href":"https:\/\/blogs.thesocialmedia.com\/leblogmoto\/wp-json\/wp\/v2\/posts\/219\/revisions"}],"predecessor-version":[{"id":13014,"href":"https:\/\/blogs.thesocialmedia.com\/leblogmoto\/wp-json\/wp\/v2\/posts\/219\/revisions\/13014"}],"wp:featuredmedia":[{"embeddable":true,"href":"https:\/\/blogs.thesocialmedia.com\/leblogmoto\/wp-json\/wp\/v2\/media\/13013"}],"wp:attachment":[{"href":"https:\/\/blogs.thesocialmedia.com\/leblogmoto\/wp-json\/wp\/v2\/media?parent=219"}],"wp:term":[{"taxonomy":"category","embeddable":true,"href":"https:\/\/blogs.thesocialmedia.com\/leblogmoto\/wp-json\/wp\/v2\/categories?post=219"},{"taxonomy":"post_tag","embeddable":true,"href":"https:\/\/blogs.thesocialmedia.com\/leblogmoto\/wp-json\/wp\/v2\/tags?post=219"}],"curies":[{"name":"wp","href":"https:\/\/api.w.org\/{rel}","templated":true}]}}