{"id":2191,"date":"2005-11-28T19:29:06","date_gmt":"2005-11-28T19:29:06","guid":{"rendered":"http:\/\/blogs.thesocialmedia.com\/leblogmoto\/2005\/11\/28\/la-motogp-a-pri\/"},"modified":"2012-07-11T14:11:54","modified_gmt":"2012-07-11T14:11:54","slug":"la-motogp-a-pri","status":"publish","type":"post","link":"https:\/\/blogs.thesocialmedia.com\/leblogmoto\/2005\/11\/28\/la-motogp-a-pri\/","title":{"rendered":"Motogp 2006 C&rsquo;est reparti en Malaisie"},"content":{"rendered":"<p><a href=\"http:\/\/blogs.thesocialmedia.com\/leblogmoto\/files\/2012\/07\/motogpmelandri.jpg\"><img loading=\"lazy\" decoding=\"async\" height=\"165\" alt=\"Motogpmelandri\" src=\"http:\/\/www.leblogmoto.com\/images\/motogpmelandri.jpg\" width=\"250\"  \/><\/a> La MOTOGP a pris ses quartiers d&rsquo;hiver sur le circuit de <a href=\"http:\/\/www.leblogmoto.com\/2005\/09\/motogp_valentin.html\">SEPANG<\/a> en MALAISIE pour pr\u00e9parer la prochaine saison 2006. SUZUKI, KAWASAKI et YAMAHA sont venues avec les nouvelles configurations de leurs machines de guerre tandis que HONDA a pr\u00e9f\u00e9r\u00e9 tester ses solutions sur sa version 2005. <\/p>\n<p>Les rookies \u00e9taient de la partie, <a href=\"http:\/\/www.leblogmoto.com\/2005\/09\/superbike_verme.html\">VERMEULEN<\/a>, <a href=\"http:\/\/www.leblogmoto.com\/2005\/10\/cocorico_randy_.html\">DE PUNIET<\/a> et PEDROSA se sont donc jet\u00e9s \u00e0 l&rsquo;eau, l&rsquo;image n&rsquo;\u00e9tant pas trop forte car en rapport avec l&rsquo;humidit\u00e9 de la piste de ce d\u00e9but de matin\u00e9e&#8230;&nbsp; <\/p>\n<p><a href=\"http:\/\/clabedan.typepad.com\/.shared\/image.html?\/photos\/uncategorized\/blata_repsol_big.jpg\"><img loading=\"lazy\" decoding=\"async\" height=\"173\" alt=\"Blata_repsol_big\" src=\"http:\/\/www.leblogmoto.com\/images\/blata_repsol_big.jpg\" width=\"250\"  \/><\/a> HONDA a mis les petits plats dans les grands ou plut\u00f4t sa petite perle PEDROSA sur sa grosse RCV en lui mettant \u00e0 disposition une machine toute pens\u00e9e pour son gabarit fluet. C\u00f4t\u00e9 bonne nouvelle, on constate la participation de Tech&rsquo;3 avec une seule YAMAHA pour James ELLISON et des gommes DUNLOP en guise de chaussettes. L&rsquo;op\u00e9ration survie a commenc\u00e9&#8230;<\/p>\n<p>Les temps ne sont gu\u00e8re significatifs mais disons que toute le monde est content et se r\u00e9jouit de son package. Tr\u00e9s politiquement correct, on le serait \u00e0 moins&#8230; Le travail continue demain.<\/p>\n<p>Classement du jour:<\/p>\n<p>MELANDRI, <a href=\"http:\/\/www.leblogmoto.com\/2005\/07\/motogp__hayden_.html\">HAYDEN<\/a>, CHECA, PEDROSA (HONDA), EDWARDS, ROSSI (YAMAHA), ELIAS (HONDA), HOPKINS (SUZUKI), STONER (HONDA), NAKANO (KAWASAKI), ELLISON (YAMAHA), VERMEULEN (SUZUKI), DE PUNIET (KAWASAKI).<\/p>\n<p>&nbsp; &nbsp; <\/p>\n","protected":false},"excerpt":{"rendered":"<p>La MOTOGP a pris ses quartiers d&rsquo;hiver sur le circuit de SEPANG en MALAISIE pour pr\u00e9parer la prochaine saison 2006. SUZUKI, KAWASAKI et YAMAHA sont venues avec les nouvelles configurations de leurs machines de guerre tandis que HONDA a pr\u00e9f\u00e9r\u00e9 tester ses solutions sur sa version 2005. Les rookies \u00e9taient de la partie, VERMEULEN, DE [&hellip;]<\/p>\n","protected":false},"author":336,"featured_media":0,"comment_status":"open","ping_status":"open","sticky":false,"template":"","format":"standard","meta":{"footnotes":""},"categories":[22],"tags":[],"class_list":["post-2191","post","type-post","status-publish","format-standard","hentry","category-motogp"],"yoast_head":"<!-- This site is optimized with the Yoast SEO plugin v26.0 - https:\/\/yoast.com\/wordpress\/plugins\/seo\/ -->\n<title>Motogp 2006 C&#039;est reparti en Malaisie - leblogmoto.com<\/title>\n<meta name=\"robots\" content=\"index, follow, max-snippet:-1, max-image-preview:large, max-video-preview:-1\" \/>\n<link rel=\"canonical\" href=\"https:\/\/blogs.thesocialmedia.com\/leblogmoto\/2005\/11\/28\/la-motogp-a-pri\/\" \/>\n<meta name=\"twitter:card\" content=\"summary_large_image\" \/>\n<meta name=\"twitter:title\" content=\"Motogp 2006 C&#039;est reparti en Malaisie - leblogmoto.com\" \/>\n<meta name=\"twitter:description\" content=\"La MOTOGP a pris ses quartiers d&rsquo;hiver sur le circuit de SEPANG en MALAISIE pour pr\u00e9parer la prochaine saison 2006. SUZUKI, KAWASAKI et YAMAHA sont venues avec les nouvelles configurations de leurs machines de guerre tandis que HONDA a pr\u00e9f\u00e9r\u00e9 tester ses solutions sur sa version 2005. Les rookies \u00e9taient de la partie, VERMEULEN, DE [&hellip;]\" \/>\n<meta name=\"twitter:image\" content=\"http:\/\/www.leblogmoto.com\/images\/motogpmelandri.jpg\" \/>\n<meta name=\"twitter:label1\" content=\"\u00c9crit par\" \/>\n\t<meta name=\"twitter:data1\" content=\"andre leconde\" \/>\n\t<meta name=\"twitter:label2\" content=\"Dur\u00e9e de lecture estim\u00e9e\" \/>\n\t<meta name=\"twitter:data2\" content=\"1 minute\" \/>\n<script type=\"application\/ld+json\" class=\"yoast-schema-graph\">{\"@context\":\"https:\/\/schema.org\",\"@graph\":[{\"@type\":\"WebPage\",\"@id\":\"https:\/\/blogs.thesocialmedia.com\/leblogmoto\/2005\/11\/28\/la-motogp-a-pri\/\",\"url\":\"https:\/\/blogs.thesocialmedia.com\/leblogmoto\/2005\/11\/28\/la-motogp-a-pri\/\",\"name\":\"Motogp 2006 C'est reparti en Malaisie - leblogmoto.com\",\"isPartOf\":{\"@id\":\"https:\/\/blogs.thesocialmedia.com\/leblogmoto\/#website\"},\"primaryImageOfPage\":{\"@id\":\"https:\/\/blogs.thesocialmedia.com\/leblogmoto\/2005\/11\/28\/la-motogp-a-pri\/#primaryimage\"},\"image\":{\"@id\":\"https:\/\/blogs.thesocialmedia.com\/leblogmoto\/2005\/11\/28\/la-motogp-a-pri\/#primaryimage\"},\"thumbnailUrl\":\"http:\/\/www.leblogmoto.com\/images\/motogpmelandri.jpg\",\"datePublished\":\"2005-11-28T19:29:06+00:00\",\"dateModified\":\"2012-07-11T14:11:54+00:00\",\"author\":{\"@id\":\"https:\/\/blogs.thesocialmedia.com\/leblogmoto\/#\/schema\/person\/1a1dcfc7cec206573105eb4af91155c2\"},\"breadcrumb\":{\"@id\":\"https:\/\/blogs.thesocialmedia.com\/leblogmoto\/2005\/11\/28\/la-motogp-a-pri\/#breadcrumb\"},\"inLanguage\":\"fr-FR\",\"potentialAction\":[{\"@type\":\"ReadAction\",\"target\":[\"https:\/\/blogs.thesocialmedia.com\/leblogmoto\/2005\/11\/28\/la-motogp-a-pri\/\"]}]},{\"@type\":\"ImageObject\",\"inLanguage\":\"fr-FR\",\"@id\":\"https:\/\/blogs.thesocialmedia.com\/leblogmoto\/2005\/11\/28\/la-motogp-a-pri\/#primaryimage\",\"url\":\"http:\/\/www.leblogmoto.com\/images\/motogpmelandri.jpg\",\"contentUrl\":\"http:\/\/www.leblogmoto.com\/images\/motogpmelandri.jpg\"},{\"@type\":\"BreadcrumbList\",\"@id\":\"https:\/\/blogs.thesocialmedia.com\/leblogmoto\/2005\/11\/28\/la-motogp-a-pri\/#breadcrumb\",\"itemListElement\":[{\"@type\":\"ListItem\",\"position\":1,\"name\":\"Accueil\",\"item\":\"https:\/\/blogs.thesocialmedia.com\/leblogmoto\/\"},{\"@type\":\"ListItem\",\"position\":2,\"name\":\"Motogp 2006 C&rsquo;est reparti en Malaisie\"}]},{\"@type\":\"WebSite\",\"@id\":\"https:\/\/blogs.thesocialmedia.com\/leblogmoto\/#website\",\"url\":\"https:\/\/blogs.thesocialmedia.com\/leblogmoto\/\",\"name\":\"leblogmoto\",\"description\":\"Toute l&#039;actualit\u00e9 des 2 roues\",\"potentialAction\":[{\"@type\":\"SearchAction\",\"target\":{\"@type\":\"EntryPoint\",\"urlTemplate\":\"https:\/\/blogs.thesocialmedia.com\/leblogmoto\/?s={search_term_string}\"},\"query-input\":{\"@type\":\"PropertyValueSpecification\",\"valueRequired\":true,\"valueName\":\"search_term_string\"}}],\"inLanguage\":\"fr-FR\"},{\"@type\":\"Person\",\"@id\":\"https:\/\/blogs.thesocialmedia.com\/leblogmoto\/#\/schema\/person\/1a1dcfc7cec206573105eb4af91155c2\",\"name\":\"andre leconde\",\"image\":{\"@type\":\"ImageObject\",\"inLanguage\":\"fr-FR\",\"@id\":\"https:\/\/blogs.thesocialmedia.com\/leblogmoto\/#\/schema\/person\/image\/\",\"url\":\"https:\/\/secure.gravatar.com\/avatar\/?s=96&d=mm&r=g\",\"contentUrl\":\"https:\/\/secure.gravatar.com\/avatar\/?s=96&d=mm&r=g\",\"caption\":\"andre leconde\"},\"url\":\"https:\/\/blogs.thesocialmedia.com\/leblogmoto\/author\/andre-leconde\/\"}]}<\/script>\n<!-- \/ Yoast SEO plugin. -->","yoast_head_json":{"title":"Motogp 2006 C'est reparti en Malaisie - leblogmoto.com","robots":{"index":"index","follow":"follow","max-snippet":"max-snippet:-1","max-image-preview":"max-image-preview:large","max-video-preview":"max-video-preview:-1"},"canonical":"https:\/\/blogs.thesocialmedia.com\/leblogmoto\/2005\/11\/28\/la-motogp-a-pri\/","twitter_card":"summary_large_image","twitter_title":"Motogp 2006 C'est reparti en Malaisie - leblogmoto.com","twitter_description":"La MOTOGP a pris ses quartiers d&rsquo;hiver sur le circuit de SEPANG en MALAISIE pour pr\u00e9parer la prochaine saison 2006. SUZUKI, KAWASAKI et YAMAHA sont venues avec les nouvelles configurations de leurs machines de guerre tandis que HONDA a pr\u00e9f\u00e9r\u00e9 tester ses solutions sur sa version 2005. Les rookies \u00e9taient de la partie, VERMEULEN, DE [&hellip;]","twitter_image":"http:\/\/www.leblogmoto.com\/images\/motogpmelandri.jpg","twitter_misc":{"\u00c9crit par":"andre leconde","Dur\u00e9e de lecture estim\u00e9e":"1 minute"},"schema":{"@context":"https:\/\/schema.org","@graph":[{"@type":"WebPage","@id":"https:\/\/blogs.thesocialmedia.com\/leblogmoto\/2005\/11\/28\/la-motogp-a-pri\/","url":"https:\/\/blogs.thesocialmedia.com\/leblogmoto\/2005\/11\/28\/la-motogp-a-pri\/","name":"Motogp 2006 C'est reparti en Malaisie - leblogmoto.com","isPartOf":{"@id":"https:\/\/blogs.thesocialmedia.com\/leblogmoto\/#website"},"primaryImageOfPage":{"@id":"https:\/\/blogs.thesocialmedia.com\/leblogmoto\/2005\/11\/28\/la-motogp-a-pri\/#primaryimage"},"image":{"@id":"https:\/\/blogs.thesocialmedia.com\/leblogmoto\/2005\/11\/28\/la-motogp-a-pri\/#primaryimage"},"thumbnailUrl":"http:\/\/www.leblogmoto.com\/images\/motogpmelandri.jpg","datePublished":"2005-11-28T19:29:06+00:00","dateModified":"2012-07-11T14:11:54+00:00","author":{"@id":"https:\/\/blogs.thesocialmedia.com\/leblogmoto\/#\/schema\/person\/1a1dcfc7cec206573105eb4af91155c2"},"breadcrumb":{"@id":"https:\/\/blogs.thesocialmedia.com\/leblogmoto\/2005\/11\/28\/la-motogp-a-pri\/#breadcrumb"},"inLanguage":"fr-FR","potentialAction":[{"@type":"ReadAction","target":["https:\/\/blogs.thesocialmedia.com\/leblogmoto\/2005\/11\/28\/la-motogp-a-pri\/"]}]},{"@type":"ImageObject","inLanguage":"fr-FR","@id":"https:\/\/blogs.thesocialmedia.com\/leblogmoto\/2005\/11\/28\/la-motogp-a-pri\/#primaryimage","url":"http:\/\/www.leblogmoto.com\/images\/motogpmelandri.jpg","contentUrl":"http:\/\/www.leblogmoto.com\/images\/motogpmelandri.jpg"},{"@type":"BreadcrumbList","@id":"https:\/\/blogs.thesocialmedia.com\/leblogmoto\/2005\/11\/28\/la-motogp-a-pri\/#breadcrumb","itemListElement":[{"@type":"ListItem","position":1,"name":"Accueil","item":"https:\/\/blogs.thesocialmedia.com\/leblogmoto\/"},{"@type":"ListItem","position":2,"name":"Motogp 2006 C&rsquo;est reparti en Malaisie"}]},{"@type":"WebSite","@id":"https:\/\/blogs.thesocialmedia.com\/leblogmoto\/#website","url":"https:\/\/blogs.thesocialmedia.com\/leblogmoto\/","name":"leblogmoto","description":"Toute l&#039;actualit\u00e9 des 2 roues","potentialAction":[{"@type":"SearchAction","target":{"@type":"EntryPoint","urlTemplate":"https:\/\/blogs.thesocialmedia.com\/leblogmoto\/?s={search_term_string}"},"query-input":{"@type":"PropertyValueSpecification","valueRequired":true,"valueName":"search_term_string"}}],"inLanguage":"fr-FR"},{"@type":"Person","@id":"https:\/\/blogs.thesocialmedia.com\/leblogmoto\/#\/schema\/person\/1a1dcfc7cec206573105eb4af91155c2","name":"andre leconde","image":{"@type":"ImageObject","inLanguage":"fr-FR","@id":"https:\/\/blogs.thesocialmedia.com\/leblogmoto\/#\/schema\/person\/image\/","url":"https:\/\/secure.gravatar.com\/avatar\/?s=96&d=mm&r=g","contentUrl":"https:\/\/secure.gravatar.com\/avatar\/?s=96&d=mm&r=g","caption":"andre leconde"},"url":"https:\/\/blogs.thesocialmedia.com\/leblogmoto\/author\/andre-leconde\/"}]}},"_links":{"self":[{"href":"https:\/\/blogs.thesocialmedia.com\/leblogmoto\/wp-json\/wp\/v2\/posts\/2191","targetHints":{"allow":["GET"]}}],"collection":[{"href":"https:\/\/blogs.thesocialmedia.com\/leblogmoto\/wp-json\/wp\/v2\/posts"}],"about":[{"href":"https:\/\/blogs.thesocialmedia.com\/leblogmoto\/wp-json\/wp\/v2\/types\/post"}],"author":[{"embeddable":true,"href":"https:\/\/blogs.thesocialmedia.com\/leblogmoto\/wp-json\/wp\/v2\/users\/336"}],"replies":[{"embeddable":true,"href":"https:\/\/blogs.thesocialmedia.com\/leblogmoto\/wp-json\/wp\/v2\/comments?post=2191"}],"version-history":[{"count":2,"href":"https:\/\/blogs.thesocialmedia.com\/leblogmoto\/wp-json\/wp\/v2\/posts\/2191\/revisions"}],"predecessor-version":[{"id":6809,"href":"https:\/\/blogs.thesocialmedia.com\/leblogmoto\/wp-json\/wp\/v2\/posts\/2191\/revisions\/6809"}],"wp:attachment":[{"href":"https:\/\/blogs.thesocialmedia.com\/leblogmoto\/wp-json\/wp\/v2\/media?parent=2191"}],"wp:term":[{"taxonomy":"category","embeddable":true,"href":"https:\/\/blogs.thesocialmedia.com\/leblogmoto\/wp-json\/wp\/v2\/categories?post=2191"},{"taxonomy":"post_tag","embeddable":true,"href":"https:\/\/blogs.thesocialmedia.com\/leblogmoto\/wp-json\/wp\/v2\/tags?post=2191"}],"curies":[{"name":"wp","href":"https:\/\/api.w.org\/{rel}","templated":true}]}}