{"id":2192,"date":"2005-11-27T18:46:25","date_gmt":"2005-11-27T18:46:25","guid":{"rendered":"http:\/\/blogs.thesocialmedia.com\/leblogmoto\/2005\/11\/27\/que-couve-la-po\/"},"modified":"2012-07-11T14:11:51","modified_gmt":"2012-07-11T14:11:51","slug":"que-couve-la-po","status":"publish","type":"post","link":"https:\/\/blogs.thesocialmedia.com\/leblogmoto\/2005\/11\/27\/que-couve-la-po\/","title":{"rendered":"Que couve la poule aux oeufs d&rsquo;or ?"},"content":{"rendered":"<p><a href=\"http:\/\/blogs.thesocialmedia.com\/leblogmoto\/files\/2012\/07\/moto_gp_2_26_500.jpg\"><img loading=\"lazy\" decoding=\"async\" height=\"187\" alt=\"Moto_gp_2_26_500\" src=\"http:\/\/www.leblogmoto.com\/images\/moto_gp_2_26_500.jpg\" width=\"250\"  \/><\/a> En ces temps sombres pour la gente aviaire, la poule aux oeufs d&rsquo;or n&rsquo;\u00e9chappe pas \u00e0 l&rsquo;angoisse de la pr\u00e9carit\u00e9 du lendemain. Ainsi, celle affect\u00e9e aux destin\u00e9es du <a href=\"http:\/\/blogs.thesocialmedia.com\/leblogmoto\/files\/2012\/07\/png\">MotoGP<\/a> semble pr\u00e9senter des signes inqui\u00e9tants de refroidissement susceptible de nuire gravement \u00e0 sa sant\u00e9. Car \u00e0 l&rsquo;heure o\u00f9 nous parlons, il faut bien admettre que son plateau n&rsquo;est tout simplement pas encore garanti&#8230;&nbsp; &nbsp;<\/p>\n<p>Comment en est-on arriv\u00e9 l\u00e0 ? Une discipline en plein essor, des spectateurs \u00e0 la pelle, des courses endiabl\u00e9es, un ph\u00e9nom\u00e8ne plan\u00e9taire comme ic\u00f4ne en la personne de <a href=\"http:\/\/www.leblogmoto.com\/2005\/09\/motogp_valentin_1.html\">Valentino ROSSI<\/a>, et pourtant, un horizon 2006 sombre o\u00f9 plane le spectre d&rsquo;un plateau fam\u00e9lique&#8230;<\/p>\n<p><a href=\"http:\/\/clabedan.typepad.com\/.shared\/image.html?\/photos\/uncategorized\/catalunya_gp_rossi03.jpg\"><img loading=\"lazy\" decoding=\"async\" height=\"166\" alt=\"Catalunya_gp_rossi03\" src=\"http:\/\/www.leblogmoto.com\/images\/catalunya_gp_rossi03.jpg\" width=\"250\"  \/><\/a> Car il ne faut pas se voiler la face; GAULOISE, \u00e9conduit par le &quot;doctor&quot; qui n&rsquo;en pince gu\u00e8re pour les cigarettiers, tout en acceptant leurs augures en se glissant dans le cockpit d&rsquo;une F.1 lors de ses stages de formation chez <a href=\"http:\/\/www.leblogmoto.com\/2005\/11\/valentino_rossi.html\">FERRARI<\/a>, s&rsquo;en est all\u00e9e. CAMEL a abandonn\u00e9 Sito PONS et affirme bien haut qu&rsquo;il ne restera que si <a href=\"http:\/\/www.leblogmoto.com\/2005\/11\/lempereur_maudi.html#more\">Max<\/a>, dont personne ne veut, est cas\u00e9. Quant \u00e0 TELEFONICA, il a profit\u00e9 de l&rsquo;absorption de PEDROSA par REPSOL et de l&rsquo;\u00e9migration de <a href=\"http:\/\/www.leblogmoto.com\/2005\/11\/gibernau_quitte.html\">GIBERNAU <\/a>vers DUCATI pour r\u00e9orienter sa strat\u00e9gie. Le r\u00e9sultat de ses d\u00e9fections est limpide: PONS n&rsquo;a plus un rond, <a href=\"http:\/\/www.leblogmoto.com\/2005\/08\/ktm_se_retire_d.html\">Roberts<\/a> et WCM n&rsquo;en ont pas plus qu&rsquo;avant, D&rsquo;ANTIN est dans un \u00e9tat comateux et Tech&rsquo; 3 se compte comme une victime collat\u00e9rale de ROSSI puisque FORTUNA a rejoint GRESINI et <a href=\"http:\/\/www.leblogmoto.com\/2005\/10\/motogp_melandri.html\">MELANDRI<\/a> en emportant le prometteur ELIAS avec lui. L&rsquo;\u00e9quipe fran\u00e7aise n&rsquo;a plus de budget mais esp\u00e8re n\u00e9anmoins pass\u00e9 le cap avec une seule moto pour 2006&#8230; Le gallinac\u00e9 v\u00e9n\u00e9r\u00e9 perd dangereusement ses plumes.<\/p>\n<p><a href=\"http:\/\/www.leblogmoto.com\/2005\/10\/jeu_vido_moto_g.html\">Les dirigeants<\/a> de la discipline auraient donc grand tort de s&rsquo;endormir sur leurs lauriers. Les lendemains ne s&rsquo;annoncent pas aussi joyeux que cela et ce d&rsquo;autant plus que la r\u00e9glementation des 800 cc fera in\u00e9vitablement exploser les budgets. Il est temps de r\u00e9agir sauf \u00e0 conna\u00eetre les accidents de croissance d\u00e9j\u00e0 vus en F.1&#8230;<\/p>\n","protected":false},"excerpt":{"rendered":"<p>En ces temps sombres pour la gente aviaire, la poule aux oeufs d&rsquo;or n&rsquo;\u00e9chappe pas \u00e0 l&rsquo;angoisse de la pr\u00e9carit\u00e9 du lendemain. Ainsi, celle affect\u00e9e aux destin\u00e9es du MotoGP semble pr\u00e9senter des signes inqui\u00e9tants de refroidissement susceptible de nuire gravement \u00e0 sa sant\u00e9. Car \u00e0 l&rsquo;heure o\u00f9 nous parlons, il faut bien admettre que son [&hellip;]<\/p>\n","protected":false},"author":336,"featured_media":0,"comment_status":"open","ping_status":"open","sticky":false,"template":"","format":"standard","meta":{"footnotes":""},"categories":[22],"tags":[],"class_list":["post-2192","post","type-post","status-publish","format-standard","hentry","category-motogp"],"yoast_head":"<!-- This site is optimized with the Yoast SEO plugin v26.0 - https:\/\/yoast.com\/wordpress\/plugins\/seo\/ -->\n<title>Que couve la poule aux oeufs d&#039;or ? - leblogmoto.com<\/title>\n<meta name=\"robots\" content=\"index, follow, max-snippet:-1, max-image-preview:large, max-video-preview:-1\" \/>\n<link rel=\"canonical\" href=\"https:\/\/blogs.thesocialmedia.com\/leblogmoto\/2005\/11\/27\/que-couve-la-po\/\" \/>\n<meta name=\"twitter:card\" content=\"summary_large_image\" \/>\n<meta name=\"twitter:title\" content=\"Que couve la poule aux oeufs d&#039;or ? - leblogmoto.com\" \/>\n<meta name=\"twitter:description\" content=\"En ces temps sombres pour la gente aviaire, la poule aux oeufs d&rsquo;or n&rsquo;\u00e9chappe pas \u00e0 l&rsquo;angoisse de la pr\u00e9carit\u00e9 du lendemain. Ainsi, celle affect\u00e9e aux destin\u00e9es du MotoGP semble pr\u00e9senter des signes inqui\u00e9tants de refroidissement susceptible de nuire gravement \u00e0 sa sant\u00e9. Car \u00e0 l&rsquo;heure o\u00f9 nous parlons, il faut bien admettre que son [&hellip;]\" \/>\n<meta name=\"twitter:image\" content=\"http:\/\/www.leblogmoto.com\/images\/moto_gp_2_26_500.jpg\" \/>\n<meta name=\"twitter:label1\" content=\"\u00c9crit par\" \/>\n\t<meta name=\"twitter:data1\" content=\"andre leconde\" \/>\n\t<meta name=\"twitter:label2\" content=\"Dur\u00e9e de lecture estim\u00e9e\" \/>\n\t<meta name=\"twitter:data2\" content=\"2 minutes\" \/>\n<script type=\"application\/ld+json\" class=\"yoast-schema-graph\">{\"@context\":\"https:\/\/schema.org\",\"@graph\":[{\"@type\":\"WebPage\",\"@id\":\"https:\/\/blogs.thesocialmedia.com\/leblogmoto\/2005\/11\/27\/que-couve-la-po\/\",\"url\":\"https:\/\/blogs.thesocialmedia.com\/leblogmoto\/2005\/11\/27\/que-couve-la-po\/\",\"name\":\"Que couve la poule aux oeufs d'or ? - leblogmoto.com\",\"isPartOf\":{\"@id\":\"https:\/\/blogs.thesocialmedia.com\/leblogmoto\/#website\"},\"primaryImageOfPage\":{\"@id\":\"https:\/\/blogs.thesocialmedia.com\/leblogmoto\/2005\/11\/27\/que-couve-la-po\/#primaryimage\"},\"image\":{\"@id\":\"https:\/\/blogs.thesocialmedia.com\/leblogmoto\/2005\/11\/27\/que-couve-la-po\/#primaryimage\"},\"thumbnailUrl\":\"http:\/\/www.leblogmoto.com\/images\/moto_gp_2_26_500.jpg\",\"datePublished\":\"2005-11-27T18:46:25+00:00\",\"dateModified\":\"2012-07-11T14:11:51+00:00\",\"author\":{\"@id\":\"https:\/\/blogs.thesocialmedia.com\/leblogmoto\/#\/schema\/person\/1a1dcfc7cec206573105eb4af91155c2\"},\"breadcrumb\":{\"@id\":\"https:\/\/blogs.thesocialmedia.com\/leblogmoto\/2005\/11\/27\/que-couve-la-po\/#breadcrumb\"},\"inLanguage\":\"fr-FR\",\"potentialAction\":[{\"@type\":\"ReadAction\",\"target\":[\"https:\/\/blogs.thesocialmedia.com\/leblogmoto\/2005\/11\/27\/que-couve-la-po\/\"]}]},{\"@type\":\"ImageObject\",\"inLanguage\":\"fr-FR\",\"@id\":\"https:\/\/blogs.thesocialmedia.com\/leblogmoto\/2005\/11\/27\/que-couve-la-po\/#primaryimage\",\"url\":\"http:\/\/www.leblogmoto.com\/images\/moto_gp_2_26_500.jpg\",\"contentUrl\":\"http:\/\/www.leblogmoto.com\/images\/moto_gp_2_26_500.jpg\"},{\"@type\":\"BreadcrumbList\",\"@id\":\"https:\/\/blogs.thesocialmedia.com\/leblogmoto\/2005\/11\/27\/que-couve-la-po\/#breadcrumb\",\"itemListElement\":[{\"@type\":\"ListItem\",\"position\":1,\"name\":\"Accueil\",\"item\":\"https:\/\/blogs.thesocialmedia.com\/leblogmoto\/\"},{\"@type\":\"ListItem\",\"position\":2,\"name\":\"Que couve la poule aux oeufs d&rsquo;or ?\"}]},{\"@type\":\"WebSite\",\"@id\":\"https:\/\/blogs.thesocialmedia.com\/leblogmoto\/#website\",\"url\":\"https:\/\/blogs.thesocialmedia.com\/leblogmoto\/\",\"name\":\"leblogmoto\",\"description\":\"Toute l&#039;actualit\u00e9 des 2 roues\",\"potentialAction\":[{\"@type\":\"SearchAction\",\"target\":{\"@type\":\"EntryPoint\",\"urlTemplate\":\"https:\/\/blogs.thesocialmedia.com\/leblogmoto\/?s={search_term_string}\"},\"query-input\":{\"@type\":\"PropertyValueSpecification\",\"valueRequired\":true,\"valueName\":\"search_term_string\"}}],\"inLanguage\":\"fr-FR\"},{\"@type\":\"Person\",\"@id\":\"https:\/\/blogs.thesocialmedia.com\/leblogmoto\/#\/schema\/person\/1a1dcfc7cec206573105eb4af91155c2\",\"name\":\"andre leconde\",\"image\":{\"@type\":\"ImageObject\",\"inLanguage\":\"fr-FR\",\"@id\":\"https:\/\/blogs.thesocialmedia.com\/leblogmoto\/#\/schema\/person\/image\/\",\"url\":\"https:\/\/secure.gravatar.com\/avatar\/?s=96&d=mm&r=g\",\"contentUrl\":\"https:\/\/secure.gravatar.com\/avatar\/?s=96&d=mm&r=g\",\"caption\":\"andre leconde\"},\"url\":\"https:\/\/blogs.thesocialmedia.com\/leblogmoto\/author\/andre-leconde\/\"}]}<\/script>\n<!-- \/ Yoast SEO plugin. -->","yoast_head_json":{"title":"Que couve la poule aux oeufs d'or ? - leblogmoto.com","robots":{"index":"index","follow":"follow","max-snippet":"max-snippet:-1","max-image-preview":"max-image-preview:large","max-video-preview":"max-video-preview:-1"},"canonical":"https:\/\/blogs.thesocialmedia.com\/leblogmoto\/2005\/11\/27\/que-couve-la-po\/","twitter_card":"summary_large_image","twitter_title":"Que couve la poule aux oeufs d'or ? - leblogmoto.com","twitter_description":"En ces temps sombres pour la gente aviaire, la poule aux oeufs d&rsquo;or n&rsquo;\u00e9chappe pas \u00e0 l&rsquo;angoisse de la pr\u00e9carit\u00e9 du lendemain. Ainsi, celle affect\u00e9e aux destin\u00e9es du MotoGP semble pr\u00e9senter des signes inqui\u00e9tants de refroidissement susceptible de nuire gravement \u00e0 sa sant\u00e9. Car \u00e0 l&rsquo;heure o\u00f9 nous parlons, il faut bien admettre que son [&hellip;]","twitter_image":"http:\/\/www.leblogmoto.com\/images\/moto_gp_2_26_500.jpg","twitter_misc":{"\u00c9crit par":"andre leconde","Dur\u00e9e de lecture estim\u00e9e":"2 minutes"},"schema":{"@context":"https:\/\/schema.org","@graph":[{"@type":"WebPage","@id":"https:\/\/blogs.thesocialmedia.com\/leblogmoto\/2005\/11\/27\/que-couve-la-po\/","url":"https:\/\/blogs.thesocialmedia.com\/leblogmoto\/2005\/11\/27\/que-couve-la-po\/","name":"Que couve la poule aux oeufs d'or ? - leblogmoto.com","isPartOf":{"@id":"https:\/\/blogs.thesocialmedia.com\/leblogmoto\/#website"},"primaryImageOfPage":{"@id":"https:\/\/blogs.thesocialmedia.com\/leblogmoto\/2005\/11\/27\/que-couve-la-po\/#primaryimage"},"image":{"@id":"https:\/\/blogs.thesocialmedia.com\/leblogmoto\/2005\/11\/27\/que-couve-la-po\/#primaryimage"},"thumbnailUrl":"http:\/\/www.leblogmoto.com\/images\/moto_gp_2_26_500.jpg","datePublished":"2005-11-27T18:46:25+00:00","dateModified":"2012-07-11T14:11:51+00:00","author":{"@id":"https:\/\/blogs.thesocialmedia.com\/leblogmoto\/#\/schema\/person\/1a1dcfc7cec206573105eb4af91155c2"},"breadcrumb":{"@id":"https:\/\/blogs.thesocialmedia.com\/leblogmoto\/2005\/11\/27\/que-couve-la-po\/#breadcrumb"},"inLanguage":"fr-FR","potentialAction":[{"@type":"ReadAction","target":["https:\/\/blogs.thesocialmedia.com\/leblogmoto\/2005\/11\/27\/que-couve-la-po\/"]}]},{"@type":"ImageObject","inLanguage":"fr-FR","@id":"https:\/\/blogs.thesocialmedia.com\/leblogmoto\/2005\/11\/27\/que-couve-la-po\/#primaryimage","url":"http:\/\/www.leblogmoto.com\/images\/moto_gp_2_26_500.jpg","contentUrl":"http:\/\/www.leblogmoto.com\/images\/moto_gp_2_26_500.jpg"},{"@type":"BreadcrumbList","@id":"https:\/\/blogs.thesocialmedia.com\/leblogmoto\/2005\/11\/27\/que-couve-la-po\/#breadcrumb","itemListElement":[{"@type":"ListItem","position":1,"name":"Accueil","item":"https:\/\/blogs.thesocialmedia.com\/leblogmoto\/"},{"@type":"ListItem","position":2,"name":"Que couve la poule aux oeufs d&rsquo;or ?"}]},{"@type":"WebSite","@id":"https:\/\/blogs.thesocialmedia.com\/leblogmoto\/#website","url":"https:\/\/blogs.thesocialmedia.com\/leblogmoto\/","name":"leblogmoto","description":"Toute l&#039;actualit\u00e9 des 2 roues","potentialAction":[{"@type":"SearchAction","target":{"@type":"EntryPoint","urlTemplate":"https:\/\/blogs.thesocialmedia.com\/leblogmoto\/?s={search_term_string}"},"query-input":{"@type":"PropertyValueSpecification","valueRequired":true,"valueName":"search_term_string"}}],"inLanguage":"fr-FR"},{"@type":"Person","@id":"https:\/\/blogs.thesocialmedia.com\/leblogmoto\/#\/schema\/person\/1a1dcfc7cec206573105eb4af91155c2","name":"andre leconde","image":{"@type":"ImageObject","inLanguage":"fr-FR","@id":"https:\/\/blogs.thesocialmedia.com\/leblogmoto\/#\/schema\/person\/image\/","url":"https:\/\/secure.gravatar.com\/avatar\/?s=96&d=mm&r=g","contentUrl":"https:\/\/secure.gravatar.com\/avatar\/?s=96&d=mm&r=g","caption":"andre leconde"},"url":"https:\/\/blogs.thesocialmedia.com\/leblogmoto\/author\/andre-leconde\/"}]}},"_links":{"self":[{"href":"https:\/\/blogs.thesocialmedia.com\/leblogmoto\/wp-json\/wp\/v2\/posts\/2192","targetHints":{"allow":["GET"]}}],"collection":[{"href":"https:\/\/blogs.thesocialmedia.com\/leblogmoto\/wp-json\/wp\/v2\/posts"}],"about":[{"href":"https:\/\/blogs.thesocialmedia.com\/leblogmoto\/wp-json\/wp\/v2\/types\/post"}],"author":[{"embeddable":true,"href":"https:\/\/blogs.thesocialmedia.com\/leblogmoto\/wp-json\/wp\/v2\/users\/336"}],"replies":[{"embeddable":true,"href":"https:\/\/blogs.thesocialmedia.com\/leblogmoto\/wp-json\/wp\/v2\/comments?post=2192"}],"version-history":[{"count":2,"href":"https:\/\/blogs.thesocialmedia.com\/leblogmoto\/wp-json\/wp\/v2\/posts\/2192\/revisions"}],"predecessor-version":[{"id":6807,"href":"https:\/\/blogs.thesocialmedia.com\/leblogmoto\/wp-json\/wp\/v2\/posts\/2192\/revisions\/6807"}],"wp:attachment":[{"href":"https:\/\/blogs.thesocialmedia.com\/leblogmoto\/wp-json\/wp\/v2\/media?parent=2192"}],"wp:term":[{"taxonomy":"category","embeddable":true,"href":"https:\/\/blogs.thesocialmedia.com\/leblogmoto\/wp-json\/wp\/v2\/categories?post=2192"},{"taxonomy":"post_tag","embeddable":true,"href":"https:\/\/blogs.thesocialmedia.com\/leblogmoto\/wp-json\/wp\/v2\/tags?post=2192"}],"curies":[{"name":"wp","href":"https:\/\/api.w.org\/{rel}","templated":true}]}}