{"id":2194,"date":"2005-11-27T00:46:53","date_gmt":"2005-11-27T00:46:53","guid":{"rendered":"http:\/\/blogs.thesocialmedia.com\/leblogmoto\/2005\/11\/27\/moteur-hybride\/"},"modified":"2012-07-11T14:11:49","modified_gmt":"2012-07-11T14:11:49","slug":"moteur-hybride","status":"publish","type":"post","link":"https:\/\/blogs.thesocialmedia.com\/leblogmoto\/2005\/11\/27\/moteur-hybride\/","title":{"rendered":"Moteur hybride surpuissant"},"content":{"rendered":"<p><a href=\"http:\/\/blogs.thesocialmedia.com\/leblogmoto\/files\/2012\/07\/mobylette.jpg\"><img loading=\"lazy\" decoding=\"async\" height=\"159\" alt=\"Mobylette\" src=\"http:\/\/www.leblogmoto.com\/images\/mobylette.jpg\" width=\"250\"  \/><\/a>Le blog moto n&rsquo;a pas pour vocation de parler de mobylettes mais dans ce cas pr\u00e9cis, il s&rsquo;agit bien d&rsquo;un moteur hybride surpuissant et donc d&rsquo;une avanc\u00e9e technologique que nous ne saurions ignorer. La r\u00e9daction tient \u00e0 remercier Thomas des Landes pour cette vid\u00e9o envoy\u00e9e par email que je ne peux m&#8217;emp\u00eacher de repasser en boucle&#8230;&nbsp; et qui n&rsquo;est pas sans me donner la Nostalgie de mon Gers natal. L&rsquo;histoire ne dit pas si notre h\u00e9ros a fini la journ\u00e9e dans le mur du virage de la ferme sur le <a href=\"http:\/\/www.circuit-nogaro.com\/\">circuit de Nogaro<\/a> mais n&rsquo;oubliez jamais, la puissance n&rsquo;est rien sans ma\u00eetrise&#8230; mille Dieux.<\/p>\n<p><a href=\"http:\/\/www.leblogmoto.com\/files\/Mobylette.mpg\">Voir la vid\u00e9o<\/a> <\/p><\/p>\n","protected":false},"excerpt":{"rendered":"<p>Le blog moto n&rsquo;a pas pour vocation de parler de mobylettes mais dans ce cas pr\u00e9cis, il s&rsquo;agit bien d&rsquo;un moteur hybride surpuissant et donc d&rsquo;une avanc\u00e9e technologique que nous ne saurions ignorer. La r\u00e9daction tient \u00e0 remercier Thomas des Landes pour cette vid\u00e9o envoy\u00e9e par email que je ne peux m&#8217;emp\u00eacher de repasser en [&hellip;]<\/p>\n","protected":false},"author":219,"featured_media":0,"comment_status":"open","ping_status":"open","sticky":false,"template":"","format":"standard","meta":{"footnotes":""},"categories":[30],"tags":[],"class_list":["post-2194","post","type-post","status-publish","format-standard","hentry","category-bio-carburantsvehicules-propres"],"yoast_head":"<!-- This site is optimized with the Yoast SEO plugin v26.0 - https:\/\/yoast.com\/wordpress\/plugins\/seo\/ -->\n<title>Moteur hybride surpuissant - leblogmoto.com<\/title>\n<meta name=\"robots\" content=\"index, follow, max-snippet:-1, max-image-preview:large, max-video-preview:-1\" \/>\n<link rel=\"canonical\" href=\"https:\/\/blogs.thesocialmedia.com\/leblogmoto\/2005\/11\/27\/moteur-hybride\/\" \/>\n<meta name=\"twitter:card\" content=\"summary_large_image\" \/>\n<meta name=\"twitter:title\" content=\"Moteur hybride surpuissant - leblogmoto.com\" \/>\n<meta name=\"twitter:description\" content=\"Le blog moto n&rsquo;a pas pour vocation de parler de mobylettes mais dans ce cas pr\u00e9cis, il s&rsquo;agit bien d&rsquo;un moteur hybride surpuissant et donc d&rsquo;une avanc\u00e9e technologique que nous ne saurions ignorer. La r\u00e9daction tient \u00e0 remercier Thomas des Landes pour cette vid\u00e9o envoy\u00e9e par email que je ne peux m&#8217;emp\u00eacher de repasser en [&hellip;]\" \/>\n<meta name=\"twitter:image\" content=\"http:\/\/www.leblogmoto.com\/images\/mobylette.jpg\" \/>\n<meta name=\"twitter:label1\" content=\"\u00c9crit par\" \/>\n\t<meta name=\"twitter:data1\" content=\"David Christian Koskas\" \/>\n\t<meta name=\"twitter:label2\" content=\"Dur\u00e9e de lecture estim\u00e9e\" \/>\n\t<meta name=\"twitter:data2\" content=\"1 minute\" \/>\n<script type=\"application\/ld+json\" class=\"yoast-schema-graph\">{\"@context\":\"https:\/\/schema.org\",\"@graph\":[{\"@type\":\"WebPage\",\"@id\":\"https:\/\/blogs.thesocialmedia.com\/leblogmoto\/2005\/11\/27\/moteur-hybride\/\",\"url\":\"https:\/\/blogs.thesocialmedia.com\/leblogmoto\/2005\/11\/27\/moteur-hybride\/\",\"name\":\"Moteur hybride surpuissant - leblogmoto.com\",\"isPartOf\":{\"@id\":\"https:\/\/blogs.thesocialmedia.com\/leblogmoto\/#website\"},\"primaryImageOfPage\":{\"@id\":\"https:\/\/blogs.thesocialmedia.com\/leblogmoto\/2005\/11\/27\/moteur-hybride\/#primaryimage\"},\"image\":{\"@id\":\"https:\/\/blogs.thesocialmedia.com\/leblogmoto\/2005\/11\/27\/moteur-hybride\/#primaryimage\"},\"thumbnailUrl\":\"http:\/\/www.leblogmoto.com\/images\/mobylette.jpg\",\"datePublished\":\"2005-11-27T00:46:53+00:00\",\"dateModified\":\"2012-07-11T14:11:49+00:00\",\"author\":{\"@id\":\"https:\/\/blogs.thesocialmedia.com\/leblogmoto\/#\/schema\/person\/deb0b0db470c11cf82cbc870c241f979\"},\"breadcrumb\":{\"@id\":\"https:\/\/blogs.thesocialmedia.com\/leblogmoto\/2005\/11\/27\/moteur-hybride\/#breadcrumb\"},\"inLanguage\":\"fr-FR\",\"potentialAction\":[{\"@type\":\"ReadAction\",\"target\":[\"https:\/\/blogs.thesocialmedia.com\/leblogmoto\/2005\/11\/27\/moteur-hybride\/\"]}]},{\"@type\":\"ImageObject\",\"inLanguage\":\"fr-FR\",\"@id\":\"https:\/\/blogs.thesocialmedia.com\/leblogmoto\/2005\/11\/27\/moteur-hybride\/#primaryimage\",\"url\":\"http:\/\/www.leblogmoto.com\/images\/mobylette.jpg\",\"contentUrl\":\"http:\/\/www.leblogmoto.com\/images\/mobylette.jpg\"},{\"@type\":\"BreadcrumbList\",\"@id\":\"https:\/\/blogs.thesocialmedia.com\/leblogmoto\/2005\/11\/27\/moteur-hybride\/#breadcrumb\",\"itemListElement\":[{\"@type\":\"ListItem\",\"position\":1,\"name\":\"Accueil\",\"item\":\"https:\/\/blogs.thesocialmedia.com\/leblogmoto\/\"},{\"@type\":\"ListItem\",\"position\":2,\"name\":\"Moteur hybride surpuissant\"}]},{\"@type\":\"WebSite\",\"@id\":\"https:\/\/blogs.thesocialmedia.com\/leblogmoto\/#website\",\"url\":\"https:\/\/blogs.thesocialmedia.com\/leblogmoto\/\",\"name\":\"leblogmoto\",\"description\":\"Toute l&#039;actualit\u00e9 des 2 roues\",\"potentialAction\":[{\"@type\":\"SearchAction\",\"target\":{\"@type\":\"EntryPoint\",\"urlTemplate\":\"https:\/\/blogs.thesocialmedia.com\/leblogmoto\/?s={search_term_string}\"},\"query-input\":{\"@type\":\"PropertyValueSpecification\",\"valueRequired\":true,\"valueName\":\"search_term_string\"}}],\"inLanguage\":\"fr-FR\"},{\"@type\":\"Person\",\"@id\":\"https:\/\/blogs.thesocialmedia.com\/leblogmoto\/#\/schema\/person\/deb0b0db470c11cf82cbc870c241f979\",\"name\":\"David Christian Koskas\",\"image\":{\"@type\":\"ImageObject\",\"inLanguage\":\"fr-FR\",\"@id\":\"https:\/\/blogs.thesocialmedia.com\/leblogmoto\/#\/schema\/person\/image\/\",\"url\":\"https:\/\/secure.gravatar.com\/avatar\/3b119f8169c8019feae7e6b32a2a6c3a?s=96&d=mm&r=g\",\"contentUrl\":\"https:\/\/secure.gravatar.com\/avatar\/3b119f8169c8019feae7e6b32a2a6c3a?s=96&d=mm&r=g\",\"caption\":\"David Christian Koskas\"},\"url\":\"https:\/\/blogs.thesocialmedia.com\/leblogmoto\/author\/david-koskas\/\"}]}<\/script>\n<!-- \/ Yoast SEO plugin. -->","yoast_head_json":{"title":"Moteur hybride surpuissant - leblogmoto.com","robots":{"index":"index","follow":"follow","max-snippet":"max-snippet:-1","max-image-preview":"max-image-preview:large","max-video-preview":"max-video-preview:-1"},"canonical":"https:\/\/blogs.thesocialmedia.com\/leblogmoto\/2005\/11\/27\/moteur-hybride\/","twitter_card":"summary_large_image","twitter_title":"Moteur hybride surpuissant - leblogmoto.com","twitter_description":"Le blog moto n&rsquo;a pas pour vocation de parler de mobylettes mais dans ce cas pr\u00e9cis, il s&rsquo;agit bien d&rsquo;un moteur hybride surpuissant et donc d&rsquo;une avanc\u00e9e technologique que nous ne saurions ignorer. La r\u00e9daction tient \u00e0 remercier Thomas des Landes pour cette vid\u00e9o envoy\u00e9e par email que je ne peux m&#8217;emp\u00eacher de repasser en [&hellip;]","twitter_image":"http:\/\/www.leblogmoto.com\/images\/mobylette.jpg","twitter_misc":{"\u00c9crit par":"David Christian Koskas","Dur\u00e9e de lecture estim\u00e9e":"1 minute"},"schema":{"@context":"https:\/\/schema.org","@graph":[{"@type":"WebPage","@id":"https:\/\/blogs.thesocialmedia.com\/leblogmoto\/2005\/11\/27\/moteur-hybride\/","url":"https:\/\/blogs.thesocialmedia.com\/leblogmoto\/2005\/11\/27\/moteur-hybride\/","name":"Moteur hybride surpuissant - leblogmoto.com","isPartOf":{"@id":"https:\/\/blogs.thesocialmedia.com\/leblogmoto\/#website"},"primaryImageOfPage":{"@id":"https:\/\/blogs.thesocialmedia.com\/leblogmoto\/2005\/11\/27\/moteur-hybride\/#primaryimage"},"image":{"@id":"https:\/\/blogs.thesocialmedia.com\/leblogmoto\/2005\/11\/27\/moteur-hybride\/#primaryimage"},"thumbnailUrl":"http:\/\/www.leblogmoto.com\/images\/mobylette.jpg","datePublished":"2005-11-27T00:46:53+00:00","dateModified":"2012-07-11T14:11:49+00:00","author":{"@id":"https:\/\/blogs.thesocialmedia.com\/leblogmoto\/#\/schema\/person\/deb0b0db470c11cf82cbc870c241f979"},"breadcrumb":{"@id":"https:\/\/blogs.thesocialmedia.com\/leblogmoto\/2005\/11\/27\/moteur-hybride\/#breadcrumb"},"inLanguage":"fr-FR","potentialAction":[{"@type":"ReadAction","target":["https:\/\/blogs.thesocialmedia.com\/leblogmoto\/2005\/11\/27\/moteur-hybride\/"]}]},{"@type":"ImageObject","inLanguage":"fr-FR","@id":"https:\/\/blogs.thesocialmedia.com\/leblogmoto\/2005\/11\/27\/moteur-hybride\/#primaryimage","url":"http:\/\/www.leblogmoto.com\/images\/mobylette.jpg","contentUrl":"http:\/\/www.leblogmoto.com\/images\/mobylette.jpg"},{"@type":"BreadcrumbList","@id":"https:\/\/blogs.thesocialmedia.com\/leblogmoto\/2005\/11\/27\/moteur-hybride\/#breadcrumb","itemListElement":[{"@type":"ListItem","position":1,"name":"Accueil","item":"https:\/\/blogs.thesocialmedia.com\/leblogmoto\/"},{"@type":"ListItem","position":2,"name":"Moteur hybride surpuissant"}]},{"@type":"WebSite","@id":"https:\/\/blogs.thesocialmedia.com\/leblogmoto\/#website","url":"https:\/\/blogs.thesocialmedia.com\/leblogmoto\/","name":"leblogmoto","description":"Toute l&#039;actualit\u00e9 des 2 roues","potentialAction":[{"@type":"SearchAction","target":{"@type":"EntryPoint","urlTemplate":"https:\/\/blogs.thesocialmedia.com\/leblogmoto\/?s={search_term_string}"},"query-input":{"@type":"PropertyValueSpecification","valueRequired":true,"valueName":"search_term_string"}}],"inLanguage":"fr-FR"},{"@type":"Person","@id":"https:\/\/blogs.thesocialmedia.com\/leblogmoto\/#\/schema\/person\/deb0b0db470c11cf82cbc870c241f979","name":"David Christian Koskas","image":{"@type":"ImageObject","inLanguage":"fr-FR","@id":"https:\/\/blogs.thesocialmedia.com\/leblogmoto\/#\/schema\/person\/image\/","url":"https:\/\/secure.gravatar.com\/avatar\/3b119f8169c8019feae7e6b32a2a6c3a?s=96&d=mm&r=g","contentUrl":"https:\/\/secure.gravatar.com\/avatar\/3b119f8169c8019feae7e6b32a2a6c3a?s=96&d=mm&r=g","caption":"David Christian Koskas"},"url":"https:\/\/blogs.thesocialmedia.com\/leblogmoto\/author\/david-koskas\/"}]}},"_links":{"self":[{"href":"https:\/\/blogs.thesocialmedia.com\/leblogmoto\/wp-json\/wp\/v2\/posts\/2194","targetHints":{"allow":["GET"]}}],"collection":[{"href":"https:\/\/blogs.thesocialmedia.com\/leblogmoto\/wp-json\/wp\/v2\/posts"}],"about":[{"href":"https:\/\/blogs.thesocialmedia.com\/leblogmoto\/wp-json\/wp\/v2\/types\/post"}],"author":[{"embeddable":true,"href":"https:\/\/blogs.thesocialmedia.com\/leblogmoto\/wp-json\/wp\/v2\/users\/219"}],"replies":[{"embeddable":true,"href":"https:\/\/blogs.thesocialmedia.com\/leblogmoto\/wp-json\/wp\/v2\/comments?post=2194"}],"version-history":[{"count":2,"href":"https:\/\/blogs.thesocialmedia.com\/leblogmoto\/wp-json\/wp\/v2\/posts\/2194\/revisions"}],"predecessor-version":[{"id":6803,"href":"https:\/\/blogs.thesocialmedia.com\/leblogmoto\/wp-json\/wp\/v2\/posts\/2194\/revisions\/6803"}],"wp:attachment":[{"href":"https:\/\/blogs.thesocialmedia.com\/leblogmoto\/wp-json\/wp\/v2\/media?parent=2194"}],"wp:term":[{"taxonomy":"category","embeddable":true,"href":"https:\/\/blogs.thesocialmedia.com\/leblogmoto\/wp-json\/wp\/v2\/categories?post=2194"},{"taxonomy":"post_tag","embeddable":true,"href":"https:\/\/blogs.thesocialmedia.com\/leblogmoto\/wp-json\/wp\/v2\/tags?post=2194"}],"curies":[{"name":"wp","href":"https:\/\/api.w.org\/{rel}","templated":true}]}}