{"id":2196,"date":"2005-11-25T15:31:50","date_gmt":"2005-11-25T15:31:50","guid":{"rendered":"http:\/\/blogs.thesocialmedia.com\/leblogmoto\/2005\/11\/25\/au-revoir\/"},"modified":"2012-07-11T13:21:26","modified_gmt":"2012-07-11T13:21:26","slug":"au-revoir","status":"publish","type":"post","link":"https:\/\/blogs.thesocialmedia.com\/leblogmoto\/2005\/11\/25\/au-revoir\/","title":{"rendered":"Au revoir&#8230;"},"content":{"rendered":"<p><a href=\"http:\/\/clabedan.typepad.com\/photos\/uncategorized\/vincent_vaillant_1.jpg\"><img loading=\"lazy\" decoding=\"async\" alt=\"Vincent_vaillant_1\" src=\"http:\/\/www.leblogauto.com\/images\/vincent_vaillant_1.jpg\" width=\"250\" height=\"235\"  style=\"float: left;margin: 0px 5px 5px 0px\" \/><\/a> Apr\u00e8s de nombreux articles ici-m\u00eame et au pays des deux roues, le temps est venu pour moi de partir vers d\u2019autres cieux\u2026 Mon aventure sur <a href=\"www.leblogauto.com\">LeBlogAuto<\/a> et <a href=\"www.leblogmoto.com\">LeBlogMoto<\/a> tire donc \u00e0 sa fin, mais la rel\u00e8ve est d\u00e9j\u00e0 pr\u00eate \u00e0 se battre \u00e0 c\u0153ur vaillant. Je tenais \u00e0 vous dire un \u2018<em>au <\/em>revoir\u2019 sinc\u00e8re en gentleman driver que je suis, m\u00eame si certains de mes articles ou commentaires ont parfois franchi la ligne blanche \u00e0 vitesse grand V&#8230; <br \/> J\u2019ai pass\u00e9 un bon moment ici, avec l\u2019\u00e9quipe de r\u00e9dacteurs, les big chiefs et les lecteurs assidus qui se reconna\u00eetront. Je vous remercie tous. L\u2019automobile est une formidable passion qui m\u2019anime depuis mon tout jeune \u00e2ge et ce n\u2019est pas pr\u00eat de s\u2019arr\u00eater\u2026 <\/p>\n","protected":false},"excerpt":{"rendered":"<p>Apr\u00e8s de nombreux articles ici-m\u00eame et au pays des deux roues, le temps est venu pour moi de partir vers d\u2019autres cieux\u2026 Mon aventure sur LeBlogAuto et LeBlogMoto tire donc \u00e0 sa fin, mais la rel\u00e8ve est d\u00e9j\u00e0 pr\u00eate \u00e0 se battre \u00e0 c\u0153ur vaillant. Je tenais \u00e0 vous dire un \u2018au revoir\u2019 sinc\u00e8re en [&hellip;]<\/p>\n","protected":false},"author":338,"featured_media":0,"comment_status":"open","ping_status":"open","sticky":false,"template":"","format":"standard","meta":{"footnotes":""},"categories":[1],"tags":[],"class_list":["post-2196","post","type-post","status-publish","format-standard","hentry","category-uncategorized"],"yoast_head":"<!-- This site is optimized with the Yoast SEO plugin v26.0 - https:\/\/yoast.com\/wordpress\/plugins\/seo\/ -->\n<title>Au revoir... - leblogmoto.com<\/title>\n<meta name=\"robots\" content=\"index, follow, max-snippet:-1, max-image-preview:large, max-video-preview:-1\" \/>\n<link rel=\"canonical\" href=\"https:\/\/blogs.thesocialmedia.com\/leblogmoto\/2005\/11\/25\/au-revoir\/\" \/>\n<meta name=\"twitter:card\" content=\"summary_large_image\" \/>\n<meta name=\"twitter:title\" content=\"Au revoir... - leblogmoto.com\" \/>\n<meta name=\"twitter:description\" content=\"Apr\u00e8s de nombreux articles ici-m\u00eame et au pays des deux roues, le temps est venu pour moi de partir vers d\u2019autres cieux\u2026 Mon aventure sur LeBlogAuto et LeBlogMoto tire donc \u00e0 sa fin, mais la rel\u00e8ve est d\u00e9j\u00e0 pr\u00eate \u00e0 se battre \u00e0 c\u0153ur vaillant. Je tenais \u00e0 vous dire un \u2018au revoir\u2019 sinc\u00e8re en [&hellip;]\" \/>\n<meta name=\"twitter:image\" content=\"http:\/\/www.leblogauto.com\/images\/vincent_vaillant_1.jpg\" \/>\n<meta name=\"twitter:label1\" content=\"\u00c9crit par\" \/>\n\t<meta name=\"twitter:data1\" content=\"vincent vaillant\" \/>\n\t<meta name=\"twitter:label2\" content=\"Dur\u00e9e de lecture estim\u00e9e\" \/>\n\t<meta name=\"twitter:data2\" content=\"1 minute\" \/>\n<script type=\"application\/ld+json\" class=\"yoast-schema-graph\">{\"@context\":\"https:\/\/schema.org\",\"@graph\":[{\"@type\":\"WebPage\",\"@id\":\"https:\/\/blogs.thesocialmedia.com\/leblogmoto\/2005\/11\/25\/au-revoir\/\",\"url\":\"https:\/\/blogs.thesocialmedia.com\/leblogmoto\/2005\/11\/25\/au-revoir\/\",\"name\":\"Au revoir... - leblogmoto.com\",\"isPartOf\":{\"@id\":\"https:\/\/blogs.thesocialmedia.com\/leblogmoto\/#website\"},\"primaryImageOfPage\":{\"@id\":\"https:\/\/blogs.thesocialmedia.com\/leblogmoto\/2005\/11\/25\/au-revoir\/#primaryimage\"},\"image\":{\"@id\":\"https:\/\/blogs.thesocialmedia.com\/leblogmoto\/2005\/11\/25\/au-revoir\/#primaryimage\"},\"thumbnailUrl\":\"http:\/\/www.leblogauto.com\/images\/vincent_vaillant_1.jpg\",\"datePublished\":\"2005-11-25T15:31:50+00:00\",\"dateModified\":\"2012-07-11T13:21:26+00:00\",\"author\":{\"@id\":\"https:\/\/blogs.thesocialmedia.com\/leblogmoto\/#\/schema\/person\/80d2a078dbdb8b60abbd76bae6011f19\"},\"breadcrumb\":{\"@id\":\"https:\/\/blogs.thesocialmedia.com\/leblogmoto\/2005\/11\/25\/au-revoir\/#breadcrumb\"},\"inLanguage\":\"fr-FR\",\"potentialAction\":[{\"@type\":\"ReadAction\",\"target\":[\"https:\/\/blogs.thesocialmedia.com\/leblogmoto\/2005\/11\/25\/au-revoir\/\"]}]},{\"@type\":\"ImageObject\",\"inLanguage\":\"fr-FR\",\"@id\":\"https:\/\/blogs.thesocialmedia.com\/leblogmoto\/2005\/11\/25\/au-revoir\/#primaryimage\",\"url\":\"http:\/\/www.leblogauto.com\/images\/vincent_vaillant_1.jpg\",\"contentUrl\":\"http:\/\/www.leblogauto.com\/images\/vincent_vaillant_1.jpg\"},{\"@type\":\"BreadcrumbList\",\"@id\":\"https:\/\/blogs.thesocialmedia.com\/leblogmoto\/2005\/11\/25\/au-revoir\/#breadcrumb\",\"itemListElement\":[{\"@type\":\"ListItem\",\"position\":1,\"name\":\"Accueil\",\"item\":\"https:\/\/blogs.thesocialmedia.com\/leblogmoto\/\"},{\"@type\":\"ListItem\",\"position\":2,\"name\":\"Au revoir&#8230;\"}]},{\"@type\":\"WebSite\",\"@id\":\"https:\/\/blogs.thesocialmedia.com\/leblogmoto\/#website\",\"url\":\"https:\/\/blogs.thesocialmedia.com\/leblogmoto\/\",\"name\":\"leblogmoto\",\"description\":\"Toute l&#039;actualit\u00e9 des 2 roues\",\"potentialAction\":[{\"@type\":\"SearchAction\",\"target\":{\"@type\":\"EntryPoint\",\"urlTemplate\":\"https:\/\/blogs.thesocialmedia.com\/leblogmoto\/?s={search_term_string}\"},\"query-input\":{\"@type\":\"PropertyValueSpecification\",\"valueRequired\":true,\"valueName\":\"search_term_string\"}}],\"inLanguage\":\"fr-FR\"},{\"@type\":\"Person\",\"@id\":\"https:\/\/blogs.thesocialmedia.com\/leblogmoto\/#\/schema\/person\/80d2a078dbdb8b60abbd76bae6011f19\",\"name\":\"vincent vaillant\",\"image\":{\"@type\":\"ImageObject\",\"inLanguage\":\"fr-FR\",\"@id\":\"https:\/\/blogs.thesocialmedia.com\/leblogmoto\/#\/schema\/person\/image\/\",\"url\":\"https:\/\/secure.gravatar.com\/avatar\/?s=96&d=mm&r=g\",\"contentUrl\":\"https:\/\/secure.gravatar.com\/avatar\/?s=96&d=mm&r=g\",\"caption\":\"vincent vaillant\"},\"url\":\"https:\/\/blogs.thesocialmedia.com\/leblogmoto\/author\/vincent-vaillant\/\"}]}<\/script>\n<!-- \/ Yoast SEO plugin. -->","yoast_head_json":{"title":"Au revoir... - leblogmoto.com","robots":{"index":"index","follow":"follow","max-snippet":"max-snippet:-1","max-image-preview":"max-image-preview:large","max-video-preview":"max-video-preview:-1"},"canonical":"https:\/\/blogs.thesocialmedia.com\/leblogmoto\/2005\/11\/25\/au-revoir\/","twitter_card":"summary_large_image","twitter_title":"Au revoir... - leblogmoto.com","twitter_description":"Apr\u00e8s de nombreux articles ici-m\u00eame et au pays des deux roues, le temps est venu pour moi de partir vers d\u2019autres cieux\u2026 Mon aventure sur LeBlogAuto et LeBlogMoto tire donc \u00e0 sa fin, mais la rel\u00e8ve est d\u00e9j\u00e0 pr\u00eate \u00e0 se battre \u00e0 c\u0153ur vaillant. Je tenais \u00e0 vous dire un \u2018au revoir\u2019 sinc\u00e8re en [&hellip;]","twitter_image":"http:\/\/www.leblogauto.com\/images\/vincent_vaillant_1.jpg","twitter_misc":{"\u00c9crit par":"vincent vaillant","Dur\u00e9e de lecture estim\u00e9e":"1 minute"},"schema":{"@context":"https:\/\/schema.org","@graph":[{"@type":"WebPage","@id":"https:\/\/blogs.thesocialmedia.com\/leblogmoto\/2005\/11\/25\/au-revoir\/","url":"https:\/\/blogs.thesocialmedia.com\/leblogmoto\/2005\/11\/25\/au-revoir\/","name":"Au revoir... - leblogmoto.com","isPartOf":{"@id":"https:\/\/blogs.thesocialmedia.com\/leblogmoto\/#website"},"primaryImageOfPage":{"@id":"https:\/\/blogs.thesocialmedia.com\/leblogmoto\/2005\/11\/25\/au-revoir\/#primaryimage"},"image":{"@id":"https:\/\/blogs.thesocialmedia.com\/leblogmoto\/2005\/11\/25\/au-revoir\/#primaryimage"},"thumbnailUrl":"http:\/\/www.leblogauto.com\/images\/vincent_vaillant_1.jpg","datePublished":"2005-11-25T15:31:50+00:00","dateModified":"2012-07-11T13:21:26+00:00","author":{"@id":"https:\/\/blogs.thesocialmedia.com\/leblogmoto\/#\/schema\/person\/80d2a078dbdb8b60abbd76bae6011f19"},"breadcrumb":{"@id":"https:\/\/blogs.thesocialmedia.com\/leblogmoto\/2005\/11\/25\/au-revoir\/#breadcrumb"},"inLanguage":"fr-FR","potentialAction":[{"@type":"ReadAction","target":["https:\/\/blogs.thesocialmedia.com\/leblogmoto\/2005\/11\/25\/au-revoir\/"]}]},{"@type":"ImageObject","inLanguage":"fr-FR","@id":"https:\/\/blogs.thesocialmedia.com\/leblogmoto\/2005\/11\/25\/au-revoir\/#primaryimage","url":"http:\/\/www.leblogauto.com\/images\/vincent_vaillant_1.jpg","contentUrl":"http:\/\/www.leblogauto.com\/images\/vincent_vaillant_1.jpg"},{"@type":"BreadcrumbList","@id":"https:\/\/blogs.thesocialmedia.com\/leblogmoto\/2005\/11\/25\/au-revoir\/#breadcrumb","itemListElement":[{"@type":"ListItem","position":1,"name":"Accueil","item":"https:\/\/blogs.thesocialmedia.com\/leblogmoto\/"},{"@type":"ListItem","position":2,"name":"Au revoir&#8230;"}]},{"@type":"WebSite","@id":"https:\/\/blogs.thesocialmedia.com\/leblogmoto\/#website","url":"https:\/\/blogs.thesocialmedia.com\/leblogmoto\/","name":"leblogmoto","description":"Toute l&#039;actualit\u00e9 des 2 roues","potentialAction":[{"@type":"SearchAction","target":{"@type":"EntryPoint","urlTemplate":"https:\/\/blogs.thesocialmedia.com\/leblogmoto\/?s={search_term_string}"},"query-input":{"@type":"PropertyValueSpecification","valueRequired":true,"valueName":"search_term_string"}}],"inLanguage":"fr-FR"},{"@type":"Person","@id":"https:\/\/blogs.thesocialmedia.com\/leblogmoto\/#\/schema\/person\/80d2a078dbdb8b60abbd76bae6011f19","name":"vincent vaillant","image":{"@type":"ImageObject","inLanguage":"fr-FR","@id":"https:\/\/blogs.thesocialmedia.com\/leblogmoto\/#\/schema\/person\/image\/","url":"https:\/\/secure.gravatar.com\/avatar\/?s=96&d=mm&r=g","contentUrl":"https:\/\/secure.gravatar.com\/avatar\/?s=96&d=mm&r=g","caption":"vincent vaillant"},"url":"https:\/\/blogs.thesocialmedia.com\/leblogmoto\/author\/vincent-vaillant\/"}]}},"_links":{"self":[{"href":"https:\/\/blogs.thesocialmedia.com\/leblogmoto\/wp-json\/wp\/v2\/posts\/2196","targetHints":{"allow":["GET"]}}],"collection":[{"href":"https:\/\/blogs.thesocialmedia.com\/leblogmoto\/wp-json\/wp\/v2\/posts"}],"about":[{"href":"https:\/\/blogs.thesocialmedia.com\/leblogmoto\/wp-json\/wp\/v2\/types\/post"}],"author":[{"embeddable":true,"href":"https:\/\/blogs.thesocialmedia.com\/leblogmoto\/wp-json\/wp\/v2\/users\/338"}],"replies":[{"embeddable":true,"href":"https:\/\/blogs.thesocialmedia.com\/leblogmoto\/wp-json\/wp\/v2\/comments?post=2196"}],"version-history":[{"count":1,"href":"https:\/\/blogs.thesocialmedia.com\/leblogmoto\/wp-json\/wp\/v2\/posts\/2196\/revisions"}],"predecessor-version":[{"id":2981,"href":"https:\/\/blogs.thesocialmedia.com\/leblogmoto\/wp-json\/wp\/v2\/posts\/2196\/revisions\/2981"}],"wp:attachment":[{"href":"https:\/\/blogs.thesocialmedia.com\/leblogmoto\/wp-json\/wp\/v2\/media?parent=2196"}],"wp:term":[{"taxonomy":"category","embeddable":true,"href":"https:\/\/blogs.thesocialmedia.com\/leblogmoto\/wp-json\/wp\/v2\/categories?post=2196"},{"taxonomy":"post_tag","embeddable":true,"href":"https:\/\/blogs.thesocialmedia.com\/leblogmoto\/wp-json\/wp\/v2\/tags?post=2196"}],"curies":[{"name":"wp","href":"https:\/\/api.w.org\/{rel}","templated":true}]}}