{"id":22,"date":"2009-11-27T23:57:32","date_gmt":"2009-11-27T23:57:32","guid":{"rendered":"http:\/\/blogs.thesocialmedia.com\/leblogmoto\/2009\/11\/27\/les-vicissitudes-du-nouveau-systeme-dimmatriculation\/"},"modified":"2012-07-11T17:43:32","modified_gmt":"2012-07-11T17:43:32","slug":"les-vicissitudes-du-nouveau-systeme-dimmatriculation","status":"publish","type":"post","link":"https:\/\/blogs.thesocialmedia.com\/leblogmoto\/2009\/11\/27\/les-vicissitudes-du-nouveau-systeme-dimmatriculation\/","title":{"rendered":"Les vicissitudes du nouveau syst\u00e8me d&rsquo;immatriculation."},"content":{"rendered":"<p><a href=\"http:\/\/blogs.thesocialmedia.com\/leblogmoto\/files\/2012\/07\/6a00d83451b18369e20120a6e2c8ab970b-popup.png\"><img decoding=\"async\" alt=\"Moto Circulation Plaque Immatriculation SIV\" class=\"asset asset-image at-xid-6a00d83451b18369e20120a6e2c8ab970b \" src=\"http:\/\/blogs.thesocialmedia.com\/leblogmoto\/files\/2012\/07\/6a00d83451b18369e20120a6e2c8ab970b-500wi.jpg\" \/><\/a><\/p>\n<p>Si vous venez d&#039;acqu\u00e9rir&#160;un deux-roues vous l&#039;avez peut-\u00eatre constat\u00e9 ce n&#039;est pas le bon moment pour p\u00eacher&#160;les certificats d&#039;immatriculation en pr\u00e9fectures. Pannes et dysfonctionnement informatiques \u00e0 l&#039;origine de&#160;retards&#8230; sources de files d&#039;attente, s&#039;accumulent; et ce, depuis le 15 octobre, date d&#039;application du SIV pour les v\u00e9hicules d&#039;occasion, apr\u00e8s&#160;l&#039;entr\u00e9e en vigueur de ce syst\u00e8me pour les v\u00e9hicules neufs le 15 avril. Cons\u00e9quence: certaines pr\u00e9fectures d\u00e9cident de donner la priorit\u00e9 aux demandes d&#039;immatriculations envoy\u00e9es par courrier, un&#160;moyen&#160;d&#039;\u00e9viter aux&#160;nouveaux propri\u00e9taires de venir&#160;engorger un peu plus les guichets. Sous le titre &quot;Carte grise: \u00e7a patine dans toute la France&quot;, le blog du Monde &quot;Le veilleur de jour&quot; se fait fort de r\u00e9capituler&#160;les m\u00e9saventures&#160;de l&#039;application du SIV, et ce&#160;dans <a href=\"http:\/\/veilleur.blog.lemonde.fr\/2009\/11\/25\/cartes-grises-ca-patine-dans-toute-la-france\/\">la&#160;plupart des&#160;r\u00e9gions<\/a>, renvoyant le cas \u00e9ch\u00e9ant aux articles de la presse locale qui y sont consacr\u00e9s.<\/p>\n<\/p>\n<p>Selon une <a href=\"http:\/\/www.google.com\/hostednews\/afp\/article\/ALeqM5i6EgXkuLaac_oJ6DHh4GSWC7uIjw\">d\u00e9p\u00eache AFP<\/a>, le Minist\u00e8re de l&#039;int\u00e9rieur&#160;fait entendre&#160;son son de cloche&#160;dans le&#160;tintamarre (en esp\u00e9rant le faire cesser),&#160;et conseille de remplir les formalit\u00e9s d&#039;immatriculation dans les garages&#160;et concession habilit\u00e9es, ou, encore une fois,&#160;par voie postale.<\/p>\n<p><em>Cr\u00e9dit photo: AFP<\/em><br \/>&#160;<\/p>\n","protected":false},"excerpt":{"rendered":"<p>Si vous venez d&#039;acqu\u00e9rir&#160;un deux-roues vous l&#039;avez peut-\u00eatre constat\u00e9 ce n&#039;est pas le bon moment pour p\u00eacher&#160;les certificats d&#039;immatriculation en pr\u00e9fectures. Pannes et dysfonctionnement informatiques \u00e0 l&#039;origine de&#160;retards&#8230; sources de files d&#039;attente, s&#039;accumulent; et ce, depuis le 15 octobre, date d&#039;application du SIV pour les v\u00e9hicules d&#039;occasion, apr\u00e8s&#160;l&#039;entr\u00e9e en vigueur de ce syst\u00e8me pour les [&hellip;]<\/p>\n","protected":false},"author":324,"featured_media":14403,"comment_status":"open","ping_status":"open","sticky":false,"template":"","format":"standard","meta":{"footnotes":""},"categories":[3,26],"tags":[],"class_list":["post-22","post","type-post","status-publish","format-standard","has-post-thumbnail","hentry","category-actualite","category-circulation"],"yoast_head":"<!-- This site is optimized with the Yoast SEO plugin v26.0 - https:\/\/yoast.com\/wordpress\/plugins\/seo\/ -->\n<title>Les vicissitudes du nouveau syst\u00e8me d&#039;immatriculation. - leblogmoto.com<\/title>\n<meta name=\"robots\" content=\"index, follow, max-snippet:-1, max-image-preview:large, max-video-preview:-1\" \/>\n<link rel=\"canonical\" href=\"https:\/\/blogs.thesocialmedia.com\/leblogmoto\/2009\/11\/27\/les-vicissitudes-du-nouveau-systeme-dimmatriculation\/\" \/>\n<meta name=\"twitter:card\" content=\"summary_large_image\" \/>\n<meta name=\"twitter:title\" content=\"Les vicissitudes du nouveau syst\u00e8me d&#039;immatriculation. - leblogmoto.com\" \/>\n<meta name=\"twitter:description\" content=\"Si vous venez d&#039;acqu\u00e9rir&#160;un deux-roues vous l&#039;avez peut-\u00eatre constat\u00e9 ce n&#039;est pas le bon moment pour p\u00eacher&#160;les certificats d&#039;immatriculation en pr\u00e9fectures. Pannes et dysfonctionnement informatiques \u00e0 l&#039;origine de&#160;retards&#8230; sources de files d&#039;attente, s&#039;accumulent; et ce, depuis le 15 octobre, date d&#039;application du SIV pour les v\u00e9hicules d&#039;occasion, apr\u00e8s&#160;l&#039;entr\u00e9e en vigueur de ce syst\u00e8me pour les [&hellip;]\" \/>\n<meta name=\"twitter:image\" content=\"https:\/\/blogs.thesocialmedia.com\/leblogmoto\/files\/2012\/07\/6a00d83451b18369e20120a6e2c8ab970b-500wi.jpg\" \/>\n<meta name=\"twitter:label1\" content=\"\u00c9crit par\" \/>\n\t<meta name=\"twitter:data1\" content=\"benoit rieu\" \/>\n\t<meta name=\"twitter:label2\" content=\"Dur\u00e9e de lecture estim\u00e9e\" \/>\n\t<meta name=\"twitter:data2\" content=\"1 minute\" \/>\n<script type=\"application\/ld+json\" class=\"yoast-schema-graph\">{\"@context\":\"https:\/\/schema.org\",\"@graph\":[{\"@type\":\"WebPage\",\"@id\":\"https:\/\/blogs.thesocialmedia.com\/leblogmoto\/2009\/11\/27\/les-vicissitudes-du-nouveau-systeme-dimmatriculation\/\",\"url\":\"https:\/\/blogs.thesocialmedia.com\/leblogmoto\/2009\/11\/27\/les-vicissitudes-du-nouveau-systeme-dimmatriculation\/\",\"name\":\"Les vicissitudes du nouveau syst\u00e8me d'immatriculation. - leblogmoto.com\",\"isPartOf\":{\"@id\":\"https:\/\/blogs.thesocialmedia.com\/leblogmoto\/#website\"},\"primaryImageOfPage\":{\"@id\":\"https:\/\/blogs.thesocialmedia.com\/leblogmoto\/2009\/11\/27\/les-vicissitudes-du-nouveau-systeme-dimmatriculation\/#primaryimage\"},\"image\":{\"@id\":\"https:\/\/blogs.thesocialmedia.com\/leblogmoto\/2009\/11\/27\/les-vicissitudes-du-nouveau-systeme-dimmatriculation\/#primaryimage\"},\"thumbnailUrl\":\"https:\/\/blogs.thesocialmedia.com\/leblogmoto\/files\/2012\/07\/6a00d83451b18369e20120a6e2c8ab970b-500wi.jpg\",\"datePublished\":\"2009-11-27T23:57:32+00:00\",\"dateModified\":\"2012-07-11T17:43:32+00:00\",\"author\":{\"@id\":\"https:\/\/blogs.thesocialmedia.com\/leblogmoto\/#\/schema\/person\/18bfe773e5725ed6d24f743da805362a\"},\"breadcrumb\":{\"@id\":\"https:\/\/blogs.thesocialmedia.com\/leblogmoto\/2009\/11\/27\/les-vicissitudes-du-nouveau-systeme-dimmatriculation\/#breadcrumb\"},\"inLanguage\":\"fr-FR\",\"potentialAction\":[{\"@type\":\"ReadAction\",\"target\":[\"https:\/\/blogs.thesocialmedia.com\/leblogmoto\/2009\/11\/27\/les-vicissitudes-du-nouveau-systeme-dimmatriculation\/\"]}]},{\"@type\":\"ImageObject\",\"inLanguage\":\"fr-FR\",\"@id\":\"https:\/\/blogs.thesocialmedia.com\/leblogmoto\/2009\/11\/27\/les-vicissitudes-du-nouveau-systeme-dimmatriculation\/#primaryimage\",\"url\":\"https:\/\/blogs.thesocialmedia.com\/leblogmoto\/files\/2012\/07\/6a00d83451b18369e20120a6e2c8ab970b-500wi.jpg\",\"contentUrl\":\"https:\/\/blogs.thesocialmedia.com\/leblogmoto\/files\/2012\/07\/6a00d83451b18369e20120a6e2c8ab970b-500wi.jpg\",\"width\":\"341\",\"height\":\"512\"},{\"@type\":\"BreadcrumbList\",\"@id\":\"https:\/\/blogs.thesocialmedia.com\/leblogmoto\/2009\/11\/27\/les-vicissitudes-du-nouveau-systeme-dimmatriculation\/#breadcrumb\",\"itemListElement\":[{\"@type\":\"ListItem\",\"position\":1,\"name\":\"Accueil\",\"item\":\"https:\/\/blogs.thesocialmedia.com\/leblogmoto\/\"},{\"@type\":\"ListItem\",\"position\":2,\"name\":\"Les vicissitudes du nouveau syst\u00e8me d&rsquo;immatriculation.\"}]},{\"@type\":\"WebSite\",\"@id\":\"https:\/\/blogs.thesocialmedia.com\/leblogmoto\/#website\",\"url\":\"https:\/\/blogs.thesocialmedia.com\/leblogmoto\/\",\"name\":\"leblogmoto\",\"description\":\"Toute l&#039;actualit\u00e9 des 2 roues\",\"potentialAction\":[{\"@type\":\"SearchAction\",\"target\":{\"@type\":\"EntryPoint\",\"urlTemplate\":\"https:\/\/blogs.thesocialmedia.com\/leblogmoto\/?s={search_term_string}\"},\"query-input\":{\"@type\":\"PropertyValueSpecification\",\"valueRequired\":true,\"valueName\":\"search_term_string\"}}],\"inLanguage\":\"fr-FR\"},{\"@type\":\"Person\",\"@id\":\"https:\/\/blogs.thesocialmedia.com\/leblogmoto\/#\/schema\/person\/18bfe773e5725ed6d24f743da805362a\",\"name\":\"benoit rieu\",\"image\":{\"@type\":\"ImageObject\",\"inLanguage\":\"fr-FR\",\"@id\":\"https:\/\/blogs.thesocialmedia.com\/leblogmoto\/#\/schema\/person\/image\/\",\"url\":\"https:\/\/secure.gravatar.com\/avatar\/?s=96&d=mm&r=g\",\"contentUrl\":\"https:\/\/secure.gravatar.com\/avatar\/?s=96&d=mm&r=g\",\"caption\":\"benoit rieu\"},\"url\":\"https:\/\/blogs.thesocialmedia.com\/leblogmoto\/author\/benoit-rieu\/\"}]}<\/script>\n<!-- \/ Yoast SEO plugin. -->","yoast_head_json":{"title":"Les vicissitudes du nouveau syst\u00e8me d'immatriculation. - leblogmoto.com","robots":{"index":"index","follow":"follow","max-snippet":"max-snippet:-1","max-image-preview":"max-image-preview:large","max-video-preview":"max-video-preview:-1"},"canonical":"https:\/\/blogs.thesocialmedia.com\/leblogmoto\/2009\/11\/27\/les-vicissitudes-du-nouveau-systeme-dimmatriculation\/","twitter_card":"summary_large_image","twitter_title":"Les vicissitudes du nouveau syst\u00e8me d'immatriculation. - leblogmoto.com","twitter_description":"Si vous venez d&#039;acqu\u00e9rir&#160;un deux-roues vous l&#039;avez peut-\u00eatre constat\u00e9 ce n&#039;est pas le bon moment pour p\u00eacher&#160;les certificats d&#039;immatriculation en pr\u00e9fectures. Pannes et dysfonctionnement informatiques \u00e0 l&#039;origine de&#160;retards&#8230; sources de files d&#039;attente, s&#039;accumulent; et ce, depuis le 15 octobre, date d&#039;application du SIV pour les v\u00e9hicules d&#039;occasion, apr\u00e8s&#160;l&#039;entr\u00e9e en vigueur de ce syst\u00e8me pour les [&hellip;]","twitter_image":"https:\/\/blogs.thesocialmedia.com\/leblogmoto\/files\/2012\/07\/6a00d83451b18369e20120a6e2c8ab970b-500wi.jpg","twitter_misc":{"\u00c9crit par":"benoit rieu","Dur\u00e9e de lecture estim\u00e9e":"1 minute"},"schema":{"@context":"https:\/\/schema.org","@graph":[{"@type":"WebPage","@id":"https:\/\/blogs.thesocialmedia.com\/leblogmoto\/2009\/11\/27\/les-vicissitudes-du-nouveau-systeme-dimmatriculation\/","url":"https:\/\/blogs.thesocialmedia.com\/leblogmoto\/2009\/11\/27\/les-vicissitudes-du-nouveau-systeme-dimmatriculation\/","name":"Les vicissitudes du nouveau syst\u00e8me d'immatriculation. - leblogmoto.com","isPartOf":{"@id":"https:\/\/blogs.thesocialmedia.com\/leblogmoto\/#website"},"primaryImageOfPage":{"@id":"https:\/\/blogs.thesocialmedia.com\/leblogmoto\/2009\/11\/27\/les-vicissitudes-du-nouveau-systeme-dimmatriculation\/#primaryimage"},"image":{"@id":"https:\/\/blogs.thesocialmedia.com\/leblogmoto\/2009\/11\/27\/les-vicissitudes-du-nouveau-systeme-dimmatriculation\/#primaryimage"},"thumbnailUrl":"https:\/\/blogs.thesocialmedia.com\/leblogmoto\/files\/2012\/07\/6a00d83451b18369e20120a6e2c8ab970b-500wi.jpg","datePublished":"2009-11-27T23:57:32+00:00","dateModified":"2012-07-11T17:43:32+00:00","author":{"@id":"https:\/\/blogs.thesocialmedia.com\/leblogmoto\/#\/schema\/person\/18bfe773e5725ed6d24f743da805362a"},"breadcrumb":{"@id":"https:\/\/blogs.thesocialmedia.com\/leblogmoto\/2009\/11\/27\/les-vicissitudes-du-nouveau-systeme-dimmatriculation\/#breadcrumb"},"inLanguage":"fr-FR","potentialAction":[{"@type":"ReadAction","target":["https:\/\/blogs.thesocialmedia.com\/leblogmoto\/2009\/11\/27\/les-vicissitudes-du-nouveau-systeme-dimmatriculation\/"]}]},{"@type":"ImageObject","inLanguage":"fr-FR","@id":"https:\/\/blogs.thesocialmedia.com\/leblogmoto\/2009\/11\/27\/les-vicissitudes-du-nouveau-systeme-dimmatriculation\/#primaryimage","url":"https:\/\/blogs.thesocialmedia.com\/leblogmoto\/files\/2012\/07\/6a00d83451b18369e20120a6e2c8ab970b-500wi.jpg","contentUrl":"https:\/\/blogs.thesocialmedia.com\/leblogmoto\/files\/2012\/07\/6a00d83451b18369e20120a6e2c8ab970b-500wi.jpg","width":"341","height":"512"},{"@type":"BreadcrumbList","@id":"https:\/\/blogs.thesocialmedia.com\/leblogmoto\/2009\/11\/27\/les-vicissitudes-du-nouveau-systeme-dimmatriculation\/#breadcrumb","itemListElement":[{"@type":"ListItem","position":1,"name":"Accueil","item":"https:\/\/blogs.thesocialmedia.com\/leblogmoto\/"},{"@type":"ListItem","position":2,"name":"Les vicissitudes du nouveau syst\u00e8me d&rsquo;immatriculation."}]},{"@type":"WebSite","@id":"https:\/\/blogs.thesocialmedia.com\/leblogmoto\/#website","url":"https:\/\/blogs.thesocialmedia.com\/leblogmoto\/","name":"leblogmoto","description":"Toute l&#039;actualit\u00e9 des 2 roues","potentialAction":[{"@type":"SearchAction","target":{"@type":"EntryPoint","urlTemplate":"https:\/\/blogs.thesocialmedia.com\/leblogmoto\/?s={search_term_string}"},"query-input":{"@type":"PropertyValueSpecification","valueRequired":true,"valueName":"search_term_string"}}],"inLanguage":"fr-FR"},{"@type":"Person","@id":"https:\/\/blogs.thesocialmedia.com\/leblogmoto\/#\/schema\/person\/18bfe773e5725ed6d24f743da805362a","name":"benoit rieu","image":{"@type":"ImageObject","inLanguage":"fr-FR","@id":"https:\/\/blogs.thesocialmedia.com\/leblogmoto\/#\/schema\/person\/image\/","url":"https:\/\/secure.gravatar.com\/avatar\/?s=96&d=mm&r=g","contentUrl":"https:\/\/secure.gravatar.com\/avatar\/?s=96&d=mm&r=g","caption":"benoit rieu"},"url":"https:\/\/blogs.thesocialmedia.com\/leblogmoto\/author\/benoit-rieu\/"}]}},"_links":{"self":[{"href":"https:\/\/blogs.thesocialmedia.com\/leblogmoto\/wp-json\/wp\/v2\/posts\/22","targetHints":{"allow":["GET"]}}],"collection":[{"href":"https:\/\/blogs.thesocialmedia.com\/leblogmoto\/wp-json\/wp\/v2\/posts"}],"about":[{"href":"https:\/\/blogs.thesocialmedia.com\/leblogmoto\/wp-json\/wp\/v2\/types\/post"}],"author":[{"embeddable":true,"href":"https:\/\/blogs.thesocialmedia.com\/leblogmoto\/wp-json\/wp\/v2\/users\/324"}],"replies":[{"embeddable":true,"href":"https:\/\/blogs.thesocialmedia.com\/leblogmoto\/wp-json\/wp\/v2\/comments?post=22"}],"version-history":[{"count":2,"href":"https:\/\/blogs.thesocialmedia.com\/leblogmoto\/wp-json\/wp\/v2\/posts\/22\/revisions"}],"predecessor-version":[{"id":14405,"href":"https:\/\/blogs.thesocialmedia.com\/leblogmoto\/wp-json\/wp\/v2\/posts\/22\/revisions\/14405"}],"wp:featuredmedia":[{"embeddable":true,"href":"https:\/\/blogs.thesocialmedia.com\/leblogmoto\/wp-json\/wp\/v2\/media\/14403"}],"wp:attachment":[{"href":"https:\/\/blogs.thesocialmedia.com\/leblogmoto\/wp-json\/wp\/v2\/media?parent=22"}],"wp:term":[{"taxonomy":"category","embeddable":true,"href":"https:\/\/blogs.thesocialmedia.com\/leblogmoto\/wp-json\/wp\/v2\/categories?post=22"},{"taxonomy":"post_tag","embeddable":true,"href":"https:\/\/blogs.thesocialmedia.com\/leblogmoto\/wp-json\/wp\/v2\/tags?post=22"}],"curies":[{"name":"wp","href":"https:\/\/api.w.org\/{rel}","templated":true}]}}