{"id":220,"date":"2009-03-24T01:56:02","date_gmt":"2009-03-24T01:56:02","guid":{"rendered":"http:\/\/blogs.thesocialmedia.com\/leblogmoto\/2009\/03\/24\/manif-ffmc\/"},"modified":"2012-07-11T17:14:06","modified_gmt":"2012-07-11T17:14:06","slug":"manif-ffmc","status":"publish","type":"post","link":"https:\/\/blogs.thesocialmedia.com\/leblogmoto\/2009\/03\/24\/manif-ffmc\/","title":{"rendered":"Et faire avec nos doigts gant\u00e9s le V.E de la victoire ?"},"content":{"rendered":"<p><a href=\"http:\/\/blogs.thesocialmedia.com\/leblogmoto\/files\/2012\/07\/6a00d83451b18369e201156e46a014970c-popup.png\"><img decoding=\"async\" alt=\"FFMC\" class=\"at-xid-6a00d83451b18369e201156e46a014970c \" src=\"http:\/\/blogs.thesocialmedia.com\/leblogmoto\/files\/2012\/07\/6a00d83451b18369e201156e46a014970c-500wi.jpg\" style=\"width: 470px\" \/><\/a> <\/p>\n<p>Commen\u00e7ons avec le traditionnel hiatus qui scelle toute manifestation en France: ce sont 1300 motards selon la police, et 3000 selon les organisateurs qui f\u00eataient dimanche \u00e0 Paris le retrait de la proc\u00e9dure V.E (ou v\u00e9hicules endommag\u00e9s). Serait temps, comme aux Etats-Unis, que des organes de presse r\u00e9put\u00e9s pour leur ind\u00e9pendance&#160;soient charg\u00e9s du d\u00e9compte des manifestants. Le cort\u00e8ge est parti de l&#039;esplanade du ch\u00e2teau de Vincennes avant de rejoindre la place de la R\u00e9publique, place qui a \u00e9t\u00e9 en partie bloqu\u00e9e. Ce contr\u00f4le technique <em>a posteriori<\/em> pour les motos, recommand\u00e9 par un rapport des Ponts et Chauss\u00e9es, vient donc, \u00e0 moins d&#039;un nouvel avatar, de conna\u00eetre sa fin. Qu&#039;on nous pardonne de ne pas&#160;verser de larmes sur son&#160;funeste sort.&#160;Les rassemblements, une cinquantaine&#160;dans toute la France, avaient \u00e9t\u00e9 maintenus malgr\u00e9 l&#039;annonce du retrait, faite le 3 mars&#160;par Mich\u00e8le Merlin, la d\u00e9l\u00e9gu\u00e9e interminist\u00e9rielle \u00e0 la s\u00e9curit\u00e9 routi\u00e8re, et qui soulignait selon la d\u00e9p\u00eache AFP, je cite, &quot;le manque de pertinence du projet&quot;. La d\u00e9l\u00e9gu\u00e9 a aussi &quot;promis dor\u00e9navant de rencontrer les motards pour discuter sans tabou de tous les sujets les concernant.&quot; Rapha\u00ebl Altabes, coordinateur <a href=\"http:\/\/www.ffmc.asso.fr\/\" target=\"_blank\">FFMC<\/a> pour la r\u00e9gion parisienne depuis trente ans, souligne&#160;ce revirement, tout en affichant une certaine prudence:&#160;&quot;Les pouvoirs publics ont pris des d\u00e9cisions sur les motards sans les consulter, si Mme Merlin tient sa promesse ce sera une nouveaut\u00e9.&quot;<\/p>\n","protected":false},"excerpt":{"rendered":"<p>Commen\u00e7ons avec le traditionnel hiatus qui scelle toute manifestation en France: ce sont 1300 motards selon la police, et 3000 selon les organisateurs qui f\u00eataient dimanche \u00e0 Paris le retrait de la proc\u00e9dure V.E (ou v\u00e9hicules endommag\u00e9s). Serait temps, comme aux Etats-Unis, que des organes de presse r\u00e9put\u00e9s pour leur ind\u00e9pendance&#160;soient charg\u00e9s du d\u00e9compte des [&hellip;]<\/p>\n","protected":false},"author":324,"featured_media":13010,"comment_status":"open","ping_status":"open","sticky":false,"template":"","format":"standard","meta":{"footnotes":""},"categories":[3,27],"tags":[],"class_list":["post-220","post","type-post","status-publish","format-standard","has-post-thumbnail","hentry","category-actualite","category-securite"],"yoast_head":"<!-- This site is optimized with the Yoast SEO plugin v26.0 - https:\/\/yoast.com\/wordpress\/plugins\/seo\/ -->\n<title>Et faire avec nos doigts gant\u00e9s le V.E de la victoire ? - leblogmoto.com<\/title>\n<meta name=\"robots\" content=\"index, follow, max-snippet:-1, max-image-preview:large, max-video-preview:-1\" \/>\n<link rel=\"canonical\" href=\"https:\/\/blogs.thesocialmedia.com\/leblogmoto\/2009\/03\/24\/manif-ffmc\/\" \/>\n<meta name=\"twitter:card\" content=\"summary_large_image\" \/>\n<meta name=\"twitter:title\" content=\"Et faire avec nos doigts gant\u00e9s le V.E de la victoire ? - leblogmoto.com\" \/>\n<meta name=\"twitter:description\" content=\"Commen\u00e7ons avec le traditionnel hiatus qui scelle toute manifestation en France: ce sont 1300 motards selon la police, et 3000 selon les organisateurs qui f\u00eataient dimanche \u00e0 Paris le retrait de la proc\u00e9dure V.E (ou v\u00e9hicules endommag\u00e9s). Serait temps, comme aux Etats-Unis, que des organes de presse r\u00e9put\u00e9s pour leur ind\u00e9pendance&#160;soient charg\u00e9s du d\u00e9compte des [&hellip;]\" \/>\n<meta name=\"twitter:image\" content=\"https:\/\/blogs.thesocialmedia.com\/leblogmoto\/files\/2012\/07\/6a00d83451b18369e201156e46a014970c-500wi.jpg\" \/>\n<meta name=\"twitter:label1\" content=\"\u00c9crit par\" \/>\n\t<meta name=\"twitter:data1\" content=\"benoit rieu\" \/>\n\t<meta name=\"twitter:label2\" content=\"Dur\u00e9e de lecture estim\u00e9e\" \/>\n\t<meta name=\"twitter:data2\" content=\"1 minute\" \/>\n<script type=\"application\/ld+json\" class=\"yoast-schema-graph\">{\"@context\":\"https:\/\/schema.org\",\"@graph\":[{\"@type\":\"WebPage\",\"@id\":\"https:\/\/blogs.thesocialmedia.com\/leblogmoto\/2009\/03\/24\/manif-ffmc\/\",\"url\":\"https:\/\/blogs.thesocialmedia.com\/leblogmoto\/2009\/03\/24\/manif-ffmc\/\",\"name\":\"Et faire avec nos doigts gant\u00e9s le V.E de la victoire ? - leblogmoto.com\",\"isPartOf\":{\"@id\":\"https:\/\/blogs.thesocialmedia.com\/leblogmoto\/#website\"},\"primaryImageOfPage\":{\"@id\":\"https:\/\/blogs.thesocialmedia.com\/leblogmoto\/2009\/03\/24\/manif-ffmc\/#primaryimage\"},\"image\":{\"@id\":\"https:\/\/blogs.thesocialmedia.com\/leblogmoto\/2009\/03\/24\/manif-ffmc\/#primaryimage\"},\"thumbnailUrl\":\"https:\/\/blogs.thesocialmedia.com\/leblogmoto\/files\/2012\/07\/6a00d83451b18369e201156e46a014970c-500wi.jpg\",\"datePublished\":\"2009-03-24T01:56:02+00:00\",\"dateModified\":\"2012-07-11T17:14:06+00:00\",\"author\":{\"@id\":\"https:\/\/blogs.thesocialmedia.com\/leblogmoto\/#\/schema\/person\/18bfe773e5725ed6d24f743da805362a\"},\"breadcrumb\":{\"@id\":\"https:\/\/blogs.thesocialmedia.com\/leblogmoto\/2009\/03\/24\/manif-ffmc\/#breadcrumb\"},\"inLanguage\":\"fr-FR\",\"potentialAction\":[{\"@type\":\"ReadAction\",\"target\":[\"https:\/\/blogs.thesocialmedia.com\/leblogmoto\/2009\/03\/24\/manif-ffmc\/\"]}]},{\"@type\":\"ImageObject\",\"inLanguage\":\"fr-FR\",\"@id\":\"https:\/\/blogs.thesocialmedia.com\/leblogmoto\/2009\/03\/24\/manif-ffmc\/#primaryimage\",\"url\":\"https:\/\/blogs.thesocialmedia.com\/leblogmoto\/files\/2012\/07\/6a00d83451b18369e201156e46a014970c-500wi.jpg\",\"contentUrl\":\"https:\/\/blogs.thesocialmedia.com\/leblogmoto\/files\/2012\/07\/6a00d83451b18369e201156e46a014970c-500wi.jpg\",\"width\":\"500\",\"height\":\"194\"},{\"@type\":\"BreadcrumbList\",\"@id\":\"https:\/\/blogs.thesocialmedia.com\/leblogmoto\/2009\/03\/24\/manif-ffmc\/#breadcrumb\",\"itemListElement\":[{\"@type\":\"ListItem\",\"position\":1,\"name\":\"Accueil\",\"item\":\"https:\/\/blogs.thesocialmedia.com\/leblogmoto\/\"},{\"@type\":\"ListItem\",\"position\":2,\"name\":\"Et faire avec nos doigts gant\u00e9s le V.E de la victoire ?\"}]},{\"@type\":\"WebSite\",\"@id\":\"https:\/\/blogs.thesocialmedia.com\/leblogmoto\/#website\",\"url\":\"https:\/\/blogs.thesocialmedia.com\/leblogmoto\/\",\"name\":\"leblogmoto\",\"description\":\"Toute l&#039;actualit\u00e9 des 2 roues\",\"potentialAction\":[{\"@type\":\"SearchAction\",\"target\":{\"@type\":\"EntryPoint\",\"urlTemplate\":\"https:\/\/blogs.thesocialmedia.com\/leblogmoto\/?s={search_term_string}\"},\"query-input\":{\"@type\":\"PropertyValueSpecification\",\"valueRequired\":true,\"valueName\":\"search_term_string\"}}],\"inLanguage\":\"fr-FR\"},{\"@type\":\"Person\",\"@id\":\"https:\/\/blogs.thesocialmedia.com\/leblogmoto\/#\/schema\/person\/18bfe773e5725ed6d24f743da805362a\",\"name\":\"benoit rieu\",\"image\":{\"@type\":\"ImageObject\",\"inLanguage\":\"fr-FR\",\"@id\":\"https:\/\/blogs.thesocialmedia.com\/leblogmoto\/#\/schema\/person\/image\/\",\"url\":\"https:\/\/secure.gravatar.com\/avatar\/?s=96&d=mm&r=g\",\"contentUrl\":\"https:\/\/secure.gravatar.com\/avatar\/?s=96&d=mm&r=g\",\"caption\":\"benoit rieu\"},\"url\":\"https:\/\/blogs.thesocialmedia.com\/leblogmoto\/author\/benoit-rieu\/\"}]}<\/script>\n<!-- \/ Yoast SEO plugin. -->","yoast_head_json":{"title":"Et faire avec nos doigts gant\u00e9s le V.E de la victoire ? - leblogmoto.com","robots":{"index":"index","follow":"follow","max-snippet":"max-snippet:-1","max-image-preview":"max-image-preview:large","max-video-preview":"max-video-preview:-1"},"canonical":"https:\/\/blogs.thesocialmedia.com\/leblogmoto\/2009\/03\/24\/manif-ffmc\/","twitter_card":"summary_large_image","twitter_title":"Et faire avec nos doigts gant\u00e9s le V.E de la victoire ? - leblogmoto.com","twitter_description":"Commen\u00e7ons avec le traditionnel hiatus qui scelle toute manifestation en France: ce sont 1300 motards selon la police, et 3000 selon les organisateurs qui f\u00eataient dimanche \u00e0 Paris le retrait de la proc\u00e9dure V.E (ou v\u00e9hicules endommag\u00e9s). Serait temps, comme aux Etats-Unis, que des organes de presse r\u00e9put\u00e9s pour leur ind\u00e9pendance&#160;soient charg\u00e9s du d\u00e9compte des [&hellip;]","twitter_image":"https:\/\/blogs.thesocialmedia.com\/leblogmoto\/files\/2012\/07\/6a00d83451b18369e201156e46a014970c-500wi.jpg","twitter_misc":{"\u00c9crit par":"benoit rieu","Dur\u00e9e de lecture estim\u00e9e":"1 minute"},"schema":{"@context":"https:\/\/schema.org","@graph":[{"@type":"WebPage","@id":"https:\/\/blogs.thesocialmedia.com\/leblogmoto\/2009\/03\/24\/manif-ffmc\/","url":"https:\/\/blogs.thesocialmedia.com\/leblogmoto\/2009\/03\/24\/manif-ffmc\/","name":"Et faire avec nos doigts gant\u00e9s le V.E de la victoire ? - leblogmoto.com","isPartOf":{"@id":"https:\/\/blogs.thesocialmedia.com\/leblogmoto\/#website"},"primaryImageOfPage":{"@id":"https:\/\/blogs.thesocialmedia.com\/leblogmoto\/2009\/03\/24\/manif-ffmc\/#primaryimage"},"image":{"@id":"https:\/\/blogs.thesocialmedia.com\/leblogmoto\/2009\/03\/24\/manif-ffmc\/#primaryimage"},"thumbnailUrl":"https:\/\/blogs.thesocialmedia.com\/leblogmoto\/files\/2012\/07\/6a00d83451b18369e201156e46a014970c-500wi.jpg","datePublished":"2009-03-24T01:56:02+00:00","dateModified":"2012-07-11T17:14:06+00:00","author":{"@id":"https:\/\/blogs.thesocialmedia.com\/leblogmoto\/#\/schema\/person\/18bfe773e5725ed6d24f743da805362a"},"breadcrumb":{"@id":"https:\/\/blogs.thesocialmedia.com\/leblogmoto\/2009\/03\/24\/manif-ffmc\/#breadcrumb"},"inLanguage":"fr-FR","potentialAction":[{"@type":"ReadAction","target":["https:\/\/blogs.thesocialmedia.com\/leblogmoto\/2009\/03\/24\/manif-ffmc\/"]}]},{"@type":"ImageObject","inLanguage":"fr-FR","@id":"https:\/\/blogs.thesocialmedia.com\/leblogmoto\/2009\/03\/24\/manif-ffmc\/#primaryimage","url":"https:\/\/blogs.thesocialmedia.com\/leblogmoto\/files\/2012\/07\/6a00d83451b18369e201156e46a014970c-500wi.jpg","contentUrl":"https:\/\/blogs.thesocialmedia.com\/leblogmoto\/files\/2012\/07\/6a00d83451b18369e201156e46a014970c-500wi.jpg","width":"500","height":"194"},{"@type":"BreadcrumbList","@id":"https:\/\/blogs.thesocialmedia.com\/leblogmoto\/2009\/03\/24\/manif-ffmc\/#breadcrumb","itemListElement":[{"@type":"ListItem","position":1,"name":"Accueil","item":"https:\/\/blogs.thesocialmedia.com\/leblogmoto\/"},{"@type":"ListItem","position":2,"name":"Et faire avec nos doigts gant\u00e9s le V.E de la victoire ?"}]},{"@type":"WebSite","@id":"https:\/\/blogs.thesocialmedia.com\/leblogmoto\/#website","url":"https:\/\/blogs.thesocialmedia.com\/leblogmoto\/","name":"leblogmoto","description":"Toute l&#039;actualit\u00e9 des 2 roues","potentialAction":[{"@type":"SearchAction","target":{"@type":"EntryPoint","urlTemplate":"https:\/\/blogs.thesocialmedia.com\/leblogmoto\/?s={search_term_string}"},"query-input":{"@type":"PropertyValueSpecification","valueRequired":true,"valueName":"search_term_string"}}],"inLanguage":"fr-FR"},{"@type":"Person","@id":"https:\/\/blogs.thesocialmedia.com\/leblogmoto\/#\/schema\/person\/18bfe773e5725ed6d24f743da805362a","name":"benoit rieu","image":{"@type":"ImageObject","inLanguage":"fr-FR","@id":"https:\/\/blogs.thesocialmedia.com\/leblogmoto\/#\/schema\/person\/image\/","url":"https:\/\/secure.gravatar.com\/avatar\/?s=96&d=mm&r=g","contentUrl":"https:\/\/secure.gravatar.com\/avatar\/?s=96&d=mm&r=g","caption":"benoit rieu"},"url":"https:\/\/blogs.thesocialmedia.com\/leblogmoto\/author\/benoit-rieu\/"}]}},"_links":{"self":[{"href":"https:\/\/blogs.thesocialmedia.com\/leblogmoto\/wp-json\/wp\/v2\/posts\/220","targetHints":{"allow":["GET"]}}],"collection":[{"href":"https:\/\/blogs.thesocialmedia.com\/leblogmoto\/wp-json\/wp\/v2\/posts"}],"about":[{"href":"https:\/\/blogs.thesocialmedia.com\/leblogmoto\/wp-json\/wp\/v2\/types\/post"}],"author":[{"embeddable":true,"href":"https:\/\/blogs.thesocialmedia.com\/leblogmoto\/wp-json\/wp\/v2\/users\/324"}],"replies":[{"embeddable":true,"href":"https:\/\/blogs.thesocialmedia.com\/leblogmoto\/wp-json\/wp\/v2\/comments?post=220"}],"version-history":[{"count":1,"href":"https:\/\/blogs.thesocialmedia.com\/leblogmoto\/wp-json\/wp\/v2\/posts\/220\/revisions"}],"predecessor-version":[{"id":13012,"href":"https:\/\/blogs.thesocialmedia.com\/leblogmoto\/wp-json\/wp\/v2\/posts\/220\/revisions\/13012"}],"wp:featuredmedia":[{"embeddable":true,"href":"https:\/\/blogs.thesocialmedia.com\/leblogmoto\/wp-json\/wp\/v2\/media\/13010"}],"wp:attachment":[{"href":"https:\/\/blogs.thesocialmedia.com\/leblogmoto\/wp-json\/wp\/v2\/media?parent=220"}],"wp:term":[{"taxonomy":"category","embeddable":true,"href":"https:\/\/blogs.thesocialmedia.com\/leblogmoto\/wp-json\/wp\/v2\/categories?post=220"},{"taxonomy":"post_tag","embeddable":true,"href":"https:\/\/blogs.thesocialmedia.com\/leblogmoto\/wp-json\/wp\/v2\/tags?post=220"}],"curies":[{"name":"wp","href":"https:\/\/api.w.org\/{rel}","templated":true}]}}