{"id":2200,"date":"2005-11-23T17:28:16","date_gmt":"2005-11-23T17:28:16","guid":{"rendered":"http:\/\/blogs.thesocialmedia.com\/leblogmoto\/2005\/11\/23\/benelli-trek-11\/"},"modified":"2012-07-11T14:11:22","modified_gmt":"2012-07-11T14:11:22","slug":"benelli-trek-11","status":"publish","type":"post","link":"https:\/\/blogs.thesocialmedia.com\/leblogmoto\/2005\/11\/23\/benelli-trek-11\/","title":{"rendered":"Benelli Tre-k 1130"},"content":{"rendered":"<p><a href=\"http:\/\/blogs.thesocialmedia.com\/leblogmoto\/files\/2012\/07\/benelli_1130_trek.jpg\"><img loading=\"lazy\" decoding=\"async\" alt=\"Benelli_1130_trek\" src=\"http:\/\/www.leblogmoto.com\/images\/benelli_1130_trek.jpg\" width=\"470\" height=\"412\"  style=\"float: left;margin: 0px 5px 5px 0px\" \/><\/a> Chez <a href=\"http:\/\/www.leblogmoto.com\/benelli\/index.html\">Benelli<\/a>, apr\u00e8s que la TnT ait donn\u00e9 son moteur 1130 cm3 \u00e0 <a href=\"http:\/\/www.leblogmoto.com\/2005\/11\/nouvelle_benell.html\">la nouvelle Tornado<\/a>, voici qu\u2019une nouvelle moto devrait en b\u00e9n\u00e9ficier : la Tre-k ! A mi-chemin entre le roadster car\u00e9n\u00e9 et le supermotard passe-partout voici une nouvelle cat\u00e9gorie hybride que compte bien exploiter Benelli\u2026 pour tout motard voulant faire du trekking avec un moteur muscl\u00e9 ? En tout cas, j\u2019aime assez le cadre et le bras oscillant de couleur rouge, la fourche \u00e0 grand d\u00e9battement, mais j\u2019appr\u00e9cie moins la t\u00eate de fourche vieillotte qui me rappelle <a href=\"http:\/\/www.leblogmoto.com\/2005\/10\/mondial_2005_su_2.html\">le Bandit 1200 S<\/a>\u2026 Plus d&rsquo;infos prochainement&#8230;<\/p>\n","protected":false},"excerpt":{"rendered":"<p>Chez Benelli, apr\u00e8s que la TnT ait donn\u00e9 son moteur 1130 cm3 \u00e0 la nouvelle Tornado, voici qu\u2019une nouvelle moto devrait en b\u00e9n\u00e9ficier : la Tre-k ! A mi-chemin entre le roadster car\u00e9n\u00e9 et le supermotard passe-partout voici une nouvelle cat\u00e9gorie hybride que compte bien exploiter Benelli\u2026 pour tout motard voulant faire du trekking avec [&hellip;]<\/p>\n","protected":false},"author":338,"featured_media":0,"comment_status":"open","ping_status":"open","sticky":false,"template":"","format":"standard","meta":{"footnotes":""},"categories":[84],"tags":[],"class_list":["post-2200","post","type-post","status-publish","format-standard","hentry","category-benelli"],"yoast_head":"<!-- This site is optimized with the Yoast SEO plugin v26.0 - https:\/\/yoast.com\/wordpress\/plugins\/seo\/ -->\n<title>Benelli Tre-k 1130 - leblogmoto.com<\/title>\n<meta name=\"robots\" content=\"index, follow, max-snippet:-1, max-image-preview:large, max-video-preview:-1\" \/>\n<link rel=\"canonical\" href=\"https:\/\/blogs.thesocialmedia.com\/leblogmoto\/2005\/11\/23\/benelli-trek-11\/\" \/>\n<meta name=\"twitter:card\" content=\"summary_large_image\" \/>\n<meta name=\"twitter:title\" content=\"Benelli Tre-k 1130 - leblogmoto.com\" \/>\n<meta name=\"twitter:description\" content=\"Chez Benelli, apr\u00e8s que la TnT ait donn\u00e9 son moteur 1130 cm3 \u00e0 la nouvelle Tornado, voici qu\u2019une nouvelle moto devrait en b\u00e9n\u00e9ficier : la Tre-k ! A mi-chemin entre le roadster car\u00e9n\u00e9 et le supermotard passe-partout voici une nouvelle cat\u00e9gorie hybride que compte bien exploiter Benelli\u2026 pour tout motard voulant faire du trekking avec [&hellip;]\" \/>\n<meta name=\"twitter:image\" content=\"http:\/\/www.leblogmoto.com\/images\/benelli_1130_trek.jpg\" \/>\n<meta name=\"twitter:label1\" content=\"\u00c9crit par\" \/>\n\t<meta name=\"twitter:data1\" content=\"vincent vaillant\" \/>\n\t<meta name=\"twitter:label2\" content=\"Dur\u00e9e de lecture estim\u00e9e\" \/>\n\t<meta name=\"twitter:data2\" content=\"1 minute\" \/>\n<script type=\"application\/ld+json\" class=\"yoast-schema-graph\">{\"@context\":\"https:\/\/schema.org\",\"@graph\":[{\"@type\":\"WebPage\",\"@id\":\"https:\/\/blogs.thesocialmedia.com\/leblogmoto\/2005\/11\/23\/benelli-trek-11\/\",\"url\":\"https:\/\/blogs.thesocialmedia.com\/leblogmoto\/2005\/11\/23\/benelli-trek-11\/\",\"name\":\"Benelli Tre-k 1130 - leblogmoto.com\",\"isPartOf\":{\"@id\":\"https:\/\/blogs.thesocialmedia.com\/leblogmoto\/#website\"},\"primaryImageOfPage\":{\"@id\":\"https:\/\/blogs.thesocialmedia.com\/leblogmoto\/2005\/11\/23\/benelli-trek-11\/#primaryimage\"},\"image\":{\"@id\":\"https:\/\/blogs.thesocialmedia.com\/leblogmoto\/2005\/11\/23\/benelli-trek-11\/#primaryimage\"},\"thumbnailUrl\":\"http:\/\/www.leblogmoto.com\/images\/benelli_1130_trek.jpg\",\"datePublished\":\"2005-11-23T17:28:16+00:00\",\"dateModified\":\"2012-07-11T14:11:22+00:00\",\"author\":{\"@id\":\"https:\/\/blogs.thesocialmedia.com\/leblogmoto\/#\/schema\/person\/80d2a078dbdb8b60abbd76bae6011f19\"},\"breadcrumb\":{\"@id\":\"https:\/\/blogs.thesocialmedia.com\/leblogmoto\/2005\/11\/23\/benelli-trek-11\/#breadcrumb\"},\"inLanguage\":\"fr-FR\",\"potentialAction\":[{\"@type\":\"ReadAction\",\"target\":[\"https:\/\/blogs.thesocialmedia.com\/leblogmoto\/2005\/11\/23\/benelli-trek-11\/\"]}]},{\"@type\":\"ImageObject\",\"inLanguage\":\"fr-FR\",\"@id\":\"https:\/\/blogs.thesocialmedia.com\/leblogmoto\/2005\/11\/23\/benelli-trek-11\/#primaryimage\",\"url\":\"http:\/\/www.leblogmoto.com\/images\/benelli_1130_trek.jpg\",\"contentUrl\":\"http:\/\/www.leblogmoto.com\/images\/benelli_1130_trek.jpg\"},{\"@type\":\"BreadcrumbList\",\"@id\":\"https:\/\/blogs.thesocialmedia.com\/leblogmoto\/2005\/11\/23\/benelli-trek-11\/#breadcrumb\",\"itemListElement\":[{\"@type\":\"ListItem\",\"position\":1,\"name\":\"Accueil\",\"item\":\"https:\/\/blogs.thesocialmedia.com\/leblogmoto\/\"},{\"@type\":\"ListItem\",\"position\":2,\"name\":\"Benelli Tre-k 1130\"}]},{\"@type\":\"WebSite\",\"@id\":\"https:\/\/blogs.thesocialmedia.com\/leblogmoto\/#website\",\"url\":\"https:\/\/blogs.thesocialmedia.com\/leblogmoto\/\",\"name\":\"leblogmoto\",\"description\":\"Toute l&#039;actualit\u00e9 des 2 roues\",\"potentialAction\":[{\"@type\":\"SearchAction\",\"target\":{\"@type\":\"EntryPoint\",\"urlTemplate\":\"https:\/\/blogs.thesocialmedia.com\/leblogmoto\/?s={search_term_string}\"},\"query-input\":{\"@type\":\"PropertyValueSpecification\",\"valueRequired\":true,\"valueName\":\"search_term_string\"}}],\"inLanguage\":\"fr-FR\"},{\"@type\":\"Person\",\"@id\":\"https:\/\/blogs.thesocialmedia.com\/leblogmoto\/#\/schema\/person\/80d2a078dbdb8b60abbd76bae6011f19\",\"name\":\"vincent vaillant\",\"image\":{\"@type\":\"ImageObject\",\"inLanguage\":\"fr-FR\",\"@id\":\"https:\/\/blogs.thesocialmedia.com\/leblogmoto\/#\/schema\/person\/image\/\",\"url\":\"https:\/\/secure.gravatar.com\/avatar\/?s=96&d=mm&r=g\",\"contentUrl\":\"https:\/\/secure.gravatar.com\/avatar\/?s=96&d=mm&r=g\",\"caption\":\"vincent vaillant\"},\"url\":\"https:\/\/blogs.thesocialmedia.com\/leblogmoto\/author\/vincent-vaillant\/\"}]}<\/script>\n<!-- \/ Yoast SEO plugin. -->","yoast_head_json":{"title":"Benelli Tre-k 1130 - leblogmoto.com","robots":{"index":"index","follow":"follow","max-snippet":"max-snippet:-1","max-image-preview":"max-image-preview:large","max-video-preview":"max-video-preview:-1"},"canonical":"https:\/\/blogs.thesocialmedia.com\/leblogmoto\/2005\/11\/23\/benelli-trek-11\/","twitter_card":"summary_large_image","twitter_title":"Benelli Tre-k 1130 - leblogmoto.com","twitter_description":"Chez Benelli, apr\u00e8s que la TnT ait donn\u00e9 son moteur 1130 cm3 \u00e0 la nouvelle Tornado, voici qu\u2019une nouvelle moto devrait en b\u00e9n\u00e9ficier : la Tre-k ! A mi-chemin entre le roadster car\u00e9n\u00e9 et le supermotard passe-partout voici une nouvelle cat\u00e9gorie hybride que compte bien exploiter Benelli\u2026 pour tout motard voulant faire du trekking avec [&hellip;]","twitter_image":"http:\/\/www.leblogmoto.com\/images\/benelli_1130_trek.jpg","twitter_misc":{"\u00c9crit par":"vincent vaillant","Dur\u00e9e de lecture estim\u00e9e":"1 minute"},"schema":{"@context":"https:\/\/schema.org","@graph":[{"@type":"WebPage","@id":"https:\/\/blogs.thesocialmedia.com\/leblogmoto\/2005\/11\/23\/benelli-trek-11\/","url":"https:\/\/blogs.thesocialmedia.com\/leblogmoto\/2005\/11\/23\/benelli-trek-11\/","name":"Benelli Tre-k 1130 - leblogmoto.com","isPartOf":{"@id":"https:\/\/blogs.thesocialmedia.com\/leblogmoto\/#website"},"primaryImageOfPage":{"@id":"https:\/\/blogs.thesocialmedia.com\/leblogmoto\/2005\/11\/23\/benelli-trek-11\/#primaryimage"},"image":{"@id":"https:\/\/blogs.thesocialmedia.com\/leblogmoto\/2005\/11\/23\/benelli-trek-11\/#primaryimage"},"thumbnailUrl":"http:\/\/www.leblogmoto.com\/images\/benelli_1130_trek.jpg","datePublished":"2005-11-23T17:28:16+00:00","dateModified":"2012-07-11T14:11:22+00:00","author":{"@id":"https:\/\/blogs.thesocialmedia.com\/leblogmoto\/#\/schema\/person\/80d2a078dbdb8b60abbd76bae6011f19"},"breadcrumb":{"@id":"https:\/\/blogs.thesocialmedia.com\/leblogmoto\/2005\/11\/23\/benelli-trek-11\/#breadcrumb"},"inLanguage":"fr-FR","potentialAction":[{"@type":"ReadAction","target":["https:\/\/blogs.thesocialmedia.com\/leblogmoto\/2005\/11\/23\/benelli-trek-11\/"]}]},{"@type":"ImageObject","inLanguage":"fr-FR","@id":"https:\/\/blogs.thesocialmedia.com\/leblogmoto\/2005\/11\/23\/benelli-trek-11\/#primaryimage","url":"http:\/\/www.leblogmoto.com\/images\/benelli_1130_trek.jpg","contentUrl":"http:\/\/www.leblogmoto.com\/images\/benelli_1130_trek.jpg"},{"@type":"BreadcrumbList","@id":"https:\/\/blogs.thesocialmedia.com\/leblogmoto\/2005\/11\/23\/benelli-trek-11\/#breadcrumb","itemListElement":[{"@type":"ListItem","position":1,"name":"Accueil","item":"https:\/\/blogs.thesocialmedia.com\/leblogmoto\/"},{"@type":"ListItem","position":2,"name":"Benelli Tre-k 1130"}]},{"@type":"WebSite","@id":"https:\/\/blogs.thesocialmedia.com\/leblogmoto\/#website","url":"https:\/\/blogs.thesocialmedia.com\/leblogmoto\/","name":"leblogmoto","description":"Toute l&#039;actualit\u00e9 des 2 roues","potentialAction":[{"@type":"SearchAction","target":{"@type":"EntryPoint","urlTemplate":"https:\/\/blogs.thesocialmedia.com\/leblogmoto\/?s={search_term_string}"},"query-input":{"@type":"PropertyValueSpecification","valueRequired":true,"valueName":"search_term_string"}}],"inLanguage":"fr-FR"},{"@type":"Person","@id":"https:\/\/blogs.thesocialmedia.com\/leblogmoto\/#\/schema\/person\/80d2a078dbdb8b60abbd76bae6011f19","name":"vincent vaillant","image":{"@type":"ImageObject","inLanguage":"fr-FR","@id":"https:\/\/blogs.thesocialmedia.com\/leblogmoto\/#\/schema\/person\/image\/","url":"https:\/\/secure.gravatar.com\/avatar\/?s=96&d=mm&r=g","contentUrl":"https:\/\/secure.gravatar.com\/avatar\/?s=96&d=mm&r=g","caption":"vincent vaillant"},"url":"https:\/\/blogs.thesocialmedia.com\/leblogmoto\/author\/vincent-vaillant\/"}]}},"_links":{"self":[{"href":"https:\/\/blogs.thesocialmedia.com\/leblogmoto\/wp-json\/wp\/v2\/posts\/2200","targetHints":{"allow":["GET"]}}],"collection":[{"href":"https:\/\/blogs.thesocialmedia.com\/leblogmoto\/wp-json\/wp\/v2\/posts"}],"about":[{"href":"https:\/\/blogs.thesocialmedia.com\/leblogmoto\/wp-json\/wp\/v2\/types\/post"}],"author":[{"embeddable":true,"href":"https:\/\/blogs.thesocialmedia.com\/leblogmoto\/wp-json\/wp\/v2\/users\/338"}],"replies":[{"embeddable":true,"href":"https:\/\/blogs.thesocialmedia.com\/leblogmoto\/wp-json\/wp\/v2\/comments?post=2200"}],"version-history":[{"count":2,"href":"https:\/\/blogs.thesocialmedia.com\/leblogmoto\/wp-json\/wp\/v2\/posts\/2200\/revisions"}],"predecessor-version":[{"id":6785,"href":"https:\/\/blogs.thesocialmedia.com\/leblogmoto\/wp-json\/wp\/v2\/posts\/2200\/revisions\/6785"}],"wp:attachment":[{"href":"https:\/\/blogs.thesocialmedia.com\/leblogmoto\/wp-json\/wp\/v2\/media?parent=2200"}],"wp:term":[{"taxonomy":"category","embeddable":true,"href":"https:\/\/blogs.thesocialmedia.com\/leblogmoto\/wp-json\/wp\/v2\/categories?post=2200"},{"taxonomy":"post_tag","embeddable":true,"href":"https:\/\/blogs.thesocialmedia.com\/leblogmoto\/wp-json\/wp\/v2\/tags?post=2200"}],"curies":[{"name":"wp","href":"https:\/\/api.w.org\/{rel}","templated":true}]}}