{"id":2208,"date":"2005-11-19T12:02:33","date_gmt":"2005-11-19T12:02:33","guid":{"rendered":"http:\/\/blogs.thesocialmedia.com\/leblogmoto\/2005\/11\/19\/bruno-bonhuil-n\/"},"modified":"2012-07-11T14:10:36","modified_gmt":"2012-07-11T14:10:36","slug":"bruno-bonhuil-n","status":"publish","type":"post","link":"https:\/\/blogs.thesocialmedia.com\/leblogmoto\/2005\/11\/19\/bruno-bonhuil-n\/","title":{"rendered":"Bruno Bonhuil nous a quitt\u00e9"},"content":{"rendered":"<p><a href=\"http:\/\/blogs.thesocialmedia.com\/leblogmoto\/files\/2012\/07\/bbopo.jpg\"><img loading=\"lazy\" decoding=\"async\" alt=\"Bbopo\" src=\"http:\/\/www.leblogmoto.com\/images\/bbopo.jpg\" width=\"250\" height=\"347\"  style=\"float: left;margin: 0px 5px 5px 0px\" \/><\/a><\/p>\n<p>Instructeur au \u201cMas du Clos\u201d (Creuse) en compagnie de Christian Haquin, Bruno Bonhuil, tr\u00e8s grand pilote d&rsquo;endurance, vient de nous quitter.<br \/> Pilote \u00e9m\u00e9rite et passionn\u00e9, Bruno est d\u00e9c\u00e9d\u00e9 ce matin en percutant une barri\u00e8re lors du Warm up du Grand Prix de Macao.<br \/> Ag\u00e9 de 45 ans, il \u00e9tait n\u00e9 \u00e0 Reims, mari\u00e9 et p\u00e8re d\u2019une petite Ludivine, il avait commenc\u00e9 sa carri\u00e8re de pilote moto en 1979 en Promosport 500 et remporta la coupe Kawasaki 250 en 1982. Il obtiendra les titres de Champion de France et Champion du Monde en superbike en 1990. En 1993, il remporte le Bol d\u2019Or sur une Suzuki officiel. Il deviendra champion du Monde d\u2019Endurance en 2002 avec le Team Zongshen.<br \/> G\u00e9n\u00e9reux, \u00e9pris d\u2019humanit\u00e9, ce motard dans l\u2019\u00e2me laissera un grand vide dans le monde des motards. <\/p>\n","protected":false},"excerpt":{"rendered":"<p>Instructeur au \u201cMas du Clos\u201d (Creuse) en compagnie de Christian Haquin, Bruno Bonhuil, tr\u00e8s grand pilote d&rsquo;endurance, vient de nous quitter. Pilote \u00e9m\u00e9rite et passionn\u00e9, Bruno est d\u00e9c\u00e9d\u00e9 ce matin en percutant une barri\u00e8re lors du Warm up du Grand Prix de Macao. Ag\u00e9 de 45 ans, il \u00e9tait n\u00e9 \u00e0 Reims, mari\u00e9 et p\u00e8re [&hellip;]<\/p>\n","protected":false},"author":339,"featured_media":0,"comment_status":"open","ping_status":"open","sticky":false,"template":"","format":"standard","meta":{"footnotes":""},"categories":[3],"tags":[],"class_list":["post-2208","post","type-post","status-publish","format-standard","hentry","category-actualite"],"yoast_head":"<!-- This site is optimized with the Yoast SEO plugin v26.0 - https:\/\/yoast.com\/wordpress\/plugins\/seo\/ -->\n<title>Bruno Bonhuil nous a quitt\u00e9 - leblogmoto.com<\/title>\n<meta name=\"robots\" content=\"index, follow, max-snippet:-1, max-image-preview:large, max-video-preview:-1\" \/>\n<link rel=\"canonical\" href=\"https:\/\/blogs.thesocialmedia.com\/leblogmoto\/2005\/11\/19\/bruno-bonhuil-n\/\" \/>\n<meta name=\"twitter:card\" content=\"summary_large_image\" \/>\n<meta name=\"twitter:title\" content=\"Bruno Bonhuil nous a quitt\u00e9 - leblogmoto.com\" \/>\n<meta name=\"twitter:description\" content=\"Instructeur au \u201cMas du Clos\u201d (Creuse) en compagnie de Christian Haquin, Bruno Bonhuil, tr\u00e8s grand pilote d&rsquo;endurance, vient de nous quitter. Pilote \u00e9m\u00e9rite et passionn\u00e9, Bruno est d\u00e9c\u00e9d\u00e9 ce matin en percutant une barri\u00e8re lors du Warm up du Grand Prix de Macao. Ag\u00e9 de 45 ans, il \u00e9tait n\u00e9 \u00e0 Reims, mari\u00e9 et p\u00e8re [&hellip;]\" \/>\n<meta name=\"twitter:image\" content=\"http:\/\/www.leblogmoto.com\/images\/bbopo.jpg\" \/>\n<meta name=\"twitter:label1\" content=\"\u00c9crit par\" \/>\n\t<meta name=\"twitter:data1\" content=\"daniel bour\" \/>\n\t<meta name=\"twitter:label2\" content=\"Dur\u00e9e de lecture estim\u00e9e\" \/>\n\t<meta name=\"twitter:data2\" content=\"1 minute\" \/>\n<script type=\"application\/ld+json\" class=\"yoast-schema-graph\">{\"@context\":\"https:\/\/schema.org\",\"@graph\":[{\"@type\":\"WebPage\",\"@id\":\"https:\/\/blogs.thesocialmedia.com\/leblogmoto\/2005\/11\/19\/bruno-bonhuil-n\/\",\"url\":\"https:\/\/blogs.thesocialmedia.com\/leblogmoto\/2005\/11\/19\/bruno-bonhuil-n\/\",\"name\":\"Bruno Bonhuil nous a quitt\u00e9 - leblogmoto.com\",\"isPartOf\":{\"@id\":\"https:\/\/blogs.thesocialmedia.com\/leblogmoto\/#website\"},\"primaryImageOfPage\":{\"@id\":\"https:\/\/blogs.thesocialmedia.com\/leblogmoto\/2005\/11\/19\/bruno-bonhuil-n\/#primaryimage\"},\"image\":{\"@id\":\"https:\/\/blogs.thesocialmedia.com\/leblogmoto\/2005\/11\/19\/bruno-bonhuil-n\/#primaryimage\"},\"thumbnailUrl\":\"http:\/\/www.leblogmoto.com\/images\/bbopo.jpg\",\"datePublished\":\"2005-11-19T12:02:33+00:00\",\"dateModified\":\"2012-07-11T14:10:36+00:00\",\"author\":{\"@id\":\"https:\/\/blogs.thesocialmedia.com\/leblogmoto\/#\/schema\/person\/112bf3448e55eeb119f6276bbf85b8e7\"},\"breadcrumb\":{\"@id\":\"https:\/\/blogs.thesocialmedia.com\/leblogmoto\/2005\/11\/19\/bruno-bonhuil-n\/#breadcrumb\"},\"inLanguage\":\"fr-FR\",\"potentialAction\":[{\"@type\":\"ReadAction\",\"target\":[\"https:\/\/blogs.thesocialmedia.com\/leblogmoto\/2005\/11\/19\/bruno-bonhuil-n\/\"]}]},{\"@type\":\"ImageObject\",\"inLanguage\":\"fr-FR\",\"@id\":\"https:\/\/blogs.thesocialmedia.com\/leblogmoto\/2005\/11\/19\/bruno-bonhuil-n\/#primaryimage\",\"url\":\"http:\/\/www.leblogmoto.com\/images\/bbopo.jpg\",\"contentUrl\":\"http:\/\/www.leblogmoto.com\/images\/bbopo.jpg\"},{\"@type\":\"BreadcrumbList\",\"@id\":\"https:\/\/blogs.thesocialmedia.com\/leblogmoto\/2005\/11\/19\/bruno-bonhuil-n\/#breadcrumb\",\"itemListElement\":[{\"@type\":\"ListItem\",\"position\":1,\"name\":\"Accueil\",\"item\":\"https:\/\/blogs.thesocialmedia.com\/leblogmoto\/\"},{\"@type\":\"ListItem\",\"position\":2,\"name\":\"Bruno Bonhuil nous a quitt\u00e9\"}]},{\"@type\":\"WebSite\",\"@id\":\"https:\/\/blogs.thesocialmedia.com\/leblogmoto\/#website\",\"url\":\"https:\/\/blogs.thesocialmedia.com\/leblogmoto\/\",\"name\":\"leblogmoto\",\"description\":\"Toute l&#039;actualit\u00e9 des 2 roues\",\"potentialAction\":[{\"@type\":\"SearchAction\",\"target\":{\"@type\":\"EntryPoint\",\"urlTemplate\":\"https:\/\/blogs.thesocialmedia.com\/leblogmoto\/?s={search_term_string}\"},\"query-input\":{\"@type\":\"PropertyValueSpecification\",\"valueRequired\":true,\"valueName\":\"search_term_string\"}}],\"inLanguage\":\"fr-FR\"},{\"@type\":\"Person\",\"@id\":\"https:\/\/blogs.thesocialmedia.com\/leblogmoto\/#\/schema\/person\/112bf3448e55eeb119f6276bbf85b8e7\",\"name\":\"daniel bour\",\"image\":{\"@type\":\"ImageObject\",\"inLanguage\":\"fr-FR\",\"@id\":\"https:\/\/blogs.thesocialmedia.com\/leblogmoto\/#\/schema\/person\/image\/\",\"url\":\"https:\/\/secure.gravatar.com\/avatar\/?s=96&d=mm&r=g\",\"contentUrl\":\"https:\/\/secure.gravatar.com\/avatar\/?s=96&d=mm&r=g\",\"caption\":\"daniel bour\"},\"url\":\"https:\/\/blogs.thesocialmedia.com\/leblogmoto\/author\/daniel-bour\/\"}]}<\/script>\n<!-- \/ Yoast SEO plugin. -->","yoast_head_json":{"title":"Bruno Bonhuil nous a quitt\u00e9 - leblogmoto.com","robots":{"index":"index","follow":"follow","max-snippet":"max-snippet:-1","max-image-preview":"max-image-preview:large","max-video-preview":"max-video-preview:-1"},"canonical":"https:\/\/blogs.thesocialmedia.com\/leblogmoto\/2005\/11\/19\/bruno-bonhuil-n\/","twitter_card":"summary_large_image","twitter_title":"Bruno Bonhuil nous a quitt\u00e9 - leblogmoto.com","twitter_description":"Instructeur au \u201cMas du Clos\u201d (Creuse) en compagnie de Christian Haquin, Bruno Bonhuil, tr\u00e8s grand pilote d&rsquo;endurance, vient de nous quitter. Pilote \u00e9m\u00e9rite et passionn\u00e9, Bruno est d\u00e9c\u00e9d\u00e9 ce matin en percutant une barri\u00e8re lors du Warm up du Grand Prix de Macao. Ag\u00e9 de 45 ans, il \u00e9tait n\u00e9 \u00e0 Reims, mari\u00e9 et p\u00e8re [&hellip;]","twitter_image":"http:\/\/www.leblogmoto.com\/images\/bbopo.jpg","twitter_misc":{"\u00c9crit par":"daniel bour","Dur\u00e9e de lecture estim\u00e9e":"1 minute"},"schema":{"@context":"https:\/\/schema.org","@graph":[{"@type":"WebPage","@id":"https:\/\/blogs.thesocialmedia.com\/leblogmoto\/2005\/11\/19\/bruno-bonhuil-n\/","url":"https:\/\/blogs.thesocialmedia.com\/leblogmoto\/2005\/11\/19\/bruno-bonhuil-n\/","name":"Bruno Bonhuil nous a quitt\u00e9 - leblogmoto.com","isPartOf":{"@id":"https:\/\/blogs.thesocialmedia.com\/leblogmoto\/#website"},"primaryImageOfPage":{"@id":"https:\/\/blogs.thesocialmedia.com\/leblogmoto\/2005\/11\/19\/bruno-bonhuil-n\/#primaryimage"},"image":{"@id":"https:\/\/blogs.thesocialmedia.com\/leblogmoto\/2005\/11\/19\/bruno-bonhuil-n\/#primaryimage"},"thumbnailUrl":"http:\/\/www.leblogmoto.com\/images\/bbopo.jpg","datePublished":"2005-11-19T12:02:33+00:00","dateModified":"2012-07-11T14:10:36+00:00","author":{"@id":"https:\/\/blogs.thesocialmedia.com\/leblogmoto\/#\/schema\/person\/112bf3448e55eeb119f6276bbf85b8e7"},"breadcrumb":{"@id":"https:\/\/blogs.thesocialmedia.com\/leblogmoto\/2005\/11\/19\/bruno-bonhuil-n\/#breadcrumb"},"inLanguage":"fr-FR","potentialAction":[{"@type":"ReadAction","target":["https:\/\/blogs.thesocialmedia.com\/leblogmoto\/2005\/11\/19\/bruno-bonhuil-n\/"]}]},{"@type":"ImageObject","inLanguage":"fr-FR","@id":"https:\/\/blogs.thesocialmedia.com\/leblogmoto\/2005\/11\/19\/bruno-bonhuil-n\/#primaryimage","url":"http:\/\/www.leblogmoto.com\/images\/bbopo.jpg","contentUrl":"http:\/\/www.leblogmoto.com\/images\/bbopo.jpg"},{"@type":"BreadcrumbList","@id":"https:\/\/blogs.thesocialmedia.com\/leblogmoto\/2005\/11\/19\/bruno-bonhuil-n\/#breadcrumb","itemListElement":[{"@type":"ListItem","position":1,"name":"Accueil","item":"https:\/\/blogs.thesocialmedia.com\/leblogmoto\/"},{"@type":"ListItem","position":2,"name":"Bruno Bonhuil nous a quitt\u00e9"}]},{"@type":"WebSite","@id":"https:\/\/blogs.thesocialmedia.com\/leblogmoto\/#website","url":"https:\/\/blogs.thesocialmedia.com\/leblogmoto\/","name":"leblogmoto","description":"Toute l&#039;actualit\u00e9 des 2 roues","potentialAction":[{"@type":"SearchAction","target":{"@type":"EntryPoint","urlTemplate":"https:\/\/blogs.thesocialmedia.com\/leblogmoto\/?s={search_term_string}"},"query-input":{"@type":"PropertyValueSpecification","valueRequired":true,"valueName":"search_term_string"}}],"inLanguage":"fr-FR"},{"@type":"Person","@id":"https:\/\/blogs.thesocialmedia.com\/leblogmoto\/#\/schema\/person\/112bf3448e55eeb119f6276bbf85b8e7","name":"daniel bour","image":{"@type":"ImageObject","inLanguage":"fr-FR","@id":"https:\/\/blogs.thesocialmedia.com\/leblogmoto\/#\/schema\/person\/image\/","url":"https:\/\/secure.gravatar.com\/avatar\/?s=96&d=mm&r=g","contentUrl":"https:\/\/secure.gravatar.com\/avatar\/?s=96&d=mm&r=g","caption":"daniel bour"},"url":"https:\/\/blogs.thesocialmedia.com\/leblogmoto\/author\/daniel-bour\/"}]}},"_links":{"self":[{"href":"https:\/\/blogs.thesocialmedia.com\/leblogmoto\/wp-json\/wp\/v2\/posts\/2208","targetHints":{"allow":["GET"]}}],"collection":[{"href":"https:\/\/blogs.thesocialmedia.com\/leblogmoto\/wp-json\/wp\/v2\/posts"}],"about":[{"href":"https:\/\/blogs.thesocialmedia.com\/leblogmoto\/wp-json\/wp\/v2\/types\/post"}],"author":[{"embeddable":true,"href":"https:\/\/blogs.thesocialmedia.com\/leblogmoto\/wp-json\/wp\/v2\/users\/339"}],"replies":[{"embeddable":true,"href":"https:\/\/blogs.thesocialmedia.com\/leblogmoto\/wp-json\/wp\/v2\/comments?post=2208"}],"version-history":[{"count":2,"href":"https:\/\/blogs.thesocialmedia.com\/leblogmoto\/wp-json\/wp\/v2\/posts\/2208\/revisions"}],"predecessor-version":[{"id":6756,"href":"https:\/\/blogs.thesocialmedia.com\/leblogmoto\/wp-json\/wp\/v2\/posts\/2208\/revisions\/6756"}],"wp:attachment":[{"href":"https:\/\/blogs.thesocialmedia.com\/leblogmoto\/wp-json\/wp\/v2\/media?parent=2208"}],"wp:term":[{"taxonomy":"category","embeddable":true,"href":"https:\/\/blogs.thesocialmedia.com\/leblogmoto\/wp-json\/wp\/v2\/categories?post=2208"},{"taxonomy":"post_tag","embeddable":true,"href":"https:\/\/blogs.thesocialmedia.com\/leblogmoto\/wp-json\/wp\/v2\/tags?post=2208"}],"curies":[{"name":"wp","href":"https:\/\/api.w.org\/{rel}","templated":true}]}}